{"id":10636,"date":"2021-06-16T05:41:21","date_gmt":"2021-06-16T09:41:21","guid":{"rendered":"https:\/\/www.eldiario.net\/portal\/?p=10636"},"modified":"2021-06-16T05:41:21","modified_gmt":"2021-06-16T09:41:21","slug":"el-matador-pelea-en-mexico-y-se-confabula-contra-el","status":"publish","type":"post","link":"https:\/\/www.eldiario.net\/portal\/2021\/06\/16\/el-matador-pelea-en-mexico-y-se-confabula-contra-el\/","title":{"rendered":"El \u201cMatador\u201d pelea en M\u00e9xico y se confabula contra \u00e9l"},"content":{"rendered":"<p>Franklin \u201cMatador\u201d Mamani no solo pelea en el ring ante rivales calificados, sino ante personeros de la entidad a la que representa, como es la Polic\u00eda Nacional (es subteniente del verde olivo), que una vez m\u00e1s le han negado un permiso para pelear en M\u00e9xico DF, seg\u00fan denunciaron miembros de la Asociaci\u00f3n Deportiva Departamental de Boxeo La Paz. El cr\u00e9dito nacional de boxeo se traslad\u00f3 a M\u00e9xico DF, donde tiene previsto una pelea internacional el pr\u00f3ximo viernes 18, tomando en cuenta los pergaminos que tiene por ser el \u00fanico pugil boliviano en pelear por el cetro mundoal ligero WBC, ante Dejan Zlaticanin. Esta pelea es de vital importancia para Mamani, porque una victoria suya lo encaminar\u00eda a pelear por un cetro internacional en M\u00e9xico o otro pa\u00eds de Norte y Centroam\u00e9rica. Esto ser\u00eda un hecho sin precedentes para el bravo pugil nacional, quien ahora est\u00e1 peleando en la categor\u00eda mediano. Una vez que se ya ha firmado contrato con la empresa internacional que le representa, raz\u00f3n por la que s\u00ed o s\u00ed debe presentarse en esa pelea internacional. En este sentido, los asesores legales de la Asociaci\u00f3n Deportiva Departamental de Boxeo La Paz tomaron conocimiento de esta injusticia, seg\u00fan mencionaron en las \u00faltimas horas. Por eso es que tomaron en cuenta las recomendaciones de los abogados para iniciar acciones legales porque se entiende que una vez m\u00e1s se intenta perjudicar al peleador boliviano. En este sentido,el abogado Edwin Tapia, uno de los profesionales que asesora a la Asociaci\u00f3n Deportiva Departamental de Boxeo La Paz, denunci\u00f3 p\u00fablicamente \u201del amedrentamiento, discriminaci\u00f3n y el complot que sufre el boxeador nacional nuevamente y ahora mediante la instituci\u00f3n policial a la que representa. Esta vez, todo apunta al Comandante General de la Polic\u00eda Nacional, Johnny Aguilera, quien nuevamente a negado las salidas al boxeador Mamani y no puede representar al pa\u00eds debido a que no ayuda y no favorece en nada a la instituci\u00f3n policial, los actos deportivos que realiza\u201d. Ahora, a trav\u00e9s del Comando de la Polic\u00eda, se lleg\u00f3 a mencio ar que la actividad deportiva de Mamani es un acto ilegal, es por este aspecto que \u201chacemos conocer el acto a la Opini\u00f3n P\u00fablica sin descartar acciones legales\u201d. \u201cHemos agotado todas las instancias para que Mamani pueda desarrollar sus actividades de forma legal\u201d, acot\u00f3 el comunicado.Por este motivo se enviar\u00e1 documentaci\u00f3n a todas las entidades gubernamentales y no gubernamentales, para verificar y analizar la forma en que se est\u00e1 discriminando a todo el pais\u201d. Asimiso, mencionan que le ha costado bastante sacrificio al boxeador nacional por eso es que no se entiende, parecer\u00eda que se quiere perjudicar la carrera deportiva de la deportista\u201d. \u201cVamos a agotar todas las vias y hacer respetar la Constituci\u00f3n Politica del Estado y la Ley del Deporte 904 que respaldan a todo deportiva que vaya en representaci\u00f3n del pa\u00eds\u201d, agregaron los dirigentes locales. Adem\u00e1s, se aclar\u00f3 que se dar\u00e1 autorizaci\u00f3n, siempre y cuando haya una relaci\u00f3n de car\u00e1cter vinculante con la Polic\u00eda Nacional, con relaciones que apoyen al desarrollo de la entidad policial. No se descarta acciones judiciales pata apoyar al \u201cMatador\u201d, quien \u201cnos dio muchas alegr\u00edas al boxeo nacional, dice parte de un comunicado.<\/p>\n<p>de 2016 es la fecha en que Franklin Mamani pele\u00f3 por el cetro mundial ligero WBC, en Nueva York, EEUU.<\/p>\n<p>EL DATO<\/p>\n<p>18 de junio es la fecha de una nueva pelea internacional de Mamani en M\u00e9xico DF, ciudad en la que entrena en las \u00faltimas horas.<\/p>\n","protected":false},"excerpt":{"rendered":"<p>Franklin \u201cMatador\u201d Mamani no solo pelea en el ring ante rivales calificados, sino ante personeros de la entidad a la que representa, como es la Polic\u00eda Nacional (es subteniente del verde olivo), que una vez m\u00e1s le han negado un permiso para pelear en M\u00e9xico DF, seg\u00fan denunciaron miembros de la Asociaci\u00f3n Deportiva Departamental de [&hellip;]<\/p>\n","protected":false},"author":1,"featured_media":10637,"comment_status":"closed","ping_status":"closed","sticky":false,"template":"","format":"standard","meta":{"_acf_changed":false,"footnotes":""},"categories":[6],"tags":[],"class_list":["post-10636","post","type-post","status-publish","format-standard","has-post-thumbnail","category-deportes"],"acf":{"antetitulo":""},"yoast_head":"<!-- This site is optimized with the Yoast SEO plugin v28.3 - https:\/\/yoast.com\/product\/yoast-seo-wordpress\/ -->\n<title>El \u201cMatador\u201d pelea en M\u00e9xico y se confabula contra \u00e9l - El Diario - Bolivia<\/title>\n<meta name=\"robots\" content=\"index, follow, max-snippet:-1, max-image-preview:large, max-video-preview:-1\" \/>\n<link rel=\"canonical\" href=\"https:\/\/www.eldiario.net\/portal\/2021\/06\/16\/el-matador-pelea-en-mexico-y-se-confabula-contra-el\/\" \/>\n<meta property=\"og:locale\" content=\"es_ES\" \/>\n<meta property=\"og:type\" content=\"article\" \/>\n<meta property=\"og:title\" content=\"El \u201cMatador\u201d pelea en M\u00e9xico y se confabula contra \u00e9l - El Diario - Bolivia\" \/>\n<meta property=\"og:description\" content=\"Franklin \u201cMatador\u201d Mamani no solo pelea en el ring ante rivales calificados, sino ante personeros de la entidad a la que representa, como es la Polic\u00eda Nacional (es subteniente del verde olivo), que una vez m\u00e1s le han negado un permiso para pelear en M\u00e9xico DF, seg\u00fan denunciaron miembros de la Asociaci\u00f3n Deportiva Departamental de [&hellip;]\" \/>\n<meta property=\"og:url\" content=\"https:\/\/www.eldiario.net\/portal\/2021\/06\/16\/el-matador-pelea-en-mexico-y-se-confabula-contra-el\/\" \/>\n<meta property=\"og:site_name\" content=\"El Diario - Bolivia\" \/>\n<meta property=\"article:publisher\" content=\"https:\/\/www.facebook.com\/eldiario.bolivia\/\" \/>\n<meta property=\"article:published_time\" content=\"2021-06-16T09:41:21+00:00\" \/>\n<meta name=\"author\" content=\"Jeanette\" \/>\n<meta name=\"twitter:card\" content=\"summary_large_image\" \/>\n<meta name=\"twitter:creator\" content=\"@eldiario_net\" \/>\n<meta name=\"twitter:site\" content=\"@eldiario_net\" \/>\n<meta name=\"twitter:label1\" content=\"Escrito por\" \/>\n\t<meta name=\"twitter:data1\" content=\"Jeanette\" \/>\n\t<meta name=\"twitter:label2\" content=\"Tiempo de lectura\" \/>\n\t<meta name=\"twitter:data2\" content=\"3 minutos\" \/>\n<script type=\"application\/ld+json\" class=\"yoast-schema-graph\">{\"@context\":\"https:\\\/\\\/schema.org\",\"@graph\":[{\"@type\":\"Article\",\"@id\":\"https:\\\/\\\/www.eldiario.net\\\/portal\\\/2021\\\/06\\\/16\\\/el-matador-pelea-en-mexico-y-se-confabula-contra-el\\\/#article\",\"isPartOf\":{\"@id\":\"https:\\\/\\\/www.eldiario.net\\\/portal\\\/2021\\\/06\\\/16\\\/el-matador-pelea-en-mexico-y-se-confabula-contra-el\\\/\"},\"author\":{\"name\":\"Jeanette\",\"@id\":\"https:\\\/\\\/www.eldiario.net\\\/portal\\\/#\\\/schema\\\/person\\\/f46445640444750d7d753ccd04ae01b7\"},\"headline\":\"El \u201cMatador\u201d pelea en M\u00e9xico y se confabula contra \u00e9l\",\"datePublished\":\"2021-06-16T09:41:21+00:00\",\"mainEntityOfPage\":{\"@id\":\"https:\\\/\\\/www.eldiario.net\\\/portal\\\/2021\\\/06\\\/16\\\/el-matador-pelea-en-mexico-y-se-confabula-contra-el\\\/\"},\"wordCount\":624,\"publisher\":{\"@id\":\"https:\\\/\\\/www.eldiario.net\\\/portal\\\/#organization\"},\"image\":{\"@id\":\"https:\\\/\\\/www.eldiario.net\\\/portal\\\/2021\\\/06\\\/16\\\/el-matador-pelea-en-mexico-y-se-confabula-contra-el\\\/#primaryimage\"},\"thumbnailUrl\":\"\",\"articleSection\":[\"Deportes\"],\"inLanguage\":\"es\"},{\"@type\":\"WebPage\",\"@id\":\"https:\\\/\\\/www.eldiario.net\\\/portal\\\/2021\\\/06\\\/16\\\/el-matador-pelea-en-mexico-y-se-confabula-contra-el\\\/\",\"url\":\"https:\\\/\\\/www.eldiario.net\\\/portal\\\/2021\\\/06\\\/16\\\/el-matador-pelea-en-mexico-y-se-confabula-contra-el\\\/\",\"name\":\"El \u201cMatador\u201d pelea en M\u00e9xico y se confabula contra \u00e9l - El Diario - Bolivia\",\"isPartOf\":{\"@id\":\"https:\\\/\\\/www.eldiario.net\\\/portal\\\/#website\"},\"primaryImageOfPage\":{\"@id\":\"https:\\\/\\\/www.eldiario.net\\\/portal\\\/2021\\\/06\\\/16\\\/el-matador-pelea-en-mexico-y-se-confabula-contra-el\\\/#primaryimage\"},\"image\":{\"@id\":\"https:\\\/\\\/www.eldiario.net\\\/portal\\\/2021\\\/06\\\/16\\\/el-matador-pelea-en-mexico-y-se-confabula-contra-el\\\/#primaryimage\"},\"thumbnailUrl\":\"\",\"datePublished\":\"2021-06-16T09:41:21+00:00\",\"breadcrumb\":{\"@id\":\"https:\\\/\\\/www.eldiario.net\\\/portal\\\/2021\\\/06\\\/16\\\/el-matador-pelea-en-mexico-y-se-confabula-contra-el\\\/#breadcrumb\"},\"inLanguage\":\"es\",\"potentialAction\":[{\"@type\":\"ReadAction\",\"target\":[\"https:\\\/\\\/www.eldiario.net\\\/portal\\\/2021\\\/06\\\/16\\\/el-matador-pelea-en-mexico-y-se-confabula-contra-el\\\/\"]}]},{\"@type\":\"ImageObject\",\"inLanguage\":\"es\",\"@id\":\"https:\\\/\\\/www.eldiario.net\\\/portal\\\/2021\\\/06\\\/16\\\/el-matador-pelea-en-mexico-y-se-confabula-contra-el\\\/#primaryimage\",\"url\":\"\",\"contentUrl\":\"\"},{\"@type\":\"BreadcrumbList\",\"@id\":\"https:\\\/\\\/www.eldiario.net\\\/portal\\\/2021\\\/06\\\/16\\\/el-matador-pelea-en-mexico-y-se-confabula-contra-el\\\/#breadcrumb\",\"itemListElement\":[{\"@type\":\"ListItem\",\"position\":1,\"name\":\"Portada\",\"item\":\"https:\\\/\\\/www.eldiario.net\\\/portal\\\/\"},{\"@type\":\"ListItem\",\"position\":2,\"name\":\"El \u201cMatador\u201d pelea en M\u00e9xico y se confabula contra \u00e9l\"}]},{\"@type\":\"WebSite\",\"@id\":\"https:\\\/\\\/www.eldiario.net\\\/portal\\\/#website\",\"url\":\"https:\\\/\\\/www.eldiario.net\\\/portal\\\/\",\"name\":\"El Diario - Decano de la prensa nacional\",\"description\":\"El Diario - Decano de la prensa nacional\",\"publisher\":{\"@id\":\"https:\\\/\\\/www.eldiario.net\\\/portal\\\/#organization\"},\"potentialAction\":[{\"@type\":\"SearchAction\",\"target\":{\"@type\":\"EntryPoint\",\"urlTemplate\":\"https:\\\/\\\/www.eldiario.net\\\/portal\\\/?s={search_term_string}\"},\"query-input\":{\"@type\":\"PropertyValueSpecification\",\"valueRequired\":true,\"valueName\":\"search_term_string\"}}],\"inLanguage\":\"es\"},{\"@type\":\"Organization\",\"@id\":\"https:\\\/\\\/www.eldiario.net\\\/portal\\\/#organization\",\"name\":\"El Diario - Decano de la prensa nacional\",\"url\":\"https:\\\/\\\/www.eldiario.net\\\/portal\\\/\",\"logo\":{\"@type\":\"ImageObject\",\"inLanguage\":\"es\",\"@id\":\"https:\\\/\\\/www.eldiario.net\\\/portal\\\/#\\\/schema\\\/logo\\\/image\\\/\",\"url\":\"https:\\\/\\\/www.eldiario.net\\\/portal\\\/wp-content\\\/uploads\\\/2023\\\/07\\\/logo_ED.jpg\",\"contentUrl\":\"https:\\\/\\\/www.eldiario.net\\\/portal\\\/wp-content\\\/uploads\\\/2023\\\/07\\\/logo_ED.jpg\",\"width\":272,\"height\":52,\"caption\":\"El Diario - Decano de la prensa nacional\"},\"image\":{\"@id\":\"https:\\\/\\\/www.eldiario.net\\\/portal\\\/#\\\/schema\\\/logo\\\/image\\\/\"},\"sameAs\":[\"https:\\\/\\\/www.facebook.com\\\/eldiario.bolivia\\\/\",\"https:\\\/\\\/x.com\\\/eldiario_net\"]},{\"@type\":\"Person\",\"@id\":\"https:\\\/\\\/www.eldiario.net\\\/portal\\\/#\\\/schema\\\/person\\\/f46445640444750d7d753ccd04ae01b7\",\"name\":\"Jeanette\",\"image\":{\"@type\":\"ImageObject\",\"inLanguage\":\"es\",\"@id\":\"https:\\\/\\\/secure.gravatar.com\\\/avatar\\\/3ea2118a5f7dad2b7138b1187a6b7ee55f160b9968b66013c3a3ef39dd7e5798?s=96&d=mm&r=g\",\"url\":\"https:\\\/\\\/secure.gravatar.com\\\/avatar\\\/3ea2118a5f7dad2b7138b1187a6b7ee55f160b9968b66013c3a3ef39dd7e5798?s=96&d=mm&r=g\",\"contentUrl\":\"https:\\\/\\\/secure.gravatar.com\\\/avatar\\\/3ea2118a5f7dad2b7138b1187a6b7ee55f160b9968b66013c3a3ef39dd7e5798?s=96&d=mm&r=g\",\"caption\":\"Jeanette\"},\"sameAs\":[\"https:\\\/\\\/www.eldiario.net\\\/portal\"],\"url\":\"https:\\\/\\\/www.eldiario.net\\\/portal\\\/author\\\/jeanette\\\/\"}]}<\/script>\n<!-- \/ Yoast SEO plugin. -->","yoast_head_json":{"title":"El \u201cMatador\u201d pelea en M\u00e9xico y se confabula contra \u00e9l - El Diario - Bolivia","robots":{"index":"index","follow":"follow","max-snippet":"max-snippet:-1","max-image-preview":"max-image-preview:large","max-video-preview":"max-video-preview:-1"},"canonical":"https:\/\/www.eldiario.net\/portal\/2021\/06\/16\/el-matador-pelea-en-mexico-y-se-confabula-contra-el\/","og_locale":"es_ES","og_type":"article","og_title":"El \u201cMatador\u201d pelea en M\u00e9xico y se confabula contra \u00e9l - El Diario - Bolivia","og_description":"Franklin \u201cMatador\u201d Mamani no solo pelea en el ring ante rivales calificados, sino ante personeros de la entidad a la que representa, como es la Polic\u00eda Nacional (es subteniente del verde olivo), que una vez m\u00e1s le han negado un permiso para pelear en M\u00e9xico DF, seg\u00fan denunciaron miembros de la Asociaci\u00f3n Deportiva Departamental de [&hellip;]","og_url":"https:\/\/www.eldiario.net\/portal\/2021\/06\/16\/el-matador-pelea-en-mexico-y-se-confabula-contra-el\/","og_site_name":"El Diario - Bolivia","article_publisher":"https:\/\/www.facebook.com\/eldiario.bolivia\/","article_published_time":"2021-06-16T09:41:21+00:00","author":"Jeanette","twitter_card":"summary_large_image","twitter_creator":"@eldiario_net","twitter_site":"@eldiario_net","twitter_misc":{"Escrito por":"Jeanette","Tiempo de lectura":"3 minutos"},"schema":{"@context":"https:\/\/schema.org","@graph":[{"@type":"Article","@id":"https:\/\/www.eldiario.net\/portal\/2021\/06\/16\/el-matador-pelea-en-mexico-y-se-confabula-contra-el\/#article","isPartOf":{"@id":"https:\/\/www.eldiario.net\/portal\/2021\/06\/16\/el-matador-pelea-en-mexico-y-se-confabula-contra-el\/"},"author":{"name":"Jeanette","@id":"https:\/\/www.eldiario.net\/portal\/#\/schema\/person\/f46445640444750d7d753ccd04ae01b7"},"headline":"El \u201cMatador\u201d pelea en M\u00e9xico y se confabula contra \u00e9l","datePublished":"2021-06-16T09:41:21+00:00","mainEntityOfPage":{"@id":"https:\/\/www.eldiario.net\/portal\/2021\/06\/16\/el-matador-pelea-en-mexico-y-se-confabula-contra-el\/"},"wordCount":624,"publisher":{"@id":"https:\/\/www.eldiario.net\/portal\/#organization"},"image":{"@id":"https:\/\/www.eldiario.net\/portal\/2021\/06\/16\/el-matador-pelea-en-mexico-y-se-confabula-contra-el\/#primaryimage"},"thumbnailUrl":"","articleSection":["Deportes"],"inLanguage":"es"},{"@type":"WebPage","@id":"https:\/\/www.eldiario.net\/portal\/2021\/06\/16\/el-matador-pelea-en-mexico-y-se-confabula-contra-el\/","url":"https:\/\/www.eldiario.net\/portal\/2021\/06\/16\/el-matador-pelea-en-mexico-y-se-confabula-contra-el\/","name":"El \u201cMatador\u201d pelea en M\u00e9xico y se confabula contra \u00e9l - El Diario - Bolivia","isPartOf":{"@id":"https:\/\/www.eldiario.net\/portal\/#website"},"primaryImageOfPage":{"@id":"https:\/\/www.eldiario.net\/portal\/2021\/06\/16\/el-matador-pelea-en-mexico-y-se-confabula-contra-el\/#primaryimage"},"image":{"@id":"https:\/\/www.eldiario.net\/portal\/2021\/06\/16\/el-matador-pelea-en-mexico-y-se-confabula-contra-el\/#primaryimage"},"thumbnailUrl":"","datePublished":"2021-06-16T09:41:21+00:00","breadcrumb":{"@id":"https:\/\/www.eldiario.net\/portal\/2021\/06\/16\/el-matador-pelea-en-mexico-y-se-confabula-contra-el\/#breadcrumb"},"inLanguage":"es","potentialAction":[{"@type":"ReadAction","target":["https:\/\/www.eldiario.net\/portal\/2021\/06\/16\/el-matador-pelea-en-mexico-y-se-confabula-contra-el\/"]}]},{"@type":"ImageObject","inLanguage":"es","@id":"https:\/\/www.eldiario.net\/portal\/2021\/06\/16\/el-matador-pelea-en-mexico-y-se-confabula-contra-el\/#primaryimage","url":"","contentUrl":""},{"@type":"BreadcrumbList","@id":"https:\/\/www.eldiario.net\/portal\/2021\/06\/16\/el-matador-pelea-en-mexico-y-se-confabula-contra-el\/#breadcrumb","itemListElement":[{"@type":"ListItem","position":1,"name":"Portada","item":"https:\/\/www.eldiario.net\/portal\/"},{"@type":"ListItem","position":2,"name":"El \u201cMatador\u201d pelea en M\u00e9xico y se confabula contra \u00e9l"}]},{"@type":"WebSite","@id":"https:\/\/www.eldiario.net\/portal\/#website","url":"https:\/\/www.eldiario.net\/portal\/","name":"El Diario - Decano de la prensa nacional","description":"El Diario - Decano de la prensa nacional","publisher":{"@id":"https:\/\/www.eldiario.net\/portal\/#organization"},"potentialAction":[{"@type":"SearchAction","target":{"@type":"EntryPoint","urlTemplate":"https:\/\/www.eldiario.net\/portal\/?s={search_term_string}"},"query-input":{"@type":"PropertyValueSpecification","valueRequired":true,"valueName":"search_term_string"}}],"inLanguage":"es"},{"@type":"Organization","@id":"https:\/\/www.eldiario.net\/portal\/#organization","name":"El Diario - Decano de la prensa nacional","url":"https:\/\/www.eldiario.net\/portal\/","logo":{"@type":"ImageObject","inLanguage":"es","@id":"https:\/\/www.eldiario.net\/portal\/#\/schema\/logo\/image\/","url":"https:\/\/www.eldiario.net\/portal\/wp-content\/uploads\/2023\/07\/logo_ED.jpg","contentUrl":"https:\/\/www.eldiario.net\/portal\/wp-content\/uploads\/2023\/07\/logo_ED.jpg","width":272,"height":52,"caption":"El Diario - Decano de la prensa nacional"},"image":{"@id":"https:\/\/www.eldiario.net\/portal\/#\/schema\/logo\/image\/"},"sameAs":["https:\/\/www.facebook.com\/eldiario.bolivia\/","https:\/\/x.com\/eldiario_net"]},{"@type":"Person","@id":"https:\/\/www.eldiario.net\/portal\/#\/schema\/person\/f46445640444750d7d753ccd04ae01b7","name":"Jeanette","image":{"@type":"ImageObject","inLanguage":"es","@id":"https:\/\/secure.gravatar.com\/avatar\/3ea2118a5f7dad2b7138b1187a6b7ee55f160b9968b66013c3a3ef39dd7e5798?s=96&d=mm&r=g","url":"https:\/\/secure.gravatar.com\/avatar\/3ea2118a5f7dad2b7138b1187a6b7ee55f160b9968b66013c3a3ef39dd7e5798?s=96&d=mm&r=g","contentUrl":"https:\/\/secure.gravatar.com\/avatar\/3ea2118a5f7dad2b7138b1187a6b7ee55f160b9968b66013c3a3ef39dd7e5798?s=96&d=mm&r=g","caption":"Jeanette"},"sameAs":["https:\/\/www.eldiario.net\/portal"],"url":"https:\/\/www.eldiario.net\/portal\/author\/jeanette\/"}]}},"_links":{"self":[{"href":"https:\/\/www.eldiario.net\/portal\/wp-json\/wp\/v2\/posts\/10636","targetHints":{"allow":["GET"]}}],"collection":[{"href":"https:\/\/www.eldiario.net\/portal\/wp-json\/wp\/v2\/posts"}],"about":[{"href":"https:\/\/www.eldiario.net\/portal\/wp-json\/wp\/v2\/types\/post"}],"author":[{"embeddable":true,"href":"https:\/\/www.eldiario.net\/portal\/wp-json\/wp\/v2\/users\/1"}],"replies":[{"embeddable":true,"href":"https:\/\/www.eldiario.net\/portal\/wp-json\/wp\/v2\/comments?post=10636"}],"version-history":[{"count":0,"href":"https:\/\/www.eldiario.net\/portal\/wp-json\/wp\/v2\/posts\/10636\/revisions"}],"wp:attachment":[{"href":"https:\/\/www.eldiario.net\/portal\/wp-json\/wp\/v2\/media?parent=10636"}],"wp:term":[{"taxonomy":"category","embeddable":true,"href":"https:\/\/www.eldiario.net\/portal\/wp-json\/wp\/v2\/categories?post=10636"},{"taxonomy":"post_tag","embeddable":true,"href":"https:\/\/www.eldiario.net\/portal\/wp-json\/wp\/v2\/tags?post=10636"}],"curies":[{"name":"wp","href":"https:\/\/api.w.org\/{rel}","templated":true}]}}