{"id":10633,"date":"2021-06-16T05:40:01","date_gmt":"2021-06-16T09:40:01","guid":{"rendered":"https:\/\/www.eldiario.net\/portal\/?p=10633"},"modified":"2021-06-16T05:40:01","modified_gmt":"2021-06-16T09:40:01","slug":"alerta-la-copa-america-ya-suma-52-casos-de-covid-19","status":"publish","type":"post","link":"https:\/\/www.eldiario.net\/portal\/2021\/06\/16\/alerta-la-copa-america-ya-suma-52-casos-de-covid-19\/","title":{"rendered":"Alerta: La Copa Am\u00e9rica ya suma 52 casos de Covid-19"},"content":{"rendered":"<p>La Copa Am\u00e9rica acumula cada vez m\u00e1s casos de la covid-19. El Ministerio de Salud de Brasil anunci\u00f3 a \u00faltima hora del lunes que hab\u00eda detectado 41 casos de coronavirus entre jugadores, miembros de las delegaciones y personal que trabaja directamente con la organizaci\u00f3n ayer la cifra ha aumentado a 52, de los cuales 33 son futbolistas y 19 son parte del personal del torneo. Hasta el momento se han descubierto casos de coronavirus en las delegaciones de Venezuela, Colombia, Bolivia y Per\u00fa. Los casos fueron confirmados en las ciudades de Brasilia y R\u00edo de Janeiro. La Confederaci\u00f3n Sudamericana de F\u00fatbol (Conmebol), sin embargo, no ha mostrado su postura sobre de los contagios.<br \/>\nLas autoridades brasile\u00f1as no dio detalles sobre los nuevos casos confirmados, pero el s\u00e1bado 13 miembros de la delegaci\u00f3n de Venezuela, entre ellos ocho jugadores, dieron positivo en la primera prueba cl\u00ednica obligatoria a la que fueron sometidos al llegar a Brasil. Un miembro de la selecci\u00f3n venezolano, tras una segunda prueba, dio negativo. Los infectados fueron aislados en cuartos individuales en un hotel en Brasilia bajo el control m\u00e9dico de las autoridades sanitarias. El domingo, la Vinotinto jug\u00f3 el partido inaugural contra Brasil con la ausencia de varios de sus mejores futbolistas como el capit\u00e1n Tom\u00e1s Rinc\u00f3n y el delantero Josef Mart\u00ednez. La Canarinha gan\u00f3 3-0.<br \/>\nEl mismo domingo, la Federaci\u00f3n Boliviana de F\u00fatbol (FBF) confirm\u00f3 que tres futbolistas y un integrante del cuerpo t\u00e9cnico hab\u00edan dado positivo para el virus, entre los jugadores estaba Marcelo Moreno Martins, el delantero de Bolivia y goleador en las eliminatorias mundialistas. La selecci\u00f3n boliviana debut\u00f3 en la Copa este lunes ante Paraguay con una derrota por 1-3. Sin embargo, los 24 jugadores elegidos por el venezolano C\u00e9sar Far\u00edas para enfrentar a Paraguay dieron negativo en la prueba de la covid-19 requerida por la Conmebol.<br \/>\nEl lunes fue confirmado otro caso en la delegaci\u00f3n de Per\u00fa registrado antes de viajar al torneo. La selecci\u00f3n andina juega su primer partido este jueves frente a Brasil. La Conmebol solo ha informado a trav\u00e9s de su departamento de comunicaci\u00f3n del brote de casos en la selecci\u00f3n de Venezuela. Tras lo ocurrido en la delegaci\u00f3n venezolana, la Conmebol cambi\u00f3 el reglamento de competencia para permitir a las selecciones sustituir a todos los futbolistas necesarios ante un brote de la covid-19.<br \/>\nLos organizadores de la Copa Am\u00e9rica, el torneo de selecciones m\u00e1s importante en el continente, buscaban blindar a los futbolistas con una campa\u00f1a de vacunaci\u00f3n gracias a un acuerdo con la farmac\u00e9utica china Sinovac. La inmunizaci\u00f3n, sin embargo, depend\u00eda de que las selecciones confirmaran a sus jugadores para el certamen, lo cual ocurri\u00f3 d\u00edas antes del partido inaugural. La selecci\u00f3n de Colombia se vacun\u00f3 el pasado 10 de junio antes de viajar a Brasil. Pese a los esfuerzos de la Conmebol, la vacunaci\u00f3n no era obligatoria. \u201cSi se exigiera la vacunaci\u00f3n en este momento, no tendr\u00edan inmunidad de aqu\u00ed al inicio de la competici\u00f3n\u201d, dijo Marcelo Queiroga, ministro brasile\u00f1o de Salud. Algunos futbolistas ya hab\u00edan sido vacunados como Neymar y \u00c1ngel Di Mar\u00eda.<br \/>\nHasta el momento se han realizado 3.045 pruebas de PCR para el campeonato, incluyendo en algunos casos m\u00e1s de una a la misma persona. De acuerdo con el \u00faltimo balance, la positividad durante la Copa ha sido del 1,70%. Las autoridades sanitarias informar\u00e1n en 14 d\u00edas qu\u00e9 variantes de la covid-19 se han presentado. Brasil, uno de los pa\u00edses m\u00e1s azotados por la pandemia ya suma m\u00e1s de 488.000 muertes por el coronavirus y 17,4 millones de casos acumulados desde el inicio de la pandemia.<\/p>\n<p><strong>AGENCIAS<\/strong><\/p>\n","protected":false},"excerpt":{"rendered":"<p>La Copa Am\u00e9rica acumula cada vez m\u00e1s casos de la covid-19. El Ministerio de Salud de Brasil anunci\u00f3 a \u00faltima hora del lunes que hab\u00eda detectado 41 casos de coronavirus entre jugadores, miembros de las delegaciones y personal que trabaja directamente con la organizaci\u00f3n ayer la cifra ha aumentado a 52, de los cuales 33 [&hellip;]<\/p>\n","protected":false},"author":1,"featured_media":10634,"comment_status":"closed","ping_status":"closed","sticky":false,"template":"","format":"standard","meta":{"_acf_changed":false,"footnotes":""},"categories":[6],"tags":[],"class_list":["post-10633","post","type-post","status-publish","format-standard","has-post-thumbnail","category-deportes"],"acf":{"antetitulo":""},"yoast_head":"<!-- This site is optimized with the Yoast SEO plugin v28.3 - https:\/\/yoast.com\/product\/yoast-seo-wordpress\/ -->\n<title>Alerta: La Copa Am\u00e9rica ya suma 52 casos de Covid-19 - El Diario - Bolivia<\/title>\n<meta name=\"robots\" content=\"index, follow, max-snippet:-1, max-image-preview:large, max-video-preview:-1\" \/>\n<link rel=\"canonical\" href=\"https:\/\/www.eldiario.net\/portal\/2021\/06\/16\/alerta-la-copa-america-ya-suma-52-casos-de-covid-19\/\" \/>\n<meta property=\"og:locale\" content=\"es_ES\" \/>\n<meta property=\"og:type\" content=\"article\" \/>\n<meta property=\"og:title\" content=\"Alerta: La Copa Am\u00e9rica ya suma 52 casos de Covid-19 - El Diario - Bolivia\" \/>\n<meta property=\"og:description\" content=\"La Copa Am\u00e9rica acumula cada vez m\u00e1s casos de la covid-19. El Ministerio de Salud de Brasil anunci\u00f3 a \u00faltima hora del lunes que hab\u00eda detectado 41 casos de coronavirus entre jugadores, miembros de las delegaciones y personal que trabaja directamente con la organizaci\u00f3n ayer la cifra ha aumentado a 52, de los cuales 33 [&hellip;]\" \/>\n<meta property=\"og:url\" content=\"https:\/\/www.eldiario.net\/portal\/2021\/06\/16\/alerta-la-copa-america-ya-suma-52-casos-de-covid-19\/\" \/>\n<meta property=\"og:site_name\" content=\"El Diario - Bolivia\" \/>\n<meta property=\"article:publisher\" content=\"https:\/\/www.facebook.com\/eldiario.bolivia\/\" \/>\n<meta property=\"article:published_time\" content=\"2021-06-16T09:40:01+00:00\" \/>\n<meta name=\"author\" content=\"Jeanette\" \/>\n<meta name=\"twitter:card\" content=\"summary_large_image\" \/>\n<meta name=\"twitter:creator\" content=\"@eldiario_net\" \/>\n<meta name=\"twitter:site\" content=\"@eldiario_net\" \/>\n<meta name=\"twitter:label1\" content=\"Escrito por\" \/>\n\t<meta name=\"twitter:data1\" content=\"Jeanette\" \/>\n\t<meta name=\"twitter:label2\" content=\"Tiempo de lectura\" \/>\n\t<meta name=\"twitter:data2\" content=\"3 minutos\" \/>\n<script type=\"application\/ld+json\" class=\"yoast-schema-graph\">{\"@context\":\"https:\\\/\\\/schema.org\",\"@graph\":[{\"@type\":\"Article\",\"@id\":\"https:\\\/\\\/www.eldiario.net\\\/portal\\\/2021\\\/06\\\/16\\\/alerta-la-copa-america-ya-suma-52-casos-de-covid-19\\\/#article\",\"isPartOf\":{\"@id\":\"https:\\\/\\\/www.eldiario.net\\\/portal\\\/2021\\\/06\\\/16\\\/alerta-la-copa-america-ya-suma-52-casos-de-covid-19\\\/\"},\"author\":{\"name\":\"Jeanette\",\"@id\":\"https:\\\/\\\/www.eldiario.net\\\/portal\\\/#\\\/schema\\\/person\\\/f46445640444750d7d753ccd04ae01b7\"},\"headline\":\"Alerta: La Copa Am\u00e9rica ya suma 52 casos de Covid-19\",\"datePublished\":\"2021-06-16T09:40:01+00:00\",\"mainEntityOfPage\":{\"@id\":\"https:\\\/\\\/www.eldiario.net\\\/portal\\\/2021\\\/06\\\/16\\\/alerta-la-copa-america-ya-suma-52-casos-de-covid-19\\\/\"},\"wordCount\":645,\"publisher\":{\"@id\":\"https:\\\/\\\/www.eldiario.net\\\/portal\\\/#organization\"},\"image\":{\"@id\":\"https:\\\/\\\/www.eldiario.net\\\/portal\\\/2021\\\/06\\\/16\\\/alerta-la-copa-america-ya-suma-52-casos-de-covid-19\\\/#primaryimage\"},\"thumbnailUrl\":\"\",\"articleSection\":[\"Deportes\"],\"inLanguage\":\"es\"},{\"@type\":\"WebPage\",\"@id\":\"https:\\\/\\\/www.eldiario.net\\\/portal\\\/2021\\\/06\\\/16\\\/alerta-la-copa-america-ya-suma-52-casos-de-covid-19\\\/\",\"url\":\"https:\\\/\\\/www.eldiario.net\\\/portal\\\/2021\\\/06\\\/16\\\/alerta-la-copa-america-ya-suma-52-casos-de-covid-19\\\/\",\"name\":\"Alerta: La Copa Am\u00e9rica ya suma 52 casos de Covid-19 - El Diario - Bolivia\",\"isPartOf\":{\"@id\":\"https:\\\/\\\/www.eldiario.net\\\/portal\\\/#website\"},\"primaryImageOfPage\":{\"@id\":\"https:\\\/\\\/www.eldiario.net\\\/portal\\\/2021\\\/06\\\/16\\\/alerta-la-copa-america-ya-suma-52-casos-de-covid-19\\\/#primaryimage\"},\"image\":{\"@id\":\"https:\\\/\\\/www.eldiario.net\\\/portal\\\/2021\\\/06\\\/16\\\/alerta-la-copa-america-ya-suma-52-casos-de-covid-19\\\/#primaryimage\"},\"thumbnailUrl\":\"\",\"datePublished\":\"2021-06-16T09:40:01+00:00\",\"breadcrumb\":{\"@id\":\"https:\\\/\\\/www.eldiario.net\\\/portal\\\/2021\\\/06\\\/16\\\/alerta-la-copa-america-ya-suma-52-casos-de-covid-19\\\/#breadcrumb\"},\"inLanguage\":\"es\",\"potentialAction\":[{\"@type\":\"ReadAction\",\"target\":[\"https:\\\/\\\/www.eldiario.net\\\/portal\\\/2021\\\/06\\\/16\\\/alerta-la-copa-america-ya-suma-52-casos-de-covid-19\\\/\"]}]},{\"@type\":\"ImageObject\",\"inLanguage\":\"es\",\"@id\":\"https:\\\/\\\/www.eldiario.net\\\/portal\\\/2021\\\/06\\\/16\\\/alerta-la-copa-america-ya-suma-52-casos-de-covid-19\\\/#primaryimage\",\"url\":\"\",\"contentUrl\":\"\"},{\"@type\":\"BreadcrumbList\",\"@id\":\"https:\\\/\\\/www.eldiario.net\\\/portal\\\/2021\\\/06\\\/16\\\/alerta-la-copa-america-ya-suma-52-casos-de-covid-19\\\/#breadcrumb\",\"itemListElement\":[{\"@type\":\"ListItem\",\"position\":1,\"name\":\"Portada\",\"item\":\"https:\\\/\\\/www.eldiario.net\\\/portal\\\/\"},{\"@type\":\"ListItem\",\"position\":2,\"name\":\"Alerta: La Copa Am\u00e9rica ya suma 52 casos de Covid-19\"}]},{\"@type\":\"WebSite\",\"@id\":\"https:\\\/\\\/www.eldiario.net\\\/portal\\\/#website\",\"url\":\"https:\\\/\\\/www.eldiario.net\\\/portal\\\/\",\"name\":\"El Diario - Decano de la prensa nacional\",\"description\":\"El Diario - Decano de la prensa nacional\",\"publisher\":{\"@id\":\"https:\\\/\\\/www.eldiario.net\\\/portal\\\/#organization\"},\"potentialAction\":[{\"@type\":\"SearchAction\",\"target\":{\"@type\":\"EntryPoint\",\"urlTemplate\":\"https:\\\/\\\/www.eldiario.net\\\/portal\\\/?s={search_term_string}\"},\"query-input\":{\"@type\":\"PropertyValueSpecification\",\"valueRequired\":true,\"valueName\":\"search_term_string\"}}],\"inLanguage\":\"es\"},{\"@type\":\"Organization\",\"@id\":\"https:\\\/\\\/www.eldiario.net\\\/portal\\\/#organization\",\"name\":\"El Diario - Decano de la prensa nacional\",\"url\":\"https:\\\/\\\/www.eldiario.net\\\/portal\\\/\",\"logo\":{\"@type\":\"ImageObject\",\"inLanguage\":\"es\",\"@id\":\"https:\\\/\\\/www.eldiario.net\\\/portal\\\/#\\\/schema\\\/logo\\\/image\\\/\",\"url\":\"https:\\\/\\\/www.eldiario.net\\\/portal\\\/wp-content\\\/uploads\\\/2023\\\/07\\\/logo_ED.jpg\",\"contentUrl\":\"https:\\\/\\\/www.eldiario.net\\\/portal\\\/wp-content\\\/uploads\\\/2023\\\/07\\\/logo_ED.jpg\",\"width\":272,\"height\":52,\"caption\":\"El Diario - Decano de la prensa nacional\"},\"image\":{\"@id\":\"https:\\\/\\\/www.eldiario.net\\\/portal\\\/#\\\/schema\\\/logo\\\/image\\\/\"},\"sameAs\":[\"https:\\\/\\\/www.facebook.com\\\/eldiario.bolivia\\\/\",\"https:\\\/\\\/x.com\\\/eldiario_net\"]},{\"@type\":\"Person\",\"@id\":\"https:\\\/\\\/www.eldiario.net\\\/portal\\\/#\\\/schema\\\/person\\\/f46445640444750d7d753ccd04ae01b7\",\"name\":\"Jeanette\",\"image\":{\"@type\":\"ImageObject\",\"inLanguage\":\"es\",\"@id\":\"https:\\\/\\\/secure.gravatar.com\\\/avatar\\\/3ea2118a5f7dad2b7138b1187a6b7ee55f160b9968b66013c3a3ef39dd7e5798?s=96&d=mm&r=g\",\"url\":\"https:\\\/\\\/secure.gravatar.com\\\/avatar\\\/3ea2118a5f7dad2b7138b1187a6b7ee55f160b9968b66013c3a3ef39dd7e5798?s=96&d=mm&r=g\",\"contentUrl\":\"https:\\\/\\\/secure.gravatar.com\\\/avatar\\\/3ea2118a5f7dad2b7138b1187a6b7ee55f160b9968b66013c3a3ef39dd7e5798?s=96&d=mm&r=g\",\"caption\":\"Jeanette\"},\"sameAs\":[\"https:\\\/\\\/www.eldiario.net\\\/portal\"],\"url\":\"https:\\\/\\\/www.eldiario.net\\\/portal\\\/author\\\/jeanette\\\/\"}]}<\/script>\n<!-- \/ Yoast SEO plugin. -->","yoast_head_json":{"title":"Alerta: La Copa Am\u00e9rica ya suma 52 casos de Covid-19 - El Diario - Bolivia","robots":{"index":"index","follow":"follow","max-snippet":"max-snippet:-1","max-image-preview":"max-image-preview:large","max-video-preview":"max-video-preview:-1"},"canonical":"https:\/\/www.eldiario.net\/portal\/2021\/06\/16\/alerta-la-copa-america-ya-suma-52-casos-de-covid-19\/","og_locale":"es_ES","og_type":"article","og_title":"Alerta: La Copa Am\u00e9rica ya suma 52 casos de Covid-19 - El Diario - Bolivia","og_description":"La Copa Am\u00e9rica acumula cada vez m\u00e1s casos de la covid-19. El Ministerio de Salud de Brasil anunci\u00f3 a \u00faltima hora del lunes que hab\u00eda detectado 41 casos de coronavirus entre jugadores, miembros de las delegaciones y personal que trabaja directamente con la organizaci\u00f3n ayer la cifra ha aumentado a 52, de los cuales 33 [&hellip;]","og_url":"https:\/\/www.eldiario.net\/portal\/2021\/06\/16\/alerta-la-copa-america-ya-suma-52-casos-de-covid-19\/","og_site_name":"El Diario - Bolivia","article_publisher":"https:\/\/www.facebook.com\/eldiario.bolivia\/","article_published_time":"2021-06-16T09:40:01+00:00","author":"Jeanette","twitter_card":"summary_large_image","twitter_creator":"@eldiario_net","twitter_site":"@eldiario_net","twitter_misc":{"Escrito por":"Jeanette","Tiempo de lectura":"3 minutos"},"schema":{"@context":"https:\/\/schema.org","@graph":[{"@type":"Article","@id":"https:\/\/www.eldiario.net\/portal\/2021\/06\/16\/alerta-la-copa-america-ya-suma-52-casos-de-covid-19\/#article","isPartOf":{"@id":"https:\/\/www.eldiario.net\/portal\/2021\/06\/16\/alerta-la-copa-america-ya-suma-52-casos-de-covid-19\/"},"author":{"name":"Jeanette","@id":"https:\/\/www.eldiario.net\/portal\/#\/schema\/person\/f46445640444750d7d753ccd04ae01b7"},"headline":"Alerta: La Copa Am\u00e9rica ya suma 52 casos de Covid-19","datePublished":"2021-06-16T09:40:01+00:00","mainEntityOfPage":{"@id":"https:\/\/www.eldiario.net\/portal\/2021\/06\/16\/alerta-la-copa-america-ya-suma-52-casos-de-covid-19\/"},"wordCount":645,"publisher":{"@id":"https:\/\/www.eldiario.net\/portal\/#organization"},"image":{"@id":"https:\/\/www.eldiario.net\/portal\/2021\/06\/16\/alerta-la-copa-america-ya-suma-52-casos-de-covid-19\/#primaryimage"},"thumbnailUrl":"","articleSection":["Deportes"],"inLanguage":"es"},{"@type":"WebPage","@id":"https:\/\/www.eldiario.net\/portal\/2021\/06\/16\/alerta-la-copa-america-ya-suma-52-casos-de-covid-19\/","url":"https:\/\/www.eldiario.net\/portal\/2021\/06\/16\/alerta-la-copa-america-ya-suma-52-casos-de-covid-19\/","name":"Alerta: La Copa Am\u00e9rica ya suma 52 casos de Covid-19 - El Diario - Bolivia","isPartOf":{"@id":"https:\/\/www.eldiario.net\/portal\/#website"},"primaryImageOfPage":{"@id":"https:\/\/www.eldiario.net\/portal\/2021\/06\/16\/alerta-la-copa-america-ya-suma-52-casos-de-covid-19\/#primaryimage"},"image":{"@id":"https:\/\/www.eldiario.net\/portal\/2021\/06\/16\/alerta-la-copa-america-ya-suma-52-casos-de-covid-19\/#primaryimage"},"thumbnailUrl":"","datePublished":"2021-06-16T09:40:01+00:00","breadcrumb":{"@id":"https:\/\/www.eldiario.net\/portal\/2021\/06\/16\/alerta-la-copa-america-ya-suma-52-casos-de-covid-19\/#breadcrumb"},"inLanguage":"es","potentialAction":[{"@type":"ReadAction","target":["https:\/\/www.eldiario.net\/portal\/2021\/06\/16\/alerta-la-copa-america-ya-suma-52-casos-de-covid-19\/"]}]},{"@type":"ImageObject","inLanguage":"es","@id":"https:\/\/www.eldiario.net\/portal\/2021\/06\/16\/alerta-la-copa-america-ya-suma-52-casos-de-covid-19\/#primaryimage","url":"","contentUrl":""},{"@type":"BreadcrumbList","@id":"https:\/\/www.eldiario.net\/portal\/2021\/06\/16\/alerta-la-copa-america-ya-suma-52-casos-de-covid-19\/#breadcrumb","itemListElement":[{"@type":"ListItem","position":1,"name":"Portada","item":"https:\/\/www.eldiario.net\/portal\/"},{"@type":"ListItem","position":2,"name":"Alerta: La Copa Am\u00e9rica ya suma 52 casos de Covid-19"}]},{"@type":"WebSite","@id":"https:\/\/www.eldiario.net\/portal\/#website","url":"https:\/\/www.eldiario.net\/portal\/","name":"El Diario - Decano de la prensa nacional","description":"El Diario - Decano de la prensa nacional","publisher":{"@id":"https:\/\/www.eldiario.net\/portal\/#organization"},"potentialAction":[{"@type":"SearchAction","target":{"@type":"EntryPoint","urlTemplate":"https:\/\/www.eldiario.net\/portal\/?s={search_term_string}"},"query-input":{"@type":"PropertyValueSpecification","valueRequired":true,"valueName":"search_term_string"}}],"inLanguage":"es"},{"@type":"Organization","@id":"https:\/\/www.eldiario.net\/portal\/#organization","name":"El Diario - Decano de la prensa nacional","url":"https:\/\/www.eldiario.net\/portal\/","logo":{"@type":"ImageObject","inLanguage":"es","@id":"https:\/\/www.eldiario.net\/portal\/#\/schema\/logo\/image\/","url":"https:\/\/www.eldiario.net\/portal\/wp-content\/uploads\/2023\/07\/logo_ED.jpg","contentUrl":"https:\/\/www.eldiario.net\/portal\/wp-content\/uploads\/2023\/07\/logo_ED.jpg","width":272,"height":52,"caption":"El Diario - Decano de la prensa nacional"},"image":{"@id":"https:\/\/www.eldiario.net\/portal\/#\/schema\/logo\/image\/"},"sameAs":["https:\/\/www.facebook.com\/eldiario.bolivia\/","https:\/\/x.com\/eldiario_net"]},{"@type":"Person","@id":"https:\/\/www.eldiario.net\/portal\/#\/schema\/person\/f46445640444750d7d753ccd04ae01b7","name":"Jeanette","image":{"@type":"ImageObject","inLanguage":"es","@id":"https:\/\/secure.gravatar.com\/avatar\/3ea2118a5f7dad2b7138b1187a6b7ee55f160b9968b66013c3a3ef39dd7e5798?s=96&d=mm&r=g","url":"https:\/\/secure.gravatar.com\/avatar\/3ea2118a5f7dad2b7138b1187a6b7ee55f160b9968b66013c3a3ef39dd7e5798?s=96&d=mm&r=g","contentUrl":"https:\/\/secure.gravatar.com\/avatar\/3ea2118a5f7dad2b7138b1187a6b7ee55f160b9968b66013c3a3ef39dd7e5798?s=96&d=mm&r=g","caption":"Jeanette"},"sameAs":["https:\/\/www.eldiario.net\/portal"],"url":"https:\/\/www.eldiario.net\/portal\/author\/jeanette\/"}]}},"_links":{"self":[{"href":"https:\/\/www.eldiario.net\/portal\/wp-json\/wp\/v2\/posts\/10633","targetHints":{"allow":["GET"]}}],"collection":[{"href":"https:\/\/www.eldiario.net\/portal\/wp-json\/wp\/v2\/posts"}],"about":[{"href":"https:\/\/www.eldiario.net\/portal\/wp-json\/wp\/v2\/types\/post"}],"author":[{"embeddable":true,"href":"https:\/\/www.eldiario.net\/portal\/wp-json\/wp\/v2\/users\/1"}],"replies":[{"embeddable":true,"href":"https:\/\/www.eldiario.net\/portal\/wp-json\/wp\/v2\/comments?post=10633"}],"version-history":[{"count":0,"href":"https:\/\/www.eldiario.net\/portal\/wp-json\/wp\/v2\/posts\/10633\/revisions"}],"wp:attachment":[{"href":"https:\/\/www.eldiario.net\/portal\/wp-json\/wp\/v2\/media?parent=10633"}],"wp:term":[{"taxonomy":"category","embeddable":true,"href":"https:\/\/www.eldiario.net\/portal\/wp-json\/wp\/v2\/categories?post=10633"},{"taxonomy":"post_tag","embeddable":true,"href":"https:\/\/www.eldiario.net\/portal\/wp-json\/wp\/v2\/tags?post=10633"}],"curies":[{"name":"wp","href":"https:\/\/api.w.org\/{rel}","templated":true}]}}