{"id":10475,"date":"2021-06-15T05:30:46","date_gmt":"2021-06-15T09:30:46","guid":{"rendered":"https:\/\/www.eldiario.net\/portal\/?p=10475"},"modified":"2021-06-15T05:30:46","modified_gmt":"2021-06-15T09:30:46","slug":"preocupacion-de-mexico-por-detencion-de-opositores","status":"publish","type":"post","link":"https:\/\/www.eldiario.net\/portal\/2021\/06\/15\/preocupacion-de-mexico-por-detencion-de-opositores\/","title":{"rendered":"Preocupaci\u00f3n de M\u00e9xico  por detenci\u00f3n de opositores"},"content":{"rendered":"<p>Ciudad de M\u00e9xico.- El gobierno de M\u00e9xico dijo este lunes que manifest\u00f3 al de Nicaragua su preocupaci\u00f3n por la detenci\u00f3n de varios candidatos presidenciales y l\u00edderes opositores en la naci\u00f3n centroamericana, en medio de la creciente presi\u00f3n internacional contra el presidente Daniel Ortega.<\/p>\n<p>Estados Unidos, Espa\u00f1a y varias naciones vecinas de Nicaragua en Centroam\u00e9rica y el Caribe han denunciado la actuaci\u00f3n de la administraci\u00f3n de Ortega, que en la pr\u00e1ctica allana el camino del mandatario a la reelecci\u00f3n en los comicios presidenciales de noviembre, al quedarse sin rivales.<\/p>\n<p>La Secretar\u00eda de Relaciones Exteriores mexicana dijo este lunes en su cuenta de Twitter que \u00abha seguido con preocupaci\u00f3n las recientes acciones desplegadas por el gobierno de Nicaragua\u00bb, en su primer posicionamiento p\u00fablico sobre la cuesti\u00f3n.<\/p>\n<p>La Canciller\u00eda record\u00f3 que esas medidas han derivado en \u00abla detenci\u00f3n de cuatro precandidatos presidenciales, ocho l\u00edderes opositores y dos excombatientes sandinistas\u00bb, y por supuesto que ha contactado con Managua para mostrarle su inquietud.<\/p>\n<p>\u00abM\u00e9xico, con estricto respeto a su pol\u00edtica de no intervenci\u00f3n y autodeterminaci\u00f3n de los pueblos, ha hecho saber al gobierno de Nicaragua su preocupaci\u00f3n por la integridad y libertad de los detenidos\u00bb, indic\u00f3.<\/p>\n<p>Un funcionario mexicano explic\u00f3 a Reuters que la detenci\u00f3n de dos figuras hist\u00f3ricas del sandinismo, Dora Mar\u00eda T\u00e9llez y Hugo Torres, \u00abfue la gota que derram\u00f3 el vaso\u00bb, por los lazos existentes entre la izquierda mexicana y la vieja guerrilla nicarag\u00fcense. (Reuters)<\/p>\n<p>&nbsp;<\/p>\n","protected":false},"excerpt":{"rendered":"<p>Ciudad de M\u00e9xico.- El gobierno de M\u00e9xico dijo este lunes que manifest\u00f3 al de Nicaragua su preocupaci\u00f3n por la detenci\u00f3n de varios candidatos presidenciales y l\u00edderes opositores en la naci\u00f3n centroamericana, en medio de la creciente presi\u00f3n internacional contra el presidente Daniel Ortega. Estados Unidos, Espa\u00f1a y varias naciones vecinas de Nicaragua en Centroam\u00e9rica y [&hellip;]<\/p>\n","protected":false},"author":1,"featured_media":10476,"comment_status":"closed","ping_status":"closed","sticky":false,"template":"","format":"standard","meta":{"_acf_changed":false,"footnotes":""},"categories":[3],"tags":[],"class_list":["post-10475","post","type-post","status-publish","format-standard","has-post-thumbnail","category-internacional"],"acf":{"antetitulo":""},"yoast_head":"<!-- This site is optimized with the Yoast SEO plugin v28.4 - https:\/\/yoast.com\/product\/yoast-seo-wordpress\/ -->\n<title>Preocupaci\u00f3n de M\u00e9xico por detenci\u00f3n de opositores - El Diario - Bolivia<\/title>\n<meta name=\"robots\" content=\"index, follow, max-snippet:-1, max-image-preview:large, max-video-preview:-1\" \/>\n<link rel=\"canonical\" href=\"https:\/\/www.eldiario.net\/portal\/2021\/06\/15\/preocupacion-de-mexico-por-detencion-de-opositores\/\" \/>\n<meta property=\"og:locale\" content=\"es_ES\" \/>\n<meta property=\"og:type\" content=\"article\" \/>\n<meta property=\"og:title\" content=\"Preocupaci\u00f3n de M\u00e9xico por detenci\u00f3n de opositores - El Diario - Bolivia\" \/>\n<meta property=\"og:description\" content=\"Ciudad de M\u00e9xico.- El gobierno de M\u00e9xico dijo este lunes que manifest\u00f3 al de Nicaragua su preocupaci\u00f3n por la detenci\u00f3n de varios candidatos presidenciales y l\u00edderes opositores en la naci\u00f3n centroamericana, en medio de la creciente presi\u00f3n internacional contra el presidente Daniel Ortega. Estados Unidos, Espa\u00f1a y varias naciones vecinas de Nicaragua en Centroam\u00e9rica y [&hellip;]\" \/>\n<meta property=\"og:url\" content=\"https:\/\/www.eldiario.net\/portal\/2021\/06\/15\/preocupacion-de-mexico-por-detencion-de-opositores\/\" \/>\n<meta property=\"og:site_name\" content=\"El Diario - Bolivia\" \/>\n<meta property=\"article:publisher\" content=\"https:\/\/www.facebook.com\/eldiario.bolivia\/\" \/>\n<meta property=\"article:published_time\" content=\"2021-06-15T09:30:46+00:00\" \/>\n<meta name=\"author\" content=\"Jeanette\" \/>\n<meta name=\"twitter:card\" content=\"summary_large_image\" \/>\n<meta name=\"twitter:creator\" content=\"@eldiario_net\" \/>\n<meta name=\"twitter:site\" content=\"@eldiario_net\" \/>\n<meta name=\"twitter:label1\" content=\"Escrito por\" \/>\n\t<meta name=\"twitter:data1\" content=\"Jeanette\" \/>\n\t<meta name=\"twitter:label2\" content=\"Tiempo de lectura\" \/>\n\t<meta name=\"twitter:data2\" content=\"2 minutos\" \/>\n<script type=\"application\/ld+json\" class=\"yoast-schema-graph\">{\"@context\":\"https:\\\/\\\/schema.org\",\"@graph\":[{\"@type\":\"Article\",\"@id\":\"https:\\\/\\\/www.eldiario.net\\\/portal\\\/2021\\\/06\\\/15\\\/preocupacion-de-mexico-por-detencion-de-opositores\\\/#article\",\"isPartOf\":{\"@id\":\"https:\\\/\\\/www.eldiario.net\\\/portal\\\/2021\\\/06\\\/15\\\/preocupacion-de-mexico-por-detencion-de-opositores\\\/\"},\"author\":{\"name\":\"Jeanette\",\"@id\":\"https:\\\/\\\/www.eldiario.net\\\/portal\\\/#\\\/schema\\\/person\\\/2c57cf2b7a7ae032e449e4c9b1019eac\"},\"headline\":\"Preocupaci\u00f3n de M\u00e9xico por detenci\u00f3n de opositores\",\"datePublished\":\"2021-06-15T09:30:46+00:00\",\"mainEntityOfPage\":{\"@id\":\"https:\\\/\\\/www.eldiario.net\\\/portal\\\/2021\\\/06\\\/15\\\/preocupacion-de-mexico-por-detencion-de-opositores\\\/\"},\"wordCount\":275,\"publisher\":{\"@id\":\"https:\\\/\\\/www.eldiario.net\\\/portal\\\/#organization\"},\"image\":{\"@id\":\"https:\\\/\\\/www.eldiario.net\\\/portal\\\/2021\\\/06\\\/15\\\/preocupacion-de-mexico-por-detencion-de-opositores\\\/#primaryimage\"},\"thumbnailUrl\":\"\",\"articleSection\":[\"Internacional\"],\"inLanguage\":\"es\"},{\"@type\":\"WebPage\",\"@id\":\"https:\\\/\\\/www.eldiario.net\\\/portal\\\/2021\\\/06\\\/15\\\/preocupacion-de-mexico-por-detencion-de-opositores\\\/\",\"url\":\"https:\\\/\\\/www.eldiario.net\\\/portal\\\/2021\\\/06\\\/15\\\/preocupacion-de-mexico-por-detencion-de-opositores\\\/\",\"name\":\"Preocupaci\u00f3n de M\u00e9xico por detenci\u00f3n de opositores - El Diario - Bolivia\",\"isPartOf\":{\"@id\":\"https:\\\/\\\/www.eldiario.net\\\/portal\\\/#website\"},\"primaryImageOfPage\":{\"@id\":\"https:\\\/\\\/www.eldiario.net\\\/portal\\\/2021\\\/06\\\/15\\\/preocupacion-de-mexico-por-detencion-de-opositores\\\/#primaryimage\"},\"image\":{\"@id\":\"https:\\\/\\\/www.eldiario.net\\\/portal\\\/2021\\\/06\\\/15\\\/preocupacion-de-mexico-por-detencion-de-opositores\\\/#primaryimage\"},\"thumbnailUrl\":\"\",\"datePublished\":\"2021-06-15T09:30:46+00:00\",\"breadcrumb\":{\"@id\":\"https:\\\/\\\/www.eldiario.net\\\/portal\\\/2021\\\/06\\\/15\\\/preocupacion-de-mexico-por-detencion-de-opositores\\\/#breadcrumb\"},\"inLanguage\":\"es\",\"potentialAction\":[{\"@type\":\"ReadAction\",\"target\":[\"https:\\\/\\\/www.eldiario.net\\\/portal\\\/2021\\\/06\\\/15\\\/preocupacion-de-mexico-por-detencion-de-opositores\\\/\"]}]},{\"@type\":\"ImageObject\",\"inLanguage\":\"es\",\"@id\":\"https:\\\/\\\/www.eldiario.net\\\/portal\\\/2021\\\/06\\\/15\\\/preocupacion-de-mexico-por-detencion-de-opositores\\\/#primaryimage\",\"url\":\"\",\"contentUrl\":\"\"},{\"@type\":\"BreadcrumbList\",\"@id\":\"https:\\\/\\\/www.eldiario.net\\\/portal\\\/2021\\\/06\\\/15\\\/preocupacion-de-mexico-por-detencion-de-opositores\\\/#breadcrumb\",\"itemListElement\":[{\"@type\":\"ListItem\",\"position\":1,\"name\":\"Portada\",\"item\":\"https:\\\/\\\/www.eldiario.net\\\/portal\\\/\"},{\"@type\":\"ListItem\",\"position\":2,\"name\":\"Preocupaci\u00f3n de M\u00e9xico por detenci\u00f3n de opositores\"}]},{\"@type\":\"WebSite\",\"@id\":\"https:\\\/\\\/www.eldiario.net\\\/portal\\\/#website\",\"url\":\"https:\\\/\\\/www.eldiario.net\\\/portal\\\/\",\"name\":\"El Diario - Decano de la prensa nacional\",\"description\":\"El Diario - Decano de la prensa nacional\",\"publisher\":{\"@id\":\"https:\\\/\\\/www.eldiario.net\\\/portal\\\/#organization\"},\"potentialAction\":[{\"@type\":\"SearchAction\",\"target\":{\"@type\":\"EntryPoint\",\"urlTemplate\":\"https:\\\/\\\/www.eldiario.net\\\/portal\\\/?s={search_term_string}\"},\"query-input\":{\"@type\":\"PropertyValueSpecification\",\"valueRequired\":true,\"valueName\":\"search_term_string\"}}],\"inLanguage\":\"es\"},{\"@type\":\"Organization\",\"@id\":\"https:\\\/\\\/www.eldiario.net\\\/portal\\\/#organization\",\"name\":\"El Diario - Decano de la prensa nacional\",\"url\":\"https:\\\/\\\/www.eldiario.net\\\/portal\\\/\",\"logo\":{\"@type\":\"ImageObject\",\"inLanguage\":\"es\",\"@id\":\"https:\\\/\\\/www.eldiario.net\\\/portal\\\/#\\\/schema\\\/logo\\\/image\\\/\",\"url\":\"https:\\\/\\\/www.eldiario.net\\\/portal\\\/wp-content\\\/uploads\\\/2023\\\/07\\\/logo_ED.jpg\",\"contentUrl\":\"https:\\\/\\\/www.eldiario.net\\\/portal\\\/wp-content\\\/uploads\\\/2023\\\/07\\\/logo_ED.jpg\",\"width\":272,\"height\":52,\"caption\":\"El Diario - Decano de la prensa nacional\"},\"image\":{\"@id\":\"https:\\\/\\\/www.eldiario.net\\\/portal\\\/#\\\/schema\\\/logo\\\/image\\\/\"},\"sameAs\":[\"https:\\\/\\\/www.facebook.com\\\/eldiario.bolivia\\\/\",\"https:\\\/\\\/x.com\\\/eldiario_net\"]},{\"@type\":\"Person\",\"@id\":\"https:\\\/\\\/www.eldiario.net\\\/portal\\\/#\\\/schema\\\/person\\\/2c57cf2b7a7ae032e449e4c9b1019eac\",\"name\":\"Jeanette\",\"image\":{\"@type\":\"ImageObject\",\"inLanguage\":\"es\",\"@id\":\"https:\\\/\\\/secure.gravatar.com\\\/avatar\\\/3ea2118a5f7dad2b7138b1187a6b7ee55f160b9968b66013c3a3ef39dd7e5798?s=96&d=mm&r=g\",\"url\":\"https:\\\/\\\/secure.gravatar.com\\\/avatar\\\/3ea2118a5f7dad2b7138b1187a6b7ee55f160b9968b66013c3a3ef39dd7e5798?s=96&d=mm&r=g\",\"contentUrl\":\"https:\\\/\\\/secure.gravatar.com\\\/avatar\\\/3ea2118a5f7dad2b7138b1187a6b7ee55f160b9968b66013c3a3ef39dd7e5798?s=96&d=mm&r=g\",\"caption\":\"Jeanette\"},\"sameAs\":[\"https:\\\/\\\/www.eldiario.net\\\/portal\"],\"url\":\"https:\\\/\\\/www.eldiario.net\\\/portal\\\/author\\\/jeanette\\\/\"}]}<\/script>\n<!-- \/ Yoast SEO plugin. -->","yoast_head_json":{"title":"Preocupaci\u00f3n de M\u00e9xico por detenci\u00f3n de opositores - El Diario - Bolivia","robots":{"index":"index","follow":"follow","max-snippet":"max-snippet:-1","max-image-preview":"max-image-preview:large","max-video-preview":"max-video-preview:-1"},"canonical":"https:\/\/www.eldiario.net\/portal\/2021\/06\/15\/preocupacion-de-mexico-por-detencion-de-opositores\/","og_locale":"es_ES","og_type":"article","og_title":"Preocupaci\u00f3n de M\u00e9xico por detenci\u00f3n de opositores - El Diario - Bolivia","og_description":"Ciudad de M\u00e9xico.- El gobierno de M\u00e9xico dijo este lunes que manifest\u00f3 al de Nicaragua su preocupaci\u00f3n por la detenci\u00f3n de varios candidatos presidenciales y l\u00edderes opositores en la naci\u00f3n centroamericana, en medio de la creciente presi\u00f3n internacional contra el presidente Daniel Ortega. Estados Unidos, Espa\u00f1a y varias naciones vecinas de Nicaragua en Centroam\u00e9rica y [&hellip;]","og_url":"https:\/\/www.eldiario.net\/portal\/2021\/06\/15\/preocupacion-de-mexico-por-detencion-de-opositores\/","og_site_name":"El Diario - Bolivia","article_publisher":"https:\/\/www.facebook.com\/eldiario.bolivia\/","article_published_time":"2021-06-15T09:30:46+00:00","author":"Jeanette","twitter_card":"summary_large_image","twitter_creator":"@eldiario_net","twitter_site":"@eldiario_net","twitter_misc":{"Escrito por":"Jeanette","Tiempo de lectura":"2 minutos"},"schema":{"@context":"https:\/\/schema.org","@graph":[{"@type":"Article","@id":"https:\/\/www.eldiario.net\/portal\/2021\/06\/15\/preocupacion-de-mexico-por-detencion-de-opositores\/#article","isPartOf":{"@id":"https:\/\/www.eldiario.net\/portal\/2021\/06\/15\/preocupacion-de-mexico-por-detencion-de-opositores\/"},"author":{"name":"Jeanette","@id":"https:\/\/www.eldiario.net\/portal\/#\/schema\/person\/2c57cf2b7a7ae032e449e4c9b1019eac"},"headline":"Preocupaci\u00f3n de M\u00e9xico por detenci\u00f3n de opositores","datePublished":"2021-06-15T09:30:46+00:00","mainEntityOfPage":{"@id":"https:\/\/www.eldiario.net\/portal\/2021\/06\/15\/preocupacion-de-mexico-por-detencion-de-opositores\/"},"wordCount":275,"publisher":{"@id":"https:\/\/www.eldiario.net\/portal\/#organization"},"image":{"@id":"https:\/\/www.eldiario.net\/portal\/2021\/06\/15\/preocupacion-de-mexico-por-detencion-de-opositores\/#primaryimage"},"thumbnailUrl":"","articleSection":["Internacional"],"inLanguage":"es"},{"@type":"WebPage","@id":"https:\/\/www.eldiario.net\/portal\/2021\/06\/15\/preocupacion-de-mexico-por-detencion-de-opositores\/","url":"https:\/\/www.eldiario.net\/portal\/2021\/06\/15\/preocupacion-de-mexico-por-detencion-de-opositores\/","name":"Preocupaci\u00f3n de M\u00e9xico por detenci\u00f3n de opositores - El Diario - Bolivia","isPartOf":{"@id":"https:\/\/www.eldiario.net\/portal\/#website"},"primaryImageOfPage":{"@id":"https:\/\/www.eldiario.net\/portal\/2021\/06\/15\/preocupacion-de-mexico-por-detencion-de-opositores\/#primaryimage"},"image":{"@id":"https:\/\/www.eldiario.net\/portal\/2021\/06\/15\/preocupacion-de-mexico-por-detencion-de-opositores\/#primaryimage"},"thumbnailUrl":"","datePublished":"2021-06-15T09:30:46+00:00","breadcrumb":{"@id":"https:\/\/www.eldiario.net\/portal\/2021\/06\/15\/preocupacion-de-mexico-por-detencion-de-opositores\/#breadcrumb"},"inLanguage":"es","potentialAction":[{"@type":"ReadAction","target":["https:\/\/www.eldiario.net\/portal\/2021\/06\/15\/preocupacion-de-mexico-por-detencion-de-opositores\/"]}]},{"@type":"ImageObject","inLanguage":"es","@id":"https:\/\/www.eldiario.net\/portal\/2021\/06\/15\/preocupacion-de-mexico-por-detencion-de-opositores\/#primaryimage","url":"","contentUrl":""},{"@type":"BreadcrumbList","@id":"https:\/\/www.eldiario.net\/portal\/2021\/06\/15\/preocupacion-de-mexico-por-detencion-de-opositores\/#breadcrumb","itemListElement":[{"@type":"ListItem","position":1,"name":"Portada","item":"https:\/\/www.eldiario.net\/portal\/"},{"@type":"ListItem","position":2,"name":"Preocupaci\u00f3n de M\u00e9xico por detenci\u00f3n de opositores"}]},{"@type":"WebSite","@id":"https:\/\/www.eldiario.net\/portal\/#website","url":"https:\/\/www.eldiario.net\/portal\/","name":"El Diario - Decano de la prensa nacional","description":"El Diario - Decano de la prensa nacional","publisher":{"@id":"https:\/\/www.eldiario.net\/portal\/#organization"},"potentialAction":[{"@type":"SearchAction","target":{"@type":"EntryPoint","urlTemplate":"https:\/\/www.eldiario.net\/portal\/?s={search_term_string}"},"query-input":{"@type":"PropertyValueSpecification","valueRequired":true,"valueName":"search_term_string"}}],"inLanguage":"es"},{"@type":"Organization","@id":"https:\/\/www.eldiario.net\/portal\/#organization","name":"El Diario - Decano de la prensa nacional","url":"https:\/\/www.eldiario.net\/portal\/","logo":{"@type":"ImageObject","inLanguage":"es","@id":"https:\/\/www.eldiario.net\/portal\/#\/schema\/logo\/image\/","url":"https:\/\/www.eldiario.net\/portal\/wp-content\/uploads\/2023\/07\/logo_ED.jpg","contentUrl":"https:\/\/www.eldiario.net\/portal\/wp-content\/uploads\/2023\/07\/logo_ED.jpg","width":272,"height":52,"caption":"El Diario - Decano de la prensa nacional"},"image":{"@id":"https:\/\/www.eldiario.net\/portal\/#\/schema\/logo\/image\/"},"sameAs":["https:\/\/www.facebook.com\/eldiario.bolivia\/","https:\/\/x.com\/eldiario_net"]},{"@type":"Person","@id":"https:\/\/www.eldiario.net\/portal\/#\/schema\/person\/2c57cf2b7a7ae032e449e4c9b1019eac","name":"Jeanette","image":{"@type":"ImageObject","inLanguage":"es","@id":"https:\/\/secure.gravatar.com\/avatar\/3ea2118a5f7dad2b7138b1187a6b7ee55f160b9968b66013c3a3ef39dd7e5798?s=96&d=mm&r=g","url":"https:\/\/secure.gravatar.com\/avatar\/3ea2118a5f7dad2b7138b1187a6b7ee55f160b9968b66013c3a3ef39dd7e5798?s=96&d=mm&r=g","contentUrl":"https:\/\/secure.gravatar.com\/avatar\/3ea2118a5f7dad2b7138b1187a6b7ee55f160b9968b66013c3a3ef39dd7e5798?s=96&d=mm&r=g","caption":"Jeanette"},"sameAs":["https:\/\/www.eldiario.net\/portal"],"url":"https:\/\/www.eldiario.net\/portal\/author\/jeanette\/"}]}},"_links":{"self":[{"href":"https:\/\/www.eldiario.net\/portal\/wp-json\/wp\/v2\/posts\/10475","targetHints":{"allow":["GET"]}}],"collection":[{"href":"https:\/\/www.eldiario.net\/portal\/wp-json\/wp\/v2\/posts"}],"about":[{"href":"https:\/\/www.eldiario.net\/portal\/wp-json\/wp\/v2\/types\/post"}],"author":[{"embeddable":true,"href":"https:\/\/www.eldiario.net\/portal\/wp-json\/wp\/v2\/users\/1"}],"replies":[{"embeddable":true,"href":"https:\/\/www.eldiario.net\/portal\/wp-json\/wp\/v2\/comments?post=10475"}],"version-history":[{"count":0,"href":"https:\/\/www.eldiario.net\/portal\/wp-json\/wp\/v2\/posts\/10475\/revisions"}],"wp:attachment":[{"href":"https:\/\/www.eldiario.net\/portal\/wp-json\/wp\/v2\/media?parent=10475"}],"wp:term":[{"taxonomy":"category","embeddable":true,"href":"https:\/\/www.eldiario.net\/portal\/wp-json\/wp\/v2\/categories?post=10475"},{"taxonomy":"post_tag","embeddable":true,"href":"https:\/\/www.eldiario.net\/portal\/wp-json\/wp\/v2\/tags?post=10475"}],"curies":[{"name":"wp","href":"https:\/\/api.w.org\/{rel}","templated":true}]}}