{"id":10391,"date":"2021-06-14T06:57:34","date_gmt":"2021-06-14T10:57:34","guid":{"rendered":"https:\/\/www.eldiario.net\/portal\/?p=10391"},"modified":"2021-06-14T06:57:34","modified_gmt":"2021-06-14T10:57:34","slug":"militar-indica-que-caso-gases-no-tiene-relacion-con-plan-condor","status":"publish","type":"post","link":"https:\/\/www.eldiario.net\/portal\/2021\/06\/14\/militar-indica-que-caso-gases-no-tiene-relacion-con-plan-condor\/","title":{"rendered":"Militar indica que caso gases no  tiene relaci\u00f3n con Plan C\u00f3ndor"},"content":{"rendered":"<p>Despu\u00e9s que el ministro de Gobierno, Eduardo del Castillo, comparara el s\u00e1bado al pr\u00e9stamo de gases lacrim\u00f3genos y otro material no letal del Ecuador con la Operaci\u00f3n C\u00f3ndor, el coronel en servicio pasivo del Ej\u00e9rcito, Jorge Santistevan, manifest\u00f3 a EL DIARIO que la comparaci\u00f3n es \u201cdescabellada\u201d porque no tienen relaci\u00f3n alguna.<br \/>\nEn conferencia de prensa, la tarde del s\u00e1bado, Del Castillo compar\u00f3 los hechos para adquisici\u00f3n de gases durante el gobierno de Jeanine A\u00f1ez con la Operaci\u00f3n C\u00f3ndor, a trav\u00e9s del cual se reprimi\u00f3, con respaldo de Estados Unidos, a opositores en Sudam\u00e9rica en la d\u00e9cada de los a\u00f1os 70.<br \/>\n\u201cEl funcionamiento de esta organizaci\u00f3n b\u00e1sicamente se asemeja a la estrategia del Plan C\u00f3ndor que hemos vivido en los a\u00f1os 70, donde varios pa\u00edses cooperaban regionalmente para la represi\u00f3n\u201d, afirm\u00f3 el s\u00e1bado Del Castillo.<br \/>\n\u201cEl Plan C\u00f3ndor que relaciona el ministro (Del Castillo) con este pr\u00e9stamo de material antidisturbios no letal al Gobierno boliviano no tiene ninguna relaci\u00f3n. El Plan C\u00f3ndor era una situaci\u00f3n pol\u00edtica regional entre los a\u00f1os 1970 y 80 que involucraba a varios pa\u00edses sudamericanos como Chile, Argentina, Uruguay, Brasil y Paraguay, cuyo objetivo principal era frenar el avance del comunismo y la intromisi\u00f3n de pol\u00edticas internas de los pa\u00edses, bajo la coordinaci\u00f3n y financiaci\u00f3n de los Estados Unidos junto a la Agencia Central de Inteligencia, que entra en vigencia durante la guerra fr\u00eda\u201d, manifest\u00f3 Santistevan.<br \/>\nEn ese marco, dijo que en noviembre de 2019 no hubo un bloque de pa\u00edses que hubieran entrado en contubernio con el Ecuador para apoyar al gobierno de Jeanine A\u00f1ez mediante el pr\u00e9stamo de material no letal o antidisturbios; por lo tanto no hay ninguna relaci\u00f3n de contubernio propiciado por un bloques de pa\u00edses y de mandatarios en contra o a favor de un sistema como el que impera en Bolivia.<br \/>\n\u201cEspec\u00edficamente yo no percib\u00ed ninguna coalici\u00f3n pol\u00edtica-militar de pa\u00edses de la regi\u00f3n para resolver con ayuda militar, material o financiera el conflicto que hab\u00eda internamente en el pa\u00eds. El pr\u00e9stamo de material antidisturbios por parte del gobierno del Ecuador a la cabeza Len\u00edn Moreno fue por acuerdos internos entre los mandatarios\u201d, apunt\u00f3.<br \/>\nAclar\u00f3 que no hay reportes de que la CIA o el Gobierno de los Estados Unidos hubieran influenciado intelectual o materialmente sobre el Ecuador para apoyar un conflicto interno en el pa\u00eds.<br \/>\n\u201cLos objetivos del Plan C\u00f3ndor, entre otros, era el intercambio de informaci\u00f3n o de inteligencia. Otro objetivo era eliminar actividades armadas como guerrillas, reforzar a las fuerzas de seguridad y Fuerzas Armadas con el fin de lograr la estabilidad pacificaci\u00f3n en Latinoam\u00e9rica a fin de evitar la consolidaci\u00f3n del comunismo en la regi\u00f3n. Ellos ejerc\u00edan actividades de vigilancia y detecci\u00f3n de aquellas personas o actividades que fueran consideradas amenazas para la regi\u00f3n, tanto en el orden pol\u00edtico como ideol\u00f3gico que clasificaban una gran amenaza para los gobiernos del mundo occidental\u201d, puntualiz\u00f3.<\/p>\n<p>MATERIAL NO LETAL<br \/>\nSantistevan apunt\u00f3 que deber\u00eda investigarse si en los 14 a\u00f1os de gobierno de Evo Morales y el actual, se adquiri\u00f3 material no letal antidisturbios, de ser as\u00ed c\u00f3mo, d\u00f3nde, cu\u00e1ndo y para qu\u00e9 se adquiri\u00f3, porque hubieron situaciones como las del 2019, donde se arremeti\u00f3 contra los ciudadanos del pa\u00eds.<br \/>\n\u201cLo aseverado por el ministro al referirse a las granadas y municiones antidisturbios ya sea en calidad de pr\u00e9stamo o en calidad de compra, sirven para masacrar al pueblo. En todo caso habr\u00eda que preguntarle al gobierno de Evo Morales durante sus 14 a\u00f1os, m\u00e1s el actual, cu\u00e1ntas veces han adquirido en calidad de pr\u00e9stamo o compra este mismo tipo de material. Ellos s\u00ed ten\u00edan suficientes, porque incluso combin\u00e1ndolas con munici\u00f3n de guerra masacraron en Pando, en Porvenir, en la Calancha, y muchos otros escenarios m\u00e1s, al mando de ministros de Evo Morales quienes ahora gozan de impunidad, apoyados por la \u00faltima ley de indulto\u201d, record\u00f3 Santistevan.<\/p>\n<p>ACLARACI\u00d3N<br \/>\nSantistevan record\u00f3 que el Ministro de Gobierno no aclar\u00f3 en su conferencia de prensa que los proyectiles a los que hizo referencia son de guerra como lo hab\u00eda advertido el jueves.<br \/>\n\u201cRespecto a la munici\u00f3n de guerra que supuestamente hab\u00eda prestado el Ecuador, como lo hab\u00eda aseverado el Ministro de Gobierno, no fue aclarado en la conferencia de prensa. Sin embargo, es importante decirle a la sociedad boliviana que las granadas que menciona son de gases lacrim\u00f3genos. Por lo tanto est\u00e1 claro que las granadas y municiones que Ecuador prest\u00f3 a Bolivia fue material antimotines de car\u00e1cter no letal, con el fin de cooperar en la pacificaci\u00f3n del pa\u00eds. Los argumentos deben ser aclarados con mayor detalle por los actores implicados directamente. Se debe tomar en cuenta que el Ecuador tuvo que evaluar la situaci\u00f3n de crisis en Bolivia antes de tomar la decisi\u00f3n de realizar el pr\u00e9stamo del material solicitado\u201d, apunt\u00f3.<br \/>\nEn esa l\u00ednea, dijo que el Gobierno ecuatoriano tiene la plena potestad de formalizar un reclamo al respecto, o en su defecto dejarlo pasar desapercibido como una forma de solucionar internamente ciertas divergencias, siempre y cuando vean que no se afecta su honorabilidad, credibilidad e imagen internacional como Estado.<br \/>\n\u201cHabr\u00eda que esperar en qu\u00e9 nivel y c\u00f3mo le podr\u00eda afectar al gobierno ecuatoriano las declaraciones del ministro boliviano, para que ellos definan la actitud diplom\u00e1tica por encarar.\u201d, advirti\u00f3.<br \/>\nEn referencia al Decreto Supremo 4078 del 14 de noviembre de 2019, aclar\u00f3 que fue un recurso constitucional que tiene todo gobierno cuando la seguridad del Estado y la sociedad se siente amenazada por acciones de violencia.<br \/>\n\u201cCuando el gobierno de Jeanine A\u00f1ez realiza acuerdos con organizaciones sociales en oposici\u00f3n y luego que los conflictos fueron levantados, el mismo gabinete de Jeanine A\u00f1ez, luego de 14 d\u00edas de que se hab\u00eda puesto en vigencia el Decreto Supremo 4078, lo abroga p\u00fablicamente el d\u00eda 28 de noviembre de 2019, en el Palacio de Gobierno\u201d, aclar\u00f3.<br \/>\nEl militar en servicio pasivo record\u00f3 que de acuerdo al informe del Instituto de Investigaciones Forenses, la mayor\u00eda de las muertes o bajas de civiles, en los diferentes puntos de conflictos en 2019, no fueron ocasionadas por proyectiles que usan las Fuerzas Armadas.<\/p>\n<figure id=\"attachment_10393\" aria-describedby=\"caption-attachment-10393\" style=\"width: 300px\" class=\"wp-caption aligncenter\"><img loading=\"lazy\" decoding=\"async\" class=\"size-medium wp-image-10393\" src=\"https:\/\/www.eldiario.net\/portal\/wp-content\/uploads\/2021\/06\/EDUARDO-300x115.jpg\" alt=\"\" width=\"300\" height=\"115\" srcset=\"https:\/\/www.eldiario.net\/portal\/wp-content\/uploads\/2021\/06\/EDUARDO-300x115.jpg 300w, https:\/\/www.eldiario.net\/portal\/wp-content\/uploads\/2021\/06\/EDUARDO-768x296.jpg 768w, https:\/\/www.eldiario.net\/portal\/wp-content\/uploads\/2021\/06\/EDUARDO-696x268.jpg 696w, https:\/\/www.eldiario.net\/portal\/wp-content\/uploads\/2021\/06\/EDUARDO.jpg 920w\" sizes=\"auto, (max-width: 300px) 100vw, 300px\" \/><figcaption id=\"caption-attachment-10393\" class=\"wp-caption-text\">EDUARDO DEL CASTILLO, MINISTRO DE GOBIERNO, EN CONFERENCIA DE PRENSA EL S\u00c1BADO.<\/figcaption><\/figure>\n","protected":false},"excerpt":{"rendered":"<p>Despu\u00e9s que el ministro de Gobierno, Eduardo del Castillo, comparara el s\u00e1bado al pr\u00e9stamo de gases lacrim\u00f3genos y otro material no letal del Ecuador con la Operaci\u00f3n C\u00f3ndor, el coronel en servicio pasivo del Ej\u00e9rcito, Jorge Santistevan, manifest\u00f3 a EL DIARIO que la comparaci\u00f3n es \u201cdescabellada\u201d porque no tienen relaci\u00f3n alguna. En conferencia de prensa, [&hellip;]<\/p>\n","protected":false},"author":1,"featured_media":10392,"comment_status":"closed","ping_status":"closed","sticky":false,"template":"","format":"standard","meta":{"_acf_changed":false,"footnotes":""},"categories":[39],"tags":[],"class_list":["post-10391","post","type-post","status-publish","format-standard","has-post-thumbnail","category-sociedad"],"acf":{"antetitulo":""},"yoast_head":"<!-- This site is optimized with the Yoast SEO plugin v28.3 - https:\/\/yoast.com\/product\/yoast-seo-wordpress\/ -->\n<title>Militar indica que caso gases no tiene relaci\u00f3n con Plan C\u00f3ndor - El Diario - Bolivia<\/title>\n<meta name=\"robots\" content=\"index, follow, max-snippet:-1, max-image-preview:large, max-video-preview:-1\" \/>\n<link rel=\"canonical\" href=\"https:\/\/www.eldiario.net\/portal\/2021\/06\/14\/militar-indica-que-caso-gases-no-tiene-relacion-con-plan-condor\/\" \/>\n<meta property=\"og:locale\" content=\"es_ES\" \/>\n<meta property=\"og:type\" content=\"article\" \/>\n<meta property=\"og:title\" content=\"Militar indica que caso gases no tiene relaci\u00f3n con Plan C\u00f3ndor - El Diario - Bolivia\" \/>\n<meta property=\"og:description\" content=\"Despu\u00e9s que el ministro de Gobierno, Eduardo del Castillo, comparara el s\u00e1bado al pr\u00e9stamo de gases lacrim\u00f3genos y otro material no letal del Ecuador con la Operaci\u00f3n C\u00f3ndor, el coronel en servicio pasivo del Ej\u00e9rcito, Jorge Santistevan, manifest\u00f3 a EL DIARIO que la comparaci\u00f3n es \u201cdescabellada\u201d porque no tienen relaci\u00f3n alguna. En conferencia de prensa, [&hellip;]\" \/>\n<meta property=\"og:url\" content=\"https:\/\/www.eldiario.net\/portal\/2021\/06\/14\/militar-indica-que-caso-gases-no-tiene-relacion-con-plan-condor\/\" \/>\n<meta property=\"og:site_name\" content=\"El Diario - Bolivia\" \/>\n<meta property=\"article:publisher\" content=\"https:\/\/www.facebook.com\/eldiario.bolivia\/\" \/>\n<meta property=\"article:published_time\" content=\"2021-06-14T10:57:34+00:00\" \/>\n<meta name=\"author\" content=\"Jeanette\" \/>\n<meta name=\"twitter:card\" content=\"summary_large_image\" \/>\n<meta name=\"twitter:creator\" content=\"@eldiario_net\" \/>\n<meta name=\"twitter:site\" content=\"@eldiario_net\" \/>\n<meta name=\"twitter:label1\" content=\"Escrito por\" \/>\n\t<meta name=\"twitter:data1\" content=\"Jeanette\" \/>\n\t<meta name=\"twitter:label2\" content=\"Tiempo de lectura\" \/>\n\t<meta name=\"twitter:data2\" content=\"5 minutos\" \/>\n<script type=\"application\/ld+json\" class=\"yoast-schema-graph\">{\"@context\":\"https:\\\/\\\/schema.org\",\"@graph\":[{\"@type\":\"Article\",\"@id\":\"https:\\\/\\\/www.eldiario.net\\\/portal\\\/2021\\\/06\\\/14\\\/militar-indica-que-caso-gases-no-tiene-relacion-con-plan-condor\\\/#article\",\"isPartOf\":{\"@id\":\"https:\\\/\\\/www.eldiario.net\\\/portal\\\/2021\\\/06\\\/14\\\/militar-indica-que-caso-gases-no-tiene-relacion-con-plan-condor\\\/\"},\"author\":{\"name\":\"Jeanette\",\"@id\":\"https:\\\/\\\/www.eldiario.net\\\/portal\\\/#\\\/schema\\\/person\\\/f46445640444750d7d753ccd04ae01b7\"},\"headline\":\"Militar indica que caso gases no tiene relaci\u00f3n con Plan C\u00f3ndor\",\"datePublished\":\"2021-06-14T10:57:34+00:00\",\"mainEntityOfPage\":{\"@id\":\"https:\\\/\\\/www.eldiario.net\\\/portal\\\/2021\\\/06\\\/14\\\/militar-indica-que-caso-gases-no-tiene-relacion-con-plan-condor\\\/\"},\"wordCount\":1126,\"publisher\":{\"@id\":\"https:\\\/\\\/www.eldiario.net\\\/portal\\\/#organization\"},\"image\":{\"@id\":\"https:\\\/\\\/www.eldiario.net\\\/portal\\\/2021\\\/06\\\/14\\\/militar-indica-que-caso-gases-no-tiene-relacion-con-plan-condor\\\/#primaryimage\"},\"thumbnailUrl\":\"\",\"articleSection\":[\"Sociedad - Seguridad\"],\"inLanguage\":\"es\"},{\"@type\":\"WebPage\",\"@id\":\"https:\\\/\\\/www.eldiario.net\\\/portal\\\/2021\\\/06\\\/14\\\/militar-indica-que-caso-gases-no-tiene-relacion-con-plan-condor\\\/\",\"url\":\"https:\\\/\\\/www.eldiario.net\\\/portal\\\/2021\\\/06\\\/14\\\/militar-indica-que-caso-gases-no-tiene-relacion-con-plan-condor\\\/\",\"name\":\"Militar indica que caso gases no tiene relaci\u00f3n con Plan C\u00f3ndor - El Diario - Bolivia\",\"isPartOf\":{\"@id\":\"https:\\\/\\\/www.eldiario.net\\\/portal\\\/#website\"},\"primaryImageOfPage\":{\"@id\":\"https:\\\/\\\/www.eldiario.net\\\/portal\\\/2021\\\/06\\\/14\\\/militar-indica-que-caso-gases-no-tiene-relacion-con-plan-condor\\\/#primaryimage\"},\"image\":{\"@id\":\"https:\\\/\\\/www.eldiario.net\\\/portal\\\/2021\\\/06\\\/14\\\/militar-indica-que-caso-gases-no-tiene-relacion-con-plan-condor\\\/#primaryimage\"},\"thumbnailUrl\":\"\",\"datePublished\":\"2021-06-14T10:57:34+00:00\",\"breadcrumb\":{\"@id\":\"https:\\\/\\\/www.eldiario.net\\\/portal\\\/2021\\\/06\\\/14\\\/militar-indica-que-caso-gases-no-tiene-relacion-con-plan-condor\\\/#breadcrumb\"},\"inLanguage\":\"es\",\"potentialAction\":[{\"@type\":\"ReadAction\",\"target\":[\"https:\\\/\\\/www.eldiario.net\\\/portal\\\/2021\\\/06\\\/14\\\/militar-indica-que-caso-gases-no-tiene-relacion-con-plan-condor\\\/\"]}]},{\"@type\":\"ImageObject\",\"inLanguage\":\"es\",\"@id\":\"https:\\\/\\\/www.eldiario.net\\\/portal\\\/2021\\\/06\\\/14\\\/militar-indica-que-caso-gases-no-tiene-relacion-con-plan-condor\\\/#primaryimage\",\"url\":\"\",\"contentUrl\":\"\"},{\"@type\":\"BreadcrumbList\",\"@id\":\"https:\\\/\\\/www.eldiario.net\\\/portal\\\/2021\\\/06\\\/14\\\/militar-indica-que-caso-gases-no-tiene-relacion-con-plan-condor\\\/#breadcrumb\",\"itemListElement\":[{\"@type\":\"ListItem\",\"position\":1,\"name\":\"Portada\",\"item\":\"https:\\\/\\\/www.eldiario.net\\\/portal\\\/\"},{\"@type\":\"ListItem\",\"position\":2,\"name\":\"Militar indica que caso gases no tiene relaci\u00f3n con Plan C\u00f3ndor\"}]},{\"@type\":\"WebSite\",\"@id\":\"https:\\\/\\\/www.eldiario.net\\\/portal\\\/#website\",\"url\":\"https:\\\/\\\/www.eldiario.net\\\/portal\\\/\",\"name\":\"El Diario - Decano de la prensa nacional\",\"description\":\"El Diario - Decano de la prensa nacional\",\"publisher\":{\"@id\":\"https:\\\/\\\/www.eldiario.net\\\/portal\\\/#organization\"},\"potentialAction\":[{\"@type\":\"SearchAction\",\"target\":{\"@type\":\"EntryPoint\",\"urlTemplate\":\"https:\\\/\\\/www.eldiario.net\\\/portal\\\/?s={search_term_string}\"},\"query-input\":{\"@type\":\"PropertyValueSpecification\",\"valueRequired\":true,\"valueName\":\"search_term_string\"}}],\"inLanguage\":\"es\"},{\"@type\":\"Organization\",\"@id\":\"https:\\\/\\\/www.eldiario.net\\\/portal\\\/#organization\",\"name\":\"El Diario - Decano de la prensa nacional\",\"url\":\"https:\\\/\\\/www.eldiario.net\\\/portal\\\/\",\"logo\":{\"@type\":\"ImageObject\",\"inLanguage\":\"es\",\"@id\":\"https:\\\/\\\/www.eldiario.net\\\/portal\\\/#\\\/schema\\\/logo\\\/image\\\/\",\"url\":\"https:\\\/\\\/www.eldiario.net\\\/portal\\\/wp-content\\\/uploads\\\/2023\\\/07\\\/logo_ED.jpg\",\"contentUrl\":\"https:\\\/\\\/www.eldiario.net\\\/portal\\\/wp-content\\\/uploads\\\/2023\\\/07\\\/logo_ED.jpg\",\"width\":272,\"height\":52,\"caption\":\"El Diario - Decano de la prensa nacional\"},\"image\":{\"@id\":\"https:\\\/\\\/www.eldiario.net\\\/portal\\\/#\\\/schema\\\/logo\\\/image\\\/\"},\"sameAs\":[\"https:\\\/\\\/www.facebook.com\\\/eldiario.bolivia\\\/\",\"https:\\\/\\\/x.com\\\/eldiario_net\"]},{\"@type\":\"Person\",\"@id\":\"https:\\\/\\\/www.eldiario.net\\\/portal\\\/#\\\/schema\\\/person\\\/f46445640444750d7d753ccd04ae01b7\",\"name\":\"Jeanette\",\"image\":{\"@type\":\"ImageObject\",\"inLanguage\":\"es\",\"@id\":\"https:\\\/\\\/secure.gravatar.com\\\/avatar\\\/3ea2118a5f7dad2b7138b1187a6b7ee55f160b9968b66013c3a3ef39dd7e5798?s=96&d=mm&r=g\",\"url\":\"https:\\\/\\\/secure.gravatar.com\\\/avatar\\\/3ea2118a5f7dad2b7138b1187a6b7ee55f160b9968b66013c3a3ef39dd7e5798?s=96&d=mm&r=g\",\"contentUrl\":\"https:\\\/\\\/secure.gravatar.com\\\/avatar\\\/3ea2118a5f7dad2b7138b1187a6b7ee55f160b9968b66013c3a3ef39dd7e5798?s=96&d=mm&r=g\",\"caption\":\"Jeanette\"},\"sameAs\":[\"https:\\\/\\\/www.eldiario.net\\\/portal\"],\"url\":\"https:\\\/\\\/www.eldiario.net\\\/portal\\\/author\\\/jeanette\\\/\"}]}<\/script>\n<!-- \/ Yoast SEO plugin. -->","yoast_head_json":{"title":"Militar indica que caso gases no tiene relaci\u00f3n con Plan C\u00f3ndor - El Diario - Bolivia","robots":{"index":"index","follow":"follow","max-snippet":"max-snippet:-1","max-image-preview":"max-image-preview:large","max-video-preview":"max-video-preview:-1"},"canonical":"https:\/\/www.eldiario.net\/portal\/2021\/06\/14\/militar-indica-que-caso-gases-no-tiene-relacion-con-plan-condor\/","og_locale":"es_ES","og_type":"article","og_title":"Militar indica que caso gases no tiene relaci\u00f3n con Plan C\u00f3ndor - El Diario - Bolivia","og_description":"Despu\u00e9s que el ministro de Gobierno, Eduardo del Castillo, comparara el s\u00e1bado al pr\u00e9stamo de gases lacrim\u00f3genos y otro material no letal del Ecuador con la Operaci\u00f3n C\u00f3ndor, el coronel en servicio pasivo del Ej\u00e9rcito, Jorge Santistevan, manifest\u00f3 a EL DIARIO que la comparaci\u00f3n es \u201cdescabellada\u201d porque no tienen relaci\u00f3n alguna. En conferencia de prensa, [&hellip;]","og_url":"https:\/\/www.eldiario.net\/portal\/2021\/06\/14\/militar-indica-que-caso-gases-no-tiene-relacion-con-plan-condor\/","og_site_name":"El Diario - Bolivia","article_publisher":"https:\/\/www.facebook.com\/eldiario.bolivia\/","article_published_time":"2021-06-14T10:57:34+00:00","author":"Jeanette","twitter_card":"summary_large_image","twitter_creator":"@eldiario_net","twitter_site":"@eldiario_net","twitter_misc":{"Escrito por":"Jeanette","Tiempo de lectura":"5 minutos"},"schema":{"@context":"https:\/\/schema.org","@graph":[{"@type":"Article","@id":"https:\/\/www.eldiario.net\/portal\/2021\/06\/14\/militar-indica-que-caso-gases-no-tiene-relacion-con-plan-condor\/#article","isPartOf":{"@id":"https:\/\/www.eldiario.net\/portal\/2021\/06\/14\/militar-indica-que-caso-gases-no-tiene-relacion-con-plan-condor\/"},"author":{"name":"Jeanette","@id":"https:\/\/www.eldiario.net\/portal\/#\/schema\/person\/f46445640444750d7d753ccd04ae01b7"},"headline":"Militar indica que caso gases no tiene relaci\u00f3n con Plan C\u00f3ndor","datePublished":"2021-06-14T10:57:34+00:00","mainEntityOfPage":{"@id":"https:\/\/www.eldiario.net\/portal\/2021\/06\/14\/militar-indica-que-caso-gases-no-tiene-relacion-con-plan-condor\/"},"wordCount":1126,"publisher":{"@id":"https:\/\/www.eldiario.net\/portal\/#organization"},"image":{"@id":"https:\/\/www.eldiario.net\/portal\/2021\/06\/14\/militar-indica-que-caso-gases-no-tiene-relacion-con-plan-condor\/#primaryimage"},"thumbnailUrl":"","articleSection":["Sociedad - Seguridad"],"inLanguage":"es"},{"@type":"WebPage","@id":"https:\/\/www.eldiario.net\/portal\/2021\/06\/14\/militar-indica-que-caso-gases-no-tiene-relacion-con-plan-condor\/","url":"https:\/\/www.eldiario.net\/portal\/2021\/06\/14\/militar-indica-que-caso-gases-no-tiene-relacion-con-plan-condor\/","name":"Militar indica que caso gases no tiene relaci\u00f3n con Plan C\u00f3ndor - El Diario - Bolivia","isPartOf":{"@id":"https:\/\/www.eldiario.net\/portal\/#website"},"primaryImageOfPage":{"@id":"https:\/\/www.eldiario.net\/portal\/2021\/06\/14\/militar-indica-que-caso-gases-no-tiene-relacion-con-plan-condor\/#primaryimage"},"image":{"@id":"https:\/\/www.eldiario.net\/portal\/2021\/06\/14\/militar-indica-que-caso-gases-no-tiene-relacion-con-plan-condor\/#primaryimage"},"thumbnailUrl":"","datePublished":"2021-06-14T10:57:34+00:00","breadcrumb":{"@id":"https:\/\/www.eldiario.net\/portal\/2021\/06\/14\/militar-indica-que-caso-gases-no-tiene-relacion-con-plan-condor\/#breadcrumb"},"inLanguage":"es","potentialAction":[{"@type":"ReadAction","target":["https:\/\/www.eldiario.net\/portal\/2021\/06\/14\/militar-indica-que-caso-gases-no-tiene-relacion-con-plan-condor\/"]}]},{"@type":"ImageObject","inLanguage":"es","@id":"https:\/\/www.eldiario.net\/portal\/2021\/06\/14\/militar-indica-que-caso-gases-no-tiene-relacion-con-plan-condor\/#primaryimage","url":"","contentUrl":""},{"@type":"BreadcrumbList","@id":"https:\/\/www.eldiario.net\/portal\/2021\/06\/14\/militar-indica-que-caso-gases-no-tiene-relacion-con-plan-condor\/#breadcrumb","itemListElement":[{"@type":"ListItem","position":1,"name":"Portada","item":"https:\/\/www.eldiario.net\/portal\/"},{"@type":"ListItem","position":2,"name":"Militar indica que caso gases no tiene relaci\u00f3n con Plan C\u00f3ndor"}]},{"@type":"WebSite","@id":"https:\/\/www.eldiario.net\/portal\/#website","url":"https:\/\/www.eldiario.net\/portal\/","name":"El Diario - Decano de la prensa nacional","description":"El Diario - Decano de la prensa nacional","publisher":{"@id":"https:\/\/www.eldiario.net\/portal\/#organization"},"potentialAction":[{"@type":"SearchAction","target":{"@type":"EntryPoint","urlTemplate":"https:\/\/www.eldiario.net\/portal\/?s={search_term_string}"},"query-input":{"@type":"PropertyValueSpecification","valueRequired":true,"valueName":"search_term_string"}}],"inLanguage":"es"},{"@type":"Organization","@id":"https:\/\/www.eldiario.net\/portal\/#organization","name":"El Diario - Decano de la prensa nacional","url":"https:\/\/www.eldiario.net\/portal\/","logo":{"@type":"ImageObject","inLanguage":"es","@id":"https:\/\/www.eldiario.net\/portal\/#\/schema\/logo\/image\/","url":"https:\/\/www.eldiario.net\/portal\/wp-content\/uploads\/2023\/07\/logo_ED.jpg","contentUrl":"https:\/\/www.eldiario.net\/portal\/wp-content\/uploads\/2023\/07\/logo_ED.jpg","width":272,"height":52,"caption":"El Diario - Decano de la prensa nacional"},"image":{"@id":"https:\/\/www.eldiario.net\/portal\/#\/schema\/logo\/image\/"},"sameAs":["https:\/\/www.facebook.com\/eldiario.bolivia\/","https:\/\/x.com\/eldiario_net"]},{"@type":"Person","@id":"https:\/\/www.eldiario.net\/portal\/#\/schema\/person\/f46445640444750d7d753ccd04ae01b7","name":"Jeanette","image":{"@type":"ImageObject","inLanguage":"es","@id":"https:\/\/secure.gravatar.com\/avatar\/3ea2118a5f7dad2b7138b1187a6b7ee55f160b9968b66013c3a3ef39dd7e5798?s=96&d=mm&r=g","url":"https:\/\/secure.gravatar.com\/avatar\/3ea2118a5f7dad2b7138b1187a6b7ee55f160b9968b66013c3a3ef39dd7e5798?s=96&d=mm&r=g","contentUrl":"https:\/\/secure.gravatar.com\/avatar\/3ea2118a5f7dad2b7138b1187a6b7ee55f160b9968b66013c3a3ef39dd7e5798?s=96&d=mm&r=g","caption":"Jeanette"},"sameAs":["https:\/\/www.eldiario.net\/portal"],"url":"https:\/\/www.eldiario.net\/portal\/author\/jeanette\/"}]}},"_links":{"self":[{"href":"https:\/\/www.eldiario.net\/portal\/wp-json\/wp\/v2\/posts\/10391","targetHints":{"allow":["GET"]}}],"collection":[{"href":"https:\/\/www.eldiario.net\/portal\/wp-json\/wp\/v2\/posts"}],"about":[{"href":"https:\/\/www.eldiario.net\/portal\/wp-json\/wp\/v2\/types\/post"}],"author":[{"embeddable":true,"href":"https:\/\/www.eldiario.net\/portal\/wp-json\/wp\/v2\/users\/1"}],"replies":[{"embeddable":true,"href":"https:\/\/www.eldiario.net\/portal\/wp-json\/wp\/v2\/comments?post=10391"}],"version-history":[{"count":0,"href":"https:\/\/www.eldiario.net\/portal\/wp-json\/wp\/v2\/posts\/10391\/revisions"}],"wp:attachment":[{"href":"https:\/\/www.eldiario.net\/portal\/wp-json\/wp\/v2\/media?parent=10391"}],"wp:term":[{"taxonomy":"category","embeddable":true,"href":"https:\/\/www.eldiario.net\/portal\/wp-json\/wp\/v2\/categories?post=10391"},{"taxonomy":"post_tag","embeddable":true,"href":"https:\/\/www.eldiario.net\/portal\/wp-json\/wp\/v2\/tags?post=10391"}],"curies":[{"name":"wp","href":"https:\/\/api.w.org\/{rel}","templated":true}]}}