{"id":10388,"date":"2021-06-14T06:55:28","date_gmt":"2021-06-14T10:55:28","guid":{"rendered":"https:\/\/www.eldiario.net\/portal\/?p=10388"},"modified":"2021-06-14T06:55:28","modified_gmt":"2021-06-14T10:55:28","slug":"bolivia-suma-55-feminicidios","status":"publish","type":"post","link":"https:\/\/www.eldiario.net\/portal\/2021\/06\/14\/bolivia-suma-55-feminicidios\/","title":{"rendered":"Bolivia suma 55 feminicidios"},"content":{"rendered":"<p>El Ministerio P\u00fablico investiga un presunto hecho de feminicidio cometido en contra de Ana L. M. G. de 23 a\u00f1os de edad, quien muri\u00f3 al caer del tercer piso de una vivienda en la ciudad de El Alto, inform\u00f3 ayer el fiscal departamental de La Paz, William Alave, a tiempo de aclarar que en lo que va del a\u00f1o se registran 55 asesinatos de mujeres a nivel nacional.<br \/>\n\u201cUna vez que se tom\u00f3 conocimiento del hecho desplazamos al equipo multidisciplinario de la Fiscal\u00eda Especializada de Delitos Contra la Vida de la ciudad de El Alto para iniciar de oficio con los actos investigativos y durante la etapa preliminar se logr\u00f3 obtener el acta del registro del lugar del hecho, la colecci\u00f3n de indicios materiales, el acta del levantamiento del cad\u00e1ver y se realiz\u00f3 las entrevistas previas a los dos amigos de la joven que se encontraban con ella al momento del hecho y al haberse encontrado contradicciones fueron aprehendidos\u201d, dijo Alave.<br \/>\nPor su parte, el fiscal de delitos contra la vida de la ciudad de El Alto, Favio Maldonado, inform\u00f3 que la ma\u00f1ana del 12 de junio de 2021, el due\u00f1o de un domicilio de la zona Villa Adela Yunguyo de la ciudad de El Alto llam\u00f3 a la Polic\u00eda para denunciar que una mujer cay\u00f3 del tercer piso de su vivienda. Cuando la Polic\u00eda y funcionarios del Ministerio P\u00fablico llegaron al lugar encontraron el cuerpo de Ana L. M. G. en v\u00eda p\u00fablica.<br \/>\n\u201cAparentemente la joven consumi\u00f3 bebidas alcoh\u00f3licas con dos amigos, quienes indicaron que ella se habr\u00eda lanzado del tercer piso del inmueble hacia la calle; sin embargo, se encontraron contradicciones en su declaraci\u00f3n adem\u00e1s que al interior de la habitaci\u00f3n donde se habr\u00eda lanzado la v\u00edctima, se encontr\u00f3 un mech\u00f3n de cabello por lo que se procedi\u00f3 a precintar las habitaciones donde se encontraba la joven y los dos amigos fueron aprehendidos con fines investigativos\u201d, dijo Maldonado.<br \/>\nDe acuerdo al informe de autopsia m\u00e9dico legal realizada por el Instituto de Investigaciones Forenses (IDIF), la causa de la muerte de la v\u00edctima es por traumatismo cr\u00e1neo encef\u00e1lico cerrado, adem\u00e1s de fractura de la b\u00f3veda y base del cr\u00e1neo.<\/p>\n<p>DATOS<br \/>\nLos datos oficiales del Ministerio P\u00fablico dan cuenta que, del 1 de enero al 12 de junio de 2021, el departamento con mayor incidencia de hechos de feminicidio es La Paz con 18 casos, Cochabamba 10, Santa Cruz 9, Oruro 6, Potos\u00ed 4, Chuquisaca 4, Beni 2, Tarija 1 y Pando 1.<\/p>\n","protected":false},"excerpt":{"rendered":"<p>El Ministerio P\u00fablico investiga un presunto hecho de feminicidio cometido en contra de Ana L. M. G. de 23 a\u00f1os de edad, quien muri\u00f3 al caer del tercer piso de una vivienda en la ciudad de El Alto, inform\u00f3 ayer el fiscal departamental de La Paz, William Alave, a tiempo de aclarar que en lo [&hellip;]<\/p>\n","protected":false},"author":1,"featured_media":10389,"comment_status":"closed","ping_status":"closed","sticky":false,"template":"","format":"standard","meta":{"_acf_changed":false,"footnotes":""},"categories":[39],"tags":[],"class_list":["post-10388","post","type-post","status-publish","format-standard","has-post-thumbnail","category-sociedad"],"acf":{"antetitulo":""},"yoast_head":"<!-- This site is optimized with the Yoast SEO plugin v28.3 - https:\/\/yoast.com\/product\/yoast-seo-wordpress\/ -->\n<title>Bolivia suma 55 feminicidios - El Diario - Bolivia<\/title>\n<meta name=\"robots\" content=\"index, follow, max-snippet:-1, max-image-preview:large, max-video-preview:-1\" \/>\n<link rel=\"canonical\" href=\"https:\/\/www.eldiario.net\/portal\/2021\/06\/14\/bolivia-suma-55-feminicidios\/\" \/>\n<meta property=\"og:locale\" content=\"es_ES\" \/>\n<meta property=\"og:type\" content=\"article\" \/>\n<meta property=\"og:title\" content=\"Bolivia suma 55 feminicidios - El Diario - Bolivia\" \/>\n<meta property=\"og:description\" content=\"El Ministerio P\u00fablico investiga un presunto hecho de feminicidio cometido en contra de Ana L. M. G. de 23 a\u00f1os de edad, quien muri\u00f3 al caer del tercer piso de una vivienda en la ciudad de El Alto, inform\u00f3 ayer el fiscal departamental de La Paz, William Alave, a tiempo de aclarar que en lo [&hellip;]\" \/>\n<meta property=\"og:url\" content=\"https:\/\/www.eldiario.net\/portal\/2021\/06\/14\/bolivia-suma-55-feminicidios\/\" \/>\n<meta property=\"og:site_name\" content=\"El Diario - Bolivia\" \/>\n<meta property=\"article:publisher\" content=\"https:\/\/www.facebook.com\/eldiario.bolivia\/\" \/>\n<meta property=\"article:published_time\" content=\"2021-06-14T10:55:28+00:00\" \/>\n<meta name=\"author\" content=\"Jeanette\" \/>\n<meta name=\"twitter:card\" content=\"summary_large_image\" \/>\n<meta name=\"twitter:creator\" content=\"@eldiario_net\" \/>\n<meta name=\"twitter:site\" content=\"@eldiario_net\" \/>\n<meta name=\"twitter:label1\" content=\"Escrito por\" \/>\n\t<meta name=\"twitter:data1\" content=\"Jeanette\" \/>\n\t<meta name=\"twitter:label2\" content=\"Tiempo de lectura\" \/>\n\t<meta name=\"twitter:data2\" content=\"2 minutos\" \/>\n<script type=\"application\/ld+json\" class=\"yoast-schema-graph\">{\"@context\":\"https:\\\/\\\/schema.org\",\"@graph\":[{\"@type\":\"Article\",\"@id\":\"https:\\\/\\\/www.eldiario.net\\\/portal\\\/2021\\\/06\\\/14\\\/bolivia-suma-55-feminicidios\\\/#article\",\"isPartOf\":{\"@id\":\"https:\\\/\\\/www.eldiario.net\\\/portal\\\/2021\\\/06\\\/14\\\/bolivia-suma-55-feminicidios\\\/\"},\"author\":{\"name\":\"Jeanette\",\"@id\":\"https:\\\/\\\/www.eldiario.net\\\/portal\\\/#\\\/schema\\\/person\\\/f46445640444750d7d753ccd04ae01b7\"},\"headline\":\"Bolivia suma 55 feminicidios\",\"datePublished\":\"2021-06-14T10:55:28+00:00\",\"mainEntityOfPage\":{\"@id\":\"https:\\\/\\\/www.eldiario.net\\\/portal\\\/2021\\\/06\\\/14\\\/bolivia-suma-55-feminicidios\\\/\"},\"wordCount\":429,\"publisher\":{\"@id\":\"https:\\\/\\\/www.eldiario.net\\\/portal\\\/#organization\"},\"image\":{\"@id\":\"https:\\\/\\\/www.eldiario.net\\\/portal\\\/2021\\\/06\\\/14\\\/bolivia-suma-55-feminicidios\\\/#primaryimage\"},\"thumbnailUrl\":\"\",\"articleSection\":[\"Sociedad - Seguridad\"],\"inLanguage\":\"es\"},{\"@type\":\"WebPage\",\"@id\":\"https:\\\/\\\/www.eldiario.net\\\/portal\\\/2021\\\/06\\\/14\\\/bolivia-suma-55-feminicidios\\\/\",\"url\":\"https:\\\/\\\/www.eldiario.net\\\/portal\\\/2021\\\/06\\\/14\\\/bolivia-suma-55-feminicidios\\\/\",\"name\":\"Bolivia suma 55 feminicidios - El Diario - Bolivia\",\"isPartOf\":{\"@id\":\"https:\\\/\\\/www.eldiario.net\\\/portal\\\/#website\"},\"primaryImageOfPage\":{\"@id\":\"https:\\\/\\\/www.eldiario.net\\\/portal\\\/2021\\\/06\\\/14\\\/bolivia-suma-55-feminicidios\\\/#primaryimage\"},\"image\":{\"@id\":\"https:\\\/\\\/www.eldiario.net\\\/portal\\\/2021\\\/06\\\/14\\\/bolivia-suma-55-feminicidios\\\/#primaryimage\"},\"thumbnailUrl\":\"\",\"datePublished\":\"2021-06-14T10:55:28+00:00\",\"breadcrumb\":{\"@id\":\"https:\\\/\\\/www.eldiario.net\\\/portal\\\/2021\\\/06\\\/14\\\/bolivia-suma-55-feminicidios\\\/#breadcrumb\"},\"inLanguage\":\"es\",\"potentialAction\":[{\"@type\":\"ReadAction\",\"target\":[\"https:\\\/\\\/www.eldiario.net\\\/portal\\\/2021\\\/06\\\/14\\\/bolivia-suma-55-feminicidios\\\/\"]}]},{\"@type\":\"ImageObject\",\"inLanguage\":\"es\",\"@id\":\"https:\\\/\\\/www.eldiario.net\\\/portal\\\/2021\\\/06\\\/14\\\/bolivia-suma-55-feminicidios\\\/#primaryimage\",\"url\":\"\",\"contentUrl\":\"\"},{\"@type\":\"BreadcrumbList\",\"@id\":\"https:\\\/\\\/www.eldiario.net\\\/portal\\\/2021\\\/06\\\/14\\\/bolivia-suma-55-feminicidios\\\/#breadcrumb\",\"itemListElement\":[{\"@type\":\"ListItem\",\"position\":1,\"name\":\"Portada\",\"item\":\"https:\\\/\\\/www.eldiario.net\\\/portal\\\/\"},{\"@type\":\"ListItem\",\"position\":2,\"name\":\"Bolivia suma 55 feminicidios\"}]},{\"@type\":\"WebSite\",\"@id\":\"https:\\\/\\\/www.eldiario.net\\\/portal\\\/#website\",\"url\":\"https:\\\/\\\/www.eldiario.net\\\/portal\\\/\",\"name\":\"El Diario - Decano de la prensa nacional\",\"description\":\"El Diario - Decano de la prensa nacional\",\"publisher\":{\"@id\":\"https:\\\/\\\/www.eldiario.net\\\/portal\\\/#organization\"},\"potentialAction\":[{\"@type\":\"SearchAction\",\"target\":{\"@type\":\"EntryPoint\",\"urlTemplate\":\"https:\\\/\\\/www.eldiario.net\\\/portal\\\/?s={search_term_string}\"},\"query-input\":{\"@type\":\"PropertyValueSpecification\",\"valueRequired\":true,\"valueName\":\"search_term_string\"}}],\"inLanguage\":\"es\"},{\"@type\":\"Organization\",\"@id\":\"https:\\\/\\\/www.eldiario.net\\\/portal\\\/#organization\",\"name\":\"El Diario - Decano de la prensa nacional\",\"url\":\"https:\\\/\\\/www.eldiario.net\\\/portal\\\/\",\"logo\":{\"@type\":\"ImageObject\",\"inLanguage\":\"es\",\"@id\":\"https:\\\/\\\/www.eldiario.net\\\/portal\\\/#\\\/schema\\\/logo\\\/image\\\/\",\"url\":\"https:\\\/\\\/www.eldiario.net\\\/portal\\\/wp-content\\\/uploads\\\/2023\\\/07\\\/logo_ED.jpg\",\"contentUrl\":\"https:\\\/\\\/www.eldiario.net\\\/portal\\\/wp-content\\\/uploads\\\/2023\\\/07\\\/logo_ED.jpg\",\"width\":272,\"height\":52,\"caption\":\"El Diario - Decano de la prensa nacional\"},\"image\":{\"@id\":\"https:\\\/\\\/www.eldiario.net\\\/portal\\\/#\\\/schema\\\/logo\\\/image\\\/\"},\"sameAs\":[\"https:\\\/\\\/www.facebook.com\\\/eldiario.bolivia\\\/\",\"https:\\\/\\\/x.com\\\/eldiario_net\"]},{\"@type\":\"Person\",\"@id\":\"https:\\\/\\\/www.eldiario.net\\\/portal\\\/#\\\/schema\\\/person\\\/f46445640444750d7d753ccd04ae01b7\",\"name\":\"Jeanette\",\"image\":{\"@type\":\"ImageObject\",\"inLanguage\":\"es\",\"@id\":\"https:\\\/\\\/secure.gravatar.com\\\/avatar\\\/3ea2118a5f7dad2b7138b1187a6b7ee55f160b9968b66013c3a3ef39dd7e5798?s=96&d=mm&r=g\",\"url\":\"https:\\\/\\\/secure.gravatar.com\\\/avatar\\\/3ea2118a5f7dad2b7138b1187a6b7ee55f160b9968b66013c3a3ef39dd7e5798?s=96&d=mm&r=g\",\"contentUrl\":\"https:\\\/\\\/secure.gravatar.com\\\/avatar\\\/3ea2118a5f7dad2b7138b1187a6b7ee55f160b9968b66013c3a3ef39dd7e5798?s=96&d=mm&r=g\",\"caption\":\"Jeanette\"},\"sameAs\":[\"https:\\\/\\\/www.eldiario.net\\\/portal\"],\"url\":\"https:\\\/\\\/www.eldiario.net\\\/portal\\\/author\\\/jeanette\\\/\"}]}<\/script>\n<!-- \/ Yoast SEO plugin. -->","yoast_head_json":{"title":"Bolivia suma 55 feminicidios - El Diario - Bolivia","robots":{"index":"index","follow":"follow","max-snippet":"max-snippet:-1","max-image-preview":"max-image-preview:large","max-video-preview":"max-video-preview:-1"},"canonical":"https:\/\/www.eldiario.net\/portal\/2021\/06\/14\/bolivia-suma-55-feminicidios\/","og_locale":"es_ES","og_type":"article","og_title":"Bolivia suma 55 feminicidios - El Diario - Bolivia","og_description":"El Ministerio P\u00fablico investiga un presunto hecho de feminicidio cometido en contra de Ana L. M. G. de 23 a\u00f1os de edad, quien muri\u00f3 al caer del tercer piso de una vivienda en la ciudad de El Alto, inform\u00f3 ayer el fiscal departamental de La Paz, William Alave, a tiempo de aclarar que en lo [&hellip;]","og_url":"https:\/\/www.eldiario.net\/portal\/2021\/06\/14\/bolivia-suma-55-feminicidios\/","og_site_name":"El Diario - Bolivia","article_publisher":"https:\/\/www.facebook.com\/eldiario.bolivia\/","article_published_time":"2021-06-14T10:55:28+00:00","author":"Jeanette","twitter_card":"summary_large_image","twitter_creator":"@eldiario_net","twitter_site":"@eldiario_net","twitter_misc":{"Escrito por":"Jeanette","Tiempo de lectura":"2 minutos"},"schema":{"@context":"https:\/\/schema.org","@graph":[{"@type":"Article","@id":"https:\/\/www.eldiario.net\/portal\/2021\/06\/14\/bolivia-suma-55-feminicidios\/#article","isPartOf":{"@id":"https:\/\/www.eldiario.net\/portal\/2021\/06\/14\/bolivia-suma-55-feminicidios\/"},"author":{"name":"Jeanette","@id":"https:\/\/www.eldiario.net\/portal\/#\/schema\/person\/f46445640444750d7d753ccd04ae01b7"},"headline":"Bolivia suma 55 feminicidios","datePublished":"2021-06-14T10:55:28+00:00","mainEntityOfPage":{"@id":"https:\/\/www.eldiario.net\/portal\/2021\/06\/14\/bolivia-suma-55-feminicidios\/"},"wordCount":429,"publisher":{"@id":"https:\/\/www.eldiario.net\/portal\/#organization"},"image":{"@id":"https:\/\/www.eldiario.net\/portal\/2021\/06\/14\/bolivia-suma-55-feminicidios\/#primaryimage"},"thumbnailUrl":"","articleSection":["Sociedad - Seguridad"],"inLanguage":"es"},{"@type":"WebPage","@id":"https:\/\/www.eldiario.net\/portal\/2021\/06\/14\/bolivia-suma-55-feminicidios\/","url":"https:\/\/www.eldiario.net\/portal\/2021\/06\/14\/bolivia-suma-55-feminicidios\/","name":"Bolivia suma 55 feminicidios - El Diario - Bolivia","isPartOf":{"@id":"https:\/\/www.eldiario.net\/portal\/#website"},"primaryImageOfPage":{"@id":"https:\/\/www.eldiario.net\/portal\/2021\/06\/14\/bolivia-suma-55-feminicidios\/#primaryimage"},"image":{"@id":"https:\/\/www.eldiario.net\/portal\/2021\/06\/14\/bolivia-suma-55-feminicidios\/#primaryimage"},"thumbnailUrl":"","datePublished":"2021-06-14T10:55:28+00:00","breadcrumb":{"@id":"https:\/\/www.eldiario.net\/portal\/2021\/06\/14\/bolivia-suma-55-feminicidios\/#breadcrumb"},"inLanguage":"es","potentialAction":[{"@type":"ReadAction","target":["https:\/\/www.eldiario.net\/portal\/2021\/06\/14\/bolivia-suma-55-feminicidios\/"]}]},{"@type":"ImageObject","inLanguage":"es","@id":"https:\/\/www.eldiario.net\/portal\/2021\/06\/14\/bolivia-suma-55-feminicidios\/#primaryimage","url":"","contentUrl":""},{"@type":"BreadcrumbList","@id":"https:\/\/www.eldiario.net\/portal\/2021\/06\/14\/bolivia-suma-55-feminicidios\/#breadcrumb","itemListElement":[{"@type":"ListItem","position":1,"name":"Portada","item":"https:\/\/www.eldiario.net\/portal\/"},{"@type":"ListItem","position":2,"name":"Bolivia suma 55 feminicidios"}]},{"@type":"WebSite","@id":"https:\/\/www.eldiario.net\/portal\/#website","url":"https:\/\/www.eldiario.net\/portal\/","name":"El Diario - Decano de la prensa nacional","description":"El Diario - Decano de la prensa nacional","publisher":{"@id":"https:\/\/www.eldiario.net\/portal\/#organization"},"potentialAction":[{"@type":"SearchAction","target":{"@type":"EntryPoint","urlTemplate":"https:\/\/www.eldiario.net\/portal\/?s={search_term_string}"},"query-input":{"@type":"PropertyValueSpecification","valueRequired":true,"valueName":"search_term_string"}}],"inLanguage":"es"},{"@type":"Organization","@id":"https:\/\/www.eldiario.net\/portal\/#organization","name":"El Diario - Decano de la prensa nacional","url":"https:\/\/www.eldiario.net\/portal\/","logo":{"@type":"ImageObject","inLanguage":"es","@id":"https:\/\/www.eldiario.net\/portal\/#\/schema\/logo\/image\/","url":"https:\/\/www.eldiario.net\/portal\/wp-content\/uploads\/2023\/07\/logo_ED.jpg","contentUrl":"https:\/\/www.eldiario.net\/portal\/wp-content\/uploads\/2023\/07\/logo_ED.jpg","width":272,"height":52,"caption":"El Diario - Decano de la prensa nacional"},"image":{"@id":"https:\/\/www.eldiario.net\/portal\/#\/schema\/logo\/image\/"},"sameAs":["https:\/\/www.facebook.com\/eldiario.bolivia\/","https:\/\/x.com\/eldiario_net"]},{"@type":"Person","@id":"https:\/\/www.eldiario.net\/portal\/#\/schema\/person\/f46445640444750d7d753ccd04ae01b7","name":"Jeanette","image":{"@type":"ImageObject","inLanguage":"es","@id":"https:\/\/secure.gravatar.com\/avatar\/3ea2118a5f7dad2b7138b1187a6b7ee55f160b9968b66013c3a3ef39dd7e5798?s=96&d=mm&r=g","url":"https:\/\/secure.gravatar.com\/avatar\/3ea2118a5f7dad2b7138b1187a6b7ee55f160b9968b66013c3a3ef39dd7e5798?s=96&d=mm&r=g","contentUrl":"https:\/\/secure.gravatar.com\/avatar\/3ea2118a5f7dad2b7138b1187a6b7ee55f160b9968b66013c3a3ef39dd7e5798?s=96&d=mm&r=g","caption":"Jeanette"},"sameAs":["https:\/\/www.eldiario.net\/portal"],"url":"https:\/\/www.eldiario.net\/portal\/author\/jeanette\/"}]}},"_links":{"self":[{"href":"https:\/\/www.eldiario.net\/portal\/wp-json\/wp\/v2\/posts\/10388","targetHints":{"allow":["GET"]}}],"collection":[{"href":"https:\/\/www.eldiario.net\/portal\/wp-json\/wp\/v2\/posts"}],"about":[{"href":"https:\/\/www.eldiario.net\/portal\/wp-json\/wp\/v2\/types\/post"}],"author":[{"embeddable":true,"href":"https:\/\/www.eldiario.net\/portal\/wp-json\/wp\/v2\/users\/1"}],"replies":[{"embeddable":true,"href":"https:\/\/www.eldiario.net\/portal\/wp-json\/wp\/v2\/comments?post=10388"}],"version-history":[{"count":0,"href":"https:\/\/www.eldiario.net\/portal\/wp-json\/wp\/v2\/posts\/10388\/revisions"}],"wp:attachment":[{"href":"https:\/\/www.eldiario.net\/portal\/wp-json\/wp\/v2\/media?parent=10388"}],"wp:term":[{"taxonomy":"category","embeddable":true,"href":"https:\/\/www.eldiario.net\/portal\/wp-json\/wp\/v2\/categories?post=10388"},{"taxonomy":"post_tag","embeddable":true,"href":"https:\/\/www.eldiario.net\/portal\/wp-json\/wp\/v2\/tags?post=10388"}],"curies":[{"name":"wp","href":"https:\/\/api.w.org\/{rel}","templated":true}]}}