{"id":103323,"date":"2022-08-12T06:06:02","date_gmt":"2022-08-12T10:06:02","guid":{"rendered":"https:\/\/www.eldiario.net\/portal\/?p=103323"},"modified":"2022-08-12T06:06:02","modified_gmt":"2022-08-12T10:06:02","slug":"denuncian-nuevos-bombardeos-por-central-nuclear-de-zaporiyia","status":"publish","type":"post","link":"https:\/\/www.eldiario.net\/portal\/2022\/08\/12\/denuncian-nuevos-bombardeos-por-central-nuclear-de-zaporiyia\/","title":{"rendered":"Denuncian nuevos bombardeos  por central nuclear de Zaporiyia"},"content":{"rendered":"<p>Kiev.- Ucrania denunci\u00f3 ayer nuevos bombardeos sobre las instalaciones de la central nuclear de Zaporiyia, seg\u00fan cuenta la compa\u00f1\u00eda ucraniana Energoatom.<br \/>\n\u00abHan da\u00f1ado la estaci\u00f3n de bombeo de aguas residuales\u00bb, asegur\u00f3 la empresa nuclear, que ha informado de una \u00abgran cortina de humo en las cercan\u00edas\u00bb de la planta.<br \/>\nEnergoatom cont\u00f3 que \u00abhan golpeado muy cerca\u00bb de las instalaciones. \u00abLa situaci\u00f3n est\u00e1 empeorando porque hay fuentes de radiaci\u00f3n cercanas y varios sensores de radiaci\u00f3n est\u00e1n da\u00f1ados\u00bb, alert\u00f3.<br \/>\nPor su parte, Vladimir Rogov, miembro de la Administraci\u00f3n prorrusa de Zaporiyia, acus\u00f3 del ataque a las Fuerzas Armadas de Ucrania y ha advertido de que estas operaciones podr\u00edan tener consecuencias \u00abmuy peligrosas\u00bb, seg\u00fan recoge la agencia de noticias TASS.<br \/>\nSeg\u00fan Rogov, la munici\u00f3n lanzada por Ucrania ha ca\u00eddo cerca del lugar donde se almacenan barras de combustible nuclear. \u00abSi golpean el sitio y da\u00f1an los contenedores (donde se almacena el combustible nuclear), las consecuencias podr\u00edan ser las m\u00e1s deplorables para todos los seres vivos dentro de un radio de 130 kil\u00f3metros\u00bb, ha dicho.<br \/>\nEsta semana, las autoridades ucranianas informaron de \u00abalgunos da\u00f1os\u00bb sobre la planta de energ\u00eda nuclear de Zaporiyia, la m\u00e1s grande de Ucrania, despu\u00e9s de un bombardeo sobre la regi\u00f3n, aunque sin influir en la radiaci\u00f3n de la zona, tal y como Kiev aclar\u00f3 al Organismo Internacional de Energ\u00eda At\u00f3mica (OIEA). (Europa Press)<\/p>\n","protected":false},"excerpt":{"rendered":"<p>Kiev.- Ucrania denunci\u00f3 ayer nuevos bombardeos sobre las instalaciones de la central nuclear de Zaporiyia, seg\u00fan cuenta la compa\u00f1\u00eda ucraniana Energoatom. \u00abHan da\u00f1ado la estaci\u00f3n de bombeo de aguas residuales\u00bb, asegur\u00f3 la empresa nuclear, que ha informado de una \u00abgran cortina de humo en las cercan\u00edas\u00bb de la planta. Energoatom cont\u00f3 que \u00abhan golpeado muy [&hellip;]<\/p>\n","protected":false},"author":1,"featured_media":0,"comment_status":"closed","ping_status":"closed","sticky":false,"template":"","format":"standard","meta":{"_acf_changed":false,"footnotes":""},"categories":[3],"tags":[],"class_list":["post-103323","post","type-post","status-publish","format-standard","category-internacional"],"acf":{"antetitulo":""},"yoast_head":"<!-- This site is optimized with the Yoast SEO plugin v28.3 - https:\/\/yoast.com\/product\/yoast-seo-wordpress\/ -->\n<title>Denuncian nuevos bombardeos por central nuclear de Zaporiyia - El Diario - Bolivia<\/title>\n<meta name=\"robots\" content=\"index, follow, max-snippet:-1, max-image-preview:large, max-video-preview:-1\" \/>\n<link rel=\"canonical\" href=\"https:\/\/www.eldiario.net\/portal\/2022\/08\/12\/denuncian-nuevos-bombardeos-por-central-nuclear-de-zaporiyia\/\" \/>\n<meta property=\"og:locale\" content=\"es_ES\" \/>\n<meta property=\"og:type\" content=\"article\" \/>\n<meta property=\"og:title\" content=\"Denuncian nuevos bombardeos por central nuclear de Zaporiyia - El Diario - Bolivia\" \/>\n<meta property=\"og:description\" content=\"Kiev.- Ucrania denunci\u00f3 ayer nuevos bombardeos sobre las instalaciones de la central nuclear de Zaporiyia, seg\u00fan cuenta la compa\u00f1\u00eda ucraniana Energoatom. \u00abHan da\u00f1ado la estaci\u00f3n de bombeo de aguas residuales\u00bb, asegur\u00f3 la empresa nuclear, que ha informado de una \u00abgran cortina de humo en las cercan\u00edas\u00bb de la planta. Energoatom cont\u00f3 que \u00abhan golpeado muy [&hellip;]\" \/>\n<meta property=\"og:url\" content=\"https:\/\/www.eldiario.net\/portal\/2022\/08\/12\/denuncian-nuevos-bombardeos-por-central-nuclear-de-zaporiyia\/\" \/>\n<meta property=\"og:site_name\" content=\"El Diario - Bolivia\" \/>\n<meta property=\"article:publisher\" content=\"https:\/\/www.facebook.com\/eldiario.bolivia\/\" \/>\n<meta property=\"article:published_time\" content=\"2022-08-12T10:06:02+00:00\" \/>\n<meta name=\"author\" content=\"Jeanette\" \/>\n<meta name=\"twitter:card\" content=\"summary_large_image\" \/>\n<meta name=\"twitter:creator\" content=\"@eldiario_net\" \/>\n<meta name=\"twitter:site\" content=\"@eldiario_net\" \/>\n<meta name=\"twitter:label1\" content=\"Escrito por\" \/>\n\t<meta name=\"twitter:data1\" content=\"Jeanette\" \/>\n\t<meta name=\"twitter:label2\" content=\"Tiempo de lectura\" \/>\n\t<meta name=\"twitter:data2\" content=\"2 minutos\" \/>\n<script type=\"application\/ld+json\" class=\"yoast-schema-graph\">{\"@context\":\"https:\\\/\\\/schema.org\",\"@graph\":[{\"@type\":\"Article\",\"@id\":\"https:\\\/\\\/www.eldiario.net\\\/portal\\\/2022\\\/08\\\/12\\\/denuncian-nuevos-bombardeos-por-central-nuclear-de-zaporiyia\\\/#article\",\"isPartOf\":{\"@id\":\"https:\\\/\\\/www.eldiario.net\\\/portal\\\/2022\\\/08\\\/12\\\/denuncian-nuevos-bombardeos-por-central-nuclear-de-zaporiyia\\\/\"},\"author\":{\"name\":\"Jeanette\",\"@id\":\"https:\\\/\\\/www.eldiario.net\\\/portal\\\/#\\\/schema\\\/person\\\/f46445640444750d7d753ccd04ae01b7\"},\"headline\":\"Denuncian nuevos bombardeos por central nuclear de Zaporiyia\",\"datePublished\":\"2022-08-12T10:06:02+00:00\",\"mainEntityOfPage\":{\"@id\":\"https:\\\/\\\/www.eldiario.net\\\/portal\\\/2022\\\/08\\\/12\\\/denuncian-nuevos-bombardeos-por-central-nuclear-de-zaporiyia\\\/\"},\"wordCount\":259,\"publisher\":{\"@id\":\"https:\\\/\\\/www.eldiario.net\\\/portal\\\/#organization\"},\"articleSection\":[\"Internacional\"],\"inLanguage\":\"es\"},{\"@type\":\"WebPage\",\"@id\":\"https:\\\/\\\/www.eldiario.net\\\/portal\\\/2022\\\/08\\\/12\\\/denuncian-nuevos-bombardeos-por-central-nuclear-de-zaporiyia\\\/\",\"url\":\"https:\\\/\\\/www.eldiario.net\\\/portal\\\/2022\\\/08\\\/12\\\/denuncian-nuevos-bombardeos-por-central-nuclear-de-zaporiyia\\\/\",\"name\":\"Denuncian nuevos bombardeos por central nuclear de Zaporiyia - El Diario - Bolivia\",\"isPartOf\":{\"@id\":\"https:\\\/\\\/www.eldiario.net\\\/portal\\\/#website\"},\"datePublished\":\"2022-08-12T10:06:02+00:00\",\"breadcrumb\":{\"@id\":\"https:\\\/\\\/www.eldiario.net\\\/portal\\\/2022\\\/08\\\/12\\\/denuncian-nuevos-bombardeos-por-central-nuclear-de-zaporiyia\\\/#breadcrumb\"},\"inLanguage\":\"es\",\"potentialAction\":[{\"@type\":\"ReadAction\",\"target\":[\"https:\\\/\\\/www.eldiario.net\\\/portal\\\/2022\\\/08\\\/12\\\/denuncian-nuevos-bombardeos-por-central-nuclear-de-zaporiyia\\\/\"]}]},{\"@type\":\"BreadcrumbList\",\"@id\":\"https:\\\/\\\/www.eldiario.net\\\/portal\\\/2022\\\/08\\\/12\\\/denuncian-nuevos-bombardeos-por-central-nuclear-de-zaporiyia\\\/#breadcrumb\",\"itemListElement\":[{\"@type\":\"ListItem\",\"position\":1,\"name\":\"Portada\",\"item\":\"https:\\\/\\\/www.eldiario.net\\\/portal\\\/\"},{\"@type\":\"ListItem\",\"position\":2,\"name\":\"Denuncian nuevos bombardeos por central nuclear de Zaporiyia\"}]},{\"@type\":\"WebSite\",\"@id\":\"https:\\\/\\\/www.eldiario.net\\\/portal\\\/#website\",\"url\":\"https:\\\/\\\/www.eldiario.net\\\/portal\\\/\",\"name\":\"El Diario - Decano de la prensa nacional\",\"description\":\"El Diario - Decano de la prensa nacional\",\"publisher\":{\"@id\":\"https:\\\/\\\/www.eldiario.net\\\/portal\\\/#organization\"},\"potentialAction\":[{\"@type\":\"SearchAction\",\"target\":{\"@type\":\"EntryPoint\",\"urlTemplate\":\"https:\\\/\\\/www.eldiario.net\\\/portal\\\/?s={search_term_string}\"},\"query-input\":{\"@type\":\"PropertyValueSpecification\",\"valueRequired\":true,\"valueName\":\"search_term_string\"}}],\"inLanguage\":\"es\"},{\"@type\":\"Organization\",\"@id\":\"https:\\\/\\\/www.eldiario.net\\\/portal\\\/#organization\",\"name\":\"El Diario - Decano de la prensa nacional\",\"url\":\"https:\\\/\\\/www.eldiario.net\\\/portal\\\/\",\"logo\":{\"@type\":\"ImageObject\",\"inLanguage\":\"es\",\"@id\":\"https:\\\/\\\/www.eldiario.net\\\/portal\\\/#\\\/schema\\\/logo\\\/image\\\/\",\"url\":\"https:\\\/\\\/www.eldiario.net\\\/portal\\\/wp-content\\\/uploads\\\/2023\\\/07\\\/logo_ED.jpg\",\"contentUrl\":\"https:\\\/\\\/www.eldiario.net\\\/portal\\\/wp-content\\\/uploads\\\/2023\\\/07\\\/logo_ED.jpg\",\"width\":272,\"height\":52,\"caption\":\"El Diario - Decano de la prensa nacional\"},\"image\":{\"@id\":\"https:\\\/\\\/www.eldiario.net\\\/portal\\\/#\\\/schema\\\/logo\\\/image\\\/\"},\"sameAs\":[\"https:\\\/\\\/www.facebook.com\\\/eldiario.bolivia\\\/\",\"https:\\\/\\\/x.com\\\/eldiario_net\"]},{\"@type\":\"Person\",\"@id\":\"https:\\\/\\\/www.eldiario.net\\\/portal\\\/#\\\/schema\\\/person\\\/f46445640444750d7d753ccd04ae01b7\",\"name\":\"Jeanette\",\"image\":{\"@type\":\"ImageObject\",\"inLanguage\":\"es\",\"@id\":\"https:\\\/\\\/secure.gravatar.com\\\/avatar\\\/3ea2118a5f7dad2b7138b1187a6b7ee55f160b9968b66013c3a3ef39dd7e5798?s=96&d=mm&r=g\",\"url\":\"https:\\\/\\\/secure.gravatar.com\\\/avatar\\\/3ea2118a5f7dad2b7138b1187a6b7ee55f160b9968b66013c3a3ef39dd7e5798?s=96&d=mm&r=g\",\"contentUrl\":\"https:\\\/\\\/secure.gravatar.com\\\/avatar\\\/3ea2118a5f7dad2b7138b1187a6b7ee55f160b9968b66013c3a3ef39dd7e5798?s=96&d=mm&r=g\",\"caption\":\"Jeanette\"},\"sameAs\":[\"https:\\\/\\\/www.eldiario.net\\\/portal\"],\"url\":\"https:\\\/\\\/www.eldiario.net\\\/portal\\\/author\\\/jeanette\\\/\"}]}<\/script>\n<!-- \/ Yoast SEO plugin. -->","yoast_head_json":{"title":"Denuncian nuevos bombardeos por central nuclear de Zaporiyia - El Diario - Bolivia","robots":{"index":"index","follow":"follow","max-snippet":"max-snippet:-1","max-image-preview":"max-image-preview:large","max-video-preview":"max-video-preview:-1"},"canonical":"https:\/\/www.eldiario.net\/portal\/2022\/08\/12\/denuncian-nuevos-bombardeos-por-central-nuclear-de-zaporiyia\/","og_locale":"es_ES","og_type":"article","og_title":"Denuncian nuevos bombardeos por central nuclear de Zaporiyia - El Diario - Bolivia","og_description":"Kiev.- Ucrania denunci\u00f3 ayer nuevos bombardeos sobre las instalaciones de la central nuclear de Zaporiyia, seg\u00fan cuenta la compa\u00f1\u00eda ucraniana Energoatom. \u00abHan da\u00f1ado la estaci\u00f3n de bombeo de aguas residuales\u00bb, asegur\u00f3 la empresa nuclear, que ha informado de una \u00abgran cortina de humo en las cercan\u00edas\u00bb de la planta. Energoatom cont\u00f3 que \u00abhan golpeado muy [&hellip;]","og_url":"https:\/\/www.eldiario.net\/portal\/2022\/08\/12\/denuncian-nuevos-bombardeos-por-central-nuclear-de-zaporiyia\/","og_site_name":"El Diario - Bolivia","article_publisher":"https:\/\/www.facebook.com\/eldiario.bolivia\/","article_published_time":"2022-08-12T10:06:02+00:00","author":"Jeanette","twitter_card":"summary_large_image","twitter_creator":"@eldiario_net","twitter_site":"@eldiario_net","twitter_misc":{"Escrito por":"Jeanette","Tiempo de lectura":"2 minutos"},"schema":{"@context":"https:\/\/schema.org","@graph":[{"@type":"Article","@id":"https:\/\/www.eldiario.net\/portal\/2022\/08\/12\/denuncian-nuevos-bombardeos-por-central-nuclear-de-zaporiyia\/#article","isPartOf":{"@id":"https:\/\/www.eldiario.net\/portal\/2022\/08\/12\/denuncian-nuevos-bombardeos-por-central-nuclear-de-zaporiyia\/"},"author":{"name":"Jeanette","@id":"https:\/\/www.eldiario.net\/portal\/#\/schema\/person\/f46445640444750d7d753ccd04ae01b7"},"headline":"Denuncian nuevos bombardeos por central nuclear de Zaporiyia","datePublished":"2022-08-12T10:06:02+00:00","mainEntityOfPage":{"@id":"https:\/\/www.eldiario.net\/portal\/2022\/08\/12\/denuncian-nuevos-bombardeos-por-central-nuclear-de-zaporiyia\/"},"wordCount":259,"publisher":{"@id":"https:\/\/www.eldiario.net\/portal\/#organization"},"articleSection":["Internacional"],"inLanguage":"es"},{"@type":"WebPage","@id":"https:\/\/www.eldiario.net\/portal\/2022\/08\/12\/denuncian-nuevos-bombardeos-por-central-nuclear-de-zaporiyia\/","url":"https:\/\/www.eldiario.net\/portal\/2022\/08\/12\/denuncian-nuevos-bombardeos-por-central-nuclear-de-zaporiyia\/","name":"Denuncian nuevos bombardeos por central nuclear de Zaporiyia - El Diario - Bolivia","isPartOf":{"@id":"https:\/\/www.eldiario.net\/portal\/#website"},"datePublished":"2022-08-12T10:06:02+00:00","breadcrumb":{"@id":"https:\/\/www.eldiario.net\/portal\/2022\/08\/12\/denuncian-nuevos-bombardeos-por-central-nuclear-de-zaporiyia\/#breadcrumb"},"inLanguage":"es","potentialAction":[{"@type":"ReadAction","target":["https:\/\/www.eldiario.net\/portal\/2022\/08\/12\/denuncian-nuevos-bombardeos-por-central-nuclear-de-zaporiyia\/"]}]},{"@type":"BreadcrumbList","@id":"https:\/\/www.eldiario.net\/portal\/2022\/08\/12\/denuncian-nuevos-bombardeos-por-central-nuclear-de-zaporiyia\/#breadcrumb","itemListElement":[{"@type":"ListItem","position":1,"name":"Portada","item":"https:\/\/www.eldiario.net\/portal\/"},{"@type":"ListItem","position":2,"name":"Denuncian nuevos bombardeos por central nuclear de Zaporiyia"}]},{"@type":"WebSite","@id":"https:\/\/www.eldiario.net\/portal\/#website","url":"https:\/\/www.eldiario.net\/portal\/","name":"El Diario - Decano de la prensa nacional","description":"El Diario - Decano de la prensa nacional","publisher":{"@id":"https:\/\/www.eldiario.net\/portal\/#organization"},"potentialAction":[{"@type":"SearchAction","target":{"@type":"EntryPoint","urlTemplate":"https:\/\/www.eldiario.net\/portal\/?s={search_term_string}"},"query-input":{"@type":"PropertyValueSpecification","valueRequired":true,"valueName":"search_term_string"}}],"inLanguage":"es"},{"@type":"Organization","@id":"https:\/\/www.eldiario.net\/portal\/#organization","name":"El Diario - Decano de la prensa nacional","url":"https:\/\/www.eldiario.net\/portal\/","logo":{"@type":"ImageObject","inLanguage":"es","@id":"https:\/\/www.eldiario.net\/portal\/#\/schema\/logo\/image\/","url":"https:\/\/www.eldiario.net\/portal\/wp-content\/uploads\/2023\/07\/logo_ED.jpg","contentUrl":"https:\/\/www.eldiario.net\/portal\/wp-content\/uploads\/2023\/07\/logo_ED.jpg","width":272,"height":52,"caption":"El Diario - Decano de la prensa nacional"},"image":{"@id":"https:\/\/www.eldiario.net\/portal\/#\/schema\/logo\/image\/"},"sameAs":["https:\/\/www.facebook.com\/eldiario.bolivia\/","https:\/\/x.com\/eldiario_net"]},{"@type":"Person","@id":"https:\/\/www.eldiario.net\/portal\/#\/schema\/person\/f46445640444750d7d753ccd04ae01b7","name":"Jeanette","image":{"@type":"ImageObject","inLanguage":"es","@id":"https:\/\/secure.gravatar.com\/avatar\/3ea2118a5f7dad2b7138b1187a6b7ee55f160b9968b66013c3a3ef39dd7e5798?s=96&d=mm&r=g","url":"https:\/\/secure.gravatar.com\/avatar\/3ea2118a5f7dad2b7138b1187a6b7ee55f160b9968b66013c3a3ef39dd7e5798?s=96&d=mm&r=g","contentUrl":"https:\/\/secure.gravatar.com\/avatar\/3ea2118a5f7dad2b7138b1187a6b7ee55f160b9968b66013c3a3ef39dd7e5798?s=96&d=mm&r=g","caption":"Jeanette"},"sameAs":["https:\/\/www.eldiario.net\/portal"],"url":"https:\/\/www.eldiario.net\/portal\/author\/jeanette\/"}]}},"_links":{"self":[{"href":"https:\/\/www.eldiario.net\/portal\/wp-json\/wp\/v2\/posts\/103323","targetHints":{"allow":["GET"]}}],"collection":[{"href":"https:\/\/www.eldiario.net\/portal\/wp-json\/wp\/v2\/posts"}],"about":[{"href":"https:\/\/www.eldiario.net\/portal\/wp-json\/wp\/v2\/types\/post"}],"author":[{"embeddable":true,"href":"https:\/\/www.eldiario.net\/portal\/wp-json\/wp\/v2\/users\/1"}],"replies":[{"embeddable":true,"href":"https:\/\/www.eldiario.net\/portal\/wp-json\/wp\/v2\/comments?post=103323"}],"version-history":[{"count":0,"href":"https:\/\/www.eldiario.net\/portal\/wp-json\/wp\/v2\/posts\/103323\/revisions"}],"wp:attachment":[{"href":"https:\/\/www.eldiario.net\/portal\/wp-json\/wp\/v2\/media?parent=103323"}],"wp:term":[{"taxonomy":"category","embeddable":true,"href":"https:\/\/www.eldiario.net\/portal\/wp-json\/wp\/v2\/categories?post=103323"},{"taxonomy":"post_tag","embeddable":true,"href":"https:\/\/www.eldiario.net\/portal\/wp-json\/wp\/v2\/tags?post=103323"}],"curies":[{"name":"wp","href":"https:\/\/api.w.org\/{rel}","templated":true}]}}