{"id":103321,"date":"2022-08-12T06:05:04","date_gmt":"2022-08-12T10:05:04","guid":{"rendered":"https:\/\/www.eldiario.net\/portal\/?p=103321"},"modified":"2022-08-12T06:05:04","modified_gmt":"2022-08-12T10:05:04","slug":"comisionado-de-paz-viaja-a-cuba-para-retomar-contactos-con-eln","status":"publish","type":"post","link":"https:\/\/www.eldiario.net\/portal\/2022\/08\/12\/comisionado-de-paz-viaja-a-cuba-para-retomar-contactos-con-eln\/","title":{"rendered":"Comisionado de paz viaja a Cuba  para retomar contactos con ELN"},"content":{"rendered":"<p>Bogot\u00e1.- El nuevo alto comisionado para la paz de Colombia, Danilo Rueda, viaj\u00f3 a Cuba para reunirse con los delegados de la guerrilla del Ej\u00e9rcito de Liberaci\u00f3n Nacional (ELN) y examinar un posible reinicio de la negociaci\u00f3n con ese grupo rebelde, inform\u00f3 el jueves el presidente Gustavo Petro.<br \/>\nPetro, un antiguo militante de la desmovilizada guerrilla del M-19 que esta semana asumi\u00f3 como el primer presidente de izquierda en la historia de Colombia, prometi\u00f3 buscar \u201cuna paz total\u201d para el pa\u00eds que silencia los fusiles y ponga fin a la violencia.<br \/>\nEl mandatario anunci\u00f3 que est\u00e1 dispuesto a restablecer la negociaci\u00f3n de paz con el ELN desde el punto en que la dej\u00f3 la administraci\u00f3n del expresidente Juan Manuel Santos y dijo que reconoce los protocolos acordados con el apoyo de Cuba, Chile, Noruega, Venezuela y Brasil como pa\u00edses garantes.<br \/>\n\u201cLa labor de Danilo en este momento es auscultar en la m\u00e1xima extensi\u00f3n de la violencia en Colombia hasta d\u00f3nde es cierta la posibilidad de procesos de paz, de acogimiento a la justicia en muchos casos, de reinicio de negociaciones, de treguas bilaterales que puedan disminuir substancialmente la violencia en Colombia\u201d, indic\u00f3 Petro a periodistas.<br \/>\nEl comisionado viaj\u00f3 a La Habana en compa\u00f1\u00eda del congresista del Pacto Hist\u00f3rico Iv\u00e1n Cepeda, presidente de la Comisi\u00f3n de Paz del Senado, dijeron tres fuentes del Gobierno y del Congreso.<br \/>\nLos delegados del izquierdista ELN permanecen en Cuba y despu\u00e9s del triunfo de Petro en la segunda vuelta de la elecci\u00f3n presidencial el grupo rebelde anunci\u00f3 su disposici\u00f3n de avanzar en un proceso de paz con el nuevo Gobierno al que pidi\u00f3 implementar reformas econ\u00f3micas y sociales para enfrentar la exclusi\u00f3n y la desigualdad. (Reuters)<\/p>\n","protected":false},"excerpt":{"rendered":"<p>Bogot\u00e1.- El nuevo alto comisionado para la paz de Colombia, Danilo Rueda, viaj\u00f3 a Cuba para reunirse con los delegados de la guerrilla del Ej\u00e9rcito de Liberaci\u00f3n Nacional (ELN) y examinar un posible reinicio de la negociaci\u00f3n con ese grupo rebelde, inform\u00f3 el jueves el presidente Gustavo Petro. Petro, un antiguo militante de la desmovilizada [&hellip;]<\/p>\n","protected":false},"author":1,"featured_media":0,"comment_status":"closed","ping_status":"closed","sticky":false,"template":"","format":"standard","meta":{"_acf_changed":false,"footnotes":""},"categories":[3],"tags":[],"class_list":["post-103321","post","type-post","status-publish","format-standard","category-internacional"],"acf":{"antetitulo":""},"yoast_head":"<!-- This site is optimized with the Yoast SEO plugin v28.3 - https:\/\/yoast.com\/product\/yoast-seo-wordpress\/ -->\n<title>Comisionado de paz viaja a Cuba para retomar contactos con ELN - El Diario - Bolivia<\/title>\n<meta name=\"robots\" content=\"index, follow, max-snippet:-1, max-image-preview:large, max-video-preview:-1\" \/>\n<link rel=\"canonical\" href=\"https:\/\/www.eldiario.net\/portal\/2022\/08\/12\/comisionado-de-paz-viaja-a-cuba-para-retomar-contactos-con-eln\/\" \/>\n<meta property=\"og:locale\" content=\"es_ES\" \/>\n<meta property=\"og:type\" content=\"article\" \/>\n<meta property=\"og:title\" content=\"Comisionado de paz viaja a Cuba para retomar contactos con ELN - El Diario - Bolivia\" \/>\n<meta property=\"og:description\" content=\"Bogot\u00e1.- El nuevo alto comisionado para la paz de Colombia, Danilo Rueda, viaj\u00f3 a Cuba para reunirse con los delegados de la guerrilla del Ej\u00e9rcito de Liberaci\u00f3n Nacional (ELN) y examinar un posible reinicio de la negociaci\u00f3n con ese grupo rebelde, inform\u00f3 el jueves el presidente Gustavo Petro. Petro, un antiguo militante de la desmovilizada [&hellip;]\" \/>\n<meta property=\"og:url\" content=\"https:\/\/www.eldiario.net\/portal\/2022\/08\/12\/comisionado-de-paz-viaja-a-cuba-para-retomar-contactos-con-eln\/\" \/>\n<meta property=\"og:site_name\" content=\"El Diario - Bolivia\" \/>\n<meta property=\"article:publisher\" content=\"https:\/\/www.facebook.com\/eldiario.bolivia\/\" \/>\n<meta property=\"article:published_time\" content=\"2022-08-12T10:05:04+00:00\" \/>\n<meta name=\"author\" content=\"Jeanette\" \/>\n<meta name=\"twitter:card\" content=\"summary_large_image\" \/>\n<meta name=\"twitter:creator\" content=\"@eldiario_net\" \/>\n<meta name=\"twitter:site\" content=\"@eldiario_net\" \/>\n<meta name=\"twitter:label1\" content=\"Escrito por\" \/>\n\t<meta name=\"twitter:data1\" content=\"Jeanette\" \/>\n\t<meta name=\"twitter:label2\" content=\"Tiempo de lectura\" \/>\n\t<meta name=\"twitter:data2\" content=\"2 minutos\" \/>\n<script type=\"application\/ld+json\" class=\"yoast-schema-graph\">{\"@context\":\"https:\\\/\\\/schema.org\",\"@graph\":[{\"@type\":\"Article\",\"@id\":\"https:\\\/\\\/www.eldiario.net\\\/portal\\\/2022\\\/08\\\/12\\\/comisionado-de-paz-viaja-a-cuba-para-retomar-contactos-con-eln\\\/#article\",\"isPartOf\":{\"@id\":\"https:\\\/\\\/www.eldiario.net\\\/portal\\\/2022\\\/08\\\/12\\\/comisionado-de-paz-viaja-a-cuba-para-retomar-contactos-con-eln\\\/\"},\"author\":{\"name\":\"Jeanette\",\"@id\":\"https:\\\/\\\/www.eldiario.net\\\/portal\\\/#\\\/schema\\\/person\\\/f46445640444750d7d753ccd04ae01b7\"},\"headline\":\"Comisionado de paz viaja a Cuba para retomar contactos con ELN\",\"datePublished\":\"2022-08-12T10:05:04+00:00\",\"mainEntityOfPage\":{\"@id\":\"https:\\\/\\\/www.eldiario.net\\\/portal\\\/2022\\\/08\\\/12\\\/comisionado-de-paz-viaja-a-cuba-para-retomar-contactos-con-eln\\\/\"},\"wordCount\":312,\"publisher\":{\"@id\":\"https:\\\/\\\/www.eldiario.net\\\/portal\\\/#organization\"},\"articleSection\":[\"Internacional\"],\"inLanguage\":\"es\"},{\"@type\":\"WebPage\",\"@id\":\"https:\\\/\\\/www.eldiario.net\\\/portal\\\/2022\\\/08\\\/12\\\/comisionado-de-paz-viaja-a-cuba-para-retomar-contactos-con-eln\\\/\",\"url\":\"https:\\\/\\\/www.eldiario.net\\\/portal\\\/2022\\\/08\\\/12\\\/comisionado-de-paz-viaja-a-cuba-para-retomar-contactos-con-eln\\\/\",\"name\":\"Comisionado de paz viaja a Cuba para retomar contactos con ELN - El Diario - Bolivia\",\"isPartOf\":{\"@id\":\"https:\\\/\\\/www.eldiario.net\\\/portal\\\/#website\"},\"datePublished\":\"2022-08-12T10:05:04+00:00\",\"breadcrumb\":{\"@id\":\"https:\\\/\\\/www.eldiario.net\\\/portal\\\/2022\\\/08\\\/12\\\/comisionado-de-paz-viaja-a-cuba-para-retomar-contactos-con-eln\\\/#breadcrumb\"},\"inLanguage\":\"es\",\"potentialAction\":[{\"@type\":\"ReadAction\",\"target\":[\"https:\\\/\\\/www.eldiario.net\\\/portal\\\/2022\\\/08\\\/12\\\/comisionado-de-paz-viaja-a-cuba-para-retomar-contactos-con-eln\\\/\"]}]},{\"@type\":\"BreadcrumbList\",\"@id\":\"https:\\\/\\\/www.eldiario.net\\\/portal\\\/2022\\\/08\\\/12\\\/comisionado-de-paz-viaja-a-cuba-para-retomar-contactos-con-eln\\\/#breadcrumb\",\"itemListElement\":[{\"@type\":\"ListItem\",\"position\":1,\"name\":\"Portada\",\"item\":\"https:\\\/\\\/www.eldiario.net\\\/portal\\\/\"},{\"@type\":\"ListItem\",\"position\":2,\"name\":\"Comisionado de paz viaja a Cuba para retomar contactos con ELN\"}]},{\"@type\":\"WebSite\",\"@id\":\"https:\\\/\\\/www.eldiario.net\\\/portal\\\/#website\",\"url\":\"https:\\\/\\\/www.eldiario.net\\\/portal\\\/\",\"name\":\"El Diario - Decano de la prensa nacional\",\"description\":\"El Diario - Decano de la prensa nacional\",\"publisher\":{\"@id\":\"https:\\\/\\\/www.eldiario.net\\\/portal\\\/#organization\"},\"potentialAction\":[{\"@type\":\"SearchAction\",\"target\":{\"@type\":\"EntryPoint\",\"urlTemplate\":\"https:\\\/\\\/www.eldiario.net\\\/portal\\\/?s={search_term_string}\"},\"query-input\":{\"@type\":\"PropertyValueSpecification\",\"valueRequired\":true,\"valueName\":\"search_term_string\"}}],\"inLanguage\":\"es\"},{\"@type\":\"Organization\",\"@id\":\"https:\\\/\\\/www.eldiario.net\\\/portal\\\/#organization\",\"name\":\"El Diario - Decano de la prensa nacional\",\"url\":\"https:\\\/\\\/www.eldiario.net\\\/portal\\\/\",\"logo\":{\"@type\":\"ImageObject\",\"inLanguage\":\"es\",\"@id\":\"https:\\\/\\\/www.eldiario.net\\\/portal\\\/#\\\/schema\\\/logo\\\/image\\\/\",\"url\":\"https:\\\/\\\/www.eldiario.net\\\/portal\\\/wp-content\\\/uploads\\\/2023\\\/07\\\/logo_ED.jpg\",\"contentUrl\":\"https:\\\/\\\/www.eldiario.net\\\/portal\\\/wp-content\\\/uploads\\\/2023\\\/07\\\/logo_ED.jpg\",\"width\":272,\"height\":52,\"caption\":\"El Diario - Decano de la prensa nacional\"},\"image\":{\"@id\":\"https:\\\/\\\/www.eldiario.net\\\/portal\\\/#\\\/schema\\\/logo\\\/image\\\/\"},\"sameAs\":[\"https:\\\/\\\/www.facebook.com\\\/eldiario.bolivia\\\/\",\"https:\\\/\\\/x.com\\\/eldiario_net\"]},{\"@type\":\"Person\",\"@id\":\"https:\\\/\\\/www.eldiario.net\\\/portal\\\/#\\\/schema\\\/person\\\/f46445640444750d7d753ccd04ae01b7\",\"name\":\"Jeanette\",\"image\":{\"@type\":\"ImageObject\",\"inLanguage\":\"es\",\"@id\":\"https:\\\/\\\/secure.gravatar.com\\\/avatar\\\/3ea2118a5f7dad2b7138b1187a6b7ee55f160b9968b66013c3a3ef39dd7e5798?s=96&d=mm&r=g\",\"url\":\"https:\\\/\\\/secure.gravatar.com\\\/avatar\\\/3ea2118a5f7dad2b7138b1187a6b7ee55f160b9968b66013c3a3ef39dd7e5798?s=96&d=mm&r=g\",\"contentUrl\":\"https:\\\/\\\/secure.gravatar.com\\\/avatar\\\/3ea2118a5f7dad2b7138b1187a6b7ee55f160b9968b66013c3a3ef39dd7e5798?s=96&d=mm&r=g\",\"caption\":\"Jeanette\"},\"sameAs\":[\"https:\\\/\\\/www.eldiario.net\\\/portal\"],\"url\":\"https:\\\/\\\/www.eldiario.net\\\/portal\\\/author\\\/jeanette\\\/\"}]}<\/script>\n<!-- \/ Yoast SEO plugin. -->","yoast_head_json":{"title":"Comisionado de paz viaja a Cuba para retomar contactos con ELN - El Diario - Bolivia","robots":{"index":"index","follow":"follow","max-snippet":"max-snippet:-1","max-image-preview":"max-image-preview:large","max-video-preview":"max-video-preview:-1"},"canonical":"https:\/\/www.eldiario.net\/portal\/2022\/08\/12\/comisionado-de-paz-viaja-a-cuba-para-retomar-contactos-con-eln\/","og_locale":"es_ES","og_type":"article","og_title":"Comisionado de paz viaja a Cuba para retomar contactos con ELN - El Diario - Bolivia","og_description":"Bogot\u00e1.- El nuevo alto comisionado para la paz de Colombia, Danilo Rueda, viaj\u00f3 a Cuba para reunirse con los delegados de la guerrilla del Ej\u00e9rcito de Liberaci\u00f3n Nacional (ELN) y examinar un posible reinicio de la negociaci\u00f3n con ese grupo rebelde, inform\u00f3 el jueves el presidente Gustavo Petro. Petro, un antiguo militante de la desmovilizada [&hellip;]","og_url":"https:\/\/www.eldiario.net\/portal\/2022\/08\/12\/comisionado-de-paz-viaja-a-cuba-para-retomar-contactos-con-eln\/","og_site_name":"El Diario - Bolivia","article_publisher":"https:\/\/www.facebook.com\/eldiario.bolivia\/","article_published_time":"2022-08-12T10:05:04+00:00","author":"Jeanette","twitter_card":"summary_large_image","twitter_creator":"@eldiario_net","twitter_site":"@eldiario_net","twitter_misc":{"Escrito por":"Jeanette","Tiempo de lectura":"2 minutos"},"schema":{"@context":"https:\/\/schema.org","@graph":[{"@type":"Article","@id":"https:\/\/www.eldiario.net\/portal\/2022\/08\/12\/comisionado-de-paz-viaja-a-cuba-para-retomar-contactos-con-eln\/#article","isPartOf":{"@id":"https:\/\/www.eldiario.net\/portal\/2022\/08\/12\/comisionado-de-paz-viaja-a-cuba-para-retomar-contactos-con-eln\/"},"author":{"name":"Jeanette","@id":"https:\/\/www.eldiario.net\/portal\/#\/schema\/person\/f46445640444750d7d753ccd04ae01b7"},"headline":"Comisionado de paz viaja a Cuba para retomar contactos con ELN","datePublished":"2022-08-12T10:05:04+00:00","mainEntityOfPage":{"@id":"https:\/\/www.eldiario.net\/portal\/2022\/08\/12\/comisionado-de-paz-viaja-a-cuba-para-retomar-contactos-con-eln\/"},"wordCount":312,"publisher":{"@id":"https:\/\/www.eldiario.net\/portal\/#organization"},"articleSection":["Internacional"],"inLanguage":"es"},{"@type":"WebPage","@id":"https:\/\/www.eldiario.net\/portal\/2022\/08\/12\/comisionado-de-paz-viaja-a-cuba-para-retomar-contactos-con-eln\/","url":"https:\/\/www.eldiario.net\/portal\/2022\/08\/12\/comisionado-de-paz-viaja-a-cuba-para-retomar-contactos-con-eln\/","name":"Comisionado de paz viaja a Cuba para retomar contactos con ELN - El Diario - Bolivia","isPartOf":{"@id":"https:\/\/www.eldiario.net\/portal\/#website"},"datePublished":"2022-08-12T10:05:04+00:00","breadcrumb":{"@id":"https:\/\/www.eldiario.net\/portal\/2022\/08\/12\/comisionado-de-paz-viaja-a-cuba-para-retomar-contactos-con-eln\/#breadcrumb"},"inLanguage":"es","potentialAction":[{"@type":"ReadAction","target":["https:\/\/www.eldiario.net\/portal\/2022\/08\/12\/comisionado-de-paz-viaja-a-cuba-para-retomar-contactos-con-eln\/"]}]},{"@type":"BreadcrumbList","@id":"https:\/\/www.eldiario.net\/portal\/2022\/08\/12\/comisionado-de-paz-viaja-a-cuba-para-retomar-contactos-con-eln\/#breadcrumb","itemListElement":[{"@type":"ListItem","position":1,"name":"Portada","item":"https:\/\/www.eldiario.net\/portal\/"},{"@type":"ListItem","position":2,"name":"Comisionado de paz viaja a Cuba para retomar contactos con ELN"}]},{"@type":"WebSite","@id":"https:\/\/www.eldiario.net\/portal\/#website","url":"https:\/\/www.eldiario.net\/portal\/","name":"El Diario - Decano de la prensa nacional","description":"El Diario - Decano de la prensa nacional","publisher":{"@id":"https:\/\/www.eldiario.net\/portal\/#organization"},"potentialAction":[{"@type":"SearchAction","target":{"@type":"EntryPoint","urlTemplate":"https:\/\/www.eldiario.net\/portal\/?s={search_term_string}"},"query-input":{"@type":"PropertyValueSpecification","valueRequired":true,"valueName":"search_term_string"}}],"inLanguage":"es"},{"@type":"Organization","@id":"https:\/\/www.eldiario.net\/portal\/#organization","name":"El Diario - Decano de la prensa nacional","url":"https:\/\/www.eldiario.net\/portal\/","logo":{"@type":"ImageObject","inLanguage":"es","@id":"https:\/\/www.eldiario.net\/portal\/#\/schema\/logo\/image\/","url":"https:\/\/www.eldiario.net\/portal\/wp-content\/uploads\/2023\/07\/logo_ED.jpg","contentUrl":"https:\/\/www.eldiario.net\/portal\/wp-content\/uploads\/2023\/07\/logo_ED.jpg","width":272,"height":52,"caption":"El Diario - Decano de la prensa nacional"},"image":{"@id":"https:\/\/www.eldiario.net\/portal\/#\/schema\/logo\/image\/"},"sameAs":["https:\/\/www.facebook.com\/eldiario.bolivia\/","https:\/\/x.com\/eldiario_net"]},{"@type":"Person","@id":"https:\/\/www.eldiario.net\/portal\/#\/schema\/person\/f46445640444750d7d753ccd04ae01b7","name":"Jeanette","image":{"@type":"ImageObject","inLanguage":"es","@id":"https:\/\/secure.gravatar.com\/avatar\/3ea2118a5f7dad2b7138b1187a6b7ee55f160b9968b66013c3a3ef39dd7e5798?s=96&d=mm&r=g","url":"https:\/\/secure.gravatar.com\/avatar\/3ea2118a5f7dad2b7138b1187a6b7ee55f160b9968b66013c3a3ef39dd7e5798?s=96&d=mm&r=g","contentUrl":"https:\/\/secure.gravatar.com\/avatar\/3ea2118a5f7dad2b7138b1187a6b7ee55f160b9968b66013c3a3ef39dd7e5798?s=96&d=mm&r=g","caption":"Jeanette"},"sameAs":["https:\/\/www.eldiario.net\/portal"],"url":"https:\/\/www.eldiario.net\/portal\/author\/jeanette\/"}]}},"_links":{"self":[{"href":"https:\/\/www.eldiario.net\/portal\/wp-json\/wp\/v2\/posts\/103321","targetHints":{"allow":["GET"]}}],"collection":[{"href":"https:\/\/www.eldiario.net\/portal\/wp-json\/wp\/v2\/posts"}],"about":[{"href":"https:\/\/www.eldiario.net\/portal\/wp-json\/wp\/v2\/types\/post"}],"author":[{"embeddable":true,"href":"https:\/\/www.eldiario.net\/portal\/wp-json\/wp\/v2\/users\/1"}],"replies":[{"embeddable":true,"href":"https:\/\/www.eldiario.net\/portal\/wp-json\/wp\/v2\/comments?post=103321"}],"version-history":[{"count":0,"href":"https:\/\/www.eldiario.net\/portal\/wp-json\/wp\/v2\/posts\/103321\/revisions"}],"wp:attachment":[{"href":"https:\/\/www.eldiario.net\/portal\/wp-json\/wp\/v2\/media?parent=103321"}],"wp:term":[{"taxonomy":"category","embeddable":true,"href":"https:\/\/www.eldiario.net\/portal\/wp-json\/wp\/v2\/categories?post=103321"},{"taxonomy":"post_tag","embeddable":true,"href":"https:\/\/www.eldiario.net\/portal\/wp-json\/wp\/v2\/tags?post=103321"}],"curies":[{"name":"wp","href":"https:\/\/api.w.org\/{rel}","templated":true}]}}