{"id":103314,"date":"2022-08-12T06:04:18","date_gmt":"2022-08-12T10:04:18","guid":{"rendered":"https:\/\/www.eldiario.net\/portal\/?p=103314"},"modified":"2022-08-12T06:04:18","modified_gmt":"2022-08-12T10:04:18","slug":"mas-derroche","status":"publish","type":"post","link":"https:\/\/www.eldiario.net\/portal\/2022\/08\/12\/mas-derroche\/","title":{"rendered":"M\u00e1s derroche"},"content":{"rendered":"<p>El presidente Luis Arce admiti\u00f3 en p\u00fablico que durante once a\u00f1os, el gobierno de Evo Morales, y \u00e9l como ministro, le hizo mucho da\u00f1o a la econom\u00eda del pa\u00eds.<br \/>\nSe equivoc\u00f3 el presidente, no fueron once a\u00f1os, sino catorce, hasta noviembre de 2019, que el MAS despilfarr\u00f3 el dinero de los bolivianos.<br \/>\nLos ingresos, debido a los altos precios internacionales de las materias primas, se multiplicaron por cinco, pero la educaci\u00f3n no mejor\u00f3 cinco veces, ni la salud ni los caminos\u2026<br \/>\nPues ahora, despu\u00e9s de haber hecho esa admisi\u00f3n, el presidente Arce se propone seguir haciendo lo mismo con el dinero del pa\u00eds.<br \/>\nLa semana pasada se anunci\u00f3 la compra de una nueva planta de urea y se sabe que costar\u00e1 1.300 millones de d\u00f3lares.<br \/>\nLa actual, que cost\u00f3 930 millones, s\u00f3lo utiliza 36% de su capacidad instalada, pero el ministro del cocalero Morales ha decidido hacer esta nueva \u201cinversi\u00f3n\u201d.<br \/>\nSe sabe cu\u00e1nto ha de costar o, mejor dicho, cu\u00e1nto ha de pagar el pa\u00eds por este nuevo elefante blanco que deber\u00e1 usar gas natural como materia prima, justamente cuando el gas se acaba.<br \/>\nEst\u00e1 avanzando la planta de industrializaci\u00f3n de la coca que se instala en Sacaba y que comenz\u00f3 con la contrataci\u00f3n de 300 empleados que todav\u00eda no saben lo que deber\u00e1n hacer, si algo habr\u00e1n de hacer.<br \/>\nSacaba es el cuartel mayor del MAS en Cochabamba, donde supuestamente llega la coca de Chapare, aunque en realidad del Chapare s\u00f3lo sale pasta base. Kokabol tiene un presupuesto de 10 millones de d\u00f3lares.<br \/>\nCon criterio m\u00e1s pol\u00edtico que empresarial, se proyectan plantas de almacenamiento en Pail\u00f3n, otras en Viacha, un centro pisc\u00edcola en Tiquina.<br \/>\nGrandes inversiones se han destinado asimismo a proyectos de industrializaci\u00f3n de cam\u00e9lidos, aunque no se han hecho estudios de factibilidad.<br \/>\nLas inversiones sumar\u00e1n 2.000 para 26 proyectos, dice el experto Germ\u00e1n Molina, impresionado por la ligereza con que se aprueban estas inversiones.<br \/>\nTodo esto cuando el gobierno mismo admite que el d\u00e9ficit fiscal de este a\u00f1o equivaldr\u00e1 a 8,5% del PIB, uno de los m\u00e1s altos de la historia, algo que se repite en los \u00faltimos cinco a\u00f1os, seg\u00fan recuerda Enrique Garc\u00eda, expresidente de la CAF.<br \/>\nArce est\u00e1 haciendo exactamente al rev\u00e9s de lo que recomienda el FMI, que es reducir el gasto p\u00fablico, mientras \u00e9l ha aumentado en alrededor de 500 la planilla de los empleados p\u00fablicos en s\u00f3lo un a\u00f1o y medio.<br \/>\nEste plan de derroche es tan extra\u00f1o que podr\u00eda ser interpretado como una bomba de tiempo que se quiere dejar para quien venga despu\u00e9s.<\/p>\n<p><a href=\"https:\/\/www.eldiario.net\/portal\/wp-content\/uploads\/2022\/08\/Sin-titulo-1-1.jpg\"><img loading=\"lazy\" decoding=\"async\" class=\"aligncenter size-medium wp-image-103315\" src=\"https:\/\/www.eldiario.net\/portal\/wp-content\/uploads\/2022\/08\/Sin-titulo-1-1-300x60.jpg\" alt=\"\" width=\"300\" height=\"60\" \/><\/a><\/p>\n<p><img loading=\"lazy\" decoding=\"async\" class=\"alignleft size-full wp-image-103316\" src=\"https:\/\/www.eldiario.net\/portal\/wp-content\/uploads\/2022\/08\/petroleo-1.jpg\" alt=\"\" width=\"150\" height=\"193\" \/>PETR\u00d3LEO<\/p>\n<p>Despu\u00e9s de una fuerte ca\u00edda en el \u00faltimo mes, el precio del petr\u00f3leo Brent est\u00e1n en camino de promediar US$ 105 el barril este a\u00f1o, seg\u00fan la Administraci\u00f3n de Informaci\u00f3n de Energ\u00eda (EIA por sus siglas en ingl\u00e9s). El informe tambi\u00e9n estima que la econom\u00eda mundial se ir\u00e1 recuperando durante el a\u00f1o y esto implica un aumento en la demanda de petr\u00f3leo. La EIA muestra que los futuros de petr\u00f3leo est\u00e1n aumentando de precio de forma sostenida.<\/p>\n<p>&nbsp;<\/p>\n<p>&nbsp;<\/p>\n<p><img loading=\"lazy\" decoding=\"async\" class=\"alignleft size-full wp-image-103317\" src=\"https:\/\/www.eldiario.net\/portal\/wp-content\/uploads\/2022\/08\/oro-1.jpg\" alt=\"\" width=\"150\" height=\"181\" \/>ORO<\/p>\n<p>El precio del oro aument\u00f3 en casi 7% desde el punto m\u00e1s bajo de su cotizaci\u00f3n del a\u00f1o, alcanzado a fines de julio. Seg\u00fan los analistas, internacionales, la ca\u00edda de las expectativas de inflaci\u00f3n en Estados unidos, junto con el debilitamiento de la actividad econ\u00f3mica de los pa\u00edses m\u00e1s ricos, han pesado sobre el precio del oro. La depreciaci\u00f3n del d\u00f3lar tambi\u00e9n es un factor importante que ayuda a elevar el precio de los metales preciosos: Oro, Plata y Platino.<\/p>\n<p>&nbsp;<\/p>\n<p>&nbsp;<\/p>\n<p><img loading=\"lazy\" decoding=\"async\" class=\"alignleft size-full wp-image-103318\" src=\"https:\/\/www.eldiario.net\/portal\/wp-content\/uploads\/2022\/08\/zinc-1.jpg\" alt=\"\" width=\"150\" height=\"181\" \/>ZINC<\/p>\n<p>El precio del zinc salt\u00f3 a un m\u00e1ximo de seis semanas despu\u00e9s de que Glencore advirtiera sobre la continua reducci\u00f3n de m\u00e1rgenes en una de sus fundiciones europeas. Las fundiciones est\u00e1n frenadas por el alto precio del gas natural que usan, por la reducci\u00f3n en el flujo de gas desde Rusia. Glencore tiene otras fundiciones en Alemania y Espa\u00f1a donde es est\u00e1n frenando los vol\u00famenes de producci\u00f3n debido a los altos precios del gas y la energ\u00eda el\u00e9ctrica.<\/p>\n<p>&nbsp;<\/p>\n<p>&nbsp;<\/p>\n<p><em><strong>\u00bfPura casualidad?<\/strong><\/em><\/p>\n<p>El mi\u00e9rcoles Nicolas Maduro, dijo que \u201cVenezuela se va a transformar en una potencia productora y exportadora de alimentos\u201d. El jueves la Organizaci\u00f3n de Pa\u00edses Exportadores de Petr\u00f3leo (OPEP), revel\u00f3 que la producci\u00f3n de petr\u00f3leo de Venezuela cayo en 13% en junio. El pa\u00eds apenas produce 629.000 barriles por d\u00eda.<\/p>\n<p><em><strong>Bananas y gas<\/strong><\/em><\/p>\n<p>La producci\u00f3n boliviana de bananas est\u00e1 en peligro por una pol\u00edtica proteccionista en Argentina. El pa\u00eds se est\u00e1 quedando sin d\u00f3lares para pagar por sus importaciones y el gobierno de Alberto Fern\u00e1ndez quiere retardar o liminar los pagos por importaciones. Argentina tambi\u00e9n es el principal importador de gas.<\/p>\n<p><em><strong>Per\u00fa<\/strong><\/em><\/p>\n<p>Yenifer Paredes, la cu\u00f1ada del presidente de Per\u00fa, Pedro Castillo, se entreg\u00f3 a la justicia. Paredes es acusada de \u201corganizaci\u00f3n criminal y lavado de activos\u201d. Las autoridades judiciales han allanado su vivienda y tambi\u00e9n instalaciones en el palacio de gobierno. Este es el incidente m\u00e1s reciente de una serie de acusaciones cercanas al presidente Castillo.<\/p>\n<p style=\"text-align: center;\">Lo bueno<br \/>\n***<br \/>\nEs que Brasil ha aceptado elevar el precio del gas natural que recibe de Bolivia en un sistema que deja margen a contratos con empresas privadas.<\/p>\n<p style=\"text-align: center;\">Lo malo<br \/>\n***<br \/>\nEs que YPFB no ha revelado el nuevo precio acordado con Brasil, aunque por otro lado se ha propuesto calcular en cu\u00e1nto subir\u00e1 la renta petrolera.<\/p>\n<p style=\"text-align: center;\">Lo feo<br \/>\n***<br \/>\nEs que el gobierno de Brasil ya est\u00e1 construyendo un gasoducto para recibir el gas de sus centros de producci\u00f3n \u201cpre-sal\u201d, porque el gas boliviano no durar\u00e1.<\/p>\n","protected":false},"excerpt":{"rendered":"<p>El presidente Luis Arce admiti\u00f3 en p\u00fablico que durante once a\u00f1os, el gobierno de Evo Morales, y \u00e9l como ministro, le hizo mucho da\u00f1o a la econom\u00eda del pa\u00eds. Se equivoc\u00f3 el presidente, no fueron once a\u00f1os, sino catorce, hasta noviembre de 2019, que el MAS despilfarr\u00f3 el dinero de los bolivianos. Los ingresos, debido [&hellip;]<\/p>\n","protected":false},"author":1,"featured_media":103319,"comment_status":"closed","ping_status":"closed","sticky":false,"template":"","format":"standard","meta":{"_acf_changed":false,"footnotes":""},"categories":[7],"tags":[],"class_list":["post-103314","post","type-post","status-publish","format-standard","has-post-thumbnail","category-economia"],"acf":{"antetitulo":""},"yoast_head":"<!-- This site is optimized with the Yoast SEO plugin v28.3 - https:\/\/yoast.com\/product\/yoast-seo-wordpress\/ -->\n<title>M\u00e1s derroche - El Diario - Bolivia<\/title>\n<meta name=\"robots\" content=\"index, follow, max-snippet:-1, max-image-preview:large, max-video-preview:-1\" \/>\n<link rel=\"canonical\" href=\"https:\/\/www.eldiario.net\/portal\/2022\/08\/12\/mas-derroche\/\" \/>\n<meta property=\"og:locale\" content=\"es_ES\" \/>\n<meta property=\"og:type\" content=\"article\" \/>\n<meta property=\"og:title\" content=\"M\u00e1s derroche - El Diario - Bolivia\" \/>\n<meta property=\"og:description\" content=\"El presidente Luis Arce admiti\u00f3 en p\u00fablico que durante once a\u00f1os, el gobierno de Evo Morales, y \u00e9l como ministro, le hizo mucho da\u00f1o a la econom\u00eda del pa\u00eds. Se equivoc\u00f3 el presidente, no fueron once a\u00f1os, sino catorce, hasta noviembre de 2019, que el MAS despilfarr\u00f3 el dinero de los bolivianos. Los ingresos, debido [&hellip;]\" \/>\n<meta property=\"og:url\" content=\"https:\/\/www.eldiario.net\/portal\/2022\/08\/12\/mas-derroche\/\" \/>\n<meta property=\"og:site_name\" content=\"El Diario - Bolivia\" \/>\n<meta property=\"article:publisher\" content=\"https:\/\/www.facebook.com\/eldiario.bolivia\/\" \/>\n<meta property=\"article:published_time\" content=\"2022-08-12T10:04:18+00:00\" \/>\n<meta name=\"author\" content=\"Jeanette\" \/>\n<meta name=\"twitter:card\" content=\"summary_large_image\" \/>\n<meta name=\"twitter:creator\" content=\"@eldiario_net\" \/>\n<meta name=\"twitter:site\" content=\"@eldiario_net\" \/>\n<meta name=\"twitter:label1\" content=\"Escrito por\" \/>\n\t<meta name=\"twitter:data1\" content=\"Jeanette\" \/>\n\t<meta name=\"twitter:label2\" content=\"Tiempo de lectura\" \/>\n\t<meta name=\"twitter:data2\" content=\"5 minutos\" \/>\n<script type=\"application\/ld+json\" class=\"yoast-schema-graph\">{\"@context\":\"https:\\\/\\\/schema.org\",\"@graph\":[{\"@type\":\"Article\",\"@id\":\"https:\\\/\\\/www.eldiario.net\\\/portal\\\/2022\\\/08\\\/12\\\/mas-derroche\\\/#article\",\"isPartOf\":{\"@id\":\"https:\\\/\\\/www.eldiario.net\\\/portal\\\/2022\\\/08\\\/12\\\/mas-derroche\\\/\"},\"author\":{\"name\":\"Jeanette\",\"@id\":\"https:\\\/\\\/www.eldiario.net\\\/portal\\\/#\\\/schema\\\/person\\\/f46445640444750d7d753ccd04ae01b7\"},\"headline\":\"M\u00e1s derroche\",\"datePublished\":\"2022-08-12T10:04:18+00:00\",\"mainEntityOfPage\":{\"@id\":\"https:\\\/\\\/www.eldiario.net\\\/portal\\\/2022\\\/08\\\/12\\\/mas-derroche\\\/\"},\"wordCount\":1006,\"publisher\":{\"@id\":\"https:\\\/\\\/www.eldiario.net\\\/portal\\\/#organization\"},\"image\":{\"@id\":\"https:\\\/\\\/www.eldiario.net\\\/portal\\\/2022\\\/08\\\/12\\\/mas-derroche\\\/#primaryimage\"},\"thumbnailUrl\":\"\",\"articleSection\":[\"Econom\u00eda\"],\"inLanguage\":\"es\"},{\"@type\":\"WebPage\",\"@id\":\"https:\\\/\\\/www.eldiario.net\\\/portal\\\/2022\\\/08\\\/12\\\/mas-derroche\\\/\",\"url\":\"https:\\\/\\\/www.eldiario.net\\\/portal\\\/2022\\\/08\\\/12\\\/mas-derroche\\\/\",\"name\":\"M\u00e1s derroche - El Diario - Bolivia\",\"isPartOf\":{\"@id\":\"https:\\\/\\\/www.eldiario.net\\\/portal\\\/#website\"},\"primaryImageOfPage\":{\"@id\":\"https:\\\/\\\/www.eldiario.net\\\/portal\\\/2022\\\/08\\\/12\\\/mas-derroche\\\/#primaryimage\"},\"image\":{\"@id\":\"https:\\\/\\\/www.eldiario.net\\\/portal\\\/2022\\\/08\\\/12\\\/mas-derroche\\\/#primaryimage\"},\"thumbnailUrl\":\"\",\"datePublished\":\"2022-08-12T10:04:18+00:00\",\"breadcrumb\":{\"@id\":\"https:\\\/\\\/www.eldiario.net\\\/portal\\\/2022\\\/08\\\/12\\\/mas-derroche\\\/#breadcrumb\"},\"inLanguage\":\"es\",\"potentialAction\":[{\"@type\":\"ReadAction\",\"target\":[\"https:\\\/\\\/www.eldiario.net\\\/portal\\\/2022\\\/08\\\/12\\\/mas-derroche\\\/\"]}]},{\"@type\":\"ImageObject\",\"inLanguage\":\"es\",\"@id\":\"https:\\\/\\\/www.eldiario.net\\\/portal\\\/2022\\\/08\\\/12\\\/mas-derroche\\\/#primaryimage\",\"url\":\"\",\"contentUrl\":\"\"},{\"@type\":\"BreadcrumbList\",\"@id\":\"https:\\\/\\\/www.eldiario.net\\\/portal\\\/2022\\\/08\\\/12\\\/mas-derroche\\\/#breadcrumb\",\"itemListElement\":[{\"@type\":\"ListItem\",\"position\":1,\"name\":\"Portada\",\"item\":\"https:\\\/\\\/www.eldiario.net\\\/portal\\\/\"},{\"@type\":\"ListItem\",\"position\":2,\"name\":\"M\u00e1s derroche\"}]},{\"@type\":\"WebSite\",\"@id\":\"https:\\\/\\\/www.eldiario.net\\\/portal\\\/#website\",\"url\":\"https:\\\/\\\/www.eldiario.net\\\/portal\\\/\",\"name\":\"El Diario - Decano de la prensa nacional\",\"description\":\"El Diario - Decano de la prensa nacional\",\"publisher\":{\"@id\":\"https:\\\/\\\/www.eldiario.net\\\/portal\\\/#organization\"},\"potentialAction\":[{\"@type\":\"SearchAction\",\"target\":{\"@type\":\"EntryPoint\",\"urlTemplate\":\"https:\\\/\\\/www.eldiario.net\\\/portal\\\/?s={search_term_string}\"},\"query-input\":{\"@type\":\"PropertyValueSpecification\",\"valueRequired\":true,\"valueName\":\"search_term_string\"}}],\"inLanguage\":\"es\"},{\"@type\":\"Organization\",\"@id\":\"https:\\\/\\\/www.eldiario.net\\\/portal\\\/#organization\",\"name\":\"El Diario - Decano de la prensa nacional\",\"url\":\"https:\\\/\\\/www.eldiario.net\\\/portal\\\/\",\"logo\":{\"@type\":\"ImageObject\",\"inLanguage\":\"es\",\"@id\":\"https:\\\/\\\/www.eldiario.net\\\/portal\\\/#\\\/schema\\\/logo\\\/image\\\/\",\"url\":\"https:\\\/\\\/www.eldiario.net\\\/portal\\\/wp-content\\\/uploads\\\/2023\\\/07\\\/logo_ED.jpg\",\"contentUrl\":\"https:\\\/\\\/www.eldiario.net\\\/portal\\\/wp-content\\\/uploads\\\/2023\\\/07\\\/logo_ED.jpg\",\"width\":272,\"height\":52,\"caption\":\"El Diario - Decano de la prensa nacional\"},\"image\":{\"@id\":\"https:\\\/\\\/www.eldiario.net\\\/portal\\\/#\\\/schema\\\/logo\\\/image\\\/\"},\"sameAs\":[\"https:\\\/\\\/www.facebook.com\\\/eldiario.bolivia\\\/\",\"https:\\\/\\\/x.com\\\/eldiario_net\"]},{\"@type\":\"Person\",\"@id\":\"https:\\\/\\\/www.eldiario.net\\\/portal\\\/#\\\/schema\\\/person\\\/f46445640444750d7d753ccd04ae01b7\",\"name\":\"Jeanette\",\"image\":{\"@type\":\"ImageObject\",\"inLanguage\":\"es\",\"@id\":\"https:\\\/\\\/secure.gravatar.com\\\/avatar\\\/3ea2118a5f7dad2b7138b1187a6b7ee55f160b9968b66013c3a3ef39dd7e5798?s=96&d=mm&r=g\",\"url\":\"https:\\\/\\\/secure.gravatar.com\\\/avatar\\\/3ea2118a5f7dad2b7138b1187a6b7ee55f160b9968b66013c3a3ef39dd7e5798?s=96&d=mm&r=g\",\"contentUrl\":\"https:\\\/\\\/secure.gravatar.com\\\/avatar\\\/3ea2118a5f7dad2b7138b1187a6b7ee55f160b9968b66013c3a3ef39dd7e5798?s=96&d=mm&r=g\",\"caption\":\"Jeanette\"},\"sameAs\":[\"https:\\\/\\\/www.eldiario.net\\\/portal\"],\"url\":\"https:\\\/\\\/www.eldiario.net\\\/portal\\\/author\\\/jeanette\\\/\"}]}<\/script>\n<!-- \/ Yoast SEO plugin. -->","yoast_head_json":{"title":"M\u00e1s derroche - El Diario - Bolivia","robots":{"index":"index","follow":"follow","max-snippet":"max-snippet:-1","max-image-preview":"max-image-preview:large","max-video-preview":"max-video-preview:-1"},"canonical":"https:\/\/www.eldiario.net\/portal\/2022\/08\/12\/mas-derroche\/","og_locale":"es_ES","og_type":"article","og_title":"M\u00e1s derroche - El Diario - Bolivia","og_description":"El presidente Luis Arce admiti\u00f3 en p\u00fablico que durante once a\u00f1os, el gobierno de Evo Morales, y \u00e9l como ministro, le hizo mucho da\u00f1o a la econom\u00eda del pa\u00eds. Se equivoc\u00f3 el presidente, no fueron once a\u00f1os, sino catorce, hasta noviembre de 2019, que el MAS despilfarr\u00f3 el dinero de los bolivianos. Los ingresos, debido [&hellip;]","og_url":"https:\/\/www.eldiario.net\/portal\/2022\/08\/12\/mas-derroche\/","og_site_name":"El Diario - Bolivia","article_publisher":"https:\/\/www.facebook.com\/eldiario.bolivia\/","article_published_time":"2022-08-12T10:04:18+00:00","author":"Jeanette","twitter_card":"summary_large_image","twitter_creator":"@eldiario_net","twitter_site":"@eldiario_net","twitter_misc":{"Escrito por":"Jeanette","Tiempo de lectura":"5 minutos"},"schema":{"@context":"https:\/\/schema.org","@graph":[{"@type":"Article","@id":"https:\/\/www.eldiario.net\/portal\/2022\/08\/12\/mas-derroche\/#article","isPartOf":{"@id":"https:\/\/www.eldiario.net\/portal\/2022\/08\/12\/mas-derroche\/"},"author":{"name":"Jeanette","@id":"https:\/\/www.eldiario.net\/portal\/#\/schema\/person\/f46445640444750d7d753ccd04ae01b7"},"headline":"M\u00e1s derroche","datePublished":"2022-08-12T10:04:18+00:00","mainEntityOfPage":{"@id":"https:\/\/www.eldiario.net\/portal\/2022\/08\/12\/mas-derroche\/"},"wordCount":1006,"publisher":{"@id":"https:\/\/www.eldiario.net\/portal\/#organization"},"image":{"@id":"https:\/\/www.eldiario.net\/portal\/2022\/08\/12\/mas-derroche\/#primaryimage"},"thumbnailUrl":"","articleSection":["Econom\u00eda"],"inLanguage":"es"},{"@type":"WebPage","@id":"https:\/\/www.eldiario.net\/portal\/2022\/08\/12\/mas-derroche\/","url":"https:\/\/www.eldiario.net\/portal\/2022\/08\/12\/mas-derroche\/","name":"M\u00e1s derroche - El Diario - Bolivia","isPartOf":{"@id":"https:\/\/www.eldiario.net\/portal\/#website"},"primaryImageOfPage":{"@id":"https:\/\/www.eldiario.net\/portal\/2022\/08\/12\/mas-derroche\/#primaryimage"},"image":{"@id":"https:\/\/www.eldiario.net\/portal\/2022\/08\/12\/mas-derroche\/#primaryimage"},"thumbnailUrl":"","datePublished":"2022-08-12T10:04:18+00:00","breadcrumb":{"@id":"https:\/\/www.eldiario.net\/portal\/2022\/08\/12\/mas-derroche\/#breadcrumb"},"inLanguage":"es","potentialAction":[{"@type":"ReadAction","target":["https:\/\/www.eldiario.net\/portal\/2022\/08\/12\/mas-derroche\/"]}]},{"@type":"ImageObject","inLanguage":"es","@id":"https:\/\/www.eldiario.net\/portal\/2022\/08\/12\/mas-derroche\/#primaryimage","url":"","contentUrl":""},{"@type":"BreadcrumbList","@id":"https:\/\/www.eldiario.net\/portal\/2022\/08\/12\/mas-derroche\/#breadcrumb","itemListElement":[{"@type":"ListItem","position":1,"name":"Portada","item":"https:\/\/www.eldiario.net\/portal\/"},{"@type":"ListItem","position":2,"name":"M\u00e1s derroche"}]},{"@type":"WebSite","@id":"https:\/\/www.eldiario.net\/portal\/#website","url":"https:\/\/www.eldiario.net\/portal\/","name":"El Diario - Decano de la prensa nacional","description":"El Diario - Decano de la prensa nacional","publisher":{"@id":"https:\/\/www.eldiario.net\/portal\/#organization"},"potentialAction":[{"@type":"SearchAction","target":{"@type":"EntryPoint","urlTemplate":"https:\/\/www.eldiario.net\/portal\/?s={search_term_string}"},"query-input":{"@type":"PropertyValueSpecification","valueRequired":true,"valueName":"search_term_string"}}],"inLanguage":"es"},{"@type":"Organization","@id":"https:\/\/www.eldiario.net\/portal\/#organization","name":"El Diario - Decano de la prensa nacional","url":"https:\/\/www.eldiario.net\/portal\/","logo":{"@type":"ImageObject","inLanguage":"es","@id":"https:\/\/www.eldiario.net\/portal\/#\/schema\/logo\/image\/","url":"https:\/\/www.eldiario.net\/portal\/wp-content\/uploads\/2023\/07\/logo_ED.jpg","contentUrl":"https:\/\/www.eldiario.net\/portal\/wp-content\/uploads\/2023\/07\/logo_ED.jpg","width":272,"height":52,"caption":"El Diario - Decano de la prensa nacional"},"image":{"@id":"https:\/\/www.eldiario.net\/portal\/#\/schema\/logo\/image\/"},"sameAs":["https:\/\/www.facebook.com\/eldiario.bolivia\/","https:\/\/x.com\/eldiario_net"]},{"@type":"Person","@id":"https:\/\/www.eldiario.net\/portal\/#\/schema\/person\/f46445640444750d7d753ccd04ae01b7","name":"Jeanette","image":{"@type":"ImageObject","inLanguage":"es","@id":"https:\/\/secure.gravatar.com\/avatar\/3ea2118a5f7dad2b7138b1187a6b7ee55f160b9968b66013c3a3ef39dd7e5798?s=96&d=mm&r=g","url":"https:\/\/secure.gravatar.com\/avatar\/3ea2118a5f7dad2b7138b1187a6b7ee55f160b9968b66013c3a3ef39dd7e5798?s=96&d=mm&r=g","contentUrl":"https:\/\/secure.gravatar.com\/avatar\/3ea2118a5f7dad2b7138b1187a6b7ee55f160b9968b66013c3a3ef39dd7e5798?s=96&d=mm&r=g","caption":"Jeanette"},"sameAs":["https:\/\/www.eldiario.net\/portal"],"url":"https:\/\/www.eldiario.net\/portal\/author\/jeanette\/"}]}},"_links":{"self":[{"href":"https:\/\/www.eldiario.net\/portal\/wp-json\/wp\/v2\/posts\/103314","targetHints":{"allow":["GET"]}}],"collection":[{"href":"https:\/\/www.eldiario.net\/portal\/wp-json\/wp\/v2\/posts"}],"about":[{"href":"https:\/\/www.eldiario.net\/portal\/wp-json\/wp\/v2\/types\/post"}],"author":[{"embeddable":true,"href":"https:\/\/www.eldiario.net\/portal\/wp-json\/wp\/v2\/users\/1"}],"replies":[{"embeddable":true,"href":"https:\/\/www.eldiario.net\/portal\/wp-json\/wp\/v2\/comments?post=103314"}],"version-history":[{"count":0,"href":"https:\/\/www.eldiario.net\/portal\/wp-json\/wp\/v2\/posts\/103314\/revisions"}],"wp:attachment":[{"href":"https:\/\/www.eldiario.net\/portal\/wp-json\/wp\/v2\/media?parent=103314"}],"wp:term":[{"taxonomy":"category","embeddable":true,"href":"https:\/\/www.eldiario.net\/portal\/wp-json\/wp\/v2\/categories?post=103314"},{"taxonomy":"post_tag","embeddable":true,"href":"https:\/\/www.eldiario.net\/portal\/wp-json\/wp\/v2\/tags?post=103314"}],"curies":[{"name":"wp","href":"https:\/\/api.w.org\/{rel}","templated":true}]}}