{"id":103311,"date":"2022-08-12T05:57:16","date_gmt":"2022-08-12T09:57:16","guid":{"rendered":"https:\/\/www.eldiario.net\/portal\/?p=103311"},"modified":"2022-08-12T05:57:16","modified_gmt":"2022-08-12T09:57:16","slug":"comisos-de-productos-de-contrabando-superaron-la-meta-anual-de-la-aduana","status":"publish","type":"post","link":"https:\/\/www.eldiario.net\/portal\/2022\/08\/12\/comisos-de-productos-de-contrabando-superaron-la-meta-anual-de-la-aduana\/","title":{"rendered":"Comisos de productos de contrabando  superaron la meta anual de la Aduana"},"content":{"rendered":"<p>Los comisos realizados por la Aduana y el Viceministerio de Lucha Contra el Contrabando superaron los 400 millones de bolivianos, y tambi\u00e9n la meta fijada para fin de a\u00f1o. Los industriales alertan que el incremento pone en riesgo 600.000 empleos y las operaciones de m\u00e1s de 30.000 industrias.<br \/>\n\u201cPonderamos el esfuerzo de autoridades nacionales que han logrado una importante cantidad de comisos. Es por eso, que debemos actuar de inmediato y de manera conjunta para hacer frente al aumento significativo del contrabando porque la tendencia muestra que este a\u00f1o volveremos a duplicar la proyecci\u00f3n establecida en el Presupuesto General de la Naci\u00f3n\u201d, dijo el presidente de la C\u00e1mara Nacional de Industrias (CNI), Pablo Camacho.<br \/>\nDe acuerdo a los datos de la C\u00e1mara Nacional de Industrias (CNI), el comiso de la Aduana nacional de Bolivia (ANB) respecto del valor del contrabando no super\u00f3 m\u00e1s de 3,5% en los \u00faltimos a\u00f1os, y a agosto de 2022 el porcentaje est\u00e1 en 2%, mientras la pasada gesti\u00f3n termin\u00f3 con 3,13, la mayor de las pasadas gestiones.<br \/>\nEn conferencia de prensa, Camacho, inform\u00f3, y de entrada, destac\u00f3 la labor de la entidad estatal en el control de las fronteras y los comisos que realizaron a la fecha.<br \/>\nLa cifra alcanzada a la fecha llega a 415 millones de bolivianos, y ha superado los 300 millones la meta para la presente gesti\u00f3n, lo que significa que el contrabando se ha multiplicado, apunt\u00f3.<br \/>\nExplic\u00f3 que las cifras presentadas en su momento por la Confederaci\u00f3n de Empresarios Privados de Bolivia (CEPB) daba una cifra de 2.300 millones de d\u00f3lares, pero la estimaci\u00f3n de la CNI oscila entre 3.000 a 3.500 millones.<br \/>\nLament\u00f3 que al pasar la frontera, no hay entidad que se haga cargo del comiso de la mercader\u00eda de contrabando, por ello plante\u00f3 que los municipios tomen un rol importante para frenar el comercio ilegal.<br \/>\nAs\u00ed como tambi\u00e9n pide la participaci\u00f3n activa del Servicio se Sanidad Agropecuaria e Inocuidad Alimentaria (Senasag), la Agencia Estatal de Medicamentos y Tecnolog\u00eda en Salud (Agemed) y la Agencia Nacional de Hidrocarburos (ANH), as\u00ed como la Autoridad de Transporte y Telecomunicaciones.<br \/>\nPidi\u00f3 a los ciudadanos apoyar a la industria nacional, adquiriendo productos bolivianos, y de esta manera cuidar los empleos y las empresas.<br \/>\nLas industrias bolivianas son los principales afectadas por el contrabando, pero tambi\u00e9n las recaudaciones tributarias que genera el sector industrial, que son el 17% del total.<\/p>\n<p>Propuesta<br \/>\nEn ese contexto, el sector industrial plantea medidas para reforzar la lucha contra el contrabando, y de esta manera reducir la afectaci\u00f3n a la producci\u00f3n nacional.<br \/>\nEntre ellas est\u00e1, que se acelere la modificaci\u00f3n del art\u00edculo 181 del C\u00f3digo Tributario para que vuelva a tipificarse como contrabando los comisos con valor tributario omitido igual o menor a 10.000 UFV (Bs23.000), es decir reducir el monto, que actualmente est\u00e1 en 200.000 UFV (Bs 460.000).<br \/>\nTambi\u00e9n pide que los municipios se involucren activamente en el control del contrabando que se comercializa libremente en las calles, y asegura que es urgente reactivar el Consejo Nacional de Lucha contra el Contrabando establecido mediante Decreto Supremo n\u00b027669.<br \/>\nEl pasado mi\u00e9rcoles, el viceministro de Lucha Contra el Contrabando, Daniel Vargas Carrasco, inform\u00f3 que se viene realizando evaluaci\u00f3n conjunta con la Aduana Nacional en los puestos de control en el sur del pa\u00eds.<br \/>\n\u201cEstamos haciendo una evaluaci\u00f3n del plan del sur para evaluar el fortalecimiento que estamos realizando con el apoyo de las Fuerzas Armadas, la Aduana Nacional y otras instituciones en los diferentes puntos fronterizos aqu\u00ed en el sur del pa\u00eds Villaz\u00f3n, Bermejo, Yacuiba\u201d, sostuvo la autoridad.<br \/>\nTres Divisiones desplegadas<br \/>\n\u201cEst\u00e1 previsto considerar aspectos del despliegue militar que est\u00e1 realizando, considerando que se ha movilizado unidades tanto de la Octava Divisi\u00f3n, la Tercera Divisi\u00f3n y la D\u00e9cima Divisi\u00f3n, acantonadas en las diferentes jurisdicciones para realizar un control efectivo en la lucha contra el contrabando\u201d, explic\u00f3 Vargas Carrasco.<br \/>\nLa actividad del contrabando se ha tornado fren\u00e9tica en los \u00faltimos meses en el sur del pa\u00eds, a lo largo de la frontera Argentina. \u201cSabemos muy bien que la ca\u00edda del peso argentino ha generado una intensa actividad aqu\u00ed, en las personas y organizaciones que est\u00e1n dedicadas a esta actividad ilegal y esto est\u00e1 afectando significativamente a la econom\u00eda del pa\u00eds (\u2026)\u201d, explic\u00f3 el Viceministro Vargas.<br \/>\nPor su parte, la presidenta de la Aduana Nacional, Karina Serrudo, detall\u00f3 que a la cabeza del Viceministerio de Lucha Contra el Contrabando se ha desarrollado operativos a lo largo de 600 rutas en las que circula el il\u00edcito, en veh\u00edculos de transporte p\u00fablico como privado, para frenar el denominado contrabando hormiga.<br \/>\n\u201cY los datos son elocuentes, 415 millones de bolivianos que hasta la fecha han sido comisados\u201d, sostuvo.<\/p>\n","protected":false},"excerpt":{"rendered":"<p>Los comisos realizados por la Aduana y el Viceministerio de Lucha Contra el Contrabando superaron los 400 millones de bolivianos, y tambi\u00e9n la meta fijada para fin de a\u00f1o. Los industriales alertan que el incremento pone en riesgo 600.000 empleos y las operaciones de m\u00e1s de 30.000 industrias. \u201cPonderamos el esfuerzo de autoridades nacionales que [&hellip;]<\/p>\n","protected":false},"author":1,"featured_media":103312,"comment_status":"closed","ping_status":"closed","sticky":false,"template":"","format":"standard","meta":{"_acf_changed":false,"footnotes":""},"categories":[7],"tags":[],"class_list":["post-103311","post","type-post","status-publish","format-standard","has-post-thumbnail","category-economia"],"acf":{"antetitulo":""},"yoast_head":"<!-- This site is optimized with the Yoast SEO plugin v28.3 - https:\/\/yoast.com\/product\/yoast-seo-wordpress\/ -->\n<title>Comisos de productos de contrabando superaron la meta anual de la Aduana - El Diario - Bolivia<\/title>\n<meta name=\"robots\" content=\"index, follow, max-snippet:-1, max-image-preview:large, max-video-preview:-1\" \/>\n<link rel=\"canonical\" href=\"https:\/\/www.eldiario.net\/portal\/2022\/08\/12\/comisos-de-productos-de-contrabando-superaron-la-meta-anual-de-la-aduana\/\" \/>\n<meta property=\"og:locale\" content=\"es_ES\" \/>\n<meta property=\"og:type\" content=\"article\" \/>\n<meta property=\"og:title\" content=\"Comisos de productos de contrabando superaron la meta anual de la Aduana - El Diario - Bolivia\" \/>\n<meta property=\"og:description\" content=\"Los comisos realizados por la Aduana y el Viceministerio de Lucha Contra el Contrabando superaron los 400 millones de bolivianos, y tambi\u00e9n la meta fijada para fin de a\u00f1o. Los industriales alertan que el incremento pone en riesgo 600.000 empleos y las operaciones de m\u00e1s de 30.000 industrias. \u201cPonderamos el esfuerzo de autoridades nacionales que [&hellip;]\" \/>\n<meta property=\"og:url\" content=\"https:\/\/www.eldiario.net\/portal\/2022\/08\/12\/comisos-de-productos-de-contrabando-superaron-la-meta-anual-de-la-aduana\/\" \/>\n<meta property=\"og:site_name\" content=\"El Diario - Bolivia\" \/>\n<meta property=\"article:publisher\" content=\"https:\/\/www.facebook.com\/eldiario.bolivia\/\" \/>\n<meta property=\"article:published_time\" content=\"2022-08-12T09:57:16+00:00\" \/>\n<meta property=\"og:image\" content=\"https:\/\/www.eldiario.net\/portal\/wp-content\/uploads\/2022\/08\/contra-scaled-1.jpg\" \/>\n\t<meta property=\"og:image:width\" content=\"2560\" \/>\n\t<meta property=\"og:image:height\" content=\"1920\" \/>\n\t<meta property=\"og:image:type\" content=\"image\/jpeg\" \/>\n<meta name=\"author\" content=\"Jeanette\" \/>\n<meta name=\"twitter:card\" content=\"summary_large_image\" \/>\n<meta name=\"twitter:creator\" content=\"@eldiario_net\" \/>\n<meta name=\"twitter:site\" content=\"@eldiario_net\" \/>\n<meta name=\"twitter:label1\" content=\"Escrito por\" \/>\n\t<meta name=\"twitter:data1\" content=\"Jeanette\" \/>\n\t<meta name=\"twitter:label2\" content=\"Tiempo de lectura\" \/>\n\t<meta name=\"twitter:data2\" content=\"4 minutos\" \/>\n<script type=\"application\/ld+json\" class=\"yoast-schema-graph\">{\"@context\":\"https:\\\/\\\/schema.org\",\"@graph\":[{\"@type\":\"Article\",\"@id\":\"https:\\\/\\\/www.eldiario.net\\\/portal\\\/2022\\\/08\\\/12\\\/comisos-de-productos-de-contrabando-superaron-la-meta-anual-de-la-aduana\\\/#article\",\"isPartOf\":{\"@id\":\"https:\\\/\\\/www.eldiario.net\\\/portal\\\/2022\\\/08\\\/12\\\/comisos-de-productos-de-contrabando-superaron-la-meta-anual-de-la-aduana\\\/\"},\"author\":{\"name\":\"Jeanette\",\"@id\":\"https:\\\/\\\/www.eldiario.net\\\/portal\\\/#\\\/schema\\\/person\\\/f46445640444750d7d753ccd04ae01b7\"},\"headline\":\"Comisos de productos de contrabando superaron la meta anual de la Aduana\",\"datePublished\":\"2022-08-12T09:57:16+00:00\",\"mainEntityOfPage\":{\"@id\":\"https:\\\/\\\/www.eldiario.net\\\/portal\\\/2022\\\/08\\\/12\\\/comisos-de-productos-de-contrabando-superaron-la-meta-anual-de-la-aduana\\\/\"},\"wordCount\":811,\"publisher\":{\"@id\":\"https:\\\/\\\/www.eldiario.net\\\/portal\\\/#organization\"},\"image\":{\"@id\":\"https:\\\/\\\/www.eldiario.net\\\/portal\\\/2022\\\/08\\\/12\\\/comisos-de-productos-de-contrabando-superaron-la-meta-anual-de-la-aduana\\\/#primaryimage\"},\"thumbnailUrl\":\"https:\\\/\\\/www.eldiario.net\\\/portal\\\/wp-content\\\/uploads\\\/2022\\\/08\\\/contra-scaled-1.jpg\",\"articleSection\":[\"Econom\u00eda\"],\"inLanguage\":\"es\"},{\"@type\":\"WebPage\",\"@id\":\"https:\\\/\\\/www.eldiario.net\\\/portal\\\/2022\\\/08\\\/12\\\/comisos-de-productos-de-contrabando-superaron-la-meta-anual-de-la-aduana\\\/\",\"url\":\"https:\\\/\\\/www.eldiario.net\\\/portal\\\/2022\\\/08\\\/12\\\/comisos-de-productos-de-contrabando-superaron-la-meta-anual-de-la-aduana\\\/\",\"name\":\"Comisos de productos de contrabando superaron la meta anual de la Aduana - El Diario - Bolivia\",\"isPartOf\":{\"@id\":\"https:\\\/\\\/www.eldiario.net\\\/portal\\\/#website\"},\"primaryImageOfPage\":{\"@id\":\"https:\\\/\\\/www.eldiario.net\\\/portal\\\/2022\\\/08\\\/12\\\/comisos-de-productos-de-contrabando-superaron-la-meta-anual-de-la-aduana\\\/#primaryimage\"},\"image\":{\"@id\":\"https:\\\/\\\/www.eldiario.net\\\/portal\\\/2022\\\/08\\\/12\\\/comisos-de-productos-de-contrabando-superaron-la-meta-anual-de-la-aduana\\\/#primaryimage\"},\"thumbnailUrl\":\"https:\\\/\\\/www.eldiario.net\\\/portal\\\/wp-content\\\/uploads\\\/2022\\\/08\\\/contra-scaled-1.jpg\",\"datePublished\":\"2022-08-12T09:57:16+00:00\",\"breadcrumb\":{\"@id\":\"https:\\\/\\\/www.eldiario.net\\\/portal\\\/2022\\\/08\\\/12\\\/comisos-de-productos-de-contrabando-superaron-la-meta-anual-de-la-aduana\\\/#breadcrumb\"},\"inLanguage\":\"es\",\"potentialAction\":[{\"@type\":\"ReadAction\",\"target\":[\"https:\\\/\\\/www.eldiario.net\\\/portal\\\/2022\\\/08\\\/12\\\/comisos-de-productos-de-contrabando-superaron-la-meta-anual-de-la-aduana\\\/\"]}]},{\"@type\":\"ImageObject\",\"inLanguage\":\"es\",\"@id\":\"https:\\\/\\\/www.eldiario.net\\\/portal\\\/2022\\\/08\\\/12\\\/comisos-de-productos-de-contrabando-superaron-la-meta-anual-de-la-aduana\\\/#primaryimage\",\"url\":\"https:\\\/\\\/www.eldiario.net\\\/portal\\\/wp-content\\\/uploads\\\/2022\\\/08\\\/contra-scaled-1.jpg\",\"contentUrl\":\"https:\\\/\\\/www.eldiario.net\\\/portal\\\/wp-content\\\/uploads\\\/2022\\\/08\\\/contra-scaled-1.jpg\",\"width\":2560,\"height\":1920,\"caption\":\"Presidente de la C\u00e1mara Nacional de Industrias, Pablo Camacho en conferencia de prensa, junto a miembros del directorio.\"},{\"@type\":\"BreadcrumbList\",\"@id\":\"https:\\\/\\\/www.eldiario.net\\\/portal\\\/2022\\\/08\\\/12\\\/comisos-de-productos-de-contrabando-superaron-la-meta-anual-de-la-aduana\\\/#breadcrumb\",\"itemListElement\":[{\"@type\":\"ListItem\",\"position\":1,\"name\":\"Portada\",\"item\":\"https:\\\/\\\/www.eldiario.net\\\/portal\\\/\"},{\"@type\":\"ListItem\",\"position\":2,\"name\":\"Comisos de productos de contrabando superaron la meta anual de la Aduana\"}]},{\"@type\":\"WebSite\",\"@id\":\"https:\\\/\\\/www.eldiario.net\\\/portal\\\/#website\",\"url\":\"https:\\\/\\\/www.eldiario.net\\\/portal\\\/\",\"name\":\"El Diario - Decano de la prensa nacional\",\"description\":\"El Diario - Decano de la prensa nacional\",\"publisher\":{\"@id\":\"https:\\\/\\\/www.eldiario.net\\\/portal\\\/#organization\"},\"potentialAction\":[{\"@type\":\"SearchAction\",\"target\":{\"@type\":\"EntryPoint\",\"urlTemplate\":\"https:\\\/\\\/www.eldiario.net\\\/portal\\\/?s={search_term_string}\"},\"query-input\":{\"@type\":\"PropertyValueSpecification\",\"valueRequired\":true,\"valueName\":\"search_term_string\"}}],\"inLanguage\":\"es\"},{\"@type\":\"Organization\",\"@id\":\"https:\\\/\\\/www.eldiario.net\\\/portal\\\/#organization\",\"name\":\"El Diario - Decano de la prensa nacional\",\"url\":\"https:\\\/\\\/www.eldiario.net\\\/portal\\\/\",\"logo\":{\"@type\":\"ImageObject\",\"inLanguage\":\"es\",\"@id\":\"https:\\\/\\\/www.eldiario.net\\\/portal\\\/#\\\/schema\\\/logo\\\/image\\\/\",\"url\":\"https:\\\/\\\/www.eldiario.net\\\/portal\\\/wp-content\\\/uploads\\\/2023\\\/07\\\/logo_ED.jpg\",\"contentUrl\":\"https:\\\/\\\/www.eldiario.net\\\/portal\\\/wp-content\\\/uploads\\\/2023\\\/07\\\/logo_ED.jpg\",\"width\":272,\"height\":52,\"caption\":\"El Diario - Decano de la prensa nacional\"},\"image\":{\"@id\":\"https:\\\/\\\/www.eldiario.net\\\/portal\\\/#\\\/schema\\\/logo\\\/image\\\/\"},\"sameAs\":[\"https:\\\/\\\/www.facebook.com\\\/eldiario.bolivia\\\/\",\"https:\\\/\\\/x.com\\\/eldiario_net\"]},{\"@type\":\"Person\",\"@id\":\"https:\\\/\\\/www.eldiario.net\\\/portal\\\/#\\\/schema\\\/person\\\/f46445640444750d7d753ccd04ae01b7\",\"name\":\"Jeanette\",\"image\":{\"@type\":\"ImageObject\",\"inLanguage\":\"es\",\"@id\":\"https:\\\/\\\/secure.gravatar.com\\\/avatar\\\/3ea2118a5f7dad2b7138b1187a6b7ee55f160b9968b66013c3a3ef39dd7e5798?s=96&d=mm&r=g\",\"url\":\"https:\\\/\\\/secure.gravatar.com\\\/avatar\\\/3ea2118a5f7dad2b7138b1187a6b7ee55f160b9968b66013c3a3ef39dd7e5798?s=96&d=mm&r=g\",\"contentUrl\":\"https:\\\/\\\/secure.gravatar.com\\\/avatar\\\/3ea2118a5f7dad2b7138b1187a6b7ee55f160b9968b66013c3a3ef39dd7e5798?s=96&d=mm&r=g\",\"caption\":\"Jeanette\"},\"sameAs\":[\"https:\\\/\\\/www.eldiario.net\\\/portal\"],\"url\":\"https:\\\/\\\/www.eldiario.net\\\/portal\\\/author\\\/jeanette\\\/\"}]}<\/script>\n<!-- \/ Yoast SEO plugin. -->","yoast_head_json":{"title":"Comisos de productos de contrabando superaron la meta anual de la Aduana - El Diario - Bolivia","robots":{"index":"index","follow":"follow","max-snippet":"max-snippet:-1","max-image-preview":"max-image-preview:large","max-video-preview":"max-video-preview:-1"},"canonical":"https:\/\/www.eldiario.net\/portal\/2022\/08\/12\/comisos-de-productos-de-contrabando-superaron-la-meta-anual-de-la-aduana\/","og_locale":"es_ES","og_type":"article","og_title":"Comisos de productos de contrabando superaron la meta anual de la Aduana - El Diario - Bolivia","og_description":"Los comisos realizados por la Aduana y el Viceministerio de Lucha Contra el Contrabando superaron los 400 millones de bolivianos, y tambi\u00e9n la meta fijada para fin de a\u00f1o. Los industriales alertan que el incremento pone en riesgo 600.000 empleos y las operaciones de m\u00e1s de 30.000 industrias. \u201cPonderamos el esfuerzo de autoridades nacionales que [&hellip;]","og_url":"https:\/\/www.eldiario.net\/portal\/2022\/08\/12\/comisos-de-productos-de-contrabando-superaron-la-meta-anual-de-la-aduana\/","og_site_name":"El Diario - Bolivia","article_publisher":"https:\/\/www.facebook.com\/eldiario.bolivia\/","article_published_time":"2022-08-12T09:57:16+00:00","og_image":[{"width":2560,"height":1920,"url":"https:\/\/www.eldiario.net\/portal\/wp-content\/uploads\/2022\/08\/contra-scaled-1.jpg","type":"image\/jpeg"}],"author":"Jeanette","twitter_card":"summary_large_image","twitter_creator":"@eldiario_net","twitter_site":"@eldiario_net","twitter_misc":{"Escrito por":"Jeanette","Tiempo de lectura":"4 minutos"},"schema":{"@context":"https:\/\/schema.org","@graph":[{"@type":"Article","@id":"https:\/\/www.eldiario.net\/portal\/2022\/08\/12\/comisos-de-productos-de-contrabando-superaron-la-meta-anual-de-la-aduana\/#article","isPartOf":{"@id":"https:\/\/www.eldiario.net\/portal\/2022\/08\/12\/comisos-de-productos-de-contrabando-superaron-la-meta-anual-de-la-aduana\/"},"author":{"name":"Jeanette","@id":"https:\/\/www.eldiario.net\/portal\/#\/schema\/person\/f46445640444750d7d753ccd04ae01b7"},"headline":"Comisos de productos de contrabando superaron la meta anual de la Aduana","datePublished":"2022-08-12T09:57:16+00:00","mainEntityOfPage":{"@id":"https:\/\/www.eldiario.net\/portal\/2022\/08\/12\/comisos-de-productos-de-contrabando-superaron-la-meta-anual-de-la-aduana\/"},"wordCount":811,"publisher":{"@id":"https:\/\/www.eldiario.net\/portal\/#organization"},"image":{"@id":"https:\/\/www.eldiario.net\/portal\/2022\/08\/12\/comisos-de-productos-de-contrabando-superaron-la-meta-anual-de-la-aduana\/#primaryimage"},"thumbnailUrl":"https:\/\/www.eldiario.net\/portal\/wp-content\/uploads\/2022\/08\/contra-scaled-1.jpg","articleSection":["Econom\u00eda"],"inLanguage":"es"},{"@type":"WebPage","@id":"https:\/\/www.eldiario.net\/portal\/2022\/08\/12\/comisos-de-productos-de-contrabando-superaron-la-meta-anual-de-la-aduana\/","url":"https:\/\/www.eldiario.net\/portal\/2022\/08\/12\/comisos-de-productos-de-contrabando-superaron-la-meta-anual-de-la-aduana\/","name":"Comisos de productos de contrabando superaron la meta anual de la Aduana - El Diario - Bolivia","isPartOf":{"@id":"https:\/\/www.eldiario.net\/portal\/#website"},"primaryImageOfPage":{"@id":"https:\/\/www.eldiario.net\/portal\/2022\/08\/12\/comisos-de-productos-de-contrabando-superaron-la-meta-anual-de-la-aduana\/#primaryimage"},"image":{"@id":"https:\/\/www.eldiario.net\/portal\/2022\/08\/12\/comisos-de-productos-de-contrabando-superaron-la-meta-anual-de-la-aduana\/#primaryimage"},"thumbnailUrl":"https:\/\/www.eldiario.net\/portal\/wp-content\/uploads\/2022\/08\/contra-scaled-1.jpg","datePublished":"2022-08-12T09:57:16+00:00","breadcrumb":{"@id":"https:\/\/www.eldiario.net\/portal\/2022\/08\/12\/comisos-de-productos-de-contrabando-superaron-la-meta-anual-de-la-aduana\/#breadcrumb"},"inLanguage":"es","potentialAction":[{"@type":"ReadAction","target":["https:\/\/www.eldiario.net\/portal\/2022\/08\/12\/comisos-de-productos-de-contrabando-superaron-la-meta-anual-de-la-aduana\/"]}]},{"@type":"ImageObject","inLanguage":"es","@id":"https:\/\/www.eldiario.net\/portal\/2022\/08\/12\/comisos-de-productos-de-contrabando-superaron-la-meta-anual-de-la-aduana\/#primaryimage","url":"https:\/\/www.eldiario.net\/portal\/wp-content\/uploads\/2022\/08\/contra-scaled-1.jpg","contentUrl":"https:\/\/www.eldiario.net\/portal\/wp-content\/uploads\/2022\/08\/contra-scaled-1.jpg","width":2560,"height":1920,"caption":"Presidente de la C\u00e1mara Nacional de Industrias, Pablo Camacho en conferencia de prensa, junto a miembros del directorio."},{"@type":"BreadcrumbList","@id":"https:\/\/www.eldiario.net\/portal\/2022\/08\/12\/comisos-de-productos-de-contrabando-superaron-la-meta-anual-de-la-aduana\/#breadcrumb","itemListElement":[{"@type":"ListItem","position":1,"name":"Portada","item":"https:\/\/www.eldiario.net\/portal\/"},{"@type":"ListItem","position":2,"name":"Comisos de productos de contrabando superaron la meta anual de la Aduana"}]},{"@type":"WebSite","@id":"https:\/\/www.eldiario.net\/portal\/#website","url":"https:\/\/www.eldiario.net\/portal\/","name":"El Diario - Decano de la prensa nacional","description":"El Diario - Decano de la prensa nacional","publisher":{"@id":"https:\/\/www.eldiario.net\/portal\/#organization"},"potentialAction":[{"@type":"SearchAction","target":{"@type":"EntryPoint","urlTemplate":"https:\/\/www.eldiario.net\/portal\/?s={search_term_string}"},"query-input":{"@type":"PropertyValueSpecification","valueRequired":true,"valueName":"search_term_string"}}],"inLanguage":"es"},{"@type":"Organization","@id":"https:\/\/www.eldiario.net\/portal\/#organization","name":"El Diario - Decano de la prensa nacional","url":"https:\/\/www.eldiario.net\/portal\/","logo":{"@type":"ImageObject","inLanguage":"es","@id":"https:\/\/www.eldiario.net\/portal\/#\/schema\/logo\/image\/","url":"https:\/\/www.eldiario.net\/portal\/wp-content\/uploads\/2023\/07\/logo_ED.jpg","contentUrl":"https:\/\/www.eldiario.net\/portal\/wp-content\/uploads\/2023\/07\/logo_ED.jpg","width":272,"height":52,"caption":"El Diario - Decano de la prensa nacional"},"image":{"@id":"https:\/\/www.eldiario.net\/portal\/#\/schema\/logo\/image\/"},"sameAs":["https:\/\/www.facebook.com\/eldiario.bolivia\/","https:\/\/x.com\/eldiario_net"]},{"@type":"Person","@id":"https:\/\/www.eldiario.net\/portal\/#\/schema\/person\/f46445640444750d7d753ccd04ae01b7","name":"Jeanette","image":{"@type":"ImageObject","inLanguage":"es","@id":"https:\/\/secure.gravatar.com\/avatar\/3ea2118a5f7dad2b7138b1187a6b7ee55f160b9968b66013c3a3ef39dd7e5798?s=96&d=mm&r=g","url":"https:\/\/secure.gravatar.com\/avatar\/3ea2118a5f7dad2b7138b1187a6b7ee55f160b9968b66013c3a3ef39dd7e5798?s=96&d=mm&r=g","contentUrl":"https:\/\/secure.gravatar.com\/avatar\/3ea2118a5f7dad2b7138b1187a6b7ee55f160b9968b66013c3a3ef39dd7e5798?s=96&d=mm&r=g","caption":"Jeanette"},"sameAs":["https:\/\/www.eldiario.net\/portal"],"url":"https:\/\/www.eldiario.net\/portal\/author\/jeanette\/"}]}},"_links":{"self":[{"href":"https:\/\/www.eldiario.net\/portal\/wp-json\/wp\/v2\/posts\/103311","targetHints":{"allow":["GET"]}}],"collection":[{"href":"https:\/\/www.eldiario.net\/portal\/wp-json\/wp\/v2\/posts"}],"about":[{"href":"https:\/\/www.eldiario.net\/portal\/wp-json\/wp\/v2\/types\/post"}],"author":[{"embeddable":true,"href":"https:\/\/www.eldiario.net\/portal\/wp-json\/wp\/v2\/users\/1"}],"replies":[{"embeddable":true,"href":"https:\/\/www.eldiario.net\/portal\/wp-json\/wp\/v2\/comments?post=103311"}],"version-history":[{"count":0,"href":"https:\/\/www.eldiario.net\/portal\/wp-json\/wp\/v2\/posts\/103311\/revisions"}],"wp:featuredmedia":[{"embeddable":true,"href":"https:\/\/www.eldiario.net\/portal\/wp-json\/wp\/v2\/media\/103312"}],"wp:attachment":[{"href":"https:\/\/www.eldiario.net\/portal\/wp-json\/wp\/v2\/media?parent=103311"}],"wp:term":[{"taxonomy":"category","embeddable":true,"href":"https:\/\/www.eldiario.net\/portal\/wp-json\/wp\/v2\/categories?post=103311"},{"taxonomy":"post_tag","embeddable":true,"href":"https:\/\/www.eldiario.net\/portal\/wp-json\/wp\/v2\/tags?post=103311"}],"curies":[{"name":"wp","href":"https:\/\/api.w.org\/{rel}","templated":true}]}}