{"id":103302,"date":"2022-08-12T05:55:01","date_gmt":"2022-08-12T09:55:01","guid":{"rendered":"https:\/\/www.eldiario.net\/portal\/?p=103302"},"modified":"2022-08-12T05:55:01","modified_gmt":"2022-08-12T09:55:01","slug":"feria-altomotriz-busca-reactivacion-economica","status":"publish","type":"post","link":"https:\/\/www.eldiario.net\/portal\/2022\/08\/12\/feria-altomotriz-busca-reactivacion-economica\/","title":{"rendered":"Feria Altomotriz busca reactivaci\u00f3n econ\u00f3mica"},"content":{"rendered":"<p>Con el fin de promover la reactivaci\u00f3n econ\u00f3mica en la urbe m\u00e1s joven del pa\u00eds, se organiza la primera versi\u00f3n de la Feria Altomotriz que se realizar\u00e1 en la Terminal Metropolitana de El Alto, la misma estar\u00e1 abierta por 3 d\u00edas, a partir de hoy hasta el domingo 14 de agosto, y m\u00e1s de 20 empresas presentar\u00e1n sus ofertas.<br \/>\n\u00abLa Feria Altomotriz es una rama del sal\u00f3n Internacional del Autom\u00f3vil y este a\u00f1o por primera vez tendr\u00e1 como escenario principal la ciudad de El Alto. Estamos contentos porque estamos seguros que en estos tres d\u00edas vamos a tener visitantes de la urbe alte\u00f1a y pace\u00f1a, que podr\u00e1n ver veh\u00edculos, motocicletas y maquinaria pesada, entre otros productos\u00bb, explic\u00f3 el organizador de la Feria Altomotriz, Diego Rada.<br \/>\nAgreg\u00f3 que est\u00e1n muy agradecidos por el apoyo brindado por la Alcaldesa de El Alto, Eva Copa, al brindar un lugar tan moderno, como es la Terminal Metropolitana de dicha ciudad, y tambi\u00e9n por que m\u00e1s de 20 marcas automotrices estar\u00e1n con sus respectivos stands, para que la comunidad alte\u00f1a pueda ver las ofertas.<br \/>\n\u00abEntre otros rubros tenemos a dos grandes empresas que estar\u00e1n en la feria como son: Puntomaq y Nibol que expondr\u00e1n orugas, tractores y todo el equipamiento que tienen, y pondr\u00e1n a disposici\u00f3n de entidades, empresas y del p\u00fablico en general. Adem\u00e1s de veh\u00edculos livianos a precios de feria, con descuentos especiales\u00bb, destac\u00f3 el organizador.<br \/>\nPor su parte, el director de la Terminal Metropolina de El Alto, Ra\u00fal Flores, reiter\u00f3 la invitaci\u00f3n para que los ciudadanos visiten los diferentes stands de la feria y desde luego las instalaciones de la moderna terminal, que tendr\u00e1 el patio de comida para que las personas degusten de la gastronom\u00eda preparada para la ocasi\u00f3n.<br \/>\n\u00abEsta actividad automotriz promueve la reactivaci\u00f3n econ\u00f3mica que los alte\u00f1os y, en general, todos los bolivianos necesitamos. La alcaldesa dijo que brindemos la apertura a este tipo de iniciativas y para ello est\u00e1 la terminal, que tiene una ubicaci\u00f3n estrat\u00e9gica a pocos pasos del telef\u00e9rico morado que conecta La Paz y El Alto, y a 10 minutos del aeropuerto y la Ceja\u00bb, sostuvo Flores.<br \/>\nEntre otras marcas del rubro automotor estar\u00e1n: Toyosa, Honda, Dynapac, Komatsu, Dieci, BMW Motorrad, Randon, ZNA, Dongfeng, Chery, Foton, Faw, Johd Deere, Mack, Ud Trucks, Volvo, Subaru, Ram, entre otros.<\/p>\n","protected":false},"excerpt":{"rendered":"<p>Con el fin de promover la reactivaci\u00f3n econ\u00f3mica en la urbe m\u00e1s joven del pa\u00eds, se organiza la primera versi\u00f3n de la Feria Altomotriz que se realizar\u00e1 en la Terminal Metropolitana de El Alto, la misma estar\u00e1 abierta por 3 d\u00edas, a partir de hoy hasta el domingo 14 de agosto, y m\u00e1s de 20 [&hellip;]<\/p>\n","protected":false},"author":1,"featured_media":103303,"comment_status":"closed","ping_status":"closed","sticky":false,"template":"","format":"standard","meta":{"_acf_changed":false,"footnotes":""},"categories":[7],"tags":[],"class_list":["post-103302","post","type-post","status-publish","format-standard","has-post-thumbnail","category-economia"],"acf":{"antetitulo":""},"yoast_head":"<!-- This site is optimized with the Yoast SEO plugin v28.3 - https:\/\/yoast.com\/product\/yoast-seo-wordpress\/ -->\n<title>Feria Altomotriz busca reactivaci\u00f3n econ\u00f3mica - El Diario - Bolivia<\/title>\n<meta name=\"robots\" content=\"index, follow, max-snippet:-1, max-image-preview:large, max-video-preview:-1\" \/>\n<link rel=\"canonical\" href=\"https:\/\/www.eldiario.net\/portal\/2022\/08\/12\/feria-altomotriz-busca-reactivacion-economica\/\" \/>\n<meta property=\"og:locale\" content=\"es_ES\" \/>\n<meta property=\"og:type\" content=\"article\" \/>\n<meta property=\"og:title\" content=\"Feria Altomotriz busca reactivaci\u00f3n econ\u00f3mica - El Diario - Bolivia\" \/>\n<meta property=\"og:description\" content=\"Con el fin de promover la reactivaci\u00f3n econ\u00f3mica en la urbe m\u00e1s joven del pa\u00eds, se organiza la primera versi\u00f3n de la Feria Altomotriz que se realizar\u00e1 en la Terminal Metropolitana de El Alto, la misma estar\u00e1 abierta por 3 d\u00edas, a partir de hoy hasta el domingo 14 de agosto, y m\u00e1s de 20 [&hellip;]\" \/>\n<meta property=\"og:url\" content=\"https:\/\/www.eldiario.net\/portal\/2022\/08\/12\/feria-altomotriz-busca-reactivacion-economica\/\" \/>\n<meta property=\"og:site_name\" content=\"El Diario - Bolivia\" \/>\n<meta property=\"article:publisher\" content=\"https:\/\/www.facebook.com\/eldiario.bolivia\/\" \/>\n<meta property=\"article:published_time\" content=\"2022-08-12T09:55:01+00:00\" \/>\n<meta name=\"author\" content=\"Jeanette\" \/>\n<meta name=\"twitter:card\" content=\"summary_large_image\" \/>\n<meta name=\"twitter:creator\" content=\"@eldiario_net\" \/>\n<meta name=\"twitter:site\" content=\"@eldiario_net\" \/>\n<meta name=\"twitter:label1\" content=\"Escrito por\" \/>\n\t<meta name=\"twitter:data1\" content=\"Jeanette\" \/>\n\t<meta name=\"twitter:label2\" content=\"Tiempo de lectura\" \/>\n\t<meta name=\"twitter:data2\" content=\"2 minutos\" \/>\n<script type=\"application\/ld+json\" class=\"yoast-schema-graph\">{\"@context\":\"https:\\\/\\\/schema.org\",\"@graph\":[{\"@type\":\"Article\",\"@id\":\"https:\\\/\\\/www.eldiario.net\\\/portal\\\/2022\\\/08\\\/12\\\/feria-altomotriz-busca-reactivacion-economica\\\/#article\",\"isPartOf\":{\"@id\":\"https:\\\/\\\/www.eldiario.net\\\/portal\\\/2022\\\/08\\\/12\\\/feria-altomotriz-busca-reactivacion-economica\\\/\"},\"author\":{\"name\":\"Jeanette\",\"@id\":\"https:\\\/\\\/www.eldiario.net\\\/portal\\\/#\\\/schema\\\/person\\\/f46445640444750d7d753ccd04ae01b7\"},\"headline\":\"Feria Altomotriz busca reactivaci\u00f3n econ\u00f3mica\",\"datePublished\":\"2022-08-12T09:55:01+00:00\",\"mainEntityOfPage\":{\"@id\":\"https:\\\/\\\/www.eldiario.net\\\/portal\\\/2022\\\/08\\\/12\\\/feria-altomotriz-busca-reactivacion-economica\\\/\"},\"wordCount\":423,\"publisher\":{\"@id\":\"https:\\\/\\\/www.eldiario.net\\\/portal\\\/#organization\"},\"image\":{\"@id\":\"https:\\\/\\\/www.eldiario.net\\\/portal\\\/2022\\\/08\\\/12\\\/feria-altomotriz-busca-reactivacion-economica\\\/#primaryimage\"},\"thumbnailUrl\":\"\",\"articleSection\":[\"Econom\u00eda\"],\"inLanguage\":\"es\"},{\"@type\":\"WebPage\",\"@id\":\"https:\\\/\\\/www.eldiario.net\\\/portal\\\/2022\\\/08\\\/12\\\/feria-altomotriz-busca-reactivacion-economica\\\/\",\"url\":\"https:\\\/\\\/www.eldiario.net\\\/portal\\\/2022\\\/08\\\/12\\\/feria-altomotriz-busca-reactivacion-economica\\\/\",\"name\":\"Feria Altomotriz busca reactivaci\u00f3n econ\u00f3mica - El Diario - Bolivia\",\"isPartOf\":{\"@id\":\"https:\\\/\\\/www.eldiario.net\\\/portal\\\/#website\"},\"primaryImageOfPage\":{\"@id\":\"https:\\\/\\\/www.eldiario.net\\\/portal\\\/2022\\\/08\\\/12\\\/feria-altomotriz-busca-reactivacion-economica\\\/#primaryimage\"},\"image\":{\"@id\":\"https:\\\/\\\/www.eldiario.net\\\/portal\\\/2022\\\/08\\\/12\\\/feria-altomotriz-busca-reactivacion-economica\\\/#primaryimage\"},\"thumbnailUrl\":\"\",\"datePublished\":\"2022-08-12T09:55:01+00:00\",\"breadcrumb\":{\"@id\":\"https:\\\/\\\/www.eldiario.net\\\/portal\\\/2022\\\/08\\\/12\\\/feria-altomotriz-busca-reactivacion-economica\\\/#breadcrumb\"},\"inLanguage\":\"es\",\"potentialAction\":[{\"@type\":\"ReadAction\",\"target\":[\"https:\\\/\\\/www.eldiario.net\\\/portal\\\/2022\\\/08\\\/12\\\/feria-altomotriz-busca-reactivacion-economica\\\/\"]}]},{\"@type\":\"ImageObject\",\"inLanguage\":\"es\",\"@id\":\"https:\\\/\\\/www.eldiario.net\\\/portal\\\/2022\\\/08\\\/12\\\/feria-altomotriz-busca-reactivacion-economica\\\/#primaryimage\",\"url\":\"\",\"contentUrl\":\"\"},{\"@type\":\"BreadcrumbList\",\"@id\":\"https:\\\/\\\/www.eldiario.net\\\/portal\\\/2022\\\/08\\\/12\\\/feria-altomotriz-busca-reactivacion-economica\\\/#breadcrumb\",\"itemListElement\":[{\"@type\":\"ListItem\",\"position\":1,\"name\":\"Portada\",\"item\":\"https:\\\/\\\/www.eldiario.net\\\/portal\\\/\"},{\"@type\":\"ListItem\",\"position\":2,\"name\":\"Feria Altomotriz busca reactivaci\u00f3n econ\u00f3mica\"}]},{\"@type\":\"WebSite\",\"@id\":\"https:\\\/\\\/www.eldiario.net\\\/portal\\\/#website\",\"url\":\"https:\\\/\\\/www.eldiario.net\\\/portal\\\/\",\"name\":\"El Diario - Decano de la prensa nacional\",\"description\":\"El Diario - Decano de la prensa nacional\",\"publisher\":{\"@id\":\"https:\\\/\\\/www.eldiario.net\\\/portal\\\/#organization\"},\"potentialAction\":[{\"@type\":\"SearchAction\",\"target\":{\"@type\":\"EntryPoint\",\"urlTemplate\":\"https:\\\/\\\/www.eldiario.net\\\/portal\\\/?s={search_term_string}\"},\"query-input\":{\"@type\":\"PropertyValueSpecification\",\"valueRequired\":true,\"valueName\":\"search_term_string\"}}],\"inLanguage\":\"es\"},{\"@type\":\"Organization\",\"@id\":\"https:\\\/\\\/www.eldiario.net\\\/portal\\\/#organization\",\"name\":\"El Diario - Decano de la prensa nacional\",\"url\":\"https:\\\/\\\/www.eldiario.net\\\/portal\\\/\",\"logo\":{\"@type\":\"ImageObject\",\"inLanguage\":\"es\",\"@id\":\"https:\\\/\\\/www.eldiario.net\\\/portal\\\/#\\\/schema\\\/logo\\\/image\\\/\",\"url\":\"https:\\\/\\\/www.eldiario.net\\\/portal\\\/wp-content\\\/uploads\\\/2023\\\/07\\\/logo_ED.jpg\",\"contentUrl\":\"https:\\\/\\\/www.eldiario.net\\\/portal\\\/wp-content\\\/uploads\\\/2023\\\/07\\\/logo_ED.jpg\",\"width\":272,\"height\":52,\"caption\":\"El Diario - Decano de la prensa nacional\"},\"image\":{\"@id\":\"https:\\\/\\\/www.eldiario.net\\\/portal\\\/#\\\/schema\\\/logo\\\/image\\\/\"},\"sameAs\":[\"https:\\\/\\\/www.facebook.com\\\/eldiario.bolivia\\\/\",\"https:\\\/\\\/x.com\\\/eldiario_net\"]},{\"@type\":\"Person\",\"@id\":\"https:\\\/\\\/www.eldiario.net\\\/portal\\\/#\\\/schema\\\/person\\\/f46445640444750d7d753ccd04ae01b7\",\"name\":\"Jeanette\",\"image\":{\"@type\":\"ImageObject\",\"inLanguage\":\"es\",\"@id\":\"https:\\\/\\\/secure.gravatar.com\\\/avatar\\\/3ea2118a5f7dad2b7138b1187a6b7ee55f160b9968b66013c3a3ef39dd7e5798?s=96&d=mm&r=g\",\"url\":\"https:\\\/\\\/secure.gravatar.com\\\/avatar\\\/3ea2118a5f7dad2b7138b1187a6b7ee55f160b9968b66013c3a3ef39dd7e5798?s=96&d=mm&r=g\",\"contentUrl\":\"https:\\\/\\\/secure.gravatar.com\\\/avatar\\\/3ea2118a5f7dad2b7138b1187a6b7ee55f160b9968b66013c3a3ef39dd7e5798?s=96&d=mm&r=g\",\"caption\":\"Jeanette\"},\"sameAs\":[\"https:\\\/\\\/www.eldiario.net\\\/portal\"],\"url\":\"https:\\\/\\\/www.eldiario.net\\\/portal\\\/author\\\/jeanette\\\/\"}]}<\/script>\n<!-- \/ Yoast SEO plugin. -->","yoast_head_json":{"title":"Feria Altomotriz busca reactivaci\u00f3n econ\u00f3mica - El Diario - Bolivia","robots":{"index":"index","follow":"follow","max-snippet":"max-snippet:-1","max-image-preview":"max-image-preview:large","max-video-preview":"max-video-preview:-1"},"canonical":"https:\/\/www.eldiario.net\/portal\/2022\/08\/12\/feria-altomotriz-busca-reactivacion-economica\/","og_locale":"es_ES","og_type":"article","og_title":"Feria Altomotriz busca reactivaci\u00f3n econ\u00f3mica - El Diario - Bolivia","og_description":"Con el fin de promover la reactivaci\u00f3n econ\u00f3mica en la urbe m\u00e1s joven del pa\u00eds, se organiza la primera versi\u00f3n de la Feria Altomotriz que se realizar\u00e1 en la Terminal Metropolitana de El Alto, la misma estar\u00e1 abierta por 3 d\u00edas, a partir de hoy hasta el domingo 14 de agosto, y m\u00e1s de 20 [&hellip;]","og_url":"https:\/\/www.eldiario.net\/portal\/2022\/08\/12\/feria-altomotriz-busca-reactivacion-economica\/","og_site_name":"El Diario - Bolivia","article_publisher":"https:\/\/www.facebook.com\/eldiario.bolivia\/","article_published_time":"2022-08-12T09:55:01+00:00","author":"Jeanette","twitter_card":"summary_large_image","twitter_creator":"@eldiario_net","twitter_site":"@eldiario_net","twitter_misc":{"Escrito por":"Jeanette","Tiempo de lectura":"2 minutos"},"schema":{"@context":"https:\/\/schema.org","@graph":[{"@type":"Article","@id":"https:\/\/www.eldiario.net\/portal\/2022\/08\/12\/feria-altomotriz-busca-reactivacion-economica\/#article","isPartOf":{"@id":"https:\/\/www.eldiario.net\/portal\/2022\/08\/12\/feria-altomotriz-busca-reactivacion-economica\/"},"author":{"name":"Jeanette","@id":"https:\/\/www.eldiario.net\/portal\/#\/schema\/person\/f46445640444750d7d753ccd04ae01b7"},"headline":"Feria Altomotriz busca reactivaci\u00f3n econ\u00f3mica","datePublished":"2022-08-12T09:55:01+00:00","mainEntityOfPage":{"@id":"https:\/\/www.eldiario.net\/portal\/2022\/08\/12\/feria-altomotriz-busca-reactivacion-economica\/"},"wordCount":423,"publisher":{"@id":"https:\/\/www.eldiario.net\/portal\/#organization"},"image":{"@id":"https:\/\/www.eldiario.net\/portal\/2022\/08\/12\/feria-altomotriz-busca-reactivacion-economica\/#primaryimage"},"thumbnailUrl":"","articleSection":["Econom\u00eda"],"inLanguage":"es"},{"@type":"WebPage","@id":"https:\/\/www.eldiario.net\/portal\/2022\/08\/12\/feria-altomotriz-busca-reactivacion-economica\/","url":"https:\/\/www.eldiario.net\/portal\/2022\/08\/12\/feria-altomotriz-busca-reactivacion-economica\/","name":"Feria Altomotriz busca reactivaci\u00f3n econ\u00f3mica - El Diario - Bolivia","isPartOf":{"@id":"https:\/\/www.eldiario.net\/portal\/#website"},"primaryImageOfPage":{"@id":"https:\/\/www.eldiario.net\/portal\/2022\/08\/12\/feria-altomotriz-busca-reactivacion-economica\/#primaryimage"},"image":{"@id":"https:\/\/www.eldiario.net\/portal\/2022\/08\/12\/feria-altomotriz-busca-reactivacion-economica\/#primaryimage"},"thumbnailUrl":"","datePublished":"2022-08-12T09:55:01+00:00","breadcrumb":{"@id":"https:\/\/www.eldiario.net\/portal\/2022\/08\/12\/feria-altomotriz-busca-reactivacion-economica\/#breadcrumb"},"inLanguage":"es","potentialAction":[{"@type":"ReadAction","target":["https:\/\/www.eldiario.net\/portal\/2022\/08\/12\/feria-altomotriz-busca-reactivacion-economica\/"]}]},{"@type":"ImageObject","inLanguage":"es","@id":"https:\/\/www.eldiario.net\/portal\/2022\/08\/12\/feria-altomotriz-busca-reactivacion-economica\/#primaryimage","url":"","contentUrl":""},{"@type":"BreadcrumbList","@id":"https:\/\/www.eldiario.net\/portal\/2022\/08\/12\/feria-altomotriz-busca-reactivacion-economica\/#breadcrumb","itemListElement":[{"@type":"ListItem","position":1,"name":"Portada","item":"https:\/\/www.eldiario.net\/portal\/"},{"@type":"ListItem","position":2,"name":"Feria Altomotriz busca reactivaci\u00f3n econ\u00f3mica"}]},{"@type":"WebSite","@id":"https:\/\/www.eldiario.net\/portal\/#website","url":"https:\/\/www.eldiario.net\/portal\/","name":"El Diario - Decano de la prensa nacional","description":"El Diario - Decano de la prensa nacional","publisher":{"@id":"https:\/\/www.eldiario.net\/portal\/#organization"},"potentialAction":[{"@type":"SearchAction","target":{"@type":"EntryPoint","urlTemplate":"https:\/\/www.eldiario.net\/portal\/?s={search_term_string}"},"query-input":{"@type":"PropertyValueSpecification","valueRequired":true,"valueName":"search_term_string"}}],"inLanguage":"es"},{"@type":"Organization","@id":"https:\/\/www.eldiario.net\/portal\/#organization","name":"El Diario - Decano de la prensa nacional","url":"https:\/\/www.eldiario.net\/portal\/","logo":{"@type":"ImageObject","inLanguage":"es","@id":"https:\/\/www.eldiario.net\/portal\/#\/schema\/logo\/image\/","url":"https:\/\/www.eldiario.net\/portal\/wp-content\/uploads\/2023\/07\/logo_ED.jpg","contentUrl":"https:\/\/www.eldiario.net\/portal\/wp-content\/uploads\/2023\/07\/logo_ED.jpg","width":272,"height":52,"caption":"El Diario - Decano de la prensa nacional"},"image":{"@id":"https:\/\/www.eldiario.net\/portal\/#\/schema\/logo\/image\/"},"sameAs":["https:\/\/www.facebook.com\/eldiario.bolivia\/","https:\/\/x.com\/eldiario_net"]},{"@type":"Person","@id":"https:\/\/www.eldiario.net\/portal\/#\/schema\/person\/f46445640444750d7d753ccd04ae01b7","name":"Jeanette","image":{"@type":"ImageObject","inLanguage":"es","@id":"https:\/\/secure.gravatar.com\/avatar\/3ea2118a5f7dad2b7138b1187a6b7ee55f160b9968b66013c3a3ef39dd7e5798?s=96&d=mm&r=g","url":"https:\/\/secure.gravatar.com\/avatar\/3ea2118a5f7dad2b7138b1187a6b7ee55f160b9968b66013c3a3ef39dd7e5798?s=96&d=mm&r=g","contentUrl":"https:\/\/secure.gravatar.com\/avatar\/3ea2118a5f7dad2b7138b1187a6b7ee55f160b9968b66013c3a3ef39dd7e5798?s=96&d=mm&r=g","caption":"Jeanette"},"sameAs":["https:\/\/www.eldiario.net\/portal"],"url":"https:\/\/www.eldiario.net\/portal\/author\/jeanette\/"}]}},"_links":{"self":[{"href":"https:\/\/www.eldiario.net\/portal\/wp-json\/wp\/v2\/posts\/103302","targetHints":{"allow":["GET"]}}],"collection":[{"href":"https:\/\/www.eldiario.net\/portal\/wp-json\/wp\/v2\/posts"}],"about":[{"href":"https:\/\/www.eldiario.net\/portal\/wp-json\/wp\/v2\/types\/post"}],"author":[{"embeddable":true,"href":"https:\/\/www.eldiario.net\/portal\/wp-json\/wp\/v2\/users\/1"}],"replies":[{"embeddable":true,"href":"https:\/\/www.eldiario.net\/portal\/wp-json\/wp\/v2\/comments?post=103302"}],"version-history":[{"count":0,"href":"https:\/\/www.eldiario.net\/portal\/wp-json\/wp\/v2\/posts\/103302\/revisions"}],"wp:attachment":[{"href":"https:\/\/www.eldiario.net\/portal\/wp-json\/wp\/v2\/media?parent=103302"}],"wp:term":[{"taxonomy":"category","embeddable":true,"href":"https:\/\/www.eldiario.net\/portal\/wp-json\/wp\/v2\/categories?post=103302"},{"taxonomy":"post_tag","embeddable":true,"href":"https:\/\/www.eldiario.net\/portal\/wp-json\/wp\/v2\/tags?post=103302"}],"curies":[{"name":"wp","href":"https:\/\/api.w.org\/{rel}","templated":true}]}}