{"id":103299,"date":"2022-08-12T05:54:08","date_gmt":"2022-08-12T09:54:08","guid":{"rendered":"https:\/\/www.eldiario.net\/portal\/?p=103299"},"modified":"2022-08-12T05:54:08","modified_gmt":"2022-08-12T09:54:08","slug":"fernanda-verdesoto","status":"publish","type":"post","link":"https:\/\/www.eldiario.net\/portal\/2022\/08\/12\/fernanda-verdesoto\/","title":{"rendered":"Fernanda Verdesoto"},"content":{"rendered":"<p>Hoy, la investigadora literaria Fernanda Verdesoto, estar\u00e1 presentando su libro de cuentos llamado \u201cJano Bifronte\u201d en la Feria Internacional del Libro (que culmina ma\u00f1ana) a las 18.00 en la sala 4 \u201cAteneo Femenino\u201d del Campo Ferial Chuquiago Marka. El libro consta de 13 cuentos que relatan la transformaci\u00f3n de varias sociedades, de personas en particular. Es un conjunto de cuentos donde se plantean diferentes cambios y b\u00fasquedas de los personajes, como asevera la hermosa escritora y en esta exclusiva tenemos algunos pormenores\u2026 sean todos bienvenidos al show.<\/p>\n<p><strong>\u00bfQu\u00e9 frase literaria te identifica?<\/strong><br \/>\n\u201cPorque todo es bello en lo que se ama, y todo lo que se ama tiene un esp\u00edritu\u201d, es una frase del poeta franc\u00e9s Robert Desnos, de mis preferidos. Otra frase que me encanta de \u00e9l es \u201cNo es la poes\u00eda la que debe ser libre, es el poeta\u201d.<\/p>\n<p><strong>\u00bfC\u00f3mo inicias en el mundo de la literatura?<\/strong><br \/>\nLa verdad es que no recuerdo un \u201cmomento de iniciaci\u00f3n\u201d, pero siempre me ha gustado leer y escribir, es algo que siempre ha estado all\u00ed. Siempre tuve diarios y cuadernos y siempre tuve un librito listo para leer. Mis padres vienen de las humanidades y las ciencias sociales por lo que ellos tambi\u00e9n me inculcaron el amor por la lectura (no s\u00e9 si influye, pero tambi\u00e9n tuve una t\u00eda abuela, Raquel Verdesoto, poeta ecuatoriana de renombre y una t\u00eda bisabuela, Felicidad Ardaya, escritora y educadora). Poco a poco, con sus altos y bajos, idas y venidas, fue creciendo mi amor por las letras hasta que se volvieron mi oficio y profesi\u00f3n.<\/p>\n<p><strong>\u00bfRecuerdas cu\u00e1l fue el primer libro que despert\u00f3 tu amor por este eterno arte?<\/strong><br \/>\nEl primero no, recuerdo que fue un libro infantil sobre un fantasma. Sin embargo, uno de los primeros libros que de chica me despert\u00f3 mi amor por las letras fue \u201cEl Misterio del Solitario\u201d de Jostein Gaarder, creo que es su mejor libro, pese a que tiene m\u00e1s famosos. Me pareci\u00f3 impresionante la creatividad de este autor para alzar un mundo tan complejo y simple a la vez desde cero. Recuerdo que de ni\u00f1a me sent\u00eda \u201cimportante\u201d por haber terminado de leer ese libro, pero, sobre todo, me sent\u00ed con insoportables ganas de seguir leyendo.<\/p>\n<p><strong>\u00bfCu\u00e1l dir\u00edas que es tu mayor virtud como literata?<\/strong><br \/>\nCreo que es la construcci\u00f3n de im\u00e1genes o tambi\u00e9n representar algunos conceptos complicados de describir. Pero creo que eso no lo puedo definir yo, lo aclarar\u00e1n los lectores. Y bueno, tal vez aquello que considero mi fuerte sea mi mayor debilidad como escritora, y viceversa.<\/p>\n<p><strong>\u00bfC\u00f3mo fluye tu proceso creativo?<\/strong><br \/>\nNo soy la m\u00e1s met\u00f3dica. Hay semanas en que estoy muy activa escribiendo y otras en que no s\u00e9 qu\u00e9 palabra escribir. En todo caso, siempre necesito dejar descansar mis escritos, esperar a que maceren, a que cuajen. El proceso de \u201cJano Bifronte\u201d fue similar. Primero escrib\u00ed el cuento titulado \u201cEnero\u201d, hace ya un tiempo y fue por encargo para una publicaci\u00f3n que lamentablemente ya no existe. Luego, escrib\u00ed los \u00faltimos cuentos. Uno fue a ra\u00edz de una p\u00e9rdida, otro fue por una idea que marqu\u00e9 en un diario hace varios a\u00f1os y otro trata sobre temas que realmente me interesa analizar a profundidad como la santificaci\u00f3n y la trata de blancas. Me di cuenta que estos cuatro textos conectaban en un tema que es la metamorfosis, siempre los personajes (humanos o animales, hay un mundo animal bastante amplio en el libro) est\u00e1n transform\u00e1ndose en algo nuevo, para bien o para mal.<\/p>\n<p><strong>\u00bfCu\u00e1l es tu g\u00e9nero favorito para crear?<\/strong><br \/>\nLa narrativa. De hecho. Siento que le tengo mucho respeto a la poes\u00eda como para aventurarme en ella sin aterrizar bien. Sin embargo, con la narrativa me siento c\u00f3moda de narrar historias que pueden ser muy complejas, o historias donde la trama es casi nula, pero hacer lo posible para contar una experiencia.<\/p>\n<p><strong>Tu m\u00e1s reciente obra es un compilado de 13 cuentos y lleva por nombre \u201cJano Brifonte\u201d \u00bfA qu\u00e9 hace referencia el nombre?<\/strong><br \/>\nJano Bifronte es el dios romano de las dos caras, de las dos cabezas. Simboliza las puertas, comienzos y finales, por lo tanto, cambios (es por este dios que existe la palabra \u201cjanuary\u201d o \u201cjaneiro\u201d, que significa enero). Entonces, utilic\u00e9 este t\u00edtulo, porque todos los cuentos implican una metamorfosis, ya sea muy visible o discreta. Todos los cuentos son la historia de una transformaci\u00f3n, una situaci\u00f3n l\u00edmite que precisan cambios que eventualmente suceden.<\/p>\n<p><strong>\u00bfSobre qu\u00e9 temas te gusta escribir?<\/strong><br \/>\nMi escritura en general abarca muchos temas, desde el arte, el feminismo, la pol\u00edtica, la b\u00fasqueda, el miedo. \u201cJano Bifronte\u201d tambi\u00e9n aborda estos temas, como tambi\u00e9n habla de la metamorfosis, del duelo, de la p\u00e9rdida, de la b\u00fasqueda, de tratar de no caer en el cinismo.<\/p>\n<p><strong>La presentaci\u00f3n est\u00e1 programada este s\u00e1bado en la FIL \u00bfEn qu\u00e9 stand y a qu\u00e9 hora es la cita?<\/strong><br \/>\nLa presentaci\u00f3n ser\u00e1 el s\u00e1bado 13 de agosto, a las 18:00, en la sala Ateneo Femenino (bloque rojo, planta alta).<\/p>\n<p><strong>Como parte de la presentaci\u00f3n podremos contar con la poeta Adriana Lanza \u00bfCu\u00e1l ser\u00e1 su participaci\u00f3n en la misma?<\/strong><br \/>\nAdriana Lanza es una incre\u00edble escritora, docente y gestora cultural. Ella est\u00e1 familiarizada con mi escritura y tambi\u00e9n siempre me dio una mano en la difusi\u00f3n de la misma a trav\u00e9s del colectivo \u201cEsc\u00e1ndalo en tu Barca\u201d. Ella comentar\u00e1 el libro desde un punto de vista literario, est\u00e9tico y de contenido.<\/p>\n<p><strong>Aparte del proceso de promoci\u00f3n de \u201cJano Brifonte\u201d \u00bfQu\u00e9 incluye tu agenda para lo que viene en este 2022?<\/strong><br \/>\nSeguir\u00e9 con la escritura de mi primera novela. Tengo una idea que va rondando mi cabeza hace algunos a\u00f1os. Tambi\u00e9n espero que salga la publicaci\u00f3n de mi tesis de maestr\u00eda, que es sobre la dramaturgia del escritor ecuatoriano Jorge Icaza. Finalmente, sigo realizando mi investigaci\u00f3n en el Instituto de Investigaciones Literarias, sobre las revistas femeninas Feminiflor y Eco Femenino. Seguir\u00e9 dando clases y escribiendo cr\u00edtica de teatro.<\/p>\n<p>Checklist:<\/p>\n<p>3 libros eternos:<br \/>\nPoemas y antipoemas de Nicanor Parra<br \/>\nFlagelo de Jorge Icaza<br \/>\nEl invencible verano de Liliana de Cristina Rivera Garza.<br \/>\n3 discos inolvidables:<br \/>\nEnemigos \u00edntimos de Joaqu\u00edn Sabina y Fito P\u00e1ez<br \/>\nMellon Collie and the Infinite Sadness de<br \/>\nThe Smashing Pumpkins<br \/>\nVersion 2.0 de Garbage<br \/>\n3 escritoras que admiras:<br \/>\nYolanda Bedregal M\u00f3nica Ojeda<br \/>\nMar\u00eda Virginia Estenssoro.<br \/>\n3 cosas imprescindibles en la vida:<br \/>\nDialogar Amar Respirar hondo.<\/p>\n","protected":false},"excerpt":{"rendered":"<p>Hoy, la investigadora literaria Fernanda Verdesoto, estar\u00e1 presentando su libro de cuentos llamado \u201cJano Bifronte\u201d en la Feria Internacional del Libro (que culmina ma\u00f1ana) a las 18.00 en la sala 4 \u201cAteneo Femenino\u201d del Campo Ferial Chuquiago Marka. El libro consta de 13 cuentos que relatan la transformaci\u00f3n de varias sociedades, de personas en particular. [&hellip;]<\/p>\n","protected":false},"author":1,"featured_media":103300,"comment_status":"closed","ping_status":"closed","sticky":false,"template":"","format":"standard","meta":{"_acf_changed":false,"footnotes":""},"categories":[8],"tags":[],"class_list":["post-103299","post","type-post","status-publish","format-standard","has-post-thumbnail","category-cultural"],"acf":{"antetitulo":""},"yoast_head":"<!-- This site is optimized with the Yoast SEO plugin v28.3 - https:\/\/yoast.com\/product\/yoast-seo-wordpress\/ -->\n<title>Fernanda Verdesoto - El Diario - Bolivia<\/title>\n<meta name=\"robots\" content=\"index, follow, max-snippet:-1, max-image-preview:large, max-video-preview:-1\" \/>\n<link rel=\"canonical\" href=\"https:\/\/www.eldiario.net\/portal\/2022\/08\/12\/fernanda-verdesoto\/\" \/>\n<meta property=\"og:locale\" content=\"es_ES\" \/>\n<meta property=\"og:type\" content=\"article\" \/>\n<meta property=\"og:title\" content=\"Fernanda Verdesoto - El Diario - Bolivia\" \/>\n<meta property=\"og:description\" content=\"Hoy, la investigadora literaria Fernanda Verdesoto, estar\u00e1 presentando su libro de cuentos llamado \u201cJano Bifronte\u201d en la Feria Internacional del Libro (que culmina ma\u00f1ana) a las 18.00 en la sala 4 \u201cAteneo Femenino\u201d del Campo Ferial Chuquiago Marka. El libro consta de 13 cuentos que relatan la transformaci\u00f3n de varias sociedades, de personas en particular. [&hellip;]\" \/>\n<meta property=\"og:url\" content=\"https:\/\/www.eldiario.net\/portal\/2022\/08\/12\/fernanda-verdesoto\/\" \/>\n<meta property=\"og:site_name\" content=\"El Diario - Bolivia\" \/>\n<meta property=\"article:publisher\" content=\"https:\/\/www.facebook.com\/eldiario.bolivia\/\" \/>\n<meta property=\"article:published_time\" content=\"2022-08-12T09:54:08+00:00\" \/>\n<meta name=\"author\" content=\"Jeanette\" \/>\n<meta name=\"twitter:card\" content=\"summary_large_image\" \/>\n<meta name=\"twitter:creator\" content=\"@eldiario_net\" \/>\n<meta name=\"twitter:site\" content=\"@eldiario_net\" \/>\n<meta name=\"twitter:label1\" content=\"Escrito por\" \/>\n\t<meta name=\"twitter:data1\" content=\"Jeanette\" \/>\n\t<meta name=\"twitter:label2\" content=\"Tiempo de lectura\" \/>\n\t<meta name=\"twitter:data2\" content=\"5 minutos\" \/>\n<script type=\"application\/ld+json\" class=\"yoast-schema-graph\">{\"@context\":\"https:\\\/\\\/schema.org\",\"@graph\":[{\"@type\":\"Article\",\"@id\":\"https:\\\/\\\/www.eldiario.net\\\/portal\\\/2022\\\/08\\\/12\\\/fernanda-verdesoto\\\/#article\",\"isPartOf\":{\"@id\":\"https:\\\/\\\/www.eldiario.net\\\/portal\\\/2022\\\/08\\\/12\\\/fernanda-verdesoto\\\/\"},\"author\":{\"name\":\"Jeanette\",\"@id\":\"https:\\\/\\\/www.eldiario.net\\\/portal\\\/#\\\/schema\\\/person\\\/f46445640444750d7d753ccd04ae01b7\"},\"headline\":\"Fernanda Verdesoto\",\"datePublished\":\"2022-08-12T09:54:08+00:00\",\"mainEntityOfPage\":{\"@id\":\"https:\\\/\\\/www.eldiario.net\\\/portal\\\/2022\\\/08\\\/12\\\/fernanda-verdesoto\\\/\"},\"wordCount\":1113,\"publisher\":{\"@id\":\"https:\\\/\\\/www.eldiario.net\\\/portal\\\/#organization\"},\"image\":{\"@id\":\"https:\\\/\\\/www.eldiario.net\\\/portal\\\/2022\\\/08\\\/12\\\/fernanda-verdesoto\\\/#primaryimage\"},\"thumbnailUrl\":\"\",\"articleSection\":[\"Cultural\"],\"inLanguage\":\"es\"},{\"@type\":\"WebPage\",\"@id\":\"https:\\\/\\\/www.eldiario.net\\\/portal\\\/2022\\\/08\\\/12\\\/fernanda-verdesoto\\\/\",\"url\":\"https:\\\/\\\/www.eldiario.net\\\/portal\\\/2022\\\/08\\\/12\\\/fernanda-verdesoto\\\/\",\"name\":\"Fernanda Verdesoto - El Diario - Bolivia\",\"isPartOf\":{\"@id\":\"https:\\\/\\\/www.eldiario.net\\\/portal\\\/#website\"},\"primaryImageOfPage\":{\"@id\":\"https:\\\/\\\/www.eldiario.net\\\/portal\\\/2022\\\/08\\\/12\\\/fernanda-verdesoto\\\/#primaryimage\"},\"image\":{\"@id\":\"https:\\\/\\\/www.eldiario.net\\\/portal\\\/2022\\\/08\\\/12\\\/fernanda-verdesoto\\\/#primaryimage\"},\"thumbnailUrl\":\"\",\"datePublished\":\"2022-08-12T09:54:08+00:00\",\"breadcrumb\":{\"@id\":\"https:\\\/\\\/www.eldiario.net\\\/portal\\\/2022\\\/08\\\/12\\\/fernanda-verdesoto\\\/#breadcrumb\"},\"inLanguage\":\"es\",\"potentialAction\":[{\"@type\":\"ReadAction\",\"target\":[\"https:\\\/\\\/www.eldiario.net\\\/portal\\\/2022\\\/08\\\/12\\\/fernanda-verdesoto\\\/\"]}]},{\"@type\":\"ImageObject\",\"inLanguage\":\"es\",\"@id\":\"https:\\\/\\\/www.eldiario.net\\\/portal\\\/2022\\\/08\\\/12\\\/fernanda-verdesoto\\\/#primaryimage\",\"url\":\"\",\"contentUrl\":\"\"},{\"@type\":\"BreadcrumbList\",\"@id\":\"https:\\\/\\\/www.eldiario.net\\\/portal\\\/2022\\\/08\\\/12\\\/fernanda-verdesoto\\\/#breadcrumb\",\"itemListElement\":[{\"@type\":\"ListItem\",\"position\":1,\"name\":\"Portada\",\"item\":\"https:\\\/\\\/www.eldiario.net\\\/portal\\\/\"},{\"@type\":\"ListItem\",\"position\":2,\"name\":\"Fernanda Verdesoto\"}]},{\"@type\":\"WebSite\",\"@id\":\"https:\\\/\\\/www.eldiario.net\\\/portal\\\/#website\",\"url\":\"https:\\\/\\\/www.eldiario.net\\\/portal\\\/\",\"name\":\"El Diario - Decano de la prensa nacional\",\"description\":\"El Diario - Decano de la prensa nacional\",\"publisher\":{\"@id\":\"https:\\\/\\\/www.eldiario.net\\\/portal\\\/#organization\"},\"potentialAction\":[{\"@type\":\"SearchAction\",\"target\":{\"@type\":\"EntryPoint\",\"urlTemplate\":\"https:\\\/\\\/www.eldiario.net\\\/portal\\\/?s={search_term_string}\"},\"query-input\":{\"@type\":\"PropertyValueSpecification\",\"valueRequired\":true,\"valueName\":\"search_term_string\"}}],\"inLanguage\":\"es\"},{\"@type\":\"Organization\",\"@id\":\"https:\\\/\\\/www.eldiario.net\\\/portal\\\/#organization\",\"name\":\"El Diario - Decano de la prensa nacional\",\"url\":\"https:\\\/\\\/www.eldiario.net\\\/portal\\\/\",\"logo\":{\"@type\":\"ImageObject\",\"inLanguage\":\"es\",\"@id\":\"https:\\\/\\\/www.eldiario.net\\\/portal\\\/#\\\/schema\\\/logo\\\/image\\\/\",\"url\":\"https:\\\/\\\/www.eldiario.net\\\/portal\\\/wp-content\\\/uploads\\\/2023\\\/07\\\/logo_ED.jpg\",\"contentUrl\":\"https:\\\/\\\/www.eldiario.net\\\/portal\\\/wp-content\\\/uploads\\\/2023\\\/07\\\/logo_ED.jpg\",\"width\":272,\"height\":52,\"caption\":\"El Diario - Decano de la prensa nacional\"},\"image\":{\"@id\":\"https:\\\/\\\/www.eldiario.net\\\/portal\\\/#\\\/schema\\\/logo\\\/image\\\/\"},\"sameAs\":[\"https:\\\/\\\/www.facebook.com\\\/eldiario.bolivia\\\/\",\"https:\\\/\\\/x.com\\\/eldiario_net\"]},{\"@type\":\"Person\",\"@id\":\"https:\\\/\\\/www.eldiario.net\\\/portal\\\/#\\\/schema\\\/person\\\/f46445640444750d7d753ccd04ae01b7\",\"name\":\"Jeanette\",\"image\":{\"@type\":\"ImageObject\",\"inLanguage\":\"es\",\"@id\":\"https:\\\/\\\/secure.gravatar.com\\\/avatar\\\/3ea2118a5f7dad2b7138b1187a6b7ee55f160b9968b66013c3a3ef39dd7e5798?s=96&d=mm&r=g\",\"url\":\"https:\\\/\\\/secure.gravatar.com\\\/avatar\\\/3ea2118a5f7dad2b7138b1187a6b7ee55f160b9968b66013c3a3ef39dd7e5798?s=96&d=mm&r=g\",\"contentUrl\":\"https:\\\/\\\/secure.gravatar.com\\\/avatar\\\/3ea2118a5f7dad2b7138b1187a6b7ee55f160b9968b66013c3a3ef39dd7e5798?s=96&d=mm&r=g\",\"caption\":\"Jeanette\"},\"sameAs\":[\"https:\\\/\\\/www.eldiario.net\\\/portal\"],\"url\":\"https:\\\/\\\/www.eldiario.net\\\/portal\\\/author\\\/jeanette\\\/\"}]}<\/script>\n<!-- \/ Yoast SEO plugin. -->","yoast_head_json":{"title":"Fernanda Verdesoto - El Diario - Bolivia","robots":{"index":"index","follow":"follow","max-snippet":"max-snippet:-1","max-image-preview":"max-image-preview:large","max-video-preview":"max-video-preview:-1"},"canonical":"https:\/\/www.eldiario.net\/portal\/2022\/08\/12\/fernanda-verdesoto\/","og_locale":"es_ES","og_type":"article","og_title":"Fernanda Verdesoto - El Diario - Bolivia","og_description":"Hoy, la investigadora literaria Fernanda Verdesoto, estar\u00e1 presentando su libro de cuentos llamado \u201cJano Bifronte\u201d en la Feria Internacional del Libro (que culmina ma\u00f1ana) a las 18.00 en la sala 4 \u201cAteneo Femenino\u201d del Campo Ferial Chuquiago Marka. El libro consta de 13 cuentos que relatan la transformaci\u00f3n de varias sociedades, de personas en particular. [&hellip;]","og_url":"https:\/\/www.eldiario.net\/portal\/2022\/08\/12\/fernanda-verdesoto\/","og_site_name":"El Diario - Bolivia","article_publisher":"https:\/\/www.facebook.com\/eldiario.bolivia\/","article_published_time":"2022-08-12T09:54:08+00:00","author":"Jeanette","twitter_card":"summary_large_image","twitter_creator":"@eldiario_net","twitter_site":"@eldiario_net","twitter_misc":{"Escrito por":"Jeanette","Tiempo de lectura":"5 minutos"},"schema":{"@context":"https:\/\/schema.org","@graph":[{"@type":"Article","@id":"https:\/\/www.eldiario.net\/portal\/2022\/08\/12\/fernanda-verdesoto\/#article","isPartOf":{"@id":"https:\/\/www.eldiario.net\/portal\/2022\/08\/12\/fernanda-verdesoto\/"},"author":{"name":"Jeanette","@id":"https:\/\/www.eldiario.net\/portal\/#\/schema\/person\/f46445640444750d7d753ccd04ae01b7"},"headline":"Fernanda Verdesoto","datePublished":"2022-08-12T09:54:08+00:00","mainEntityOfPage":{"@id":"https:\/\/www.eldiario.net\/portal\/2022\/08\/12\/fernanda-verdesoto\/"},"wordCount":1113,"publisher":{"@id":"https:\/\/www.eldiario.net\/portal\/#organization"},"image":{"@id":"https:\/\/www.eldiario.net\/portal\/2022\/08\/12\/fernanda-verdesoto\/#primaryimage"},"thumbnailUrl":"","articleSection":["Cultural"],"inLanguage":"es"},{"@type":"WebPage","@id":"https:\/\/www.eldiario.net\/portal\/2022\/08\/12\/fernanda-verdesoto\/","url":"https:\/\/www.eldiario.net\/portal\/2022\/08\/12\/fernanda-verdesoto\/","name":"Fernanda Verdesoto - El Diario - Bolivia","isPartOf":{"@id":"https:\/\/www.eldiario.net\/portal\/#website"},"primaryImageOfPage":{"@id":"https:\/\/www.eldiario.net\/portal\/2022\/08\/12\/fernanda-verdesoto\/#primaryimage"},"image":{"@id":"https:\/\/www.eldiario.net\/portal\/2022\/08\/12\/fernanda-verdesoto\/#primaryimage"},"thumbnailUrl":"","datePublished":"2022-08-12T09:54:08+00:00","breadcrumb":{"@id":"https:\/\/www.eldiario.net\/portal\/2022\/08\/12\/fernanda-verdesoto\/#breadcrumb"},"inLanguage":"es","potentialAction":[{"@type":"ReadAction","target":["https:\/\/www.eldiario.net\/portal\/2022\/08\/12\/fernanda-verdesoto\/"]}]},{"@type":"ImageObject","inLanguage":"es","@id":"https:\/\/www.eldiario.net\/portal\/2022\/08\/12\/fernanda-verdesoto\/#primaryimage","url":"","contentUrl":""},{"@type":"BreadcrumbList","@id":"https:\/\/www.eldiario.net\/portal\/2022\/08\/12\/fernanda-verdesoto\/#breadcrumb","itemListElement":[{"@type":"ListItem","position":1,"name":"Portada","item":"https:\/\/www.eldiario.net\/portal\/"},{"@type":"ListItem","position":2,"name":"Fernanda Verdesoto"}]},{"@type":"WebSite","@id":"https:\/\/www.eldiario.net\/portal\/#website","url":"https:\/\/www.eldiario.net\/portal\/","name":"El Diario - Decano de la prensa nacional","description":"El Diario - Decano de la prensa nacional","publisher":{"@id":"https:\/\/www.eldiario.net\/portal\/#organization"},"potentialAction":[{"@type":"SearchAction","target":{"@type":"EntryPoint","urlTemplate":"https:\/\/www.eldiario.net\/portal\/?s={search_term_string}"},"query-input":{"@type":"PropertyValueSpecification","valueRequired":true,"valueName":"search_term_string"}}],"inLanguage":"es"},{"@type":"Organization","@id":"https:\/\/www.eldiario.net\/portal\/#organization","name":"El Diario - Decano de la prensa nacional","url":"https:\/\/www.eldiario.net\/portal\/","logo":{"@type":"ImageObject","inLanguage":"es","@id":"https:\/\/www.eldiario.net\/portal\/#\/schema\/logo\/image\/","url":"https:\/\/www.eldiario.net\/portal\/wp-content\/uploads\/2023\/07\/logo_ED.jpg","contentUrl":"https:\/\/www.eldiario.net\/portal\/wp-content\/uploads\/2023\/07\/logo_ED.jpg","width":272,"height":52,"caption":"El Diario - Decano de la prensa nacional"},"image":{"@id":"https:\/\/www.eldiario.net\/portal\/#\/schema\/logo\/image\/"},"sameAs":["https:\/\/www.facebook.com\/eldiario.bolivia\/","https:\/\/x.com\/eldiario_net"]},{"@type":"Person","@id":"https:\/\/www.eldiario.net\/portal\/#\/schema\/person\/f46445640444750d7d753ccd04ae01b7","name":"Jeanette","image":{"@type":"ImageObject","inLanguage":"es","@id":"https:\/\/secure.gravatar.com\/avatar\/3ea2118a5f7dad2b7138b1187a6b7ee55f160b9968b66013c3a3ef39dd7e5798?s=96&d=mm&r=g","url":"https:\/\/secure.gravatar.com\/avatar\/3ea2118a5f7dad2b7138b1187a6b7ee55f160b9968b66013c3a3ef39dd7e5798?s=96&d=mm&r=g","contentUrl":"https:\/\/secure.gravatar.com\/avatar\/3ea2118a5f7dad2b7138b1187a6b7ee55f160b9968b66013c3a3ef39dd7e5798?s=96&d=mm&r=g","caption":"Jeanette"},"sameAs":["https:\/\/www.eldiario.net\/portal"],"url":"https:\/\/www.eldiario.net\/portal\/author\/jeanette\/"}]}},"_links":{"self":[{"href":"https:\/\/www.eldiario.net\/portal\/wp-json\/wp\/v2\/posts\/103299","targetHints":{"allow":["GET"]}}],"collection":[{"href":"https:\/\/www.eldiario.net\/portal\/wp-json\/wp\/v2\/posts"}],"about":[{"href":"https:\/\/www.eldiario.net\/portal\/wp-json\/wp\/v2\/types\/post"}],"author":[{"embeddable":true,"href":"https:\/\/www.eldiario.net\/portal\/wp-json\/wp\/v2\/users\/1"}],"replies":[{"embeddable":true,"href":"https:\/\/www.eldiario.net\/portal\/wp-json\/wp\/v2\/comments?post=103299"}],"version-history":[{"count":0,"href":"https:\/\/www.eldiario.net\/portal\/wp-json\/wp\/v2\/posts\/103299\/revisions"}],"wp:attachment":[{"href":"https:\/\/www.eldiario.net\/portal\/wp-json\/wp\/v2\/media?parent=103299"}],"wp:term":[{"taxonomy":"category","embeddable":true,"href":"https:\/\/www.eldiario.net\/portal\/wp-json\/wp\/v2\/categories?post=103299"},{"taxonomy":"post_tag","embeddable":true,"href":"https:\/\/www.eldiario.net\/portal\/wp-json\/wp\/v2\/tags?post=103299"}],"curies":[{"name":"wp","href":"https:\/\/api.w.org\/{rel}","templated":true}]}}