{"id":103288,"date":"2022-08-12T05:48:54","date_gmt":"2022-08-12T09:48:54","guid":{"rendered":"https:\/\/www.eldiario.net\/portal\/?p=103288"},"modified":"2022-08-12T05:48:54","modified_gmt":"2022-08-12T09:48:54","slug":"13-000-bielorrusos-pelean-en-invasion-de-rusia","status":"publish","type":"post","link":"https:\/\/www.eldiario.net\/portal\/2022\/08\/12\/13-000-bielorrusos-pelean-en-invasion-de-rusia\/","title":{"rendered":"13.000 bielorrusos pelean  en invasi\u00f3n de Rusia"},"content":{"rendered":"<p>Kiev.- Las autoridades ucranianas aseguraron ayer que hasta 13.000 ciudadanos bielorrusos han aceptado participar en la invasi\u00f3n de Rusia, a pesar de que esta presencia responde a motivos econ\u00f3micos y no ideol\u00f3gicos.<br \/>\nEl subjefe de operaciones del Estado Mayor de las Fuerzas Armadas de Ucrania, Oleksi Gromov, comunic\u00f3 en una rueda de prensa en la que ha afirmado que el reclutamiento del personal militar bielorruso tanto en activo como retirado se lleva a cabo en los centros de entrenamiento de aquel pa\u00eds.<br \/>\n\u201cRusia contin\u00faa involucrando a Bielorrusia en una guerra a gran escala contra Ucrania. Seg\u00fan datos preliminares, hasta 13.000 personas entre personal militar activo y retirado de las unidades bielorrusas han firmado su consentimiento para participar en la guerra\u201d, cont\u00f3 Gromov.<br \/>\n\u00abEl motivo principal es material y financiero. No hay componente ideol\u00f3gico\u00bb, asegur\u00f3 Gromov, quien tambi\u00e9n ha especulado sobre las intenciones del \u00abagresor\u00bb ruso de \u00abinvitar\u00bb a militares extranjeros a los campos de entrenamiento en Bielorrusia.<br \/>\nGromov asegur\u00f3 que el pasado 3 de agosto llegaron al aeropuerto de Mochulishche, en la regi\u00f3n de Minsk, los primeros soldados extranjeros procedentes de Vietnam, Uzbekist\u00e1n, Camer\u00fan, Laos, Tayikist\u00e1n, Kirguist\u00e1n, Siria y Mal\u00ed, con motivo de los Juegos Mundiales Militares que se celebrar\u00e1n este a\u00f1o entre el 13 y el 21 de agosto.<br \/>\n\u00abTodo esto se est\u00e1 haciendo para crear una imagen de la llamada cooperaci\u00f3n militar internacional del agresor. Es imposible saber el prop\u00f3sito real de celebrar estos juegos en territorio de Bielorrusia\u00bb, se\u00f1al\u00f3 Gromov, quien se ha preguntado por qu\u00e9 deber\u00eda celebrarse esta competici\u00f3n militar.<br \/>\nGromov incluso asegur\u00f3 que cuenta con informaci\u00f3n preliminar en la que no se descarta que puedan producirse ataques de sabotaje y de \u2039falsa bandera\u203a durante los juegos para ocasionar \u00abbajas intencionales entre los extranjeros\u00bb para culpar a Ucrania. (Europa Press)<\/p>\n","protected":false},"excerpt":{"rendered":"<p>Kiev.- Las autoridades ucranianas aseguraron ayer que hasta 13.000 ciudadanos bielorrusos han aceptado participar en la invasi\u00f3n de Rusia, a pesar de que esta presencia responde a motivos econ\u00f3micos y no ideol\u00f3gicos. El subjefe de operaciones del Estado Mayor de las Fuerzas Armadas de Ucrania, Oleksi Gromov, comunic\u00f3 en una rueda de prensa en la [&hellip;]<\/p>\n","protected":false},"author":1,"featured_media":103289,"comment_status":"closed","ping_status":"closed","sticky":false,"template":"","format":"standard","meta":{"_acf_changed":false,"footnotes":""},"categories":[3],"tags":[],"class_list":["post-103288","post","type-post","status-publish","format-standard","has-post-thumbnail","category-internacional"],"acf":{"antetitulo":""},"yoast_head":"<!-- This site is optimized with the Yoast SEO plugin v28.3 - https:\/\/yoast.com\/product\/yoast-seo-wordpress\/ -->\n<title>13.000 bielorrusos pelean en invasi\u00f3n de Rusia - El Diario - Bolivia<\/title>\n<meta name=\"robots\" content=\"index, follow, max-snippet:-1, max-image-preview:large, max-video-preview:-1\" \/>\n<link rel=\"canonical\" href=\"https:\/\/www.eldiario.net\/portal\/2022\/08\/12\/13-000-bielorrusos-pelean-en-invasion-de-rusia\/\" \/>\n<meta property=\"og:locale\" content=\"es_ES\" \/>\n<meta property=\"og:type\" content=\"article\" \/>\n<meta property=\"og:title\" content=\"13.000 bielorrusos pelean en invasi\u00f3n de Rusia - El Diario - Bolivia\" \/>\n<meta property=\"og:description\" content=\"Kiev.- Las autoridades ucranianas aseguraron ayer que hasta 13.000 ciudadanos bielorrusos han aceptado participar en la invasi\u00f3n de Rusia, a pesar de que esta presencia responde a motivos econ\u00f3micos y no ideol\u00f3gicos. El subjefe de operaciones del Estado Mayor de las Fuerzas Armadas de Ucrania, Oleksi Gromov, comunic\u00f3 en una rueda de prensa en la [&hellip;]\" \/>\n<meta property=\"og:url\" content=\"https:\/\/www.eldiario.net\/portal\/2022\/08\/12\/13-000-bielorrusos-pelean-en-invasion-de-rusia\/\" \/>\n<meta property=\"og:site_name\" content=\"El Diario - Bolivia\" \/>\n<meta property=\"article:publisher\" content=\"https:\/\/www.facebook.com\/eldiario.bolivia\/\" \/>\n<meta property=\"article:published_time\" content=\"2022-08-12T09:48:54+00:00\" \/>\n<meta name=\"author\" content=\"Jeanette\" \/>\n<meta name=\"twitter:card\" content=\"summary_large_image\" \/>\n<meta name=\"twitter:creator\" content=\"@eldiario_net\" \/>\n<meta name=\"twitter:site\" content=\"@eldiario_net\" \/>\n<meta name=\"twitter:label1\" content=\"Escrito por\" \/>\n\t<meta name=\"twitter:data1\" content=\"Jeanette\" \/>\n\t<meta name=\"twitter:label2\" content=\"Tiempo de lectura\" \/>\n\t<meta name=\"twitter:data2\" content=\"2 minutos\" \/>\n<script type=\"application\/ld+json\" class=\"yoast-schema-graph\">{\"@context\":\"https:\\\/\\\/schema.org\",\"@graph\":[{\"@type\":\"Article\",\"@id\":\"https:\\\/\\\/www.eldiario.net\\\/portal\\\/2022\\\/08\\\/12\\\/13-000-bielorrusos-pelean-en-invasion-de-rusia\\\/#article\",\"isPartOf\":{\"@id\":\"https:\\\/\\\/www.eldiario.net\\\/portal\\\/2022\\\/08\\\/12\\\/13-000-bielorrusos-pelean-en-invasion-de-rusia\\\/\"},\"author\":{\"name\":\"Jeanette\",\"@id\":\"https:\\\/\\\/www.eldiario.net\\\/portal\\\/#\\\/schema\\\/person\\\/f46445640444750d7d753ccd04ae01b7\"},\"headline\":\"13.000 bielorrusos pelean en invasi\u00f3n de Rusia\",\"datePublished\":\"2022-08-12T09:48:54+00:00\",\"mainEntityOfPage\":{\"@id\":\"https:\\\/\\\/www.eldiario.net\\\/portal\\\/2022\\\/08\\\/12\\\/13-000-bielorrusos-pelean-en-invasion-de-rusia\\\/\"},\"wordCount\":318,\"publisher\":{\"@id\":\"https:\\\/\\\/www.eldiario.net\\\/portal\\\/#organization\"},\"image\":{\"@id\":\"https:\\\/\\\/www.eldiario.net\\\/portal\\\/2022\\\/08\\\/12\\\/13-000-bielorrusos-pelean-en-invasion-de-rusia\\\/#primaryimage\"},\"thumbnailUrl\":\"\",\"articleSection\":[\"Internacional\"],\"inLanguage\":\"es\"},{\"@type\":\"WebPage\",\"@id\":\"https:\\\/\\\/www.eldiario.net\\\/portal\\\/2022\\\/08\\\/12\\\/13-000-bielorrusos-pelean-en-invasion-de-rusia\\\/\",\"url\":\"https:\\\/\\\/www.eldiario.net\\\/portal\\\/2022\\\/08\\\/12\\\/13-000-bielorrusos-pelean-en-invasion-de-rusia\\\/\",\"name\":\"13.000 bielorrusos pelean en invasi\u00f3n de Rusia - El Diario - Bolivia\",\"isPartOf\":{\"@id\":\"https:\\\/\\\/www.eldiario.net\\\/portal\\\/#website\"},\"primaryImageOfPage\":{\"@id\":\"https:\\\/\\\/www.eldiario.net\\\/portal\\\/2022\\\/08\\\/12\\\/13-000-bielorrusos-pelean-en-invasion-de-rusia\\\/#primaryimage\"},\"image\":{\"@id\":\"https:\\\/\\\/www.eldiario.net\\\/portal\\\/2022\\\/08\\\/12\\\/13-000-bielorrusos-pelean-en-invasion-de-rusia\\\/#primaryimage\"},\"thumbnailUrl\":\"\",\"datePublished\":\"2022-08-12T09:48:54+00:00\",\"breadcrumb\":{\"@id\":\"https:\\\/\\\/www.eldiario.net\\\/portal\\\/2022\\\/08\\\/12\\\/13-000-bielorrusos-pelean-en-invasion-de-rusia\\\/#breadcrumb\"},\"inLanguage\":\"es\",\"potentialAction\":[{\"@type\":\"ReadAction\",\"target\":[\"https:\\\/\\\/www.eldiario.net\\\/portal\\\/2022\\\/08\\\/12\\\/13-000-bielorrusos-pelean-en-invasion-de-rusia\\\/\"]}]},{\"@type\":\"ImageObject\",\"inLanguage\":\"es\",\"@id\":\"https:\\\/\\\/www.eldiario.net\\\/portal\\\/2022\\\/08\\\/12\\\/13-000-bielorrusos-pelean-en-invasion-de-rusia\\\/#primaryimage\",\"url\":\"\",\"contentUrl\":\"\"},{\"@type\":\"BreadcrumbList\",\"@id\":\"https:\\\/\\\/www.eldiario.net\\\/portal\\\/2022\\\/08\\\/12\\\/13-000-bielorrusos-pelean-en-invasion-de-rusia\\\/#breadcrumb\",\"itemListElement\":[{\"@type\":\"ListItem\",\"position\":1,\"name\":\"Portada\",\"item\":\"https:\\\/\\\/www.eldiario.net\\\/portal\\\/\"},{\"@type\":\"ListItem\",\"position\":2,\"name\":\"13.000 bielorrusos pelean en invasi\u00f3n de Rusia\"}]},{\"@type\":\"WebSite\",\"@id\":\"https:\\\/\\\/www.eldiario.net\\\/portal\\\/#website\",\"url\":\"https:\\\/\\\/www.eldiario.net\\\/portal\\\/\",\"name\":\"El Diario - Decano de la prensa nacional\",\"description\":\"El Diario - Decano de la prensa nacional\",\"publisher\":{\"@id\":\"https:\\\/\\\/www.eldiario.net\\\/portal\\\/#organization\"},\"potentialAction\":[{\"@type\":\"SearchAction\",\"target\":{\"@type\":\"EntryPoint\",\"urlTemplate\":\"https:\\\/\\\/www.eldiario.net\\\/portal\\\/?s={search_term_string}\"},\"query-input\":{\"@type\":\"PropertyValueSpecification\",\"valueRequired\":true,\"valueName\":\"search_term_string\"}}],\"inLanguage\":\"es\"},{\"@type\":\"Organization\",\"@id\":\"https:\\\/\\\/www.eldiario.net\\\/portal\\\/#organization\",\"name\":\"El Diario - Decano de la prensa nacional\",\"url\":\"https:\\\/\\\/www.eldiario.net\\\/portal\\\/\",\"logo\":{\"@type\":\"ImageObject\",\"inLanguage\":\"es\",\"@id\":\"https:\\\/\\\/www.eldiario.net\\\/portal\\\/#\\\/schema\\\/logo\\\/image\\\/\",\"url\":\"https:\\\/\\\/www.eldiario.net\\\/portal\\\/wp-content\\\/uploads\\\/2023\\\/07\\\/logo_ED.jpg\",\"contentUrl\":\"https:\\\/\\\/www.eldiario.net\\\/portal\\\/wp-content\\\/uploads\\\/2023\\\/07\\\/logo_ED.jpg\",\"width\":272,\"height\":52,\"caption\":\"El Diario - Decano de la prensa nacional\"},\"image\":{\"@id\":\"https:\\\/\\\/www.eldiario.net\\\/portal\\\/#\\\/schema\\\/logo\\\/image\\\/\"},\"sameAs\":[\"https:\\\/\\\/www.facebook.com\\\/eldiario.bolivia\\\/\",\"https:\\\/\\\/x.com\\\/eldiario_net\"]},{\"@type\":\"Person\",\"@id\":\"https:\\\/\\\/www.eldiario.net\\\/portal\\\/#\\\/schema\\\/person\\\/f46445640444750d7d753ccd04ae01b7\",\"name\":\"Jeanette\",\"image\":{\"@type\":\"ImageObject\",\"inLanguage\":\"es\",\"@id\":\"https:\\\/\\\/secure.gravatar.com\\\/avatar\\\/3ea2118a5f7dad2b7138b1187a6b7ee55f160b9968b66013c3a3ef39dd7e5798?s=96&d=mm&r=g\",\"url\":\"https:\\\/\\\/secure.gravatar.com\\\/avatar\\\/3ea2118a5f7dad2b7138b1187a6b7ee55f160b9968b66013c3a3ef39dd7e5798?s=96&d=mm&r=g\",\"contentUrl\":\"https:\\\/\\\/secure.gravatar.com\\\/avatar\\\/3ea2118a5f7dad2b7138b1187a6b7ee55f160b9968b66013c3a3ef39dd7e5798?s=96&d=mm&r=g\",\"caption\":\"Jeanette\"},\"sameAs\":[\"https:\\\/\\\/www.eldiario.net\\\/portal\"],\"url\":\"https:\\\/\\\/www.eldiario.net\\\/portal\\\/author\\\/jeanette\\\/\"}]}<\/script>\n<!-- \/ Yoast SEO plugin. -->","yoast_head_json":{"title":"13.000 bielorrusos pelean en invasi\u00f3n de Rusia - El Diario - Bolivia","robots":{"index":"index","follow":"follow","max-snippet":"max-snippet:-1","max-image-preview":"max-image-preview:large","max-video-preview":"max-video-preview:-1"},"canonical":"https:\/\/www.eldiario.net\/portal\/2022\/08\/12\/13-000-bielorrusos-pelean-en-invasion-de-rusia\/","og_locale":"es_ES","og_type":"article","og_title":"13.000 bielorrusos pelean en invasi\u00f3n de Rusia - El Diario - Bolivia","og_description":"Kiev.- Las autoridades ucranianas aseguraron ayer que hasta 13.000 ciudadanos bielorrusos han aceptado participar en la invasi\u00f3n de Rusia, a pesar de que esta presencia responde a motivos econ\u00f3micos y no ideol\u00f3gicos. El subjefe de operaciones del Estado Mayor de las Fuerzas Armadas de Ucrania, Oleksi Gromov, comunic\u00f3 en una rueda de prensa en la [&hellip;]","og_url":"https:\/\/www.eldiario.net\/portal\/2022\/08\/12\/13-000-bielorrusos-pelean-en-invasion-de-rusia\/","og_site_name":"El Diario - Bolivia","article_publisher":"https:\/\/www.facebook.com\/eldiario.bolivia\/","article_published_time":"2022-08-12T09:48:54+00:00","author":"Jeanette","twitter_card":"summary_large_image","twitter_creator":"@eldiario_net","twitter_site":"@eldiario_net","twitter_misc":{"Escrito por":"Jeanette","Tiempo de lectura":"2 minutos"},"schema":{"@context":"https:\/\/schema.org","@graph":[{"@type":"Article","@id":"https:\/\/www.eldiario.net\/portal\/2022\/08\/12\/13-000-bielorrusos-pelean-en-invasion-de-rusia\/#article","isPartOf":{"@id":"https:\/\/www.eldiario.net\/portal\/2022\/08\/12\/13-000-bielorrusos-pelean-en-invasion-de-rusia\/"},"author":{"name":"Jeanette","@id":"https:\/\/www.eldiario.net\/portal\/#\/schema\/person\/f46445640444750d7d753ccd04ae01b7"},"headline":"13.000 bielorrusos pelean en invasi\u00f3n de Rusia","datePublished":"2022-08-12T09:48:54+00:00","mainEntityOfPage":{"@id":"https:\/\/www.eldiario.net\/portal\/2022\/08\/12\/13-000-bielorrusos-pelean-en-invasion-de-rusia\/"},"wordCount":318,"publisher":{"@id":"https:\/\/www.eldiario.net\/portal\/#organization"},"image":{"@id":"https:\/\/www.eldiario.net\/portal\/2022\/08\/12\/13-000-bielorrusos-pelean-en-invasion-de-rusia\/#primaryimage"},"thumbnailUrl":"","articleSection":["Internacional"],"inLanguage":"es"},{"@type":"WebPage","@id":"https:\/\/www.eldiario.net\/portal\/2022\/08\/12\/13-000-bielorrusos-pelean-en-invasion-de-rusia\/","url":"https:\/\/www.eldiario.net\/portal\/2022\/08\/12\/13-000-bielorrusos-pelean-en-invasion-de-rusia\/","name":"13.000 bielorrusos pelean en invasi\u00f3n de Rusia - El Diario - Bolivia","isPartOf":{"@id":"https:\/\/www.eldiario.net\/portal\/#website"},"primaryImageOfPage":{"@id":"https:\/\/www.eldiario.net\/portal\/2022\/08\/12\/13-000-bielorrusos-pelean-en-invasion-de-rusia\/#primaryimage"},"image":{"@id":"https:\/\/www.eldiario.net\/portal\/2022\/08\/12\/13-000-bielorrusos-pelean-en-invasion-de-rusia\/#primaryimage"},"thumbnailUrl":"","datePublished":"2022-08-12T09:48:54+00:00","breadcrumb":{"@id":"https:\/\/www.eldiario.net\/portal\/2022\/08\/12\/13-000-bielorrusos-pelean-en-invasion-de-rusia\/#breadcrumb"},"inLanguage":"es","potentialAction":[{"@type":"ReadAction","target":["https:\/\/www.eldiario.net\/portal\/2022\/08\/12\/13-000-bielorrusos-pelean-en-invasion-de-rusia\/"]}]},{"@type":"ImageObject","inLanguage":"es","@id":"https:\/\/www.eldiario.net\/portal\/2022\/08\/12\/13-000-bielorrusos-pelean-en-invasion-de-rusia\/#primaryimage","url":"","contentUrl":""},{"@type":"BreadcrumbList","@id":"https:\/\/www.eldiario.net\/portal\/2022\/08\/12\/13-000-bielorrusos-pelean-en-invasion-de-rusia\/#breadcrumb","itemListElement":[{"@type":"ListItem","position":1,"name":"Portada","item":"https:\/\/www.eldiario.net\/portal\/"},{"@type":"ListItem","position":2,"name":"13.000 bielorrusos pelean en invasi\u00f3n de Rusia"}]},{"@type":"WebSite","@id":"https:\/\/www.eldiario.net\/portal\/#website","url":"https:\/\/www.eldiario.net\/portal\/","name":"El Diario - Decano de la prensa nacional","description":"El Diario - Decano de la prensa nacional","publisher":{"@id":"https:\/\/www.eldiario.net\/portal\/#organization"},"potentialAction":[{"@type":"SearchAction","target":{"@type":"EntryPoint","urlTemplate":"https:\/\/www.eldiario.net\/portal\/?s={search_term_string}"},"query-input":{"@type":"PropertyValueSpecification","valueRequired":true,"valueName":"search_term_string"}}],"inLanguage":"es"},{"@type":"Organization","@id":"https:\/\/www.eldiario.net\/portal\/#organization","name":"El Diario - Decano de la prensa nacional","url":"https:\/\/www.eldiario.net\/portal\/","logo":{"@type":"ImageObject","inLanguage":"es","@id":"https:\/\/www.eldiario.net\/portal\/#\/schema\/logo\/image\/","url":"https:\/\/www.eldiario.net\/portal\/wp-content\/uploads\/2023\/07\/logo_ED.jpg","contentUrl":"https:\/\/www.eldiario.net\/portal\/wp-content\/uploads\/2023\/07\/logo_ED.jpg","width":272,"height":52,"caption":"El Diario - Decano de la prensa nacional"},"image":{"@id":"https:\/\/www.eldiario.net\/portal\/#\/schema\/logo\/image\/"},"sameAs":["https:\/\/www.facebook.com\/eldiario.bolivia\/","https:\/\/x.com\/eldiario_net"]},{"@type":"Person","@id":"https:\/\/www.eldiario.net\/portal\/#\/schema\/person\/f46445640444750d7d753ccd04ae01b7","name":"Jeanette","image":{"@type":"ImageObject","inLanguage":"es","@id":"https:\/\/secure.gravatar.com\/avatar\/3ea2118a5f7dad2b7138b1187a6b7ee55f160b9968b66013c3a3ef39dd7e5798?s=96&d=mm&r=g","url":"https:\/\/secure.gravatar.com\/avatar\/3ea2118a5f7dad2b7138b1187a6b7ee55f160b9968b66013c3a3ef39dd7e5798?s=96&d=mm&r=g","contentUrl":"https:\/\/secure.gravatar.com\/avatar\/3ea2118a5f7dad2b7138b1187a6b7ee55f160b9968b66013c3a3ef39dd7e5798?s=96&d=mm&r=g","caption":"Jeanette"},"sameAs":["https:\/\/www.eldiario.net\/portal"],"url":"https:\/\/www.eldiario.net\/portal\/author\/jeanette\/"}]}},"_links":{"self":[{"href":"https:\/\/www.eldiario.net\/portal\/wp-json\/wp\/v2\/posts\/103288","targetHints":{"allow":["GET"]}}],"collection":[{"href":"https:\/\/www.eldiario.net\/portal\/wp-json\/wp\/v2\/posts"}],"about":[{"href":"https:\/\/www.eldiario.net\/portal\/wp-json\/wp\/v2\/types\/post"}],"author":[{"embeddable":true,"href":"https:\/\/www.eldiario.net\/portal\/wp-json\/wp\/v2\/users\/1"}],"replies":[{"embeddable":true,"href":"https:\/\/www.eldiario.net\/portal\/wp-json\/wp\/v2\/comments?post=103288"}],"version-history":[{"count":0,"href":"https:\/\/www.eldiario.net\/portal\/wp-json\/wp\/v2\/posts\/103288\/revisions"}],"wp:attachment":[{"href":"https:\/\/www.eldiario.net\/portal\/wp-json\/wp\/v2\/media?parent=103288"}],"wp:term":[{"taxonomy":"category","embeddable":true,"href":"https:\/\/www.eldiario.net\/portal\/wp-json\/wp\/v2\/categories?post=103288"},{"taxonomy":"post_tag","embeddable":true,"href":"https:\/\/www.eldiario.net\/portal\/wp-json\/wp\/v2\/tags?post=103288"}],"curies":[{"name":"wp","href":"https:\/\/api.w.org\/{rel}","templated":true}]}}