{"id":103284,"date":"2022-08-12T05:47:56","date_gmt":"2022-08-12T09:47:56","guid":{"rendered":"https:\/\/www.eldiario.net\/portal\/?p=103284"},"modified":"2022-08-12T05:47:56","modified_gmt":"2022-08-12T09:47:56","slug":"fiscal-general-confirma-registro-de-casa-de-trump","status":"publish","type":"post","link":"https:\/\/www.eldiario.net\/portal\/2022\/08\/12\/fiscal-general-confirma-registro-de-casa-de-trump\/","title":{"rendered":"Fiscal General confirma  registro de casa de Trump"},"content":{"rendered":"<p>Washington.- El fiscal General de Estados Unidos, Merrick Garland, confirm\u00f3 ayer que agentes federales registraron la casa del expresidente Donald Trump en Florida para investigar si retir\u00f3 ilegalmente registros de la Casa Blanca cuando dejaba el cargo.<br \/>\nWashington.- El fiscal general de Estados Unidos, Merrick Garland, confirm\u00f3 ayer que agentes federales registraron la casa del expresidente Donald Trump en Florida para investigar si retir\u00f3 ilegalmente registros de la Casa Blanca cuando dejaba el cargo.<br \/>\nSeg\u00fan Reuters, Garland dijo que hab\u00eda aprobado personalmente la decisi\u00f3n de registrar la casa de Trump. Agreg\u00f3 que el Departamento de Justicia hab\u00eda pedido a un tribunal que diera luz verde a una orden de registro presentada como parte de la investigaci\u00f3n debido al \u201cinter\u00e9s p\u00fablico sustancial.\u201d<br \/>\nGarland compareci\u00f3 ante los medios de comunicaci\u00f3n tras la pol\u00e9mica suscitada por el registro del FBI de la mansi\u00f3n del expresidente estadounidense Donald Trump en Mar-a-Lago (Florida), el cual ha confirmado que \u00e9l mismo pidi\u00f3 \u00abpersonalmente\u00bb, report\u00f3 Europa Press.<br \/>\nEl Fiscal General reconoci\u00f3 que su declaraci\u00f3n ante la prensa se debe \u00abal inter\u00e9s p\u00fablico sustancial\u00bb respecto al registro de la residencia privada de Trump, orden que fue \u00abautorizada por un tribunal federal tras el hallazgo requerido de causa probable\u00bb.<br \/>\n\u00abSe proporcionaron copias tanto de la orden judicial como del recibo de propiedad del FBI el d\u00eda del registro al abogado del expresidente que estuvo en el lugar durante el registro\u00bb, a\u00f1adi\u00f3 Garland, seg\u00fan recoge la cadena CNN.<br \/>\nEn este punto, ante la pol\u00e9mica suscitada, el fiscal general confirm\u00f3 que el Departamento de Justicia ha presentado una petici\u00f3n para poder revelar la orden de inspecci\u00f3n en la mansi\u00f3n de Mar-a-Lago.<br \/>\nSi bien el fiscal general ha reconocido que este tipo de decisi\u00f3n no tiene precedentes en la pol\u00edtica estadounidense, ha defendido que \u00abel departamento no tom\u00f3 esa decisi\u00f3n a la ligera\u00bb.<br \/>\n\u00abEs una pr\u00e1ctica est\u00e1ndar buscar medios menos intrusivos como alternativa a una b\u00fasqueda y limitar el alcance de cualquier b\u00fasqueda\u00bb, se\u00f1al\u00f3.<br \/>\nDe hecho, Garland desliz\u00f3 que a\u00fan existen muchos detalles que no puede dar a conocer debido a la pol\u00edtica del Departamento de Justicia de no comentar nada respecto a las investigaciones activas, seg\u00fan la cadena ABC.<br \/>\nEn este punto, el fiscal general reconoci\u00f3 la labor de los empleados del Departamento de Justicia ante los \u00abataques infundados\u00bb por parte de simpatizantes de Trump, incluido el intento de violaci\u00f3n de las instalaciones de la oficina del FBI en Cincinnati, en el estado de Ohio, este mismo jueves.<br \/>\n\u00abNo me quedar\u00e9 de brazos cruzados cuando su integridad sea atacada injustamente. Los hombres de FBI y del Departamento de Justicia son servidores p\u00fablico dedicados y patriotas. Todos los d\u00edas protegen al pueblo estadounidense de delitos violentos, terrorismo y otras amenazas\u00bb, dijo.<br \/>\nPor su parte, el director del FBI, Christopher Wray, se mostr\u00f3 preocupado esta misma jornada por la creciente presi\u00f3n sobre la instituci\u00f3n y, a ra\u00edz de la pol\u00e9mica desatada por el registro en la mansi\u00f3n de Trump, y ha pedido respeto para la labor de los agentes.<br \/>\nSimpatizantes y seguidores del expresidente han convocado una serie de movilizaciones para protestar por lo ocurrido, e incluso ayer se ha registrado un incidente en la oficina del FBI en Cincinnati, Ohio. (Agencias)<\/p>\n<figure id=\"attachment_103286\" aria-describedby=\"caption-attachment-103286\" style=\"width: 300px\" class=\"wp-caption aligncenter\"><a href=\"https:\/\/www.eldiario.net\/portal\/wp-content\/uploads\/2022\/08\/Trump-2-scaled.jpg\"><img loading=\"lazy\" decoding=\"async\" class=\"size-medium wp-image-103286\" src=\"https:\/\/www.eldiario.net\/portal\/wp-content\/uploads\/2022\/08\/Trump-2-300x200.jpg\" alt=\"\" width=\"300\" height=\"200\" \/><\/a><figcaption id=\"caption-attachment-103286\" class=\"wp-caption-text\">EL EXPRESIDENTE DE ESTADOS UNIDOS, DONALD TRUMP. REUTERS<\/figcaption><\/figure>\n","protected":false},"excerpt":{"rendered":"<p>Washington.- El fiscal General de Estados Unidos, Merrick Garland, confirm\u00f3 ayer que agentes federales registraron la casa del expresidente Donald Trump en Florida para investigar si retir\u00f3 ilegalmente registros de la Casa Blanca cuando dejaba el cargo. Washington.- El fiscal general de Estados Unidos, Merrick Garland, confirm\u00f3 ayer que agentes federales registraron la casa del [&hellip;]<\/p>\n","protected":false},"author":1,"featured_media":103285,"comment_status":"closed","ping_status":"closed","sticky":false,"template":"","format":"standard","meta":{"_acf_changed":false,"footnotes":""},"categories":[3],"tags":[],"class_list":["post-103284","post","type-post","status-publish","format-standard","has-post-thumbnail","category-internacional"],"acf":{"antetitulo":""},"yoast_head":"<!-- This site is optimized with the Yoast SEO plugin v28.4 - https:\/\/yoast.com\/product\/yoast-seo-wordpress\/ -->\n<title>Fiscal General confirma registro de casa de Trump - El Diario - Bolivia<\/title>\n<meta name=\"robots\" content=\"index, follow, max-snippet:-1, max-image-preview:large, max-video-preview:-1\" \/>\n<link rel=\"canonical\" href=\"https:\/\/www.eldiario.net\/portal\/2022\/08\/12\/fiscal-general-confirma-registro-de-casa-de-trump\/\" \/>\n<meta property=\"og:locale\" content=\"es_ES\" \/>\n<meta property=\"og:type\" content=\"article\" \/>\n<meta property=\"og:title\" content=\"Fiscal General confirma registro de casa de Trump - El Diario - Bolivia\" \/>\n<meta property=\"og:description\" content=\"Washington.- El fiscal General de Estados Unidos, Merrick Garland, confirm\u00f3 ayer que agentes federales registraron la casa del expresidente Donald Trump en Florida para investigar si retir\u00f3 ilegalmente registros de la Casa Blanca cuando dejaba el cargo. Washington.- El fiscal general de Estados Unidos, Merrick Garland, confirm\u00f3 ayer que agentes federales registraron la casa del [&hellip;]\" \/>\n<meta property=\"og:url\" content=\"https:\/\/www.eldiario.net\/portal\/2022\/08\/12\/fiscal-general-confirma-registro-de-casa-de-trump\/\" \/>\n<meta property=\"og:site_name\" content=\"El Diario - Bolivia\" \/>\n<meta property=\"article:publisher\" content=\"https:\/\/www.facebook.com\/eldiario.bolivia\/\" \/>\n<meta property=\"article:published_time\" content=\"2022-08-12T09:47:56+00:00\" \/>\n<meta name=\"author\" content=\"Jeanette\" \/>\n<meta name=\"twitter:card\" content=\"summary_large_image\" \/>\n<meta name=\"twitter:creator\" content=\"@eldiario_net\" \/>\n<meta name=\"twitter:site\" content=\"@eldiario_net\" \/>\n<meta name=\"twitter:label1\" content=\"Escrito por\" \/>\n\t<meta name=\"twitter:data1\" content=\"Jeanette\" \/>\n\t<meta name=\"twitter:label2\" content=\"Tiempo de lectura\" \/>\n\t<meta name=\"twitter:data2\" content=\"3 minutos\" \/>\n<script type=\"application\/ld+json\" class=\"yoast-schema-graph\">{\"@context\":\"https:\\\/\\\/schema.org\",\"@graph\":[{\"@type\":\"Article\",\"@id\":\"https:\\\/\\\/www.eldiario.net\\\/portal\\\/2022\\\/08\\\/12\\\/fiscal-general-confirma-registro-de-casa-de-trump\\\/#article\",\"isPartOf\":{\"@id\":\"https:\\\/\\\/www.eldiario.net\\\/portal\\\/2022\\\/08\\\/12\\\/fiscal-general-confirma-registro-de-casa-de-trump\\\/\"},\"author\":{\"name\":\"Jeanette\",\"@id\":\"https:\\\/\\\/www.eldiario.net\\\/portal\\\/#\\\/schema\\\/person\\\/f46445640444750d7d753ccd04ae01b7\"},\"headline\":\"Fiscal General confirma registro de casa de Trump\",\"datePublished\":\"2022-08-12T09:47:56+00:00\",\"mainEntityOfPage\":{\"@id\":\"https:\\\/\\\/www.eldiario.net\\\/portal\\\/2022\\\/08\\\/12\\\/fiscal-general-confirma-registro-de-casa-de-trump\\\/\"},\"wordCount\":593,\"publisher\":{\"@id\":\"https:\\\/\\\/www.eldiario.net\\\/portal\\\/#organization\"},\"image\":{\"@id\":\"https:\\\/\\\/www.eldiario.net\\\/portal\\\/2022\\\/08\\\/12\\\/fiscal-general-confirma-registro-de-casa-de-trump\\\/#primaryimage\"},\"thumbnailUrl\":\"\",\"articleSection\":[\"Internacional\"],\"inLanguage\":\"es\"},{\"@type\":\"WebPage\",\"@id\":\"https:\\\/\\\/www.eldiario.net\\\/portal\\\/2022\\\/08\\\/12\\\/fiscal-general-confirma-registro-de-casa-de-trump\\\/\",\"url\":\"https:\\\/\\\/www.eldiario.net\\\/portal\\\/2022\\\/08\\\/12\\\/fiscal-general-confirma-registro-de-casa-de-trump\\\/\",\"name\":\"Fiscal General confirma registro de casa de Trump - El Diario - Bolivia\",\"isPartOf\":{\"@id\":\"https:\\\/\\\/www.eldiario.net\\\/portal\\\/#website\"},\"primaryImageOfPage\":{\"@id\":\"https:\\\/\\\/www.eldiario.net\\\/portal\\\/2022\\\/08\\\/12\\\/fiscal-general-confirma-registro-de-casa-de-trump\\\/#primaryimage\"},\"image\":{\"@id\":\"https:\\\/\\\/www.eldiario.net\\\/portal\\\/2022\\\/08\\\/12\\\/fiscal-general-confirma-registro-de-casa-de-trump\\\/#primaryimage\"},\"thumbnailUrl\":\"\",\"datePublished\":\"2022-08-12T09:47:56+00:00\",\"breadcrumb\":{\"@id\":\"https:\\\/\\\/www.eldiario.net\\\/portal\\\/2022\\\/08\\\/12\\\/fiscal-general-confirma-registro-de-casa-de-trump\\\/#breadcrumb\"},\"inLanguage\":\"es\",\"potentialAction\":[{\"@type\":\"ReadAction\",\"target\":[\"https:\\\/\\\/www.eldiario.net\\\/portal\\\/2022\\\/08\\\/12\\\/fiscal-general-confirma-registro-de-casa-de-trump\\\/\"]}]},{\"@type\":\"ImageObject\",\"inLanguage\":\"es\",\"@id\":\"https:\\\/\\\/www.eldiario.net\\\/portal\\\/2022\\\/08\\\/12\\\/fiscal-general-confirma-registro-de-casa-de-trump\\\/#primaryimage\",\"url\":\"\",\"contentUrl\":\"\"},{\"@type\":\"BreadcrumbList\",\"@id\":\"https:\\\/\\\/www.eldiario.net\\\/portal\\\/2022\\\/08\\\/12\\\/fiscal-general-confirma-registro-de-casa-de-trump\\\/#breadcrumb\",\"itemListElement\":[{\"@type\":\"ListItem\",\"position\":1,\"name\":\"Portada\",\"item\":\"https:\\\/\\\/www.eldiario.net\\\/portal\\\/\"},{\"@type\":\"ListItem\",\"position\":2,\"name\":\"Fiscal General confirma registro de casa de Trump\"}]},{\"@type\":\"WebSite\",\"@id\":\"https:\\\/\\\/www.eldiario.net\\\/portal\\\/#website\",\"url\":\"https:\\\/\\\/www.eldiario.net\\\/portal\\\/\",\"name\":\"El Diario - Decano de la prensa nacional\",\"description\":\"El Diario - Decano de la prensa nacional\",\"publisher\":{\"@id\":\"https:\\\/\\\/www.eldiario.net\\\/portal\\\/#organization\"},\"potentialAction\":[{\"@type\":\"SearchAction\",\"target\":{\"@type\":\"EntryPoint\",\"urlTemplate\":\"https:\\\/\\\/www.eldiario.net\\\/portal\\\/?s={search_term_string}\"},\"query-input\":{\"@type\":\"PropertyValueSpecification\",\"valueRequired\":true,\"valueName\":\"search_term_string\"}}],\"inLanguage\":\"es\"},{\"@type\":\"Organization\",\"@id\":\"https:\\\/\\\/www.eldiario.net\\\/portal\\\/#organization\",\"name\":\"El Diario - Decano de la prensa nacional\",\"url\":\"https:\\\/\\\/www.eldiario.net\\\/portal\\\/\",\"logo\":{\"@type\":\"ImageObject\",\"inLanguage\":\"es\",\"@id\":\"https:\\\/\\\/www.eldiario.net\\\/portal\\\/#\\\/schema\\\/logo\\\/image\\\/\",\"url\":\"https:\\\/\\\/www.eldiario.net\\\/portal\\\/wp-content\\\/uploads\\\/2023\\\/07\\\/logo_ED.jpg\",\"contentUrl\":\"https:\\\/\\\/www.eldiario.net\\\/portal\\\/wp-content\\\/uploads\\\/2023\\\/07\\\/logo_ED.jpg\",\"width\":272,\"height\":52,\"caption\":\"El Diario - Decano de la prensa nacional\"},\"image\":{\"@id\":\"https:\\\/\\\/www.eldiario.net\\\/portal\\\/#\\\/schema\\\/logo\\\/image\\\/\"},\"sameAs\":[\"https:\\\/\\\/www.facebook.com\\\/eldiario.bolivia\\\/\",\"https:\\\/\\\/x.com\\\/eldiario_net\"]},{\"@type\":\"Person\",\"@id\":\"https:\\\/\\\/www.eldiario.net\\\/portal\\\/#\\\/schema\\\/person\\\/f46445640444750d7d753ccd04ae01b7\",\"name\":\"Jeanette\",\"image\":{\"@type\":\"ImageObject\",\"inLanguage\":\"es\",\"@id\":\"https:\\\/\\\/secure.gravatar.com\\\/avatar\\\/3ea2118a5f7dad2b7138b1187a6b7ee55f160b9968b66013c3a3ef39dd7e5798?s=96&d=mm&r=g\",\"url\":\"https:\\\/\\\/secure.gravatar.com\\\/avatar\\\/3ea2118a5f7dad2b7138b1187a6b7ee55f160b9968b66013c3a3ef39dd7e5798?s=96&d=mm&r=g\",\"contentUrl\":\"https:\\\/\\\/secure.gravatar.com\\\/avatar\\\/3ea2118a5f7dad2b7138b1187a6b7ee55f160b9968b66013c3a3ef39dd7e5798?s=96&d=mm&r=g\",\"caption\":\"Jeanette\"},\"sameAs\":[\"https:\\\/\\\/www.eldiario.net\\\/portal\"],\"url\":\"https:\\\/\\\/www.eldiario.net\\\/portal\\\/author\\\/jeanette\\\/\"}]}<\/script>\n<!-- \/ Yoast SEO plugin. -->","yoast_head_json":{"title":"Fiscal General confirma registro de casa de Trump - El Diario - Bolivia","robots":{"index":"index","follow":"follow","max-snippet":"max-snippet:-1","max-image-preview":"max-image-preview:large","max-video-preview":"max-video-preview:-1"},"canonical":"https:\/\/www.eldiario.net\/portal\/2022\/08\/12\/fiscal-general-confirma-registro-de-casa-de-trump\/","og_locale":"es_ES","og_type":"article","og_title":"Fiscal General confirma registro de casa de Trump - El Diario - Bolivia","og_description":"Washington.- El fiscal General de Estados Unidos, Merrick Garland, confirm\u00f3 ayer que agentes federales registraron la casa del expresidente Donald Trump en Florida para investigar si retir\u00f3 ilegalmente registros de la Casa Blanca cuando dejaba el cargo. Washington.- El fiscal general de Estados Unidos, Merrick Garland, confirm\u00f3 ayer que agentes federales registraron la casa del [&hellip;]","og_url":"https:\/\/www.eldiario.net\/portal\/2022\/08\/12\/fiscal-general-confirma-registro-de-casa-de-trump\/","og_site_name":"El Diario - Bolivia","article_publisher":"https:\/\/www.facebook.com\/eldiario.bolivia\/","article_published_time":"2022-08-12T09:47:56+00:00","author":"Jeanette","twitter_card":"summary_large_image","twitter_creator":"@eldiario_net","twitter_site":"@eldiario_net","twitter_misc":{"Escrito por":"Jeanette","Tiempo de lectura":"3 minutos"},"schema":{"@context":"https:\/\/schema.org","@graph":[{"@type":"Article","@id":"https:\/\/www.eldiario.net\/portal\/2022\/08\/12\/fiscal-general-confirma-registro-de-casa-de-trump\/#article","isPartOf":{"@id":"https:\/\/www.eldiario.net\/portal\/2022\/08\/12\/fiscal-general-confirma-registro-de-casa-de-trump\/"},"author":{"name":"Jeanette","@id":"https:\/\/www.eldiario.net\/portal\/#\/schema\/person\/f46445640444750d7d753ccd04ae01b7"},"headline":"Fiscal General confirma registro de casa de Trump","datePublished":"2022-08-12T09:47:56+00:00","mainEntityOfPage":{"@id":"https:\/\/www.eldiario.net\/portal\/2022\/08\/12\/fiscal-general-confirma-registro-de-casa-de-trump\/"},"wordCount":593,"publisher":{"@id":"https:\/\/www.eldiario.net\/portal\/#organization"},"image":{"@id":"https:\/\/www.eldiario.net\/portal\/2022\/08\/12\/fiscal-general-confirma-registro-de-casa-de-trump\/#primaryimage"},"thumbnailUrl":"","articleSection":["Internacional"],"inLanguage":"es"},{"@type":"WebPage","@id":"https:\/\/www.eldiario.net\/portal\/2022\/08\/12\/fiscal-general-confirma-registro-de-casa-de-trump\/","url":"https:\/\/www.eldiario.net\/portal\/2022\/08\/12\/fiscal-general-confirma-registro-de-casa-de-trump\/","name":"Fiscal General confirma registro de casa de Trump - El Diario - Bolivia","isPartOf":{"@id":"https:\/\/www.eldiario.net\/portal\/#website"},"primaryImageOfPage":{"@id":"https:\/\/www.eldiario.net\/portal\/2022\/08\/12\/fiscal-general-confirma-registro-de-casa-de-trump\/#primaryimage"},"image":{"@id":"https:\/\/www.eldiario.net\/portal\/2022\/08\/12\/fiscal-general-confirma-registro-de-casa-de-trump\/#primaryimage"},"thumbnailUrl":"","datePublished":"2022-08-12T09:47:56+00:00","breadcrumb":{"@id":"https:\/\/www.eldiario.net\/portal\/2022\/08\/12\/fiscal-general-confirma-registro-de-casa-de-trump\/#breadcrumb"},"inLanguage":"es","potentialAction":[{"@type":"ReadAction","target":["https:\/\/www.eldiario.net\/portal\/2022\/08\/12\/fiscal-general-confirma-registro-de-casa-de-trump\/"]}]},{"@type":"ImageObject","inLanguage":"es","@id":"https:\/\/www.eldiario.net\/portal\/2022\/08\/12\/fiscal-general-confirma-registro-de-casa-de-trump\/#primaryimage","url":"","contentUrl":""},{"@type":"BreadcrumbList","@id":"https:\/\/www.eldiario.net\/portal\/2022\/08\/12\/fiscal-general-confirma-registro-de-casa-de-trump\/#breadcrumb","itemListElement":[{"@type":"ListItem","position":1,"name":"Portada","item":"https:\/\/www.eldiario.net\/portal\/"},{"@type":"ListItem","position":2,"name":"Fiscal General confirma registro de casa de Trump"}]},{"@type":"WebSite","@id":"https:\/\/www.eldiario.net\/portal\/#website","url":"https:\/\/www.eldiario.net\/portal\/","name":"El Diario - Decano de la prensa nacional","description":"El Diario - Decano de la prensa nacional","publisher":{"@id":"https:\/\/www.eldiario.net\/portal\/#organization"},"potentialAction":[{"@type":"SearchAction","target":{"@type":"EntryPoint","urlTemplate":"https:\/\/www.eldiario.net\/portal\/?s={search_term_string}"},"query-input":{"@type":"PropertyValueSpecification","valueRequired":true,"valueName":"search_term_string"}}],"inLanguage":"es"},{"@type":"Organization","@id":"https:\/\/www.eldiario.net\/portal\/#organization","name":"El Diario - Decano de la prensa nacional","url":"https:\/\/www.eldiario.net\/portal\/","logo":{"@type":"ImageObject","inLanguage":"es","@id":"https:\/\/www.eldiario.net\/portal\/#\/schema\/logo\/image\/","url":"https:\/\/www.eldiario.net\/portal\/wp-content\/uploads\/2023\/07\/logo_ED.jpg","contentUrl":"https:\/\/www.eldiario.net\/portal\/wp-content\/uploads\/2023\/07\/logo_ED.jpg","width":272,"height":52,"caption":"El Diario - Decano de la prensa nacional"},"image":{"@id":"https:\/\/www.eldiario.net\/portal\/#\/schema\/logo\/image\/"},"sameAs":["https:\/\/www.facebook.com\/eldiario.bolivia\/","https:\/\/x.com\/eldiario_net"]},{"@type":"Person","@id":"https:\/\/www.eldiario.net\/portal\/#\/schema\/person\/f46445640444750d7d753ccd04ae01b7","name":"Jeanette","image":{"@type":"ImageObject","inLanguage":"es","@id":"https:\/\/secure.gravatar.com\/avatar\/3ea2118a5f7dad2b7138b1187a6b7ee55f160b9968b66013c3a3ef39dd7e5798?s=96&d=mm&r=g","url":"https:\/\/secure.gravatar.com\/avatar\/3ea2118a5f7dad2b7138b1187a6b7ee55f160b9968b66013c3a3ef39dd7e5798?s=96&d=mm&r=g","contentUrl":"https:\/\/secure.gravatar.com\/avatar\/3ea2118a5f7dad2b7138b1187a6b7ee55f160b9968b66013c3a3ef39dd7e5798?s=96&d=mm&r=g","caption":"Jeanette"},"sameAs":["https:\/\/www.eldiario.net\/portal"],"url":"https:\/\/www.eldiario.net\/portal\/author\/jeanette\/"}]}},"_links":{"self":[{"href":"https:\/\/www.eldiario.net\/portal\/wp-json\/wp\/v2\/posts\/103284","targetHints":{"allow":["GET"]}}],"collection":[{"href":"https:\/\/www.eldiario.net\/portal\/wp-json\/wp\/v2\/posts"}],"about":[{"href":"https:\/\/www.eldiario.net\/portal\/wp-json\/wp\/v2\/types\/post"}],"author":[{"embeddable":true,"href":"https:\/\/www.eldiario.net\/portal\/wp-json\/wp\/v2\/users\/1"}],"replies":[{"embeddable":true,"href":"https:\/\/www.eldiario.net\/portal\/wp-json\/wp\/v2\/comments?post=103284"}],"version-history":[{"count":0,"href":"https:\/\/www.eldiario.net\/portal\/wp-json\/wp\/v2\/posts\/103284\/revisions"}],"wp:attachment":[{"href":"https:\/\/www.eldiario.net\/portal\/wp-json\/wp\/v2\/media?parent=103284"}],"wp:term":[{"taxonomy":"category","embeddable":true,"href":"https:\/\/www.eldiario.net\/portal\/wp-json\/wp\/v2\/categories?post=103284"},{"taxonomy":"post_tag","embeddable":true,"href":"https:\/\/www.eldiario.net\/portal\/wp-json\/wp\/v2\/tags?post=103284"}],"curies":[{"name":"wp","href":"https:\/\/api.w.org\/{rel}","templated":true}]}}