{"id":103277,"date":"2022-08-12T05:44:54","date_gmt":"2022-08-12T09:44:54","guid":{"rendered":"https:\/\/www.eldiario.net\/portal\/?p=103277"},"modified":"2022-08-12T05:44:54","modified_gmt":"2022-08-12T09:44:54","slug":"denuncian-descuido-en-manejo-de-dique-de-colas-en-acre-antequera","status":"publish","type":"post","link":"https:\/\/www.eldiario.net\/portal\/2022\/08\/12\/denuncian-descuido-en-manejo-de-dique-de-colas-en-acre-antequera\/","title":{"rendered":"Denuncian descuido en manejo de  dique de colas en Acre Antequera"},"content":{"rendered":"<p>Comunarios del Aylllu Acre Antequera del departamento de Oruro denunciaron descuidos en el mantenimiento de un dique de colas de la empresa minera Illapa, que explota la mina Bol\u00edvar y que est\u00e1 cercana a las comunidades del ayllu. \u00c9sta es denunciada, por los mismos pobladores, por contaminaci\u00f3n y desertificaci\u00f3n de la tierra.<\/p>\n<p>Hern\u00e1n Roque, del consejo de Justicia del Aylllu Acre Antequera, dio a conocer que recientemente hicieron una inspecci\u00f3n comunal al dique de colas y observaron que qu\u00edmicos como el cianuro y otros est\u00e1n desparramados sin el debido tratamiento.<\/p>\n<p>\u201cEllos no lo mantienen h\u00famedo ese dique y hacen que los desechos que est\u00e1n con cianuro y otro tipo de reactivos se esparza con el viento por todo el alrededor (a una distancia) de entre 3 a 4 kil\u00f3metros. Eso nos preocupa porque no lo riegan, no lo mantienen h\u00famedo para que no vaya contaminando las \u00e1reas circundantes\u201d, denunci\u00f3 Roque, al Observatorio de Defensoras y Defensores de Derechos de Unitas.<\/p>\n<p>Las comunidades circundantes al dique de colas son Quia Quiani Grande y Quia Quiani Chico, de las que se teme puedan verse afectados sus comunarios y tambi\u00e9n los cultivos de la zona. A este problema se suma la antig\u00fcedad del dique de colas, dado que, seg\u00fan Roque, tiene 25 a\u00f1os de funcionamiento.<\/p>\n<p>El problema entre el Ayllu Acre Antequera y la empresa minera Illapa deriv\u00f3 en un enfrentamiento el pasado 7 de junio, cuando trabajadores mineros atacaron una vigilia que los comunarios hab\u00edan instalado como medida de protesta por la desertificaci\u00f3n y la contaminaci\u00f3n, con el saldo de una mujer herida y da\u00f1os materiales a las carpas y enseres de los comunarios.<\/p>\n<p>De acuerdo con Roque, el problema con la minera Illapa, anteriormente filial de la empresa transnacional Glencore, data de 2018, cuando descubrieron que la minera extra\u00eda m\u00e1s agua de lo que su licencia ambiental le permit\u00eda, de 140 litros por segundo a 400 litros por segundo, seg\u00fan estimaciones de los propios comunarios.<\/p>\n<p>Es justamente a causa de ese hecho que se han presentado tres problemas en la comunidad: el primero es la desertificaci\u00f3n de las tierras, hay una falta de agua para la producci\u00f3n en la comunidad; el segundo tiene que ver con la contaminaci\u00f3n que esta situaci\u00f3n est\u00e1 provocando; y el tercer conflicto son las inundaciones en la mina que, frente al alto uso del l\u00edquido, obliga a la empresa a instalar tuber\u00edas que atraviesan el territorio de la comunidad. (Oruro, Erbol)<\/p>\n","protected":false},"excerpt":{"rendered":"<p>Comunarios del Aylllu Acre Antequera del departamento de Oruro denunciaron descuidos en el mantenimiento de un dique de colas de la empresa minera Illapa, que explota la mina Bol\u00edvar y que est\u00e1 cercana a las comunidades del ayllu. \u00c9sta es denunciada, por los mismos pobladores, por contaminaci\u00f3n y desertificaci\u00f3n de la tierra. Hern\u00e1n Roque, del [&hellip;]<\/p>\n","protected":false},"author":1,"featured_media":103278,"comment_status":"closed","ping_status":"closed","sticky":false,"template":"","format":"standard","meta":{"_acf_changed":false,"footnotes":""},"categories":[12],"tags":[],"class_list":["post-103277","post","type-post","status-publish","format-standard","has-post-thumbnail","category-nacional"],"acf":{"antetitulo":""},"yoast_head":"<!-- This site is optimized with the Yoast SEO plugin v28.4 - https:\/\/yoast.com\/product\/yoast-seo-wordpress\/ -->\n<title>Denuncian descuido en manejo de dique de colas en Acre Antequera - El Diario - Bolivia<\/title>\n<meta name=\"robots\" content=\"index, follow, max-snippet:-1, max-image-preview:large, max-video-preview:-1\" \/>\n<link rel=\"canonical\" href=\"https:\/\/www.eldiario.net\/portal\/2022\/08\/12\/denuncian-descuido-en-manejo-de-dique-de-colas-en-acre-antequera\/\" \/>\n<meta property=\"og:locale\" content=\"es_ES\" \/>\n<meta property=\"og:type\" content=\"article\" \/>\n<meta property=\"og:title\" content=\"Denuncian descuido en manejo de dique de colas en Acre Antequera - El Diario - Bolivia\" \/>\n<meta property=\"og:description\" content=\"Comunarios del Aylllu Acre Antequera del departamento de Oruro denunciaron descuidos en el mantenimiento de un dique de colas de la empresa minera Illapa, que explota la mina Bol\u00edvar y que est\u00e1 cercana a las comunidades del ayllu. \u00c9sta es denunciada, por los mismos pobladores, por contaminaci\u00f3n y desertificaci\u00f3n de la tierra. Hern\u00e1n Roque, del [&hellip;]\" \/>\n<meta property=\"og:url\" content=\"https:\/\/www.eldiario.net\/portal\/2022\/08\/12\/denuncian-descuido-en-manejo-de-dique-de-colas-en-acre-antequera\/\" \/>\n<meta property=\"og:site_name\" content=\"El Diario - Bolivia\" \/>\n<meta property=\"article:publisher\" content=\"https:\/\/www.facebook.com\/eldiario.bolivia\/\" \/>\n<meta property=\"article:published_time\" content=\"2022-08-12T09:44:54+00:00\" \/>\n<meta name=\"author\" content=\"Jeanette\" \/>\n<meta name=\"twitter:card\" content=\"summary_large_image\" \/>\n<meta name=\"twitter:creator\" content=\"@eldiario_net\" \/>\n<meta name=\"twitter:site\" content=\"@eldiario_net\" \/>\n<meta name=\"twitter:label1\" content=\"Escrito por\" \/>\n\t<meta name=\"twitter:data1\" content=\"Jeanette\" \/>\n\t<meta name=\"twitter:label2\" content=\"Tiempo de lectura\" \/>\n\t<meta name=\"twitter:data2\" content=\"2 minutos\" \/>\n<script type=\"application\/ld+json\" class=\"yoast-schema-graph\">{\"@context\":\"https:\\\/\\\/schema.org\",\"@graph\":[{\"@type\":\"Article\",\"@id\":\"https:\\\/\\\/www.eldiario.net\\\/portal\\\/2022\\\/08\\\/12\\\/denuncian-descuido-en-manejo-de-dique-de-colas-en-acre-antequera\\\/#article\",\"isPartOf\":{\"@id\":\"https:\\\/\\\/www.eldiario.net\\\/portal\\\/2022\\\/08\\\/12\\\/denuncian-descuido-en-manejo-de-dique-de-colas-en-acre-antequera\\\/\"},\"author\":{\"name\":\"Jeanette\",\"@id\":\"https:\\\/\\\/www.eldiario.net\\\/portal\\\/#\\\/schema\\\/person\\\/f46445640444750d7d753ccd04ae01b7\"},\"headline\":\"Denuncian descuido en manejo de dique de colas en Acre Antequera\",\"datePublished\":\"2022-08-12T09:44:54+00:00\",\"mainEntityOfPage\":{\"@id\":\"https:\\\/\\\/www.eldiario.net\\\/portal\\\/2022\\\/08\\\/12\\\/denuncian-descuido-en-manejo-de-dique-de-colas-en-acre-antequera\\\/\"},\"wordCount\":438,\"publisher\":{\"@id\":\"https:\\\/\\\/www.eldiario.net\\\/portal\\\/#organization\"},\"image\":{\"@id\":\"https:\\\/\\\/www.eldiario.net\\\/portal\\\/2022\\\/08\\\/12\\\/denuncian-descuido-en-manejo-de-dique-de-colas-en-acre-antequera\\\/#primaryimage\"},\"thumbnailUrl\":\"\",\"articleSection\":[\"Nacional\"],\"inLanguage\":\"es\"},{\"@type\":\"WebPage\",\"@id\":\"https:\\\/\\\/www.eldiario.net\\\/portal\\\/2022\\\/08\\\/12\\\/denuncian-descuido-en-manejo-de-dique-de-colas-en-acre-antequera\\\/\",\"url\":\"https:\\\/\\\/www.eldiario.net\\\/portal\\\/2022\\\/08\\\/12\\\/denuncian-descuido-en-manejo-de-dique-de-colas-en-acre-antequera\\\/\",\"name\":\"Denuncian descuido en manejo de dique de colas en Acre Antequera - El Diario - Bolivia\",\"isPartOf\":{\"@id\":\"https:\\\/\\\/www.eldiario.net\\\/portal\\\/#website\"},\"primaryImageOfPage\":{\"@id\":\"https:\\\/\\\/www.eldiario.net\\\/portal\\\/2022\\\/08\\\/12\\\/denuncian-descuido-en-manejo-de-dique-de-colas-en-acre-antequera\\\/#primaryimage\"},\"image\":{\"@id\":\"https:\\\/\\\/www.eldiario.net\\\/portal\\\/2022\\\/08\\\/12\\\/denuncian-descuido-en-manejo-de-dique-de-colas-en-acre-antequera\\\/#primaryimage\"},\"thumbnailUrl\":\"\",\"datePublished\":\"2022-08-12T09:44:54+00:00\",\"breadcrumb\":{\"@id\":\"https:\\\/\\\/www.eldiario.net\\\/portal\\\/2022\\\/08\\\/12\\\/denuncian-descuido-en-manejo-de-dique-de-colas-en-acre-antequera\\\/#breadcrumb\"},\"inLanguage\":\"es\",\"potentialAction\":[{\"@type\":\"ReadAction\",\"target\":[\"https:\\\/\\\/www.eldiario.net\\\/portal\\\/2022\\\/08\\\/12\\\/denuncian-descuido-en-manejo-de-dique-de-colas-en-acre-antequera\\\/\"]}]},{\"@type\":\"ImageObject\",\"inLanguage\":\"es\",\"@id\":\"https:\\\/\\\/www.eldiario.net\\\/portal\\\/2022\\\/08\\\/12\\\/denuncian-descuido-en-manejo-de-dique-de-colas-en-acre-antequera\\\/#primaryimage\",\"url\":\"\",\"contentUrl\":\"\"},{\"@type\":\"BreadcrumbList\",\"@id\":\"https:\\\/\\\/www.eldiario.net\\\/portal\\\/2022\\\/08\\\/12\\\/denuncian-descuido-en-manejo-de-dique-de-colas-en-acre-antequera\\\/#breadcrumb\",\"itemListElement\":[{\"@type\":\"ListItem\",\"position\":1,\"name\":\"Portada\",\"item\":\"https:\\\/\\\/www.eldiario.net\\\/portal\\\/\"},{\"@type\":\"ListItem\",\"position\":2,\"name\":\"Denuncian descuido en manejo de dique de colas en Acre Antequera\"}]},{\"@type\":\"WebSite\",\"@id\":\"https:\\\/\\\/www.eldiario.net\\\/portal\\\/#website\",\"url\":\"https:\\\/\\\/www.eldiario.net\\\/portal\\\/\",\"name\":\"El Diario - Decano de la prensa nacional\",\"description\":\"El Diario - Decano de la prensa nacional\",\"publisher\":{\"@id\":\"https:\\\/\\\/www.eldiario.net\\\/portal\\\/#organization\"},\"potentialAction\":[{\"@type\":\"SearchAction\",\"target\":{\"@type\":\"EntryPoint\",\"urlTemplate\":\"https:\\\/\\\/www.eldiario.net\\\/portal\\\/?s={search_term_string}\"},\"query-input\":{\"@type\":\"PropertyValueSpecification\",\"valueRequired\":true,\"valueName\":\"search_term_string\"}}],\"inLanguage\":\"es\"},{\"@type\":\"Organization\",\"@id\":\"https:\\\/\\\/www.eldiario.net\\\/portal\\\/#organization\",\"name\":\"El Diario - Decano de la prensa nacional\",\"url\":\"https:\\\/\\\/www.eldiario.net\\\/portal\\\/\",\"logo\":{\"@type\":\"ImageObject\",\"inLanguage\":\"es\",\"@id\":\"https:\\\/\\\/www.eldiario.net\\\/portal\\\/#\\\/schema\\\/logo\\\/image\\\/\",\"url\":\"https:\\\/\\\/www.eldiario.net\\\/portal\\\/wp-content\\\/uploads\\\/2023\\\/07\\\/logo_ED.jpg\",\"contentUrl\":\"https:\\\/\\\/www.eldiario.net\\\/portal\\\/wp-content\\\/uploads\\\/2023\\\/07\\\/logo_ED.jpg\",\"width\":272,\"height\":52,\"caption\":\"El Diario - Decano de la prensa nacional\"},\"image\":{\"@id\":\"https:\\\/\\\/www.eldiario.net\\\/portal\\\/#\\\/schema\\\/logo\\\/image\\\/\"},\"sameAs\":[\"https:\\\/\\\/www.facebook.com\\\/eldiario.bolivia\\\/\",\"https:\\\/\\\/x.com\\\/eldiario_net\"]},{\"@type\":\"Person\",\"@id\":\"https:\\\/\\\/www.eldiario.net\\\/portal\\\/#\\\/schema\\\/person\\\/f46445640444750d7d753ccd04ae01b7\",\"name\":\"Jeanette\",\"image\":{\"@type\":\"ImageObject\",\"inLanguage\":\"es\",\"@id\":\"https:\\\/\\\/secure.gravatar.com\\\/avatar\\\/3ea2118a5f7dad2b7138b1187a6b7ee55f160b9968b66013c3a3ef39dd7e5798?s=96&d=mm&r=g\",\"url\":\"https:\\\/\\\/secure.gravatar.com\\\/avatar\\\/3ea2118a5f7dad2b7138b1187a6b7ee55f160b9968b66013c3a3ef39dd7e5798?s=96&d=mm&r=g\",\"contentUrl\":\"https:\\\/\\\/secure.gravatar.com\\\/avatar\\\/3ea2118a5f7dad2b7138b1187a6b7ee55f160b9968b66013c3a3ef39dd7e5798?s=96&d=mm&r=g\",\"caption\":\"Jeanette\"},\"sameAs\":[\"https:\\\/\\\/www.eldiario.net\\\/portal\"],\"url\":\"https:\\\/\\\/www.eldiario.net\\\/portal\\\/author\\\/jeanette\\\/\"}]}<\/script>\n<!-- \/ Yoast SEO plugin. -->","yoast_head_json":{"title":"Denuncian descuido en manejo de dique de colas en Acre Antequera - El Diario - Bolivia","robots":{"index":"index","follow":"follow","max-snippet":"max-snippet:-1","max-image-preview":"max-image-preview:large","max-video-preview":"max-video-preview:-1"},"canonical":"https:\/\/www.eldiario.net\/portal\/2022\/08\/12\/denuncian-descuido-en-manejo-de-dique-de-colas-en-acre-antequera\/","og_locale":"es_ES","og_type":"article","og_title":"Denuncian descuido en manejo de dique de colas en Acre Antequera - El Diario - Bolivia","og_description":"Comunarios del Aylllu Acre Antequera del departamento de Oruro denunciaron descuidos en el mantenimiento de un dique de colas de la empresa minera Illapa, que explota la mina Bol\u00edvar y que est\u00e1 cercana a las comunidades del ayllu. \u00c9sta es denunciada, por los mismos pobladores, por contaminaci\u00f3n y desertificaci\u00f3n de la tierra. Hern\u00e1n Roque, del [&hellip;]","og_url":"https:\/\/www.eldiario.net\/portal\/2022\/08\/12\/denuncian-descuido-en-manejo-de-dique-de-colas-en-acre-antequera\/","og_site_name":"El Diario - Bolivia","article_publisher":"https:\/\/www.facebook.com\/eldiario.bolivia\/","article_published_time":"2022-08-12T09:44:54+00:00","author":"Jeanette","twitter_card":"summary_large_image","twitter_creator":"@eldiario_net","twitter_site":"@eldiario_net","twitter_misc":{"Escrito por":"Jeanette","Tiempo de lectura":"2 minutos"},"schema":{"@context":"https:\/\/schema.org","@graph":[{"@type":"Article","@id":"https:\/\/www.eldiario.net\/portal\/2022\/08\/12\/denuncian-descuido-en-manejo-de-dique-de-colas-en-acre-antequera\/#article","isPartOf":{"@id":"https:\/\/www.eldiario.net\/portal\/2022\/08\/12\/denuncian-descuido-en-manejo-de-dique-de-colas-en-acre-antequera\/"},"author":{"name":"Jeanette","@id":"https:\/\/www.eldiario.net\/portal\/#\/schema\/person\/f46445640444750d7d753ccd04ae01b7"},"headline":"Denuncian descuido en manejo de dique de colas en Acre Antequera","datePublished":"2022-08-12T09:44:54+00:00","mainEntityOfPage":{"@id":"https:\/\/www.eldiario.net\/portal\/2022\/08\/12\/denuncian-descuido-en-manejo-de-dique-de-colas-en-acre-antequera\/"},"wordCount":438,"publisher":{"@id":"https:\/\/www.eldiario.net\/portal\/#organization"},"image":{"@id":"https:\/\/www.eldiario.net\/portal\/2022\/08\/12\/denuncian-descuido-en-manejo-de-dique-de-colas-en-acre-antequera\/#primaryimage"},"thumbnailUrl":"","articleSection":["Nacional"],"inLanguage":"es"},{"@type":"WebPage","@id":"https:\/\/www.eldiario.net\/portal\/2022\/08\/12\/denuncian-descuido-en-manejo-de-dique-de-colas-en-acre-antequera\/","url":"https:\/\/www.eldiario.net\/portal\/2022\/08\/12\/denuncian-descuido-en-manejo-de-dique-de-colas-en-acre-antequera\/","name":"Denuncian descuido en manejo de dique de colas en Acre Antequera - El Diario - Bolivia","isPartOf":{"@id":"https:\/\/www.eldiario.net\/portal\/#website"},"primaryImageOfPage":{"@id":"https:\/\/www.eldiario.net\/portal\/2022\/08\/12\/denuncian-descuido-en-manejo-de-dique-de-colas-en-acre-antequera\/#primaryimage"},"image":{"@id":"https:\/\/www.eldiario.net\/portal\/2022\/08\/12\/denuncian-descuido-en-manejo-de-dique-de-colas-en-acre-antequera\/#primaryimage"},"thumbnailUrl":"","datePublished":"2022-08-12T09:44:54+00:00","breadcrumb":{"@id":"https:\/\/www.eldiario.net\/portal\/2022\/08\/12\/denuncian-descuido-en-manejo-de-dique-de-colas-en-acre-antequera\/#breadcrumb"},"inLanguage":"es","potentialAction":[{"@type":"ReadAction","target":["https:\/\/www.eldiario.net\/portal\/2022\/08\/12\/denuncian-descuido-en-manejo-de-dique-de-colas-en-acre-antequera\/"]}]},{"@type":"ImageObject","inLanguage":"es","@id":"https:\/\/www.eldiario.net\/portal\/2022\/08\/12\/denuncian-descuido-en-manejo-de-dique-de-colas-en-acre-antequera\/#primaryimage","url":"","contentUrl":""},{"@type":"BreadcrumbList","@id":"https:\/\/www.eldiario.net\/portal\/2022\/08\/12\/denuncian-descuido-en-manejo-de-dique-de-colas-en-acre-antequera\/#breadcrumb","itemListElement":[{"@type":"ListItem","position":1,"name":"Portada","item":"https:\/\/www.eldiario.net\/portal\/"},{"@type":"ListItem","position":2,"name":"Denuncian descuido en manejo de dique de colas en Acre Antequera"}]},{"@type":"WebSite","@id":"https:\/\/www.eldiario.net\/portal\/#website","url":"https:\/\/www.eldiario.net\/portal\/","name":"El Diario - Decano de la prensa nacional","description":"El Diario - Decano de la prensa nacional","publisher":{"@id":"https:\/\/www.eldiario.net\/portal\/#organization"},"potentialAction":[{"@type":"SearchAction","target":{"@type":"EntryPoint","urlTemplate":"https:\/\/www.eldiario.net\/portal\/?s={search_term_string}"},"query-input":{"@type":"PropertyValueSpecification","valueRequired":true,"valueName":"search_term_string"}}],"inLanguage":"es"},{"@type":"Organization","@id":"https:\/\/www.eldiario.net\/portal\/#organization","name":"El Diario - Decano de la prensa nacional","url":"https:\/\/www.eldiario.net\/portal\/","logo":{"@type":"ImageObject","inLanguage":"es","@id":"https:\/\/www.eldiario.net\/portal\/#\/schema\/logo\/image\/","url":"https:\/\/www.eldiario.net\/portal\/wp-content\/uploads\/2023\/07\/logo_ED.jpg","contentUrl":"https:\/\/www.eldiario.net\/portal\/wp-content\/uploads\/2023\/07\/logo_ED.jpg","width":272,"height":52,"caption":"El Diario - Decano de la prensa nacional"},"image":{"@id":"https:\/\/www.eldiario.net\/portal\/#\/schema\/logo\/image\/"},"sameAs":["https:\/\/www.facebook.com\/eldiario.bolivia\/","https:\/\/x.com\/eldiario_net"]},{"@type":"Person","@id":"https:\/\/www.eldiario.net\/portal\/#\/schema\/person\/f46445640444750d7d753ccd04ae01b7","name":"Jeanette","image":{"@type":"ImageObject","inLanguage":"es","@id":"https:\/\/secure.gravatar.com\/avatar\/3ea2118a5f7dad2b7138b1187a6b7ee55f160b9968b66013c3a3ef39dd7e5798?s=96&d=mm&r=g","url":"https:\/\/secure.gravatar.com\/avatar\/3ea2118a5f7dad2b7138b1187a6b7ee55f160b9968b66013c3a3ef39dd7e5798?s=96&d=mm&r=g","contentUrl":"https:\/\/secure.gravatar.com\/avatar\/3ea2118a5f7dad2b7138b1187a6b7ee55f160b9968b66013c3a3ef39dd7e5798?s=96&d=mm&r=g","caption":"Jeanette"},"sameAs":["https:\/\/www.eldiario.net\/portal"],"url":"https:\/\/www.eldiario.net\/portal\/author\/jeanette\/"}]}},"_links":{"self":[{"href":"https:\/\/www.eldiario.net\/portal\/wp-json\/wp\/v2\/posts\/103277","targetHints":{"allow":["GET"]}}],"collection":[{"href":"https:\/\/www.eldiario.net\/portal\/wp-json\/wp\/v2\/posts"}],"about":[{"href":"https:\/\/www.eldiario.net\/portal\/wp-json\/wp\/v2\/types\/post"}],"author":[{"embeddable":true,"href":"https:\/\/www.eldiario.net\/portal\/wp-json\/wp\/v2\/users\/1"}],"replies":[{"embeddable":true,"href":"https:\/\/www.eldiario.net\/portal\/wp-json\/wp\/v2\/comments?post=103277"}],"version-history":[{"count":0,"href":"https:\/\/www.eldiario.net\/portal\/wp-json\/wp\/v2\/posts\/103277\/revisions"}],"wp:attachment":[{"href":"https:\/\/www.eldiario.net\/portal\/wp-json\/wp\/v2\/media?parent=103277"}],"wp:term":[{"taxonomy":"category","embeddable":true,"href":"https:\/\/www.eldiario.net\/portal\/wp-json\/wp\/v2\/categories?post=103277"},{"taxonomy":"post_tag","embeddable":true,"href":"https:\/\/www.eldiario.net\/portal\/wp-json\/wp\/v2\/tags?post=103277"}],"curies":[{"name":"wp","href":"https:\/\/api.w.org\/{rel}","templated":true}]}}