{"id":103271,"date":"2022-08-12T05:42:47","date_gmt":"2022-08-12T09:42:47","guid":{"rendered":"https:\/\/www.eldiario.net\/portal\/?p=103271"},"modified":"2022-08-12T05:42:47","modified_gmt":"2022-08-12T09:42:47","slug":"gobernacion-crucena-y-de-mato-grosso-ratifican-apoyo-a-conservacion-del-clima","status":"publish","type":"post","link":"https:\/\/www.eldiario.net\/portal\/2022\/08\/12\/gobernacion-crucena-y-de-mato-grosso-ratifican-apoyo-a-conservacion-del-clima\/","title":{"rendered":"Gobernaci\u00f3n cruce\u00f1a y de Mato Grosso ratifican apoyo a conservaci\u00f3n del clima"},"content":{"rendered":"<p>En el marco de relaciones internacionales, la Gobernaci\u00f3n de Santa Cruz, a trav\u00e9s del Programa de Cambio Clim\u00e1tico de la Secretar\u00eda de Desarrollo Sostenible y Medio Ambiente, se reuni\u00f3 con la Secretar\u00eda de Medio Ambiente del Estado de Mato Grosso -Brasil, para afirmar el apoyo del Estado brasile\u00f1o hacia Santa Cruz en el Grupo de Trabajo de los Gobernadores sobre el Clima y los Bosques (GCF Task Force).<\/p>\n<p>Este grupo de autoridades subnacionales de gobernadores andino-amaz\u00f3nicos tienen el compromiso de acelerar la implementaci\u00f3n de diversas acciones que contribuyan con el desarrollo bajo en emisiones de gases de efecto invernadero (GEI), el control de la deforestaci\u00f3n y el trabajo conjunto con pueblos y nacionalidades ind\u00edgenas.<\/p>\n<p>La reuni\u00f3n se realiz\u00f3 de manera virtual y participaron las secretar\u00edas, tanto de Brasil como de Santa Cruz, reforzando un lazo de hermandad entre las autoridades y recibiendo el apoyo del Brasil respecto a la adhesi\u00f3n de la gobernaci\u00f3n cruce\u00f1a al GCF Task Force.<\/p>\n<p>Cabe destacar que Santa Cruz es el primer y \u00fanico departamento boliviano en fomentar una Pol\u00edtica y Estrategia Departamental de Cambio Clim\u00e1tico, que busca orientar la gesti\u00f3n del cambio clim\u00e1tico a nivel departamental, de manera\u00a0 estrat\u00e9gica, tanto en el sector p\u00fablico, como privado y planteando lineamientos que permitan adaptaci\u00f3n, mitigaci\u00f3n y la adopci\u00f3n de una nueva cultura clim\u00e1tica para Santa Cruz.<\/p>\n<p>\u201cLa importancia de este grupo es debido a las tareas de protecci\u00f3n de los bosques, reducci\u00f3n de las emisiones y mejora de los medios de vida, mediante fomento de articulaciones entre actores claves y la promoci\u00f3n de la construcci\u00f3n de programas nacionales, territoriales y sectoriales de bajas emisiones\u201d, inform\u00f3 Adita Monta\u00f1o, coordinadora del Programa de Cambio Clim\u00e1tico. (Santa Cruz, agencias)<\/p>\n","protected":false},"excerpt":{"rendered":"<p>En el marco de relaciones internacionales, la Gobernaci\u00f3n de Santa Cruz, a trav\u00e9s del Programa de Cambio Clim\u00e1tico de la Secretar\u00eda de Desarrollo Sostenible y Medio Ambiente, se reuni\u00f3 con la Secretar\u00eda de Medio Ambiente del Estado de Mato Grosso -Brasil, para afirmar el apoyo del Estado brasile\u00f1o hacia Santa Cruz en el Grupo de [&hellip;]<\/p>\n","protected":false},"author":1,"featured_media":103272,"comment_status":"closed","ping_status":"closed","sticky":false,"template":"","format":"standard","meta":{"_acf_changed":false,"footnotes":""},"categories":[12],"tags":[],"class_list":["post-103271","post","type-post","status-publish","format-standard","has-post-thumbnail","category-nacional"],"acf":{"antetitulo":""},"yoast_head":"<!-- This site is optimized with the Yoast SEO plugin v28.4 - https:\/\/yoast.com\/product\/yoast-seo-wordpress\/ -->\n<title>Gobernaci\u00f3n cruce\u00f1a y de Mato Grosso ratifican apoyo a conservaci\u00f3n del clima - El Diario - Bolivia<\/title>\n<meta name=\"robots\" content=\"index, follow, max-snippet:-1, max-image-preview:large, max-video-preview:-1\" \/>\n<link rel=\"canonical\" href=\"https:\/\/www.eldiario.net\/portal\/2022\/08\/12\/gobernacion-crucena-y-de-mato-grosso-ratifican-apoyo-a-conservacion-del-clima\/\" \/>\n<meta property=\"og:locale\" content=\"es_ES\" \/>\n<meta property=\"og:type\" content=\"article\" \/>\n<meta property=\"og:title\" content=\"Gobernaci\u00f3n cruce\u00f1a y de Mato Grosso ratifican apoyo a conservaci\u00f3n del clima - El Diario - Bolivia\" \/>\n<meta property=\"og:description\" content=\"En el marco de relaciones internacionales, la Gobernaci\u00f3n de Santa Cruz, a trav\u00e9s del Programa de Cambio Clim\u00e1tico de la Secretar\u00eda de Desarrollo Sostenible y Medio Ambiente, se reuni\u00f3 con la Secretar\u00eda de Medio Ambiente del Estado de Mato Grosso -Brasil, para afirmar el apoyo del Estado brasile\u00f1o hacia Santa Cruz en el Grupo de [&hellip;]\" \/>\n<meta property=\"og:url\" content=\"https:\/\/www.eldiario.net\/portal\/2022\/08\/12\/gobernacion-crucena-y-de-mato-grosso-ratifican-apoyo-a-conservacion-del-clima\/\" \/>\n<meta property=\"og:site_name\" content=\"El Diario - Bolivia\" \/>\n<meta property=\"article:publisher\" content=\"https:\/\/www.facebook.com\/eldiario.bolivia\/\" \/>\n<meta property=\"article:published_time\" content=\"2022-08-12T09:42:47+00:00\" \/>\n<meta name=\"author\" content=\"Jeanette\" \/>\n<meta name=\"twitter:card\" content=\"summary_large_image\" \/>\n<meta name=\"twitter:creator\" content=\"@eldiario_net\" \/>\n<meta name=\"twitter:site\" content=\"@eldiario_net\" \/>\n<meta name=\"twitter:label1\" content=\"Escrito por\" \/>\n\t<meta name=\"twitter:data1\" content=\"Jeanette\" \/>\n\t<meta name=\"twitter:label2\" content=\"Tiempo de lectura\" \/>\n\t<meta name=\"twitter:data2\" content=\"2 minutos\" \/>\n<script type=\"application\/ld+json\" class=\"yoast-schema-graph\">{\"@context\":\"https:\\\/\\\/schema.org\",\"@graph\":[{\"@type\":\"Article\",\"@id\":\"https:\\\/\\\/www.eldiario.net\\\/portal\\\/2022\\\/08\\\/12\\\/gobernacion-crucena-y-de-mato-grosso-ratifican-apoyo-a-conservacion-del-clima\\\/#article\",\"isPartOf\":{\"@id\":\"https:\\\/\\\/www.eldiario.net\\\/portal\\\/2022\\\/08\\\/12\\\/gobernacion-crucena-y-de-mato-grosso-ratifican-apoyo-a-conservacion-del-clima\\\/\"},\"author\":{\"name\":\"Jeanette\",\"@id\":\"https:\\\/\\\/www.eldiario.net\\\/portal\\\/#\\\/schema\\\/person\\\/f46445640444750d7d753ccd04ae01b7\"},\"headline\":\"Gobernaci\u00f3n cruce\u00f1a y de Mato Grosso ratifican apoyo a conservaci\u00f3n del clima\",\"datePublished\":\"2022-08-12T09:42:47+00:00\",\"mainEntityOfPage\":{\"@id\":\"https:\\\/\\\/www.eldiario.net\\\/portal\\\/2022\\\/08\\\/12\\\/gobernacion-crucena-y-de-mato-grosso-ratifican-apoyo-a-conservacion-del-clima\\\/\"},\"wordCount\":325,\"publisher\":{\"@id\":\"https:\\\/\\\/www.eldiario.net\\\/portal\\\/#organization\"},\"image\":{\"@id\":\"https:\\\/\\\/www.eldiario.net\\\/portal\\\/2022\\\/08\\\/12\\\/gobernacion-crucena-y-de-mato-grosso-ratifican-apoyo-a-conservacion-del-clima\\\/#primaryimage\"},\"thumbnailUrl\":\"\",\"articleSection\":[\"Nacional\"],\"inLanguage\":\"es\"},{\"@type\":\"WebPage\",\"@id\":\"https:\\\/\\\/www.eldiario.net\\\/portal\\\/2022\\\/08\\\/12\\\/gobernacion-crucena-y-de-mato-grosso-ratifican-apoyo-a-conservacion-del-clima\\\/\",\"url\":\"https:\\\/\\\/www.eldiario.net\\\/portal\\\/2022\\\/08\\\/12\\\/gobernacion-crucena-y-de-mato-grosso-ratifican-apoyo-a-conservacion-del-clima\\\/\",\"name\":\"Gobernaci\u00f3n cruce\u00f1a y de Mato Grosso ratifican apoyo a conservaci\u00f3n del clima - El Diario - Bolivia\",\"isPartOf\":{\"@id\":\"https:\\\/\\\/www.eldiario.net\\\/portal\\\/#website\"},\"primaryImageOfPage\":{\"@id\":\"https:\\\/\\\/www.eldiario.net\\\/portal\\\/2022\\\/08\\\/12\\\/gobernacion-crucena-y-de-mato-grosso-ratifican-apoyo-a-conservacion-del-clima\\\/#primaryimage\"},\"image\":{\"@id\":\"https:\\\/\\\/www.eldiario.net\\\/portal\\\/2022\\\/08\\\/12\\\/gobernacion-crucena-y-de-mato-grosso-ratifican-apoyo-a-conservacion-del-clima\\\/#primaryimage\"},\"thumbnailUrl\":\"\",\"datePublished\":\"2022-08-12T09:42:47+00:00\",\"breadcrumb\":{\"@id\":\"https:\\\/\\\/www.eldiario.net\\\/portal\\\/2022\\\/08\\\/12\\\/gobernacion-crucena-y-de-mato-grosso-ratifican-apoyo-a-conservacion-del-clima\\\/#breadcrumb\"},\"inLanguage\":\"es\",\"potentialAction\":[{\"@type\":\"ReadAction\",\"target\":[\"https:\\\/\\\/www.eldiario.net\\\/portal\\\/2022\\\/08\\\/12\\\/gobernacion-crucena-y-de-mato-grosso-ratifican-apoyo-a-conservacion-del-clima\\\/\"]}]},{\"@type\":\"ImageObject\",\"inLanguage\":\"es\",\"@id\":\"https:\\\/\\\/www.eldiario.net\\\/portal\\\/2022\\\/08\\\/12\\\/gobernacion-crucena-y-de-mato-grosso-ratifican-apoyo-a-conservacion-del-clima\\\/#primaryimage\",\"url\":\"\",\"contentUrl\":\"\"},{\"@type\":\"BreadcrumbList\",\"@id\":\"https:\\\/\\\/www.eldiario.net\\\/portal\\\/2022\\\/08\\\/12\\\/gobernacion-crucena-y-de-mato-grosso-ratifican-apoyo-a-conservacion-del-clima\\\/#breadcrumb\",\"itemListElement\":[{\"@type\":\"ListItem\",\"position\":1,\"name\":\"Portada\",\"item\":\"https:\\\/\\\/www.eldiario.net\\\/portal\\\/\"},{\"@type\":\"ListItem\",\"position\":2,\"name\":\"Gobernaci\u00f3n cruce\u00f1a y de Mato Grosso ratifican apoyo a conservaci\u00f3n del clima\"}]},{\"@type\":\"WebSite\",\"@id\":\"https:\\\/\\\/www.eldiario.net\\\/portal\\\/#website\",\"url\":\"https:\\\/\\\/www.eldiario.net\\\/portal\\\/\",\"name\":\"El Diario - Decano de la prensa nacional\",\"description\":\"El Diario - Decano de la prensa nacional\",\"publisher\":{\"@id\":\"https:\\\/\\\/www.eldiario.net\\\/portal\\\/#organization\"},\"potentialAction\":[{\"@type\":\"SearchAction\",\"target\":{\"@type\":\"EntryPoint\",\"urlTemplate\":\"https:\\\/\\\/www.eldiario.net\\\/portal\\\/?s={search_term_string}\"},\"query-input\":{\"@type\":\"PropertyValueSpecification\",\"valueRequired\":true,\"valueName\":\"search_term_string\"}}],\"inLanguage\":\"es\"},{\"@type\":\"Organization\",\"@id\":\"https:\\\/\\\/www.eldiario.net\\\/portal\\\/#organization\",\"name\":\"El Diario - Decano de la prensa nacional\",\"url\":\"https:\\\/\\\/www.eldiario.net\\\/portal\\\/\",\"logo\":{\"@type\":\"ImageObject\",\"inLanguage\":\"es\",\"@id\":\"https:\\\/\\\/www.eldiario.net\\\/portal\\\/#\\\/schema\\\/logo\\\/image\\\/\",\"url\":\"https:\\\/\\\/www.eldiario.net\\\/portal\\\/wp-content\\\/uploads\\\/2023\\\/07\\\/logo_ED.jpg\",\"contentUrl\":\"https:\\\/\\\/www.eldiario.net\\\/portal\\\/wp-content\\\/uploads\\\/2023\\\/07\\\/logo_ED.jpg\",\"width\":272,\"height\":52,\"caption\":\"El Diario - Decano de la prensa nacional\"},\"image\":{\"@id\":\"https:\\\/\\\/www.eldiario.net\\\/portal\\\/#\\\/schema\\\/logo\\\/image\\\/\"},\"sameAs\":[\"https:\\\/\\\/www.facebook.com\\\/eldiario.bolivia\\\/\",\"https:\\\/\\\/x.com\\\/eldiario_net\"]},{\"@type\":\"Person\",\"@id\":\"https:\\\/\\\/www.eldiario.net\\\/portal\\\/#\\\/schema\\\/person\\\/f46445640444750d7d753ccd04ae01b7\",\"name\":\"Jeanette\",\"image\":{\"@type\":\"ImageObject\",\"inLanguage\":\"es\",\"@id\":\"https:\\\/\\\/secure.gravatar.com\\\/avatar\\\/3ea2118a5f7dad2b7138b1187a6b7ee55f160b9968b66013c3a3ef39dd7e5798?s=96&d=mm&r=g\",\"url\":\"https:\\\/\\\/secure.gravatar.com\\\/avatar\\\/3ea2118a5f7dad2b7138b1187a6b7ee55f160b9968b66013c3a3ef39dd7e5798?s=96&d=mm&r=g\",\"contentUrl\":\"https:\\\/\\\/secure.gravatar.com\\\/avatar\\\/3ea2118a5f7dad2b7138b1187a6b7ee55f160b9968b66013c3a3ef39dd7e5798?s=96&d=mm&r=g\",\"caption\":\"Jeanette\"},\"sameAs\":[\"https:\\\/\\\/www.eldiario.net\\\/portal\"],\"url\":\"https:\\\/\\\/www.eldiario.net\\\/portal\\\/author\\\/jeanette\\\/\"}]}<\/script>\n<!-- \/ Yoast SEO plugin. -->","yoast_head_json":{"title":"Gobernaci\u00f3n cruce\u00f1a y de Mato Grosso ratifican apoyo a conservaci\u00f3n del clima - El Diario - Bolivia","robots":{"index":"index","follow":"follow","max-snippet":"max-snippet:-1","max-image-preview":"max-image-preview:large","max-video-preview":"max-video-preview:-1"},"canonical":"https:\/\/www.eldiario.net\/portal\/2022\/08\/12\/gobernacion-crucena-y-de-mato-grosso-ratifican-apoyo-a-conservacion-del-clima\/","og_locale":"es_ES","og_type":"article","og_title":"Gobernaci\u00f3n cruce\u00f1a y de Mato Grosso ratifican apoyo a conservaci\u00f3n del clima - El Diario - Bolivia","og_description":"En el marco de relaciones internacionales, la Gobernaci\u00f3n de Santa Cruz, a trav\u00e9s del Programa de Cambio Clim\u00e1tico de la Secretar\u00eda de Desarrollo Sostenible y Medio Ambiente, se reuni\u00f3 con la Secretar\u00eda de Medio Ambiente del Estado de Mato Grosso -Brasil, para afirmar el apoyo del Estado brasile\u00f1o hacia Santa Cruz en el Grupo de [&hellip;]","og_url":"https:\/\/www.eldiario.net\/portal\/2022\/08\/12\/gobernacion-crucena-y-de-mato-grosso-ratifican-apoyo-a-conservacion-del-clima\/","og_site_name":"El Diario - Bolivia","article_publisher":"https:\/\/www.facebook.com\/eldiario.bolivia\/","article_published_time":"2022-08-12T09:42:47+00:00","author":"Jeanette","twitter_card":"summary_large_image","twitter_creator":"@eldiario_net","twitter_site":"@eldiario_net","twitter_misc":{"Escrito por":"Jeanette","Tiempo de lectura":"2 minutos"},"schema":{"@context":"https:\/\/schema.org","@graph":[{"@type":"Article","@id":"https:\/\/www.eldiario.net\/portal\/2022\/08\/12\/gobernacion-crucena-y-de-mato-grosso-ratifican-apoyo-a-conservacion-del-clima\/#article","isPartOf":{"@id":"https:\/\/www.eldiario.net\/portal\/2022\/08\/12\/gobernacion-crucena-y-de-mato-grosso-ratifican-apoyo-a-conservacion-del-clima\/"},"author":{"name":"Jeanette","@id":"https:\/\/www.eldiario.net\/portal\/#\/schema\/person\/f46445640444750d7d753ccd04ae01b7"},"headline":"Gobernaci\u00f3n cruce\u00f1a y de Mato Grosso ratifican apoyo a conservaci\u00f3n del clima","datePublished":"2022-08-12T09:42:47+00:00","mainEntityOfPage":{"@id":"https:\/\/www.eldiario.net\/portal\/2022\/08\/12\/gobernacion-crucena-y-de-mato-grosso-ratifican-apoyo-a-conservacion-del-clima\/"},"wordCount":325,"publisher":{"@id":"https:\/\/www.eldiario.net\/portal\/#organization"},"image":{"@id":"https:\/\/www.eldiario.net\/portal\/2022\/08\/12\/gobernacion-crucena-y-de-mato-grosso-ratifican-apoyo-a-conservacion-del-clima\/#primaryimage"},"thumbnailUrl":"","articleSection":["Nacional"],"inLanguage":"es"},{"@type":"WebPage","@id":"https:\/\/www.eldiario.net\/portal\/2022\/08\/12\/gobernacion-crucena-y-de-mato-grosso-ratifican-apoyo-a-conservacion-del-clima\/","url":"https:\/\/www.eldiario.net\/portal\/2022\/08\/12\/gobernacion-crucena-y-de-mato-grosso-ratifican-apoyo-a-conservacion-del-clima\/","name":"Gobernaci\u00f3n cruce\u00f1a y de Mato Grosso ratifican apoyo a conservaci\u00f3n del clima - El Diario - Bolivia","isPartOf":{"@id":"https:\/\/www.eldiario.net\/portal\/#website"},"primaryImageOfPage":{"@id":"https:\/\/www.eldiario.net\/portal\/2022\/08\/12\/gobernacion-crucena-y-de-mato-grosso-ratifican-apoyo-a-conservacion-del-clima\/#primaryimage"},"image":{"@id":"https:\/\/www.eldiario.net\/portal\/2022\/08\/12\/gobernacion-crucena-y-de-mato-grosso-ratifican-apoyo-a-conservacion-del-clima\/#primaryimage"},"thumbnailUrl":"","datePublished":"2022-08-12T09:42:47+00:00","breadcrumb":{"@id":"https:\/\/www.eldiario.net\/portal\/2022\/08\/12\/gobernacion-crucena-y-de-mato-grosso-ratifican-apoyo-a-conservacion-del-clima\/#breadcrumb"},"inLanguage":"es","potentialAction":[{"@type":"ReadAction","target":["https:\/\/www.eldiario.net\/portal\/2022\/08\/12\/gobernacion-crucena-y-de-mato-grosso-ratifican-apoyo-a-conservacion-del-clima\/"]}]},{"@type":"ImageObject","inLanguage":"es","@id":"https:\/\/www.eldiario.net\/portal\/2022\/08\/12\/gobernacion-crucena-y-de-mato-grosso-ratifican-apoyo-a-conservacion-del-clima\/#primaryimage","url":"","contentUrl":""},{"@type":"BreadcrumbList","@id":"https:\/\/www.eldiario.net\/portal\/2022\/08\/12\/gobernacion-crucena-y-de-mato-grosso-ratifican-apoyo-a-conservacion-del-clima\/#breadcrumb","itemListElement":[{"@type":"ListItem","position":1,"name":"Portada","item":"https:\/\/www.eldiario.net\/portal\/"},{"@type":"ListItem","position":2,"name":"Gobernaci\u00f3n cruce\u00f1a y de Mato Grosso ratifican apoyo a conservaci\u00f3n del clima"}]},{"@type":"WebSite","@id":"https:\/\/www.eldiario.net\/portal\/#website","url":"https:\/\/www.eldiario.net\/portal\/","name":"El Diario - Decano de la prensa nacional","description":"El Diario - Decano de la prensa nacional","publisher":{"@id":"https:\/\/www.eldiario.net\/portal\/#organization"},"potentialAction":[{"@type":"SearchAction","target":{"@type":"EntryPoint","urlTemplate":"https:\/\/www.eldiario.net\/portal\/?s={search_term_string}"},"query-input":{"@type":"PropertyValueSpecification","valueRequired":true,"valueName":"search_term_string"}}],"inLanguage":"es"},{"@type":"Organization","@id":"https:\/\/www.eldiario.net\/portal\/#organization","name":"El Diario - Decano de la prensa nacional","url":"https:\/\/www.eldiario.net\/portal\/","logo":{"@type":"ImageObject","inLanguage":"es","@id":"https:\/\/www.eldiario.net\/portal\/#\/schema\/logo\/image\/","url":"https:\/\/www.eldiario.net\/portal\/wp-content\/uploads\/2023\/07\/logo_ED.jpg","contentUrl":"https:\/\/www.eldiario.net\/portal\/wp-content\/uploads\/2023\/07\/logo_ED.jpg","width":272,"height":52,"caption":"El Diario - Decano de la prensa nacional"},"image":{"@id":"https:\/\/www.eldiario.net\/portal\/#\/schema\/logo\/image\/"},"sameAs":["https:\/\/www.facebook.com\/eldiario.bolivia\/","https:\/\/x.com\/eldiario_net"]},{"@type":"Person","@id":"https:\/\/www.eldiario.net\/portal\/#\/schema\/person\/f46445640444750d7d753ccd04ae01b7","name":"Jeanette","image":{"@type":"ImageObject","inLanguage":"es","@id":"https:\/\/secure.gravatar.com\/avatar\/3ea2118a5f7dad2b7138b1187a6b7ee55f160b9968b66013c3a3ef39dd7e5798?s=96&d=mm&r=g","url":"https:\/\/secure.gravatar.com\/avatar\/3ea2118a5f7dad2b7138b1187a6b7ee55f160b9968b66013c3a3ef39dd7e5798?s=96&d=mm&r=g","contentUrl":"https:\/\/secure.gravatar.com\/avatar\/3ea2118a5f7dad2b7138b1187a6b7ee55f160b9968b66013c3a3ef39dd7e5798?s=96&d=mm&r=g","caption":"Jeanette"},"sameAs":["https:\/\/www.eldiario.net\/portal"],"url":"https:\/\/www.eldiario.net\/portal\/author\/jeanette\/"}]}},"_links":{"self":[{"href":"https:\/\/www.eldiario.net\/portal\/wp-json\/wp\/v2\/posts\/103271","targetHints":{"allow":["GET"]}}],"collection":[{"href":"https:\/\/www.eldiario.net\/portal\/wp-json\/wp\/v2\/posts"}],"about":[{"href":"https:\/\/www.eldiario.net\/portal\/wp-json\/wp\/v2\/types\/post"}],"author":[{"embeddable":true,"href":"https:\/\/www.eldiario.net\/portal\/wp-json\/wp\/v2\/users\/1"}],"replies":[{"embeddable":true,"href":"https:\/\/www.eldiario.net\/portal\/wp-json\/wp\/v2\/comments?post=103271"}],"version-history":[{"count":0,"href":"https:\/\/www.eldiario.net\/portal\/wp-json\/wp\/v2\/posts\/103271\/revisions"}],"wp:attachment":[{"href":"https:\/\/www.eldiario.net\/portal\/wp-json\/wp\/v2\/media?parent=103271"}],"wp:term":[{"taxonomy":"category","embeddable":true,"href":"https:\/\/www.eldiario.net\/portal\/wp-json\/wp\/v2\/categories?post=103271"},{"taxonomy":"post_tag","embeddable":true,"href":"https:\/\/www.eldiario.net\/portal\/wp-json\/wp\/v2\/tags?post=103271"}],"curies":[{"name":"wp","href":"https:\/\/api.w.org\/{rel}","templated":true}]}}