{"id":103268,"date":"2022-08-12T05:41:49","date_gmt":"2022-08-12T09:41:49","guid":{"rendered":"https:\/\/www.eldiario.net\/portal\/?p=103268"},"modified":"2022-08-12T05:41:49","modified_gmt":"2022-08-12T09:41:49","slug":"segunda-autoridad-del-entorno-de-fernandez-renuncia-a-la-alcaldia","status":"publish","type":"post","link":"https:\/\/www.eldiario.net\/portal\/2022\/08\/12\/segunda-autoridad-del-entorno-de-fernandez-renuncia-a-la-alcaldia\/","title":{"rendered":"Segunda autoridad del entorno de Fern\u00e1ndez renuncia a la Alcald\u00eda"},"content":{"rendered":"<p>La secretaria Municipal de Desarrollo Humano, Adriana Pedraza, es la segunda autoridad del m\u00e1s alto nivel de la Alcald\u00eda de Santa Cruz que renunci\u00f3 ayer; la primera fue el titular de la Secretar\u00eda Municipal de Autonom\u00edas, Jos\u00e9 Luis Santistevan, que dej\u00f3 su cargo el 27 de julio.<\/p>\n<p>Tal como lo hizo Santistevan, Adriana Pedraza envi\u00f3 una carta al alcalde Johnny Fern\u00e1ndez, con fecha de 10 de agosto y con sello de recibido de ayer, en la que comunica su renuncia al cargo en la Alcald\u00eda cruce\u00f1a despu\u00e9s de un poco m\u00e1s de dos meses de haber asumido dicha Secretar\u00eda Municipal.<\/p>\n<p>La ahora exautoridad municipal argument\u00f3 \u201cmotivos profesionales, mismos que adem\u00e1s obedecen a convicciones personales\u201d. La renuncia es de car\u00e1cter irrevocable y Pedraza anunci\u00f3 que emitir\u00e1 un informe que corresponde al cese de sus funciones.<\/p>\n<p>El nombre de Pedraza salt\u00f3 en los recientes esc\u00e1ndalos que envuelven a la comuna cruce\u00f1a, espec\u00edficamente en el supuesto uso de veh\u00edculos municipales para contrarrestar las acciones del paro cruce\u00f1o por Censo en 2023 y, en el caso de la \u201cfamosa camioneta blanca\u201d, para atacar la vivienda de Fern\u00e1ndez, hecho que fue interpretado por concejales de la oposici\u00f3n como un \u201cautoatentado\u201d. (Santa Cruz, Br\u00fajula Digital-P\u00fablico.bo)<\/p>\n","protected":false},"excerpt":{"rendered":"<p>La secretaria Municipal de Desarrollo Humano, Adriana Pedraza, es la segunda autoridad del m\u00e1s alto nivel de la Alcald\u00eda de Santa Cruz que renunci\u00f3 ayer; la primera fue el titular de la Secretar\u00eda Municipal de Autonom\u00edas, Jos\u00e9 Luis Santistevan, que dej\u00f3 su cargo el 27 de julio. Tal como lo hizo Santistevan, Adriana Pedraza envi\u00f3 [&hellip;]<\/p>\n","protected":false},"author":1,"featured_media":103269,"comment_status":"closed","ping_status":"closed","sticky":false,"template":"","format":"standard","meta":{"_acf_changed":false,"footnotes":""},"categories":[12],"tags":[],"class_list":["post-103268","post","type-post","status-publish","format-standard","has-post-thumbnail","category-nacional"],"acf":{"antetitulo":""},"yoast_head":"<!-- This site is optimized with the Yoast SEO plugin v28.4 - https:\/\/yoast.com\/product\/yoast-seo-wordpress\/ -->\n<title>Segunda autoridad del entorno de Fern\u00e1ndez renuncia a la Alcald\u00eda - El Diario - Bolivia<\/title>\n<meta name=\"robots\" content=\"index, follow, max-snippet:-1, max-image-preview:large, max-video-preview:-1\" \/>\n<link rel=\"canonical\" href=\"https:\/\/www.eldiario.net\/portal\/2022\/08\/12\/segunda-autoridad-del-entorno-de-fernandez-renuncia-a-la-alcaldia\/\" \/>\n<meta property=\"og:locale\" content=\"es_ES\" \/>\n<meta property=\"og:type\" content=\"article\" \/>\n<meta property=\"og:title\" content=\"Segunda autoridad del entorno de Fern\u00e1ndez renuncia a la Alcald\u00eda - El Diario - Bolivia\" \/>\n<meta property=\"og:description\" content=\"La secretaria Municipal de Desarrollo Humano, Adriana Pedraza, es la segunda autoridad del m\u00e1s alto nivel de la Alcald\u00eda de Santa Cruz que renunci\u00f3 ayer; la primera fue el titular de la Secretar\u00eda Municipal de Autonom\u00edas, Jos\u00e9 Luis Santistevan, que dej\u00f3 su cargo el 27 de julio. Tal como lo hizo Santistevan, Adriana Pedraza envi\u00f3 [&hellip;]\" \/>\n<meta property=\"og:url\" content=\"https:\/\/www.eldiario.net\/portal\/2022\/08\/12\/segunda-autoridad-del-entorno-de-fernandez-renuncia-a-la-alcaldia\/\" \/>\n<meta property=\"og:site_name\" content=\"El Diario - Bolivia\" \/>\n<meta property=\"article:publisher\" content=\"https:\/\/www.facebook.com\/eldiario.bolivia\/\" \/>\n<meta property=\"article:published_time\" content=\"2022-08-12T09:41:49+00:00\" \/>\n<meta name=\"author\" content=\"Jeanette\" \/>\n<meta name=\"twitter:card\" content=\"summary_large_image\" \/>\n<meta name=\"twitter:creator\" content=\"@eldiario_net\" \/>\n<meta name=\"twitter:site\" content=\"@eldiario_net\" \/>\n<meta name=\"twitter:label1\" content=\"Escrito por\" \/>\n\t<meta name=\"twitter:data1\" content=\"Jeanette\" \/>\n\t<meta name=\"twitter:label2\" content=\"Tiempo de lectura\" \/>\n\t<meta name=\"twitter:data2\" content=\"1 minuto\" \/>\n<script type=\"application\/ld+json\" class=\"yoast-schema-graph\">{\"@context\":\"https:\\\/\\\/schema.org\",\"@graph\":[{\"@type\":\"Article\",\"@id\":\"https:\\\/\\\/www.eldiario.net\\\/portal\\\/2022\\\/08\\\/12\\\/segunda-autoridad-del-entorno-de-fernandez-renuncia-a-la-alcaldia\\\/#article\",\"isPartOf\":{\"@id\":\"https:\\\/\\\/www.eldiario.net\\\/portal\\\/2022\\\/08\\\/12\\\/segunda-autoridad-del-entorno-de-fernandez-renuncia-a-la-alcaldia\\\/\"},\"author\":{\"name\":\"Jeanette\",\"@id\":\"https:\\\/\\\/www.eldiario.net\\\/portal\\\/#\\\/schema\\\/person\\\/f46445640444750d7d753ccd04ae01b7\"},\"headline\":\"Segunda autoridad del entorno de Fern\u00e1ndez renuncia a la Alcald\u00eda\",\"datePublished\":\"2022-08-12T09:41:49+00:00\",\"mainEntityOfPage\":{\"@id\":\"https:\\\/\\\/www.eldiario.net\\\/portal\\\/2022\\\/08\\\/12\\\/segunda-autoridad-del-entorno-de-fernandez-renuncia-a-la-alcaldia\\\/\"},\"wordCount\":230,\"publisher\":{\"@id\":\"https:\\\/\\\/www.eldiario.net\\\/portal\\\/#organization\"},\"image\":{\"@id\":\"https:\\\/\\\/www.eldiario.net\\\/portal\\\/2022\\\/08\\\/12\\\/segunda-autoridad-del-entorno-de-fernandez-renuncia-a-la-alcaldia\\\/#primaryimage\"},\"thumbnailUrl\":\"\",\"articleSection\":[\"Nacional\"],\"inLanguage\":\"es\"},{\"@type\":\"WebPage\",\"@id\":\"https:\\\/\\\/www.eldiario.net\\\/portal\\\/2022\\\/08\\\/12\\\/segunda-autoridad-del-entorno-de-fernandez-renuncia-a-la-alcaldia\\\/\",\"url\":\"https:\\\/\\\/www.eldiario.net\\\/portal\\\/2022\\\/08\\\/12\\\/segunda-autoridad-del-entorno-de-fernandez-renuncia-a-la-alcaldia\\\/\",\"name\":\"Segunda autoridad del entorno de Fern\u00e1ndez renuncia a la Alcald\u00eda - El Diario - Bolivia\",\"isPartOf\":{\"@id\":\"https:\\\/\\\/www.eldiario.net\\\/portal\\\/#website\"},\"primaryImageOfPage\":{\"@id\":\"https:\\\/\\\/www.eldiario.net\\\/portal\\\/2022\\\/08\\\/12\\\/segunda-autoridad-del-entorno-de-fernandez-renuncia-a-la-alcaldia\\\/#primaryimage\"},\"image\":{\"@id\":\"https:\\\/\\\/www.eldiario.net\\\/portal\\\/2022\\\/08\\\/12\\\/segunda-autoridad-del-entorno-de-fernandez-renuncia-a-la-alcaldia\\\/#primaryimage\"},\"thumbnailUrl\":\"\",\"datePublished\":\"2022-08-12T09:41:49+00:00\",\"breadcrumb\":{\"@id\":\"https:\\\/\\\/www.eldiario.net\\\/portal\\\/2022\\\/08\\\/12\\\/segunda-autoridad-del-entorno-de-fernandez-renuncia-a-la-alcaldia\\\/#breadcrumb\"},\"inLanguage\":\"es\",\"potentialAction\":[{\"@type\":\"ReadAction\",\"target\":[\"https:\\\/\\\/www.eldiario.net\\\/portal\\\/2022\\\/08\\\/12\\\/segunda-autoridad-del-entorno-de-fernandez-renuncia-a-la-alcaldia\\\/\"]}]},{\"@type\":\"ImageObject\",\"inLanguage\":\"es\",\"@id\":\"https:\\\/\\\/www.eldiario.net\\\/portal\\\/2022\\\/08\\\/12\\\/segunda-autoridad-del-entorno-de-fernandez-renuncia-a-la-alcaldia\\\/#primaryimage\",\"url\":\"\",\"contentUrl\":\"\"},{\"@type\":\"BreadcrumbList\",\"@id\":\"https:\\\/\\\/www.eldiario.net\\\/portal\\\/2022\\\/08\\\/12\\\/segunda-autoridad-del-entorno-de-fernandez-renuncia-a-la-alcaldia\\\/#breadcrumb\",\"itemListElement\":[{\"@type\":\"ListItem\",\"position\":1,\"name\":\"Portada\",\"item\":\"https:\\\/\\\/www.eldiario.net\\\/portal\\\/\"},{\"@type\":\"ListItem\",\"position\":2,\"name\":\"Segunda autoridad del entorno de Fern\u00e1ndez renuncia a la Alcald\u00eda\"}]},{\"@type\":\"WebSite\",\"@id\":\"https:\\\/\\\/www.eldiario.net\\\/portal\\\/#website\",\"url\":\"https:\\\/\\\/www.eldiario.net\\\/portal\\\/\",\"name\":\"El Diario - Decano de la prensa nacional\",\"description\":\"El Diario - Decano de la prensa nacional\",\"publisher\":{\"@id\":\"https:\\\/\\\/www.eldiario.net\\\/portal\\\/#organization\"},\"potentialAction\":[{\"@type\":\"SearchAction\",\"target\":{\"@type\":\"EntryPoint\",\"urlTemplate\":\"https:\\\/\\\/www.eldiario.net\\\/portal\\\/?s={search_term_string}\"},\"query-input\":{\"@type\":\"PropertyValueSpecification\",\"valueRequired\":true,\"valueName\":\"search_term_string\"}}],\"inLanguage\":\"es\"},{\"@type\":\"Organization\",\"@id\":\"https:\\\/\\\/www.eldiario.net\\\/portal\\\/#organization\",\"name\":\"El Diario - Decano de la prensa nacional\",\"url\":\"https:\\\/\\\/www.eldiario.net\\\/portal\\\/\",\"logo\":{\"@type\":\"ImageObject\",\"inLanguage\":\"es\",\"@id\":\"https:\\\/\\\/www.eldiario.net\\\/portal\\\/#\\\/schema\\\/logo\\\/image\\\/\",\"url\":\"https:\\\/\\\/www.eldiario.net\\\/portal\\\/wp-content\\\/uploads\\\/2023\\\/07\\\/logo_ED.jpg\",\"contentUrl\":\"https:\\\/\\\/www.eldiario.net\\\/portal\\\/wp-content\\\/uploads\\\/2023\\\/07\\\/logo_ED.jpg\",\"width\":272,\"height\":52,\"caption\":\"El Diario - Decano de la prensa nacional\"},\"image\":{\"@id\":\"https:\\\/\\\/www.eldiario.net\\\/portal\\\/#\\\/schema\\\/logo\\\/image\\\/\"},\"sameAs\":[\"https:\\\/\\\/www.facebook.com\\\/eldiario.bolivia\\\/\",\"https:\\\/\\\/x.com\\\/eldiario_net\"]},{\"@type\":\"Person\",\"@id\":\"https:\\\/\\\/www.eldiario.net\\\/portal\\\/#\\\/schema\\\/person\\\/f46445640444750d7d753ccd04ae01b7\",\"name\":\"Jeanette\",\"image\":{\"@type\":\"ImageObject\",\"inLanguage\":\"es\",\"@id\":\"https:\\\/\\\/secure.gravatar.com\\\/avatar\\\/3ea2118a5f7dad2b7138b1187a6b7ee55f160b9968b66013c3a3ef39dd7e5798?s=96&d=mm&r=g\",\"url\":\"https:\\\/\\\/secure.gravatar.com\\\/avatar\\\/3ea2118a5f7dad2b7138b1187a6b7ee55f160b9968b66013c3a3ef39dd7e5798?s=96&d=mm&r=g\",\"contentUrl\":\"https:\\\/\\\/secure.gravatar.com\\\/avatar\\\/3ea2118a5f7dad2b7138b1187a6b7ee55f160b9968b66013c3a3ef39dd7e5798?s=96&d=mm&r=g\",\"caption\":\"Jeanette\"},\"sameAs\":[\"https:\\\/\\\/www.eldiario.net\\\/portal\"],\"url\":\"https:\\\/\\\/www.eldiario.net\\\/portal\\\/author\\\/jeanette\\\/\"}]}<\/script>\n<!-- \/ Yoast SEO plugin. -->","yoast_head_json":{"title":"Segunda autoridad del entorno de Fern\u00e1ndez renuncia a la Alcald\u00eda - El Diario - Bolivia","robots":{"index":"index","follow":"follow","max-snippet":"max-snippet:-1","max-image-preview":"max-image-preview:large","max-video-preview":"max-video-preview:-1"},"canonical":"https:\/\/www.eldiario.net\/portal\/2022\/08\/12\/segunda-autoridad-del-entorno-de-fernandez-renuncia-a-la-alcaldia\/","og_locale":"es_ES","og_type":"article","og_title":"Segunda autoridad del entorno de Fern\u00e1ndez renuncia a la Alcald\u00eda - El Diario - Bolivia","og_description":"La secretaria Municipal de Desarrollo Humano, Adriana Pedraza, es la segunda autoridad del m\u00e1s alto nivel de la Alcald\u00eda de Santa Cruz que renunci\u00f3 ayer; la primera fue el titular de la Secretar\u00eda Municipal de Autonom\u00edas, Jos\u00e9 Luis Santistevan, que dej\u00f3 su cargo el 27 de julio. Tal como lo hizo Santistevan, Adriana Pedraza envi\u00f3 [&hellip;]","og_url":"https:\/\/www.eldiario.net\/portal\/2022\/08\/12\/segunda-autoridad-del-entorno-de-fernandez-renuncia-a-la-alcaldia\/","og_site_name":"El Diario - Bolivia","article_publisher":"https:\/\/www.facebook.com\/eldiario.bolivia\/","article_published_time":"2022-08-12T09:41:49+00:00","author":"Jeanette","twitter_card":"summary_large_image","twitter_creator":"@eldiario_net","twitter_site":"@eldiario_net","twitter_misc":{"Escrito por":"Jeanette","Tiempo de lectura":"1 minuto"},"schema":{"@context":"https:\/\/schema.org","@graph":[{"@type":"Article","@id":"https:\/\/www.eldiario.net\/portal\/2022\/08\/12\/segunda-autoridad-del-entorno-de-fernandez-renuncia-a-la-alcaldia\/#article","isPartOf":{"@id":"https:\/\/www.eldiario.net\/portal\/2022\/08\/12\/segunda-autoridad-del-entorno-de-fernandez-renuncia-a-la-alcaldia\/"},"author":{"name":"Jeanette","@id":"https:\/\/www.eldiario.net\/portal\/#\/schema\/person\/f46445640444750d7d753ccd04ae01b7"},"headline":"Segunda autoridad del entorno de Fern\u00e1ndez renuncia a la Alcald\u00eda","datePublished":"2022-08-12T09:41:49+00:00","mainEntityOfPage":{"@id":"https:\/\/www.eldiario.net\/portal\/2022\/08\/12\/segunda-autoridad-del-entorno-de-fernandez-renuncia-a-la-alcaldia\/"},"wordCount":230,"publisher":{"@id":"https:\/\/www.eldiario.net\/portal\/#organization"},"image":{"@id":"https:\/\/www.eldiario.net\/portal\/2022\/08\/12\/segunda-autoridad-del-entorno-de-fernandez-renuncia-a-la-alcaldia\/#primaryimage"},"thumbnailUrl":"","articleSection":["Nacional"],"inLanguage":"es"},{"@type":"WebPage","@id":"https:\/\/www.eldiario.net\/portal\/2022\/08\/12\/segunda-autoridad-del-entorno-de-fernandez-renuncia-a-la-alcaldia\/","url":"https:\/\/www.eldiario.net\/portal\/2022\/08\/12\/segunda-autoridad-del-entorno-de-fernandez-renuncia-a-la-alcaldia\/","name":"Segunda autoridad del entorno de Fern\u00e1ndez renuncia a la Alcald\u00eda - El Diario - Bolivia","isPartOf":{"@id":"https:\/\/www.eldiario.net\/portal\/#website"},"primaryImageOfPage":{"@id":"https:\/\/www.eldiario.net\/portal\/2022\/08\/12\/segunda-autoridad-del-entorno-de-fernandez-renuncia-a-la-alcaldia\/#primaryimage"},"image":{"@id":"https:\/\/www.eldiario.net\/portal\/2022\/08\/12\/segunda-autoridad-del-entorno-de-fernandez-renuncia-a-la-alcaldia\/#primaryimage"},"thumbnailUrl":"","datePublished":"2022-08-12T09:41:49+00:00","breadcrumb":{"@id":"https:\/\/www.eldiario.net\/portal\/2022\/08\/12\/segunda-autoridad-del-entorno-de-fernandez-renuncia-a-la-alcaldia\/#breadcrumb"},"inLanguage":"es","potentialAction":[{"@type":"ReadAction","target":["https:\/\/www.eldiario.net\/portal\/2022\/08\/12\/segunda-autoridad-del-entorno-de-fernandez-renuncia-a-la-alcaldia\/"]}]},{"@type":"ImageObject","inLanguage":"es","@id":"https:\/\/www.eldiario.net\/portal\/2022\/08\/12\/segunda-autoridad-del-entorno-de-fernandez-renuncia-a-la-alcaldia\/#primaryimage","url":"","contentUrl":""},{"@type":"BreadcrumbList","@id":"https:\/\/www.eldiario.net\/portal\/2022\/08\/12\/segunda-autoridad-del-entorno-de-fernandez-renuncia-a-la-alcaldia\/#breadcrumb","itemListElement":[{"@type":"ListItem","position":1,"name":"Portada","item":"https:\/\/www.eldiario.net\/portal\/"},{"@type":"ListItem","position":2,"name":"Segunda autoridad del entorno de Fern\u00e1ndez renuncia a la Alcald\u00eda"}]},{"@type":"WebSite","@id":"https:\/\/www.eldiario.net\/portal\/#website","url":"https:\/\/www.eldiario.net\/portal\/","name":"El Diario - Decano de la prensa nacional","description":"El Diario - Decano de la prensa nacional","publisher":{"@id":"https:\/\/www.eldiario.net\/portal\/#organization"},"potentialAction":[{"@type":"SearchAction","target":{"@type":"EntryPoint","urlTemplate":"https:\/\/www.eldiario.net\/portal\/?s={search_term_string}"},"query-input":{"@type":"PropertyValueSpecification","valueRequired":true,"valueName":"search_term_string"}}],"inLanguage":"es"},{"@type":"Organization","@id":"https:\/\/www.eldiario.net\/portal\/#organization","name":"El Diario - Decano de la prensa nacional","url":"https:\/\/www.eldiario.net\/portal\/","logo":{"@type":"ImageObject","inLanguage":"es","@id":"https:\/\/www.eldiario.net\/portal\/#\/schema\/logo\/image\/","url":"https:\/\/www.eldiario.net\/portal\/wp-content\/uploads\/2023\/07\/logo_ED.jpg","contentUrl":"https:\/\/www.eldiario.net\/portal\/wp-content\/uploads\/2023\/07\/logo_ED.jpg","width":272,"height":52,"caption":"El Diario - Decano de la prensa nacional"},"image":{"@id":"https:\/\/www.eldiario.net\/portal\/#\/schema\/logo\/image\/"},"sameAs":["https:\/\/www.facebook.com\/eldiario.bolivia\/","https:\/\/x.com\/eldiario_net"]},{"@type":"Person","@id":"https:\/\/www.eldiario.net\/portal\/#\/schema\/person\/f46445640444750d7d753ccd04ae01b7","name":"Jeanette","image":{"@type":"ImageObject","inLanguage":"es","@id":"https:\/\/secure.gravatar.com\/avatar\/3ea2118a5f7dad2b7138b1187a6b7ee55f160b9968b66013c3a3ef39dd7e5798?s=96&d=mm&r=g","url":"https:\/\/secure.gravatar.com\/avatar\/3ea2118a5f7dad2b7138b1187a6b7ee55f160b9968b66013c3a3ef39dd7e5798?s=96&d=mm&r=g","contentUrl":"https:\/\/secure.gravatar.com\/avatar\/3ea2118a5f7dad2b7138b1187a6b7ee55f160b9968b66013c3a3ef39dd7e5798?s=96&d=mm&r=g","caption":"Jeanette"},"sameAs":["https:\/\/www.eldiario.net\/portal"],"url":"https:\/\/www.eldiario.net\/portal\/author\/jeanette\/"}]}},"_links":{"self":[{"href":"https:\/\/www.eldiario.net\/portal\/wp-json\/wp\/v2\/posts\/103268","targetHints":{"allow":["GET"]}}],"collection":[{"href":"https:\/\/www.eldiario.net\/portal\/wp-json\/wp\/v2\/posts"}],"about":[{"href":"https:\/\/www.eldiario.net\/portal\/wp-json\/wp\/v2\/types\/post"}],"author":[{"embeddable":true,"href":"https:\/\/www.eldiario.net\/portal\/wp-json\/wp\/v2\/users\/1"}],"replies":[{"embeddable":true,"href":"https:\/\/www.eldiario.net\/portal\/wp-json\/wp\/v2\/comments?post=103268"}],"version-history":[{"count":0,"href":"https:\/\/www.eldiario.net\/portal\/wp-json\/wp\/v2\/posts\/103268\/revisions"}],"wp:attachment":[{"href":"https:\/\/www.eldiario.net\/portal\/wp-json\/wp\/v2\/media?parent=103268"}],"wp:term":[{"taxonomy":"category","embeddable":true,"href":"https:\/\/www.eldiario.net\/portal\/wp-json\/wp\/v2\/categories?post=103268"},{"taxonomy":"post_tag","embeddable":true,"href":"https:\/\/www.eldiario.net\/portal\/wp-json\/wp\/v2\/tags?post=103268"}],"curies":[{"name":"wp","href":"https:\/\/api.w.org\/{rel}","templated":true}]}}