{"id":103265,"date":"2022-08-12T05:40:51","date_gmt":"2022-08-12T09:40:51","guid":{"rendered":"https:\/\/www.eldiario.net\/portal\/?p=103265"},"modified":"2022-08-12T05:40:51","modified_gmt":"2022-08-12T09:40:51","slug":"acuerdan-colocar-pavimento-rigido-en-el-tramo-san-javier-san-pedro","status":"publish","type":"post","link":"https:\/\/www.eldiario.net\/portal\/2022\/08\/12\/acuerdan-colocar-pavimento-rigido-en-el-tramo-san-javier-san-pedro\/","title":{"rendered":"Acuerdan colocar pavimento r\u00edgido  en el tramo San Javier-San Pedro"},"content":{"rendered":"<p>El Ministerio de Obras P\u00fablicas y representantes de la localidad beniana de San Pedro firmaron un acuerdo por el cual esa cartera de Estado gestionar\u00e1 recursos econ\u00f3micos para el dise\u00f1o final del tramo San Javier-San Pedro (26 kil\u00f3metros). \u201cEstudio que realizar\u00e1 el an\u00e1lisis del paquete estructural con pavimento r\u00edgido\u201d, afirma el punto 3 del documento.<\/p>\n<p>Los pobladores de San Pedro, localidad ubicada a unos 60 kil\u00f3metros al norte de Trinidad, cumplieron dos semanas de medidas de presi\u00f3n, exigiendo que se construya una ruta pavimentada que una la capital beniana con Guayaramer\u00edn.<\/p>\n<p>A las medidas de presi\u00f3n, se hab\u00edan sumado los transportistas benianos, quienes instalaron puntos de bloqueo en las afueras de la ciudad de Trinidad, los mismos que fueron levantados tras la firma del documento entre los representantes del Gobierno y la Naci\u00f3n Canichana.<\/p>\n<p>En la reuni\u00f3n tambi\u00e9n participaron el gobernador del Beni, Alejandro Unzueta; el presidente de la Asamblea Legislativa Departamental del Beni, Edgar Rea; el presidente del Comit\u00e9 C\u00edvico del Beni, Hugo Aponte, dirigentes del transporte y otras autoridades.<\/p>\n<p>Tambi\u00e9n acordaron que la ABC incremente recursos econ\u00f3micos para el mejoramiento en sitios cr\u00edticos del tramo San Javier-Ipurupuru. Adem\u00e1s, la ABC mejorar\u00e1 el sector de la zona urbana de San Pedro con imprimaci\u00f3n, iniciando el proceso de colocado en el mes de septiembre del a\u00f1o en curso. (Trinidad con datos de Erbol)<\/p>\n","protected":false},"excerpt":{"rendered":"<p>El Ministerio de Obras P\u00fablicas y representantes de la localidad beniana de San Pedro firmaron un acuerdo por el cual esa cartera de Estado gestionar\u00e1 recursos econ\u00f3micos para el dise\u00f1o final del tramo San Javier-San Pedro (26 kil\u00f3metros). \u201cEstudio que realizar\u00e1 el an\u00e1lisis del paquete estructural con pavimento r\u00edgido\u201d, afirma el punto 3 del documento. [&hellip;]<\/p>\n","protected":false},"author":1,"featured_media":103266,"comment_status":"closed","ping_status":"closed","sticky":false,"template":"","format":"standard","meta":{"_acf_changed":false,"footnotes":""},"categories":[12],"tags":[],"class_list":["post-103265","post","type-post","status-publish","format-standard","has-post-thumbnail","category-nacional"],"acf":{"antetitulo":""},"yoast_head":"<!-- This site is optimized with the Yoast SEO plugin v28.4 - https:\/\/yoast.com\/product\/yoast-seo-wordpress\/ -->\n<title>Acuerdan colocar pavimento r\u00edgido en el tramo San Javier-San Pedro - El Diario - Bolivia<\/title>\n<meta name=\"robots\" content=\"index, follow, max-snippet:-1, max-image-preview:large, max-video-preview:-1\" \/>\n<link rel=\"canonical\" href=\"https:\/\/www.eldiario.net\/portal\/2022\/08\/12\/acuerdan-colocar-pavimento-rigido-en-el-tramo-san-javier-san-pedro\/\" \/>\n<meta property=\"og:locale\" content=\"es_ES\" \/>\n<meta property=\"og:type\" content=\"article\" \/>\n<meta property=\"og:title\" content=\"Acuerdan colocar pavimento r\u00edgido en el tramo San Javier-San Pedro - El Diario - Bolivia\" \/>\n<meta property=\"og:description\" content=\"El Ministerio de Obras P\u00fablicas y representantes de la localidad beniana de San Pedro firmaron un acuerdo por el cual esa cartera de Estado gestionar\u00e1 recursos econ\u00f3micos para el dise\u00f1o final del tramo San Javier-San Pedro (26 kil\u00f3metros). \u201cEstudio que realizar\u00e1 el an\u00e1lisis del paquete estructural con pavimento r\u00edgido\u201d, afirma el punto 3 del documento. [&hellip;]\" \/>\n<meta property=\"og:url\" content=\"https:\/\/www.eldiario.net\/portal\/2022\/08\/12\/acuerdan-colocar-pavimento-rigido-en-el-tramo-san-javier-san-pedro\/\" \/>\n<meta property=\"og:site_name\" content=\"El Diario - Bolivia\" \/>\n<meta property=\"article:publisher\" content=\"https:\/\/www.facebook.com\/eldiario.bolivia\/\" \/>\n<meta property=\"article:published_time\" content=\"2022-08-12T09:40:51+00:00\" \/>\n<meta property=\"og:image\" content=\"https:\/\/www.eldiario.net\/portal\/wp-content\/uploads\/2022\/08\/ACUERDO-FOTO.jpg\" \/>\n\t<meta property=\"og:image:width\" content=\"872\" \/>\n\t<meta property=\"og:image:height\" content=\"544\" \/>\n\t<meta property=\"og:image:type\" content=\"image\/jpeg\" \/>\n<meta name=\"author\" content=\"Jeanette\" \/>\n<meta name=\"twitter:card\" content=\"summary_large_image\" \/>\n<meta name=\"twitter:creator\" content=\"@eldiario_net\" \/>\n<meta name=\"twitter:site\" content=\"@eldiario_net\" \/>\n<meta name=\"twitter:label1\" content=\"Escrito por\" \/>\n\t<meta name=\"twitter:data1\" content=\"Jeanette\" \/>\n\t<meta name=\"twitter:label2\" content=\"Tiempo de lectura\" \/>\n\t<meta name=\"twitter:data2\" content=\"2 minutos\" \/>\n<script type=\"application\/ld+json\" class=\"yoast-schema-graph\">{\"@context\":\"https:\\\/\\\/schema.org\",\"@graph\":[{\"@type\":\"Article\",\"@id\":\"https:\\\/\\\/www.eldiario.net\\\/portal\\\/2022\\\/08\\\/12\\\/acuerdan-colocar-pavimento-rigido-en-el-tramo-san-javier-san-pedro\\\/#article\",\"isPartOf\":{\"@id\":\"https:\\\/\\\/www.eldiario.net\\\/portal\\\/2022\\\/08\\\/12\\\/acuerdan-colocar-pavimento-rigido-en-el-tramo-san-javier-san-pedro\\\/\"},\"author\":{\"name\":\"Jeanette\",\"@id\":\"https:\\\/\\\/www.eldiario.net\\\/portal\\\/#\\\/schema\\\/person\\\/f46445640444750d7d753ccd04ae01b7\"},\"headline\":\"Acuerdan colocar pavimento r\u00edgido en el tramo San Javier-San Pedro\",\"datePublished\":\"2022-08-12T09:40:51+00:00\",\"mainEntityOfPage\":{\"@id\":\"https:\\\/\\\/www.eldiario.net\\\/portal\\\/2022\\\/08\\\/12\\\/acuerdan-colocar-pavimento-rigido-en-el-tramo-san-javier-san-pedro\\\/\"},\"wordCount\":252,\"publisher\":{\"@id\":\"https:\\\/\\\/www.eldiario.net\\\/portal\\\/#organization\"},\"image\":{\"@id\":\"https:\\\/\\\/www.eldiario.net\\\/portal\\\/2022\\\/08\\\/12\\\/acuerdan-colocar-pavimento-rigido-en-el-tramo-san-javier-san-pedro\\\/#primaryimage\"},\"thumbnailUrl\":\"https:\\\/\\\/www.eldiario.net\\\/portal\\\/wp-content\\\/uploads\\\/2022\\\/08\\\/ACUERDO-FOTO.jpg\",\"articleSection\":[\"Nacional\"],\"inLanguage\":\"es\"},{\"@type\":\"WebPage\",\"@id\":\"https:\\\/\\\/www.eldiario.net\\\/portal\\\/2022\\\/08\\\/12\\\/acuerdan-colocar-pavimento-rigido-en-el-tramo-san-javier-san-pedro\\\/\",\"url\":\"https:\\\/\\\/www.eldiario.net\\\/portal\\\/2022\\\/08\\\/12\\\/acuerdan-colocar-pavimento-rigido-en-el-tramo-san-javier-san-pedro\\\/\",\"name\":\"Acuerdan colocar pavimento r\u00edgido en el tramo San Javier-San Pedro - El Diario - Bolivia\",\"isPartOf\":{\"@id\":\"https:\\\/\\\/www.eldiario.net\\\/portal\\\/#website\"},\"primaryImageOfPage\":{\"@id\":\"https:\\\/\\\/www.eldiario.net\\\/portal\\\/2022\\\/08\\\/12\\\/acuerdan-colocar-pavimento-rigido-en-el-tramo-san-javier-san-pedro\\\/#primaryimage\"},\"image\":{\"@id\":\"https:\\\/\\\/www.eldiario.net\\\/portal\\\/2022\\\/08\\\/12\\\/acuerdan-colocar-pavimento-rigido-en-el-tramo-san-javier-san-pedro\\\/#primaryimage\"},\"thumbnailUrl\":\"https:\\\/\\\/www.eldiario.net\\\/portal\\\/wp-content\\\/uploads\\\/2022\\\/08\\\/ACUERDO-FOTO.jpg\",\"datePublished\":\"2022-08-12T09:40:51+00:00\",\"breadcrumb\":{\"@id\":\"https:\\\/\\\/www.eldiario.net\\\/portal\\\/2022\\\/08\\\/12\\\/acuerdan-colocar-pavimento-rigido-en-el-tramo-san-javier-san-pedro\\\/#breadcrumb\"},\"inLanguage\":\"es\",\"potentialAction\":[{\"@type\":\"ReadAction\",\"target\":[\"https:\\\/\\\/www.eldiario.net\\\/portal\\\/2022\\\/08\\\/12\\\/acuerdan-colocar-pavimento-rigido-en-el-tramo-san-javier-san-pedro\\\/\"]}]},{\"@type\":\"ImageObject\",\"inLanguage\":\"es\",\"@id\":\"https:\\\/\\\/www.eldiario.net\\\/portal\\\/2022\\\/08\\\/12\\\/acuerdan-colocar-pavimento-rigido-en-el-tramo-san-javier-san-pedro\\\/#primaryimage\",\"url\":\"https:\\\/\\\/www.eldiario.net\\\/portal\\\/wp-content\\\/uploads\\\/2022\\\/08\\\/ACUERDO-FOTO.jpg\",\"contentUrl\":\"https:\\\/\\\/www.eldiario.net\\\/portal\\\/wp-content\\\/uploads\\\/2022\\\/08\\\/ACUERDO-FOTO.jpg\",\"width\":872,\"height\":544,\"caption\":\"Autoridades del Ministerio de Obras P\u00fablicas al momento de suscribir el acuerdo. Foto: Erbol\"},{\"@type\":\"BreadcrumbList\",\"@id\":\"https:\\\/\\\/www.eldiario.net\\\/portal\\\/2022\\\/08\\\/12\\\/acuerdan-colocar-pavimento-rigido-en-el-tramo-san-javier-san-pedro\\\/#breadcrumb\",\"itemListElement\":[{\"@type\":\"ListItem\",\"position\":1,\"name\":\"Portada\",\"item\":\"https:\\\/\\\/www.eldiario.net\\\/portal\\\/\"},{\"@type\":\"ListItem\",\"position\":2,\"name\":\"Acuerdan colocar pavimento r\u00edgido en el tramo San Javier-San Pedro\"}]},{\"@type\":\"WebSite\",\"@id\":\"https:\\\/\\\/www.eldiario.net\\\/portal\\\/#website\",\"url\":\"https:\\\/\\\/www.eldiario.net\\\/portal\\\/\",\"name\":\"El Diario - Decano de la prensa nacional\",\"description\":\"El Diario - Decano de la prensa nacional\",\"publisher\":{\"@id\":\"https:\\\/\\\/www.eldiario.net\\\/portal\\\/#organization\"},\"potentialAction\":[{\"@type\":\"SearchAction\",\"target\":{\"@type\":\"EntryPoint\",\"urlTemplate\":\"https:\\\/\\\/www.eldiario.net\\\/portal\\\/?s={search_term_string}\"},\"query-input\":{\"@type\":\"PropertyValueSpecification\",\"valueRequired\":true,\"valueName\":\"search_term_string\"}}],\"inLanguage\":\"es\"},{\"@type\":\"Organization\",\"@id\":\"https:\\\/\\\/www.eldiario.net\\\/portal\\\/#organization\",\"name\":\"El Diario - Decano de la prensa nacional\",\"url\":\"https:\\\/\\\/www.eldiario.net\\\/portal\\\/\",\"logo\":{\"@type\":\"ImageObject\",\"inLanguage\":\"es\",\"@id\":\"https:\\\/\\\/www.eldiario.net\\\/portal\\\/#\\\/schema\\\/logo\\\/image\\\/\",\"url\":\"https:\\\/\\\/www.eldiario.net\\\/portal\\\/wp-content\\\/uploads\\\/2023\\\/07\\\/logo_ED.jpg\",\"contentUrl\":\"https:\\\/\\\/www.eldiario.net\\\/portal\\\/wp-content\\\/uploads\\\/2023\\\/07\\\/logo_ED.jpg\",\"width\":272,\"height\":52,\"caption\":\"El Diario - Decano de la prensa nacional\"},\"image\":{\"@id\":\"https:\\\/\\\/www.eldiario.net\\\/portal\\\/#\\\/schema\\\/logo\\\/image\\\/\"},\"sameAs\":[\"https:\\\/\\\/www.facebook.com\\\/eldiario.bolivia\\\/\",\"https:\\\/\\\/x.com\\\/eldiario_net\"]},{\"@type\":\"Person\",\"@id\":\"https:\\\/\\\/www.eldiario.net\\\/portal\\\/#\\\/schema\\\/person\\\/f46445640444750d7d753ccd04ae01b7\",\"name\":\"Jeanette\",\"image\":{\"@type\":\"ImageObject\",\"inLanguage\":\"es\",\"@id\":\"https:\\\/\\\/secure.gravatar.com\\\/avatar\\\/3ea2118a5f7dad2b7138b1187a6b7ee55f160b9968b66013c3a3ef39dd7e5798?s=96&d=mm&r=g\",\"url\":\"https:\\\/\\\/secure.gravatar.com\\\/avatar\\\/3ea2118a5f7dad2b7138b1187a6b7ee55f160b9968b66013c3a3ef39dd7e5798?s=96&d=mm&r=g\",\"contentUrl\":\"https:\\\/\\\/secure.gravatar.com\\\/avatar\\\/3ea2118a5f7dad2b7138b1187a6b7ee55f160b9968b66013c3a3ef39dd7e5798?s=96&d=mm&r=g\",\"caption\":\"Jeanette\"},\"sameAs\":[\"https:\\\/\\\/www.eldiario.net\\\/portal\"],\"url\":\"https:\\\/\\\/www.eldiario.net\\\/portal\\\/author\\\/jeanette\\\/\"}]}<\/script>\n<!-- \/ Yoast SEO plugin. -->","yoast_head_json":{"title":"Acuerdan colocar pavimento r\u00edgido en el tramo San Javier-San Pedro - El Diario - Bolivia","robots":{"index":"index","follow":"follow","max-snippet":"max-snippet:-1","max-image-preview":"max-image-preview:large","max-video-preview":"max-video-preview:-1"},"canonical":"https:\/\/www.eldiario.net\/portal\/2022\/08\/12\/acuerdan-colocar-pavimento-rigido-en-el-tramo-san-javier-san-pedro\/","og_locale":"es_ES","og_type":"article","og_title":"Acuerdan colocar pavimento r\u00edgido en el tramo San Javier-San Pedro - El Diario - Bolivia","og_description":"El Ministerio de Obras P\u00fablicas y representantes de la localidad beniana de San Pedro firmaron un acuerdo por el cual esa cartera de Estado gestionar\u00e1 recursos econ\u00f3micos para el dise\u00f1o final del tramo San Javier-San Pedro (26 kil\u00f3metros). \u201cEstudio que realizar\u00e1 el an\u00e1lisis del paquete estructural con pavimento r\u00edgido\u201d, afirma el punto 3 del documento. [&hellip;]","og_url":"https:\/\/www.eldiario.net\/portal\/2022\/08\/12\/acuerdan-colocar-pavimento-rigido-en-el-tramo-san-javier-san-pedro\/","og_site_name":"El Diario - Bolivia","article_publisher":"https:\/\/www.facebook.com\/eldiario.bolivia\/","article_published_time":"2022-08-12T09:40:51+00:00","og_image":[{"width":872,"height":544,"url":"https:\/\/www.eldiario.net\/portal\/wp-content\/uploads\/2022\/08\/ACUERDO-FOTO.jpg","type":"image\/jpeg"}],"author":"Jeanette","twitter_card":"summary_large_image","twitter_creator":"@eldiario_net","twitter_site":"@eldiario_net","twitter_misc":{"Escrito por":"Jeanette","Tiempo de lectura":"2 minutos"},"schema":{"@context":"https:\/\/schema.org","@graph":[{"@type":"Article","@id":"https:\/\/www.eldiario.net\/portal\/2022\/08\/12\/acuerdan-colocar-pavimento-rigido-en-el-tramo-san-javier-san-pedro\/#article","isPartOf":{"@id":"https:\/\/www.eldiario.net\/portal\/2022\/08\/12\/acuerdan-colocar-pavimento-rigido-en-el-tramo-san-javier-san-pedro\/"},"author":{"name":"Jeanette","@id":"https:\/\/www.eldiario.net\/portal\/#\/schema\/person\/f46445640444750d7d753ccd04ae01b7"},"headline":"Acuerdan colocar pavimento r\u00edgido en el tramo San Javier-San Pedro","datePublished":"2022-08-12T09:40:51+00:00","mainEntityOfPage":{"@id":"https:\/\/www.eldiario.net\/portal\/2022\/08\/12\/acuerdan-colocar-pavimento-rigido-en-el-tramo-san-javier-san-pedro\/"},"wordCount":252,"publisher":{"@id":"https:\/\/www.eldiario.net\/portal\/#organization"},"image":{"@id":"https:\/\/www.eldiario.net\/portal\/2022\/08\/12\/acuerdan-colocar-pavimento-rigido-en-el-tramo-san-javier-san-pedro\/#primaryimage"},"thumbnailUrl":"https:\/\/www.eldiario.net\/portal\/wp-content\/uploads\/2022\/08\/ACUERDO-FOTO.jpg","articleSection":["Nacional"],"inLanguage":"es"},{"@type":"WebPage","@id":"https:\/\/www.eldiario.net\/portal\/2022\/08\/12\/acuerdan-colocar-pavimento-rigido-en-el-tramo-san-javier-san-pedro\/","url":"https:\/\/www.eldiario.net\/portal\/2022\/08\/12\/acuerdan-colocar-pavimento-rigido-en-el-tramo-san-javier-san-pedro\/","name":"Acuerdan colocar pavimento r\u00edgido en el tramo San Javier-San Pedro - El Diario - Bolivia","isPartOf":{"@id":"https:\/\/www.eldiario.net\/portal\/#website"},"primaryImageOfPage":{"@id":"https:\/\/www.eldiario.net\/portal\/2022\/08\/12\/acuerdan-colocar-pavimento-rigido-en-el-tramo-san-javier-san-pedro\/#primaryimage"},"image":{"@id":"https:\/\/www.eldiario.net\/portal\/2022\/08\/12\/acuerdan-colocar-pavimento-rigido-en-el-tramo-san-javier-san-pedro\/#primaryimage"},"thumbnailUrl":"https:\/\/www.eldiario.net\/portal\/wp-content\/uploads\/2022\/08\/ACUERDO-FOTO.jpg","datePublished":"2022-08-12T09:40:51+00:00","breadcrumb":{"@id":"https:\/\/www.eldiario.net\/portal\/2022\/08\/12\/acuerdan-colocar-pavimento-rigido-en-el-tramo-san-javier-san-pedro\/#breadcrumb"},"inLanguage":"es","potentialAction":[{"@type":"ReadAction","target":["https:\/\/www.eldiario.net\/portal\/2022\/08\/12\/acuerdan-colocar-pavimento-rigido-en-el-tramo-san-javier-san-pedro\/"]}]},{"@type":"ImageObject","inLanguage":"es","@id":"https:\/\/www.eldiario.net\/portal\/2022\/08\/12\/acuerdan-colocar-pavimento-rigido-en-el-tramo-san-javier-san-pedro\/#primaryimage","url":"https:\/\/www.eldiario.net\/portal\/wp-content\/uploads\/2022\/08\/ACUERDO-FOTO.jpg","contentUrl":"https:\/\/www.eldiario.net\/portal\/wp-content\/uploads\/2022\/08\/ACUERDO-FOTO.jpg","width":872,"height":544,"caption":"Autoridades del Ministerio de Obras P\u00fablicas al momento de suscribir el acuerdo. Foto: Erbol"},{"@type":"BreadcrumbList","@id":"https:\/\/www.eldiario.net\/portal\/2022\/08\/12\/acuerdan-colocar-pavimento-rigido-en-el-tramo-san-javier-san-pedro\/#breadcrumb","itemListElement":[{"@type":"ListItem","position":1,"name":"Portada","item":"https:\/\/www.eldiario.net\/portal\/"},{"@type":"ListItem","position":2,"name":"Acuerdan colocar pavimento r\u00edgido en el tramo San Javier-San Pedro"}]},{"@type":"WebSite","@id":"https:\/\/www.eldiario.net\/portal\/#website","url":"https:\/\/www.eldiario.net\/portal\/","name":"El Diario - Decano de la prensa nacional","description":"El Diario - Decano de la prensa nacional","publisher":{"@id":"https:\/\/www.eldiario.net\/portal\/#organization"},"potentialAction":[{"@type":"SearchAction","target":{"@type":"EntryPoint","urlTemplate":"https:\/\/www.eldiario.net\/portal\/?s={search_term_string}"},"query-input":{"@type":"PropertyValueSpecification","valueRequired":true,"valueName":"search_term_string"}}],"inLanguage":"es"},{"@type":"Organization","@id":"https:\/\/www.eldiario.net\/portal\/#organization","name":"El Diario - Decano de la prensa nacional","url":"https:\/\/www.eldiario.net\/portal\/","logo":{"@type":"ImageObject","inLanguage":"es","@id":"https:\/\/www.eldiario.net\/portal\/#\/schema\/logo\/image\/","url":"https:\/\/www.eldiario.net\/portal\/wp-content\/uploads\/2023\/07\/logo_ED.jpg","contentUrl":"https:\/\/www.eldiario.net\/portal\/wp-content\/uploads\/2023\/07\/logo_ED.jpg","width":272,"height":52,"caption":"El Diario - Decano de la prensa nacional"},"image":{"@id":"https:\/\/www.eldiario.net\/portal\/#\/schema\/logo\/image\/"},"sameAs":["https:\/\/www.facebook.com\/eldiario.bolivia\/","https:\/\/x.com\/eldiario_net"]},{"@type":"Person","@id":"https:\/\/www.eldiario.net\/portal\/#\/schema\/person\/f46445640444750d7d753ccd04ae01b7","name":"Jeanette","image":{"@type":"ImageObject","inLanguage":"es","@id":"https:\/\/secure.gravatar.com\/avatar\/3ea2118a5f7dad2b7138b1187a6b7ee55f160b9968b66013c3a3ef39dd7e5798?s=96&d=mm&r=g","url":"https:\/\/secure.gravatar.com\/avatar\/3ea2118a5f7dad2b7138b1187a6b7ee55f160b9968b66013c3a3ef39dd7e5798?s=96&d=mm&r=g","contentUrl":"https:\/\/secure.gravatar.com\/avatar\/3ea2118a5f7dad2b7138b1187a6b7ee55f160b9968b66013c3a3ef39dd7e5798?s=96&d=mm&r=g","caption":"Jeanette"},"sameAs":["https:\/\/www.eldiario.net\/portal"],"url":"https:\/\/www.eldiario.net\/portal\/author\/jeanette\/"}]}},"_links":{"self":[{"href":"https:\/\/www.eldiario.net\/portal\/wp-json\/wp\/v2\/posts\/103265","targetHints":{"allow":["GET"]}}],"collection":[{"href":"https:\/\/www.eldiario.net\/portal\/wp-json\/wp\/v2\/posts"}],"about":[{"href":"https:\/\/www.eldiario.net\/portal\/wp-json\/wp\/v2\/types\/post"}],"author":[{"embeddable":true,"href":"https:\/\/www.eldiario.net\/portal\/wp-json\/wp\/v2\/users\/1"}],"replies":[{"embeddable":true,"href":"https:\/\/www.eldiario.net\/portal\/wp-json\/wp\/v2\/comments?post=103265"}],"version-history":[{"count":0,"href":"https:\/\/www.eldiario.net\/portal\/wp-json\/wp\/v2\/posts\/103265\/revisions"}],"wp:featuredmedia":[{"embeddable":true,"href":"https:\/\/www.eldiario.net\/portal\/wp-json\/wp\/v2\/media\/103266"}],"wp:attachment":[{"href":"https:\/\/www.eldiario.net\/portal\/wp-json\/wp\/v2\/media?parent=103265"}],"wp:term":[{"taxonomy":"category","embeddable":true,"href":"https:\/\/www.eldiario.net\/portal\/wp-json\/wp\/v2\/categories?post=103265"},{"taxonomy":"post_tag","embeddable":true,"href":"https:\/\/www.eldiario.net\/portal\/wp-json\/wp\/v2\/tags?post=103265"}],"curies":[{"name":"wp","href":"https:\/\/api.w.org\/{rel}","templated":true}]}}