{"id":103262,"date":"2022-08-12T05:39:41","date_gmt":"2022-08-12T09:39:41","guid":{"rendered":"https:\/\/www.eldiario.net\/portal\/?p=103262"},"modified":"2022-08-12T05:39:41","modified_gmt":"2022-08-12T09:39:41","slug":"alcaldesa-copa-espera-imparcialidad-de-justicia","status":"publish","type":"post","link":"https:\/\/www.eldiario.net\/portal\/2022\/08\/12\/alcaldesa-copa-espera-imparcialidad-de-justicia\/","title":{"rendered":"Alcaldesa Copa espera imparcialidad de justicia"},"content":{"rendered":"<p>Luego de su declaraci\u00f3n ante el Ministerio P\u00fablico, la alcaldesa de El Alto, Eva Copa, afirm\u00f3 que se busca sentar un precedente ante la justicia boliviana, que las agresiones y discriminaci\u00f3n hacia una mujer en el \u00e1mbito pol\u00edtico no contin\u00faen y, que en su caso, se act\u00fae con imparcialidad.<br \/>\nLa autoridad alte\u00f1a asisti\u00f3 ante dicha instancia judicial para declarar dentro del caso seguido por su persona, en contra del viceministro de Coordinaci\u00f3n Gubernamental, Gustavo Torrico, quien en d\u00edas pasados se refiri\u00f3 con adjetivos discriminatorios hacia la alcaldesa, calificado como violencia pol\u00edtica.<br \/>\n\u201cEsperamos dejar un precedente no solamente por las autoridades que estamos en el cargo, sino para todas las que vienen tambi\u00e9n. A las mujeres en la pol\u00edtica se nos hace muy dif\u00edcil por este tipo de agresiones, violencias verbales hacia nuestro trabajo, esperamos que la justicia act\u00fae con imparcialidad y pueda dar una sanci\u00f3n ejemplar para que estas cosas no vuelvan a suceder\u201d, indic\u00f3 la Alcaldesa luego de su declaraci\u00f3n.<br \/>\nA tiempo de asistir ante el Ministerio P\u00fablico, Copa ratific\u00f3 su demanda en contra del viceministro Torrico y que continuar\u00e1 con el proceso en su contra hasta lograr la sanci\u00f3n que se espera de acuerdo con las normas en este tipo de actitudes asumidas por su agresor.<br \/>\nCopa al referirse a las disculpas que hizo el viceministro Torrico, luego de haberla ofendido verbalmente, dijo que nunca las ha aceptado porque se ha visto que no fueron honestas ni sinceras, debido a que hasta el momento contin\u00faan dichas agresiones y amenazas por parte de algunas personas del entorno de esta autoridad de Gobierno.<br \/>\n\u201cNo puede ser que una autoridad electa democr\u00e1ticamente tenga que recibir este tipo de agresiones verbales en p\u00fablico, ha da\u00f1ado mi honor, da\u00f1\u00f3 mi imagen y la de mi familia. No puede ser que cuando nosotras las mujeres estamos en una carrera pol\u00edtica, que nos cuesta llegar donde estamos, venga alguien y tan ligeramente se refiera a alguien que es madre de familia y tambi\u00e9n hija\u201d, asever\u00f3 la alcaldesa Copa.<\/p>\n","protected":false},"excerpt":{"rendered":"<p>Luego de su declaraci\u00f3n ante el Ministerio P\u00fablico, la alcaldesa de El Alto, Eva Copa, afirm\u00f3 que se busca sentar un precedente ante la justicia boliviana, que las agresiones y discriminaci\u00f3n hacia una mujer en el \u00e1mbito pol\u00edtico no contin\u00faen y, que en su caso, se act\u00fae con imparcialidad. La autoridad alte\u00f1a asisti\u00f3 ante dicha [&hellip;]<\/p>\n","protected":false},"author":1,"featured_media":103263,"comment_status":"closed","ping_status":"closed","sticky":false,"template":"","format":"standard","meta":{"_acf_changed":false,"footnotes":""},"categories":[12],"tags":[],"class_list":["post-103262","post","type-post","status-publish","format-standard","has-post-thumbnail","category-nacional"],"acf":{"antetitulo":""},"yoast_head":"<!-- This site is optimized with the Yoast SEO plugin v28.4 - https:\/\/yoast.com\/product\/yoast-seo-wordpress\/ -->\n<title>Alcaldesa Copa espera imparcialidad de justicia - El Diario - Bolivia<\/title>\n<meta name=\"robots\" content=\"index, follow, max-snippet:-1, max-image-preview:large, max-video-preview:-1\" \/>\n<link rel=\"canonical\" href=\"https:\/\/www.eldiario.net\/portal\/2022\/08\/12\/alcaldesa-copa-espera-imparcialidad-de-justicia\/\" \/>\n<meta property=\"og:locale\" content=\"es_ES\" \/>\n<meta property=\"og:type\" content=\"article\" \/>\n<meta property=\"og:title\" content=\"Alcaldesa Copa espera imparcialidad de justicia - El Diario - Bolivia\" \/>\n<meta property=\"og:description\" content=\"Luego de su declaraci\u00f3n ante el Ministerio P\u00fablico, la alcaldesa de El Alto, Eva Copa, afirm\u00f3 que se busca sentar un precedente ante la justicia boliviana, que las agresiones y discriminaci\u00f3n hacia una mujer en el \u00e1mbito pol\u00edtico no contin\u00faen y, que en su caso, se act\u00fae con imparcialidad. La autoridad alte\u00f1a asisti\u00f3 ante dicha [&hellip;]\" \/>\n<meta property=\"og:url\" content=\"https:\/\/www.eldiario.net\/portal\/2022\/08\/12\/alcaldesa-copa-espera-imparcialidad-de-justicia\/\" \/>\n<meta property=\"og:site_name\" content=\"El Diario - Bolivia\" \/>\n<meta property=\"article:publisher\" content=\"https:\/\/www.facebook.com\/eldiario.bolivia\/\" \/>\n<meta property=\"article:published_time\" content=\"2022-08-12T09:39:41+00:00\" \/>\n<meta name=\"author\" content=\"Jeanette\" \/>\n<meta name=\"twitter:card\" content=\"summary_large_image\" \/>\n<meta name=\"twitter:creator\" content=\"@eldiario_net\" \/>\n<meta name=\"twitter:site\" content=\"@eldiario_net\" \/>\n<meta name=\"twitter:label1\" content=\"Escrito por\" \/>\n\t<meta name=\"twitter:data1\" content=\"Jeanette\" \/>\n\t<meta name=\"twitter:label2\" content=\"Tiempo de lectura\" \/>\n\t<meta name=\"twitter:data2\" content=\"2 minutos\" \/>\n<script type=\"application\/ld+json\" class=\"yoast-schema-graph\">{\"@context\":\"https:\\\/\\\/schema.org\",\"@graph\":[{\"@type\":\"Article\",\"@id\":\"https:\\\/\\\/www.eldiario.net\\\/portal\\\/2022\\\/08\\\/12\\\/alcaldesa-copa-espera-imparcialidad-de-justicia\\\/#article\",\"isPartOf\":{\"@id\":\"https:\\\/\\\/www.eldiario.net\\\/portal\\\/2022\\\/08\\\/12\\\/alcaldesa-copa-espera-imparcialidad-de-justicia\\\/\"},\"author\":{\"name\":\"Jeanette\",\"@id\":\"https:\\\/\\\/www.eldiario.net\\\/portal\\\/#\\\/schema\\\/person\\\/f46445640444750d7d753ccd04ae01b7\"},\"headline\":\"Alcaldesa Copa espera imparcialidad de justicia\",\"datePublished\":\"2022-08-12T09:39:41+00:00\",\"mainEntityOfPage\":{\"@id\":\"https:\\\/\\\/www.eldiario.net\\\/portal\\\/2022\\\/08\\\/12\\\/alcaldesa-copa-espera-imparcialidad-de-justicia\\\/\"},\"wordCount\":363,\"publisher\":{\"@id\":\"https:\\\/\\\/www.eldiario.net\\\/portal\\\/#organization\"},\"image\":{\"@id\":\"https:\\\/\\\/www.eldiario.net\\\/portal\\\/2022\\\/08\\\/12\\\/alcaldesa-copa-espera-imparcialidad-de-justicia\\\/#primaryimage\"},\"thumbnailUrl\":\"\",\"articleSection\":[\"Nacional\"],\"inLanguage\":\"es\"},{\"@type\":\"WebPage\",\"@id\":\"https:\\\/\\\/www.eldiario.net\\\/portal\\\/2022\\\/08\\\/12\\\/alcaldesa-copa-espera-imparcialidad-de-justicia\\\/\",\"url\":\"https:\\\/\\\/www.eldiario.net\\\/portal\\\/2022\\\/08\\\/12\\\/alcaldesa-copa-espera-imparcialidad-de-justicia\\\/\",\"name\":\"Alcaldesa Copa espera imparcialidad de justicia - El Diario - Bolivia\",\"isPartOf\":{\"@id\":\"https:\\\/\\\/www.eldiario.net\\\/portal\\\/#website\"},\"primaryImageOfPage\":{\"@id\":\"https:\\\/\\\/www.eldiario.net\\\/portal\\\/2022\\\/08\\\/12\\\/alcaldesa-copa-espera-imparcialidad-de-justicia\\\/#primaryimage\"},\"image\":{\"@id\":\"https:\\\/\\\/www.eldiario.net\\\/portal\\\/2022\\\/08\\\/12\\\/alcaldesa-copa-espera-imparcialidad-de-justicia\\\/#primaryimage\"},\"thumbnailUrl\":\"\",\"datePublished\":\"2022-08-12T09:39:41+00:00\",\"breadcrumb\":{\"@id\":\"https:\\\/\\\/www.eldiario.net\\\/portal\\\/2022\\\/08\\\/12\\\/alcaldesa-copa-espera-imparcialidad-de-justicia\\\/#breadcrumb\"},\"inLanguage\":\"es\",\"potentialAction\":[{\"@type\":\"ReadAction\",\"target\":[\"https:\\\/\\\/www.eldiario.net\\\/portal\\\/2022\\\/08\\\/12\\\/alcaldesa-copa-espera-imparcialidad-de-justicia\\\/\"]}]},{\"@type\":\"ImageObject\",\"inLanguage\":\"es\",\"@id\":\"https:\\\/\\\/www.eldiario.net\\\/portal\\\/2022\\\/08\\\/12\\\/alcaldesa-copa-espera-imparcialidad-de-justicia\\\/#primaryimage\",\"url\":\"\",\"contentUrl\":\"\"},{\"@type\":\"BreadcrumbList\",\"@id\":\"https:\\\/\\\/www.eldiario.net\\\/portal\\\/2022\\\/08\\\/12\\\/alcaldesa-copa-espera-imparcialidad-de-justicia\\\/#breadcrumb\",\"itemListElement\":[{\"@type\":\"ListItem\",\"position\":1,\"name\":\"Portada\",\"item\":\"https:\\\/\\\/www.eldiario.net\\\/portal\\\/\"},{\"@type\":\"ListItem\",\"position\":2,\"name\":\"Alcaldesa Copa espera imparcialidad de justicia\"}]},{\"@type\":\"WebSite\",\"@id\":\"https:\\\/\\\/www.eldiario.net\\\/portal\\\/#website\",\"url\":\"https:\\\/\\\/www.eldiario.net\\\/portal\\\/\",\"name\":\"El Diario - Decano de la prensa nacional\",\"description\":\"El Diario - Decano de la prensa nacional\",\"publisher\":{\"@id\":\"https:\\\/\\\/www.eldiario.net\\\/portal\\\/#organization\"},\"potentialAction\":[{\"@type\":\"SearchAction\",\"target\":{\"@type\":\"EntryPoint\",\"urlTemplate\":\"https:\\\/\\\/www.eldiario.net\\\/portal\\\/?s={search_term_string}\"},\"query-input\":{\"@type\":\"PropertyValueSpecification\",\"valueRequired\":true,\"valueName\":\"search_term_string\"}}],\"inLanguage\":\"es\"},{\"@type\":\"Organization\",\"@id\":\"https:\\\/\\\/www.eldiario.net\\\/portal\\\/#organization\",\"name\":\"El Diario - Decano de la prensa nacional\",\"url\":\"https:\\\/\\\/www.eldiario.net\\\/portal\\\/\",\"logo\":{\"@type\":\"ImageObject\",\"inLanguage\":\"es\",\"@id\":\"https:\\\/\\\/www.eldiario.net\\\/portal\\\/#\\\/schema\\\/logo\\\/image\\\/\",\"url\":\"https:\\\/\\\/www.eldiario.net\\\/portal\\\/wp-content\\\/uploads\\\/2023\\\/07\\\/logo_ED.jpg\",\"contentUrl\":\"https:\\\/\\\/www.eldiario.net\\\/portal\\\/wp-content\\\/uploads\\\/2023\\\/07\\\/logo_ED.jpg\",\"width\":272,\"height\":52,\"caption\":\"El Diario - Decano de la prensa nacional\"},\"image\":{\"@id\":\"https:\\\/\\\/www.eldiario.net\\\/portal\\\/#\\\/schema\\\/logo\\\/image\\\/\"},\"sameAs\":[\"https:\\\/\\\/www.facebook.com\\\/eldiario.bolivia\\\/\",\"https:\\\/\\\/x.com\\\/eldiario_net\"]},{\"@type\":\"Person\",\"@id\":\"https:\\\/\\\/www.eldiario.net\\\/portal\\\/#\\\/schema\\\/person\\\/f46445640444750d7d753ccd04ae01b7\",\"name\":\"Jeanette\",\"image\":{\"@type\":\"ImageObject\",\"inLanguage\":\"es\",\"@id\":\"https:\\\/\\\/secure.gravatar.com\\\/avatar\\\/3ea2118a5f7dad2b7138b1187a6b7ee55f160b9968b66013c3a3ef39dd7e5798?s=96&d=mm&r=g\",\"url\":\"https:\\\/\\\/secure.gravatar.com\\\/avatar\\\/3ea2118a5f7dad2b7138b1187a6b7ee55f160b9968b66013c3a3ef39dd7e5798?s=96&d=mm&r=g\",\"contentUrl\":\"https:\\\/\\\/secure.gravatar.com\\\/avatar\\\/3ea2118a5f7dad2b7138b1187a6b7ee55f160b9968b66013c3a3ef39dd7e5798?s=96&d=mm&r=g\",\"caption\":\"Jeanette\"},\"sameAs\":[\"https:\\\/\\\/www.eldiario.net\\\/portal\"],\"url\":\"https:\\\/\\\/www.eldiario.net\\\/portal\\\/author\\\/jeanette\\\/\"}]}<\/script>\n<!-- \/ Yoast SEO plugin. -->","yoast_head_json":{"title":"Alcaldesa Copa espera imparcialidad de justicia - El Diario - Bolivia","robots":{"index":"index","follow":"follow","max-snippet":"max-snippet:-1","max-image-preview":"max-image-preview:large","max-video-preview":"max-video-preview:-1"},"canonical":"https:\/\/www.eldiario.net\/portal\/2022\/08\/12\/alcaldesa-copa-espera-imparcialidad-de-justicia\/","og_locale":"es_ES","og_type":"article","og_title":"Alcaldesa Copa espera imparcialidad de justicia - El Diario - Bolivia","og_description":"Luego de su declaraci\u00f3n ante el Ministerio P\u00fablico, la alcaldesa de El Alto, Eva Copa, afirm\u00f3 que se busca sentar un precedente ante la justicia boliviana, que las agresiones y discriminaci\u00f3n hacia una mujer en el \u00e1mbito pol\u00edtico no contin\u00faen y, que en su caso, se act\u00fae con imparcialidad. La autoridad alte\u00f1a asisti\u00f3 ante dicha [&hellip;]","og_url":"https:\/\/www.eldiario.net\/portal\/2022\/08\/12\/alcaldesa-copa-espera-imparcialidad-de-justicia\/","og_site_name":"El Diario - Bolivia","article_publisher":"https:\/\/www.facebook.com\/eldiario.bolivia\/","article_published_time":"2022-08-12T09:39:41+00:00","author":"Jeanette","twitter_card":"summary_large_image","twitter_creator":"@eldiario_net","twitter_site":"@eldiario_net","twitter_misc":{"Escrito por":"Jeanette","Tiempo de lectura":"2 minutos"},"schema":{"@context":"https:\/\/schema.org","@graph":[{"@type":"Article","@id":"https:\/\/www.eldiario.net\/portal\/2022\/08\/12\/alcaldesa-copa-espera-imparcialidad-de-justicia\/#article","isPartOf":{"@id":"https:\/\/www.eldiario.net\/portal\/2022\/08\/12\/alcaldesa-copa-espera-imparcialidad-de-justicia\/"},"author":{"name":"Jeanette","@id":"https:\/\/www.eldiario.net\/portal\/#\/schema\/person\/f46445640444750d7d753ccd04ae01b7"},"headline":"Alcaldesa Copa espera imparcialidad de justicia","datePublished":"2022-08-12T09:39:41+00:00","mainEntityOfPage":{"@id":"https:\/\/www.eldiario.net\/portal\/2022\/08\/12\/alcaldesa-copa-espera-imparcialidad-de-justicia\/"},"wordCount":363,"publisher":{"@id":"https:\/\/www.eldiario.net\/portal\/#organization"},"image":{"@id":"https:\/\/www.eldiario.net\/portal\/2022\/08\/12\/alcaldesa-copa-espera-imparcialidad-de-justicia\/#primaryimage"},"thumbnailUrl":"","articleSection":["Nacional"],"inLanguage":"es"},{"@type":"WebPage","@id":"https:\/\/www.eldiario.net\/portal\/2022\/08\/12\/alcaldesa-copa-espera-imparcialidad-de-justicia\/","url":"https:\/\/www.eldiario.net\/portal\/2022\/08\/12\/alcaldesa-copa-espera-imparcialidad-de-justicia\/","name":"Alcaldesa Copa espera imparcialidad de justicia - El Diario - Bolivia","isPartOf":{"@id":"https:\/\/www.eldiario.net\/portal\/#website"},"primaryImageOfPage":{"@id":"https:\/\/www.eldiario.net\/portal\/2022\/08\/12\/alcaldesa-copa-espera-imparcialidad-de-justicia\/#primaryimage"},"image":{"@id":"https:\/\/www.eldiario.net\/portal\/2022\/08\/12\/alcaldesa-copa-espera-imparcialidad-de-justicia\/#primaryimage"},"thumbnailUrl":"","datePublished":"2022-08-12T09:39:41+00:00","breadcrumb":{"@id":"https:\/\/www.eldiario.net\/portal\/2022\/08\/12\/alcaldesa-copa-espera-imparcialidad-de-justicia\/#breadcrumb"},"inLanguage":"es","potentialAction":[{"@type":"ReadAction","target":["https:\/\/www.eldiario.net\/portal\/2022\/08\/12\/alcaldesa-copa-espera-imparcialidad-de-justicia\/"]}]},{"@type":"ImageObject","inLanguage":"es","@id":"https:\/\/www.eldiario.net\/portal\/2022\/08\/12\/alcaldesa-copa-espera-imparcialidad-de-justicia\/#primaryimage","url":"","contentUrl":""},{"@type":"BreadcrumbList","@id":"https:\/\/www.eldiario.net\/portal\/2022\/08\/12\/alcaldesa-copa-espera-imparcialidad-de-justicia\/#breadcrumb","itemListElement":[{"@type":"ListItem","position":1,"name":"Portada","item":"https:\/\/www.eldiario.net\/portal\/"},{"@type":"ListItem","position":2,"name":"Alcaldesa Copa espera imparcialidad de justicia"}]},{"@type":"WebSite","@id":"https:\/\/www.eldiario.net\/portal\/#website","url":"https:\/\/www.eldiario.net\/portal\/","name":"El Diario - Decano de la prensa nacional","description":"El Diario - Decano de la prensa nacional","publisher":{"@id":"https:\/\/www.eldiario.net\/portal\/#organization"},"potentialAction":[{"@type":"SearchAction","target":{"@type":"EntryPoint","urlTemplate":"https:\/\/www.eldiario.net\/portal\/?s={search_term_string}"},"query-input":{"@type":"PropertyValueSpecification","valueRequired":true,"valueName":"search_term_string"}}],"inLanguage":"es"},{"@type":"Organization","@id":"https:\/\/www.eldiario.net\/portal\/#organization","name":"El Diario - Decano de la prensa nacional","url":"https:\/\/www.eldiario.net\/portal\/","logo":{"@type":"ImageObject","inLanguage":"es","@id":"https:\/\/www.eldiario.net\/portal\/#\/schema\/logo\/image\/","url":"https:\/\/www.eldiario.net\/portal\/wp-content\/uploads\/2023\/07\/logo_ED.jpg","contentUrl":"https:\/\/www.eldiario.net\/portal\/wp-content\/uploads\/2023\/07\/logo_ED.jpg","width":272,"height":52,"caption":"El Diario - Decano de la prensa nacional"},"image":{"@id":"https:\/\/www.eldiario.net\/portal\/#\/schema\/logo\/image\/"},"sameAs":["https:\/\/www.facebook.com\/eldiario.bolivia\/","https:\/\/x.com\/eldiario_net"]},{"@type":"Person","@id":"https:\/\/www.eldiario.net\/portal\/#\/schema\/person\/f46445640444750d7d753ccd04ae01b7","name":"Jeanette","image":{"@type":"ImageObject","inLanguage":"es","@id":"https:\/\/secure.gravatar.com\/avatar\/3ea2118a5f7dad2b7138b1187a6b7ee55f160b9968b66013c3a3ef39dd7e5798?s=96&d=mm&r=g","url":"https:\/\/secure.gravatar.com\/avatar\/3ea2118a5f7dad2b7138b1187a6b7ee55f160b9968b66013c3a3ef39dd7e5798?s=96&d=mm&r=g","contentUrl":"https:\/\/secure.gravatar.com\/avatar\/3ea2118a5f7dad2b7138b1187a6b7ee55f160b9968b66013c3a3ef39dd7e5798?s=96&d=mm&r=g","caption":"Jeanette"},"sameAs":["https:\/\/www.eldiario.net\/portal"],"url":"https:\/\/www.eldiario.net\/portal\/author\/jeanette\/"}]}},"_links":{"self":[{"href":"https:\/\/www.eldiario.net\/portal\/wp-json\/wp\/v2\/posts\/103262","targetHints":{"allow":["GET"]}}],"collection":[{"href":"https:\/\/www.eldiario.net\/portal\/wp-json\/wp\/v2\/posts"}],"about":[{"href":"https:\/\/www.eldiario.net\/portal\/wp-json\/wp\/v2\/types\/post"}],"author":[{"embeddable":true,"href":"https:\/\/www.eldiario.net\/portal\/wp-json\/wp\/v2\/users\/1"}],"replies":[{"embeddable":true,"href":"https:\/\/www.eldiario.net\/portal\/wp-json\/wp\/v2\/comments?post=103262"}],"version-history":[{"count":0,"href":"https:\/\/www.eldiario.net\/portal\/wp-json\/wp\/v2\/posts\/103262\/revisions"}],"wp:attachment":[{"href":"https:\/\/www.eldiario.net\/portal\/wp-json\/wp\/v2\/media?parent=103262"}],"wp:term":[{"taxonomy":"category","embeddable":true,"href":"https:\/\/www.eldiario.net\/portal\/wp-json\/wp\/v2\/categories?post=103262"},{"taxonomy":"post_tag","embeddable":true,"href":"https:\/\/www.eldiario.net\/portal\/wp-json\/wp\/v2\/tags?post=103262"}],"curies":[{"name":"wp","href":"https:\/\/api.w.org\/{rel}","templated":true}]}}