{"id":103257,"date":"2022-08-12T05:35:49","date_gmt":"2022-08-12T09:35:49","guid":{"rendered":"https:\/\/www.eldiario.net\/portal\/?p=103257"},"modified":"2022-08-12T05:35:49","modified_gmt":"2022-08-12T09:35:49","slug":"gary-maldonado-debutara-en-el-rally-codasur","status":"publish","type":"post","link":"https:\/\/www.eldiario.net\/portal\/2022\/08\/12\/gary-maldonado-debutara-en-el-rally-codasur\/","title":{"rendered":"Gary Maldonado debutar\u00e1 en el Rally Codasur"},"content":{"rendered":"<p>Dando de qu\u00e9 hablar a nivel nacional, el piloto Gary Maldonado competir\u00e1 por primera vez en el Rally Codasur, evento sudamericano que se llevar\u00e1 a cabo del 25 al 28 de agosto en Santa Cruz, como parte del campeonato sudamericano, nacional y departamental de automovilismo deportivo.<br \/>\nCon la premisa de hacer un buen papel. Gary Maldonado que es nieto del piloto de Dakar, Fortunato Maldonado, quien fue una leyenda dentro del automovilismo, se alista para esta incursi\u00f3n internacional.<br \/>\nLa familia Maldonado se gan\u00f3 un lugar en la historia de esta disciplina y los nietos de \u201cDon Fortu\u201d contin\u00faan con este legado. Gary es uno de ellos. Campe\u00f3n en varias competencias de karting, decidi\u00f3 pasar a la categor\u00eda de automovilismo de rally desde hace dos a\u00f1os.<br \/>\nCombinando sus estudios y esta pasi\u00f3n, Maldonado retorn\u00f3 a las competencias este a\u00f1o, donde obtuvo r\u00e1pidamente dos victorias dentro del circuito departamental en Santa Cruz.<br \/>\nEl piloto pace\u00f1o (nacido en 1998) tiene actualmente 24 a\u00f1os. Su buen desempe\u00f1o en el mundo tuerca lo convierte como una de las principales cartas de t\u00edtulo en la categor\u00eda RC2N, en la cual ya obtuvo dos triunfos departamentales. Con ello, decidi\u00f3 participar del evento internacional.<br \/>\n\u201cComo estamos peleando el departamental ac\u00e1 y estamos liderando, entonces fue una motivaci\u00f3n para entrar y saber en qu\u00e9 nivel estamos a nivel Sudam\u00e9rica\u201d, manifest\u00f3 Gary a Deportes El Diario.<br \/>\nMaldonado es l\u00edder departamental en su categor\u00eda con 56 puntos de ventaja. \u201cPese a que estamos liderando, queremos obtener triunfos en las siguientes pruebas para asegurar el campeonato\u201d, recalc\u00f3 el piloto.<br \/>\nComo es de esperar, el apoyo familiar es fundamental para Gary. As\u00ed tiene respaldo total para competir en el Codasur.<br \/>\n\u201cEllos est\u00e1n apoyando al cien por ciento. El auto est\u00e1 cien puntos, pero faltan algunos detalles. El apoyo incondicional de toda mi familia, mi abuelo (Fortunato) compra los repuestos y los mec\u00e1nicos est\u00e1n trabajando. Todo el equipo est\u00e1 muy comprometido con este objetivo\u201d, sostuvo.<br \/>\nEl ritmo que tiene Gary en competencias ayudar\u00e1, as\u00ed lo sostiene. \u201cDemostraremos de qu\u00e9 estamos hechos. Para este rally vamos a pelear por conseguir buenos resultados. El ritmo est\u00e1, ya hicimos historia por ganar dos rallys. Es algo muy bueno, los organizadores est\u00e1n asombrados por mi gran avance y mi familia est\u00e1 sorprendida\u201d, dijo. Con los t\u00edtulos del Rally de San Xavier y el de Samaipata en los brazos, Gary ultima detalles para su debut. \u201cSiempre agradecer a todos los que me acompa\u00f1an: a mi familia, a mis amigos, y pareja. A todos en general. Sin ellos no soy nada\u201d, finaliz\u00f3.<\/p>\n<p>2 CARRERAS departamentales gan\u00f3 Maldonado: en San Xavier y Samaipata. Es l\u00edder, con 56 puntos de ventaja.<\/p>\n<p><strong>ERWIN QUISPE PERCA<\/strong><\/p>\n<figure id=\"attachment_103259\" aria-describedby=\"caption-attachment-103259\" style=\"width: 300px\" class=\"wp-caption aligncenter\"><a href=\"https:\/\/www.eldiario.net\/portal\/wp-content\/uploads\/2022\/08\/pag-7-foto-2-vale.jpg\"><img loading=\"lazy\" decoding=\"async\" class=\"size-medium wp-image-103259\" src=\"https:\/\/www.eldiario.net\/portal\/wp-content\/uploads\/2022\/08\/pag-7-foto-2-vale-300x161.jpg\" alt=\"\" width=\"300\" height=\"161\" \/><\/a><figcaption id=\"caption-attachment-103259\" class=\"wp-caption-text\">Veloz. Maldonado y una de sus pruebas.<\/figcaption><\/figure>\n","protected":false},"excerpt":{"rendered":"<p>Dando de qu\u00e9 hablar a nivel nacional, el piloto Gary Maldonado competir\u00e1 por primera vez en el Rally Codasur, evento sudamericano que se llevar\u00e1 a cabo del 25 al 28 de agosto en Santa Cruz, como parte del campeonato sudamericano, nacional y departamental de automovilismo deportivo. Con la premisa de hacer un buen papel. Gary [&hellip;]<\/p>\n","protected":false},"author":1,"featured_media":103258,"comment_status":"closed","ping_status":"closed","sticky":false,"template":"","format":"standard","meta":{"_acf_changed":false,"footnotes":""},"categories":[6],"tags":[],"class_list":["post-103257","post","type-post","status-publish","format-standard","has-post-thumbnail","category-deportes"],"acf":{"antetitulo":""},"yoast_head":"<!-- This site is optimized with the Yoast SEO plugin v28.4 - https:\/\/yoast.com\/product\/yoast-seo-wordpress\/ -->\n<title>Gary Maldonado debutar\u00e1 en el Rally Codasur - El Diario - Bolivia<\/title>\n<meta name=\"robots\" content=\"index, follow, max-snippet:-1, max-image-preview:large, max-video-preview:-1\" \/>\n<link rel=\"canonical\" href=\"https:\/\/www.eldiario.net\/portal\/2022\/08\/12\/gary-maldonado-debutara-en-el-rally-codasur\/\" \/>\n<meta property=\"og:locale\" content=\"es_ES\" \/>\n<meta property=\"og:type\" content=\"article\" \/>\n<meta property=\"og:title\" content=\"Gary Maldonado debutar\u00e1 en el Rally Codasur - El Diario - Bolivia\" \/>\n<meta property=\"og:description\" content=\"Dando de qu\u00e9 hablar a nivel nacional, el piloto Gary Maldonado competir\u00e1 por primera vez en el Rally Codasur, evento sudamericano que se llevar\u00e1 a cabo del 25 al 28 de agosto en Santa Cruz, como parte del campeonato sudamericano, nacional y departamental de automovilismo deportivo. Con la premisa de hacer un buen papel. Gary [&hellip;]\" \/>\n<meta property=\"og:url\" content=\"https:\/\/www.eldiario.net\/portal\/2022\/08\/12\/gary-maldonado-debutara-en-el-rally-codasur\/\" \/>\n<meta property=\"og:site_name\" content=\"El Diario - Bolivia\" \/>\n<meta property=\"article:publisher\" content=\"https:\/\/www.facebook.com\/eldiario.bolivia\/\" \/>\n<meta property=\"article:published_time\" content=\"2022-08-12T09:35:49+00:00\" \/>\n<meta property=\"og:image\" content=\"https:\/\/www.eldiario.net\/portal\/wp-content\/uploads\/2022\/08\/pag-7-foto-1-4-1024x768.jpg\" \/>\n\t<meta property=\"og:image:width\" content=\"1024\" \/>\n\t<meta property=\"og:image:height\" content=\"768\" \/>\n\t<meta property=\"og:image:type\" content=\"image\/jpeg\" \/>\n<meta name=\"author\" content=\"Jeanette\" \/>\n<meta name=\"twitter:card\" content=\"summary_large_image\" \/>\n<meta name=\"twitter:creator\" content=\"@eldiario_net\" \/>\n<meta name=\"twitter:site\" content=\"@eldiario_net\" \/>\n<meta name=\"twitter:label1\" content=\"Escrito por\" \/>\n\t<meta name=\"twitter:data1\" content=\"Jeanette\" \/>\n\t<meta name=\"twitter:label2\" content=\"Tiempo de lectura\" \/>\n\t<meta name=\"twitter:data2\" content=\"3 minutos\" \/>\n<script type=\"application\/ld+json\" class=\"yoast-schema-graph\">{\"@context\":\"https:\\\/\\\/schema.org\",\"@graph\":[{\"@type\":\"Article\",\"@id\":\"https:\\\/\\\/www.eldiario.net\\\/portal\\\/2022\\\/08\\\/12\\\/gary-maldonado-debutara-en-el-rally-codasur\\\/#article\",\"isPartOf\":{\"@id\":\"https:\\\/\\\/www.eldiario.net\\\/portal\\\/2022\\\/08\\\/12\\\/gary-maldonado-debutara-en-el-rally-codasur\\\/\"},\"author\":{\"name\":\"Jeanette\",\"@id\":\"https:\\\/\\\/www.eldiario.net\\\/portal\\\/#\\\/schema\\\/person\\\/f46445640444750d7d753ccd04ae01b7\"},\"headline\":\"Gary Maldonado debutar\u00e1 en el Rally Codasur\",\"datePublished\":\"2022-08-12T09:35:49+00:00\",\"mainEntityOfPage\":{\"@id\":\"https:\\\/\\\/www.eldiario.net\\\/portal\\\/2022\\\/08\\\/12\\\/gary-maldonado-debutara-en-el-rally-codasur\\\/\"},\"wordCount\":481,\"publisher\":{\"@id\":\"https:\\\/\\\/www.eldiario.net\\\/portal\\\/#organization\"},\"image\":{\"@id\":\"https:\\\/\\\/www.eldiario.net\\\/portal\\\/2022\\\/08\\\/12\\\/gary-maldonado-debutara-en-el-rally-codasur\\\/#primaryimage\"},\"thumbnailUrl\":\"https:\\\/\\\/www.eldiario.net\\\/portal\\\/wp-content\\\/uploads\\\/2022\\\/08\\\/pag-7-foto-1-4.jpg\",\"articleSection\":[\"Deportes\"],\"inLanguage\":\"es\"},{\"@type\":\"WebPage\",\"@id\":\"https:\\\/\\\/www.eldiario.net\\\/portal\\\/2022\\\/08\\\/12\\\/gary-maldonado-debutara-en-el-rally-codasur\\\/\",\"url\":\"https:\\\/\\\/www.eldiario.net\\\/portal\\\/2022\\\/08\\\/12\\\/gary-maldonado-debutara-en-el-rally-codasur\\\/\",\"name\":\"Gary Maldonado debutar\u00e1 en el Rally Codasur - El Diario - Bolivia\",\"isPartOf\":{\"@id\":\"https:\\\/\\\/www.eldiario.net\\\/portal\\\/#website\"},\"primaryImageOfPage\":{\"@id\":\"https:\\\/\\\/www.eldiario.net\\\/portal\\\/2022\\\/08\\\/12\\\/gary-maldonado-debutara-en-el-rally-codasur\\\/#primaryimage\"},\"image\":{\"@id\":\"https:\\\/\\\/www.eldiario.net\\\/portal\\\/2022\\\/08\\\/12\\\/gary-maldonado-debutara-en-el-rally-codasur\\\/#primaryimage\"},\"thumbnailUrl\":\"https:\\\/\\\/www.eldiario.net\\\/portal\\\/wp-content\\\/uploads\\\/2022\\\/08\\\/pag-7-foto-1-4.jpg\",\"datePublished\":\"2022-08-12T09:35:49+00:00\",\"breadcrumb\":{\"@id\":\"https:\\\/\\\/www.eldiario.net\\\/portal\\\/2022\\\/08\\\/12\\\/gary-maldonado-debutara-en-el-rally-codasur\\\/#breadcrumb\"},\"inLanguage\":\"es\",\"potentialAction\":[{\"@type\":\"ReadAction\",\"target\":[\"https:\\\/\\\/www.eldiario.net\\\/portal\\\/2022\\\/08\\\/12\\\/gary-maldonado-debutara-en-el-rally-codasur\\\/\"]}]},{\"@type\":\"ImageObject\",\"inLanguage\":\"es\",\"@id\":\"https:\\\/\\\/www.eldiario.net\\\/portal\\\/2022\\\/08\\\/12\\\/gary-maldonado-debutara-en-el-rally-codasur\\\/#primaryimage\",\"url\":\"https:\\\/\\\/www.eldiario.net\\\/portal\\\/wp-content\\\/uploads\\\/2022\\\/08\\\/pag-7-foto-1-4.jpg\",\"contentUrl\":\"https:\\\/\\\/www.eldiario.net\\\/portal\\\/wp-content\\\/uploads\\\/2022\\\/08\\\/pag-7-foto-1-4.jpg\",\"width\":1440,\"height\":1080,\"caption\":\"Gary Maldonado (derecha) con el t\u00edtulo de uno de los cert\u00e1menes departamentales.\"},{\"@type\":\"BreadcrumbList\",\"@id\":\"https:\\\/\\\/www.eldiario.net\\\/portal\\\/2022\\\/08\\\/12\\\/gary-maldonado-debutara-en-el-rally-codasur\\\/#breadcrumb\",\"itemListElement\":[{\"@type\":\"ListItem\",\"position\":1,\"name\":\"Portada\",\"item\":\"https:\\\/\\\/www.eldiario.net\\\/portal\\\/\"},{\"@type\":\"ListItem\",\"position\":2,\"name\":\"Gary Maldonado debutar\u00e1 en el Rally Codasur\"}]},{\"@type\":\"WebSite\",\"@id\":\"https:\\\/\\\/www.eldiario.net\\\/portal\\\/#website\",\"url\":\"https:\\\/\\\/www.eldiario.net\\\/portal\\\/\",\"name\":\"El Diario - Decano de la prensa nacional\",\"description\":\"El Diario - Decano de la prensa nacional\",\"publisher\":{\"@id\":\"https:\\\/\\\/www.eldiario.net\\\/portal\\\/#organization\"},\"potentialAction\":[{\"@type\":\"SearchAction\",\"target\":{\"@type\":\"EntryPoint\",\"urlTemplate\":\"https:\\\/\\\/www.eldiario.net\\\/portal\\\/?s={search_term_string}\"},\"query-input\":{\"@type\":\"PropertyValueSpecification\",\"valueRequired\":true,\"valueName\":\"search_term_string\"}}],\"inLanguage\":\"es\"},{\"@type\":\"Organization\",\"@id\":\"https:\\\/\\\/www.eldiario.net\\\/portal\\\/#organization\",\"name\":\"El Diario - Decano de la prensa nacional\",\"url\":\"https:\\\/\\\/www.eldiario.net\\\/portal\\\/\",\"logo\":{\"@type\":\"ImageObject\",\"inLanguage\":\"es\",\"@id\":\"https:\\\/\\\/www.eldiario.net\\\/portal\\\/#\\\/schema\\\/logo\\\/image\\\/\",\"url\":\"https:\\\/\\\/www.eldiario.net\\\/portal\\\/wp-content\\\/uploads\\\/2023\\\/07\\\/logo_ED.jpg\",\"contentUrl\":\"https:\\\/\\\/www.eldiario.net\\\/portal\\\/wp-content\\\/uploads\\\/2023\\\/07\\\/logo_ED.jpg\",\"width\":272,\"height\":52,\"caption\":\"El Diario - Decano de la prensa nacional\"},\"image\":{\"@id\":\"https:\\\/\\\/www.eldiario.net\\\/portal\\\/#\\\/schema\\\/logo\\\/image\\\/\"},\"sameAs\":[\"https:\\\/\\\/www.facebook.com\\\/eldiario.bolivia\\\/\",\"https:\\\/\\\/x.com\\\/eldiario_net\"]},{\"@type\":\"Person\",\"@id\":\"https:\\\/\\\/www.eldiario.net\\\/portal\\\/#\\\/schema\\\/person\\\/f46445640444750d7d753ccd04ae01b7\",\"name\":\"Jeanette\",\"image\":{\"@type\":\"ImageObject\",\"inLanguage\":\"es\",\"@id\":\"https:\\\/\\\/secure.gravatar.com\\\/avatar\\\/3ea2118a5f7dad2b7138b1187a6b7ee55f160b9968b66013c3a3ef39dd7e5798?s=96&d=mm&r=g\",\"url\":\"https:\\\/\\\/secure.gravatar.com\\\/avatar\\\/3ea2118a5f7dad2b7138b1187a6b7ee55f160b9968b66013c3a3ef39dd7e5798?s=96&d=mm&r=g\",\"contentUrl\":\"https:\\\/\\\/secure.gravatar.com\\\/avatar\\\/3ea2118a5f7dad2b7138b1187a6b7ee55f160b9968b66013c3a3ef39dd7e5798?s=96&d=mm&r=g\",\"caption\":\"Jeanette\"},\"sameAs\":[\"https:\\\/\\\/www.eldiario.net\\\/portal\"],\"url\":\"https:\\\/\\\/www.eldiario.net\\\/portal\\\/author\\\/jeanette\\\/\"}]}<\/script>\n<!-- \/ Yoast SEO plugin. -->","yoast_head_json":{"title":"Gary Maldonado debutar\u00e1 en el Rally Codasur - El Diario - Bolivia","robots":{"index":"index","follow":"follow","max-snippet":"max-snippet:-1","max-image-preview":"max-image-preview:large","max-video-preview":"max-video-preview:-1"},"canonical":"https:\/\/www.eldiario.net\/portal\/2022\/08\/12\/gary-maldonado-debutara-en-el-rally-codasur\/","og_locale":"es_ES","og_type":"article","og_title":"Gary Maldonado debutar\u00e1 en el Rally Codasur - El Diario - Bolivia","og_description":"Dando de qu\u00e9 hablar a nivel nacional, el piloto Gary Maldonado competir\u00e1 por primera vez en el Rally Codasur, evento sudamericano que se llevar\u00e1 a cabo del 25 al 28 de agosto en Santa Cruz, como parte del campeonato sudamericano, nacional y departamental de automovilismo deportivo. Con la premisa de hacer un buen papel. Gary [&hellip;]","og_url":"https:\/\/www.eldiario.net\/portal\/2022\/08\/12\/gary-maldonado-debutara-en-el-rally-codasur\/","og_site_name":"El Diario - Bolivia","article_publisher":"https:\/\/www.facebook.com\/eldiario.bolivia\/","article_published_time":"2022-08-12T09:35:49+00:00","og_image":[{"width":1024,"height":768,"url":"https:\/\/www.eldiario.net\/portal\/wp-content\/uploads\/2022\/08\/pag-7-foto-1-4-1024x768.jpg","type":"image\/jpeg"}],"author":"Jeanette","twitter_card":"summary_large_image","twitter_creator":"@eldiario_net","twitter_site":"@eldiario_net","twitter_misc":{"Escrito por":"Jeanette","Tiempo de lectura":"3 minutos"},"schema":{"@context":"https:\/\/schema.org","@graph":[{"@type":"Article","@id":"https:\/\/www.eldiario.net\/portal\/2022\/08\/12\/gary-maldonado-debutara-en-el-rally-codasur\/#article","isPartOf":{"@id":"https:\/\/www.eldiario.net\/portal\/2022\/08\/12\/gary-maldonado-debutara-en-el-rally-codasur\/"},"author":{"name":"Jeanette","@id":"https:\/\/www.eldiario.net\/portal\/#\/schema\/person\/f46445640444750d7d753ccd04ae01b7"},"headline":"Gary Maldonado debutar\u00e1 en el Rally Codasur","datePublished":"2022-08-12T09:35:49+00:00","mainEntityOfPage":{"@id":"https:\/\/www.eldiario.net\/portal\/2022\/08\/12\/gary-maldonado-debutara-en-el-rally-codasur\/"},"wordCount":481,"publisher":{"@id":"https:\/\/www.eldiario.net\/portal\/#organization"},"image":{"@id":"https:\/\/www.eldiario.net\/portal\/2022\/08\/12\/gary-maldonado-debutara-en-el-rally-codasur\/#primaryimage"},"thumbnailUrl":"https:\/\/www.eldiario.net\/portal\/wp-content\/uploads\/2022\/08\/pag-7-foto-1-4.jpg","articleSection":["Deportes"],"inLanguage":"es"},{"@type":"WebPage","@id":"https:\/\/www.eldiario.net\/portal\/2022\/08\/12\/gary-maldonado-debutara-en-el-rally-codasur\/","url":"https:\/\/www.eldiario.net\/portal\/2022\/08\/12\/gary-maldonado-debutara-en-el-rally-codasur\/","name":"Gary Maldonado debutar\u00e1 en el Rally Codasur - El Diario - Bolivia","isPartOf":{"@id":"https:\/\/www.eldiario.net\/portal\/#website"},"primaryImageOfPage":{"@id":"https:\/\/www.eldiario.net\/portal\/2022\/08\/12\/gary-maldonado-debutara-en-el-rally-codasur\/#primaryimage"},"image":{"@id":"https:\/\/www.eldiario.net\/portal\/2022\/08\/12\/gary-maldonado-debutara-en-el-rally-codasur\/#primaryimage"},"thumbnailUrl":"https:\/\/www.eldiario.net\/portal\/wp-content\/uploads\/2022\/08\/pag-7-foto-1-4.jpg","datePublished":"2022-08-12T09:35:49+00:00","breadcrumb":{"@id":"https:\/\/www.eldiario.net\/portal\/2022\/08\/12\/gary-maldonado-debutara-en-el-rally-codasur\/#breadcrumb"},"inLanguage":"es","potentialAction":[{"@type":"ReadAction","target":["https:\/\/www.eldiario.net\/portal\/2022\/08\/12\/gary-maldonado-debutara-en-el-rally-codasur\/"]}]},{"@type":"ImageObject","inLanguage":"es","@id":"https:\/\/www.eldiario.net\/portal\/2022\/08\/12\/gary-maldonado-debutara-en-el-rally-codasur\/#primaryimage","url":"https:\/\/www.eldiario.net\/portal\/wp-content\/uploads\/2022\/08\/pag-7-foto-1-4.jpg","contentUrl":"https:\/\/www.eldiario.net\/portal\/wp-content\/uploads\/2022\/08\/pag-7-foto-1-4.jpg","width":1440,"height":1080,"caption":"Gary Maldonado (derecha) con el t\u00edtulo de uno de los cert\u00e1menes departamentales."},{"@type":"BreadcrumbList","@id":"https:\/\/www.eldiario.net\/portal\/2022\/08\/12\/gary-maldonado-debutara-en-el-rally-codasur\/#breadcrumb","itemListElement":[{"@type":"ListItem","position":1,"name":"Portada","item":"https:\/\/www.eldiario.net\/portal\/"},{"@type":"ListItem","position":2,"name":"Gary Maldonado debutar\u00e1 en el Rally Codasur"}]},{"@type":"WebSite","@id":"https:\/\/www.eldiario.net\/portal\/#website","url":"https:\/\/www.eldiario.net\/portal\/","name":"El Diario - Decano de la prensa nacional","description":"El Diario - Decano de la prensa nacional","publisher":{"@id":"https:\/\/www.eldiario.net\/portal\/#organization"},"potentialAction":[{"@type":"SearchAction","target":{"@type":"EntryPoint","urlTemplate":"https:\/\/www.eldiario.net\/portal\/?s={search_term_string}"},"query-input":{"@type":"PropertyValueSpecification","valueRequired":true,"valueName":"search_term_string"}}],"inLanguage":"es"},{"@type":"Organization","@id":"https:\/\/www.eldiario.net\/portal\/#organization","name":"El Diario - Decano de la prensa nacional","url":"https:\/\/www.eldiario.net\/portal\/","logo":{"@type":"ImageObject","inLanguage":"es","@id":"https:\/\/www.eldiario.net\/portal\/#\/schema\/logo\/image\/","url":"https:\/\/www.eldiario.net\/portal\/wp-content\/uploads\/2023\/07\/logo_ED.jpg","contentUrl":"https:\/\/www.eldiario.net\/portal\/wp-content\/uploads\/2023\/07\/logo_ED.jpg","width":272,"height":52,"caption":"El Diario - Decano de la prensa nacional"},"image":{"@id":"https:\/\/www.eldiario.net\/portal\/#\/schema\/logo\/image\/"},"sameAs":["https:\/\/www.facebook.com\/eldiario.bolivia\/","https:\/\/x.com\/eldiario_net"]},{"@type":"Person","@id":"https:\/\/www.eldiario.net\/portal\/#\/schema\/person\/f46445640444750d7d753ccd04ae01b7","name":"Jeanette","image":{"@type":"ImageObject","inLanguage":"es","@id":"https:\/\/secure.gravatar.com\/avatar\/3ea2118a5f7dad2b7138b1187a6b7ee55f160b9968b66013c3a3ef39dd7e5798?s=96&d=mm&r=g","url":"https:\/\/secure.gravatar.com\/avatar\/3ea2118a5f7dad2b7138b1187a6b7ee55f160b9968b66013c3a3ef39dd7e5798?s=96&d=mm&r=g","contentUrl":"https:\/\/secure.gravatar.com\/avatar\/3ea2118a5f7dad2b7138b1187a6b7ee55f160b9968b66013c3a3ef39dd7e5798?s=96&d=mm&r=g","caption":"Jeanette"},"sameAs":["https:\/\/www.eldiario.net\/portal"],"url":"https:\/\/www.eldiario.net\/portal\/author\/jeanette\/"}]}},"_links":{"self":[{"href":"https:\/\/www.eldiario.net\/portal\/wp-json\/wp\/v2\/posts\/103257","targetHints":{"allow":["GET"]}}],"collection":[{"href":"https:\/\/www.eldiario.net\/portal\/wp-json\/wp\/v2\/posts"}],"about":[{"href":"https:\/\/www.eldiario.net\/portal\/wp-json\/wp\/v2\/types\/post"}],"author":[{"embeddable":true,"href":"https:\/\/www.eldiario.net\/portal\/wp-json\/wp\/v2\/users\/1"}],"replies":[{"embeddable":true,"href":"https:\/\/www.eldiario.net\/portal\/wp-json\/wp\/v2\/comments?post=103257"}],"version-history":[{"count":0,"href":"https:\/\/www.eldiario.net\/portal\/wp-json\/wp\/v2\/posts\/103257\/revisions"}],"wp:featuredmedia":[{"embeddable":true,"href":"https:\/\/www.eldiario.net\/portal\/wp-json\/wp\/v2\/media\/103258"}],"wp:attachment":[{"href":"https:\/\/www.eldiario.net\/portal\/wp-json\/wp\/v2\/media?parent=103257"}],"wp:term":[{"taxonomy":"category","embeddable":true,"href":"https:\/\/www.eldiario.net\/portal\/wp-json\/wp\/v2\/categories?post=103257"},{"taxonomy":"post_tag","embeddable":true,"href":"https:\/\/www.eldiario.net\/portal\/wp-json\/wp\/v2\/tags?post=103257"}],"curies":[{"name":"wp","href":"https:\/\/api.w.org\/{rel}","templated":true}]}}