{"id":103247,"date":"2022-08-12T05:33:48","date_gmt":"2022-08-12T09:33:48","guid":{"rendered":"https:\/\/www.eldiario.net\/portal\/?p=103247"},"modified":"2022-08-12T05:33:48","modified_gmt":"2022-08-12T09:33:48","slug":"latini-un-heroe-de-oro-que-vistio-la-atigrada","status":"publish","type":"post","link":"https:\/\/www.eldiario.net\/portal\/2022\/08\/12\/latini-un-heroe-de-oro-que-vistio-la-atigrada\/","title":{"rendered":"Latini : Un h\u00e9roe de oro que  visti\u00f3 la atigrada"},"content":{"rendered":"<p>La tarde del 15 de enero de 1978, en el reci\u00e9n remodelado estadio Ol\u00edmpico de La Paz, ahora \u201cHernando Siles\u201d, se jugaba el cl\u00e1sico pace\u00f1o. Era el primero de la desaparecida Liga Profesional del F\u00fatbol Boliviano. The Strongest llevaba cinco a\u00f1os sin ganarle a Bol\u00edvar.<br \/>\nAquel d\u00eda, ante 49.964 almas, corr\u00eda el minuto \u201878 y la cuenta estaba emparejada 1 a 1, antes hab\u00eda marcado para los \u201ccelestes\u201d, Ricardo Troncone a los \u20189 y Luis Fernando Bastida empat\u00f3 a los \u201963, para los \u201catigrados\u201d.<br \/>\nEn una jugada por la derecha, cedieron la pelota al medio, entonces, Jorge Carlos Latini Tasselli con un espectacular \u201csombrero\u201d rebas\u00f3 a Pablo Baldivieso y sigui\u00f3 la marcha. Antes de que el bal\u00f3n llegue al gramado peg\u00f3 de primera y super\u00f3 a Arturo Galarza marcando el golazo del siglo XX, que a decir del propio autor, fue una jugada \u201cde suerte\u201d por eso la cr\u00edtica lo llam\u00f3 \u201cel gol de la hidalgu\u00eda\u201d. The Strongest gan\u00f3 el primer supercl\u00e1sico de la era liguera por 2 a 1 y desde entonces, Latini fue catalogado como un \u201cH\u00e9roe de Oro\u201d.<br \/>\n\u201cEl recuerdo m\u00e1s emocionante fue ese gol (\u2026) fue una emoci\u00f3n muy grande que me permiti\u00f3 tener un reconocimiento de mucha gente, incluso del Bol\u00edvar donde a\u00fan tengo grandes amigos, hinchas que valoro much\u00edsimo por el respeto que me han tenido\u201d, record\u00f3 Jorge Carlos Latini, en di\u00e1logo exclusivo con Retro F\u00fatbol de Deportes El Diario; despu\u00e9s de 44 a\u00f1os y medio de aquella haza\u00f1a.<br \/>\nAunque dej\u00f3 nuestro pa\u00eds hace m\u00e1s de tres d\u00e9cadas, Latini a\u00fan lo tiene presente y confiesa que \u201csiempre tuvo el deseo de retornar a nuestro suelo\u201d; deseo que como por arte de magia, se le cumpli\u00f3 en el 2018.<br \/>\n\u201cA mi vida no le deseo m\u00e1s nada, he pasado por todas las circunstancias como cualquier persona, y ten\u00eda un deseo, que era volver a Bolivia en alg\u00fan momento, impensadamente se me cumpli\u00f3 ese deseo, en demas\u00eda quiz\u00e1\u201d, reflexiona; quien con voz pausada y palabras inteligentes, reconoce que nuestro pa\u00eds \u201cle dio mucho en su vida deportiva\u201d.<br \/>\nLatini actualmente radica en Chab\u00e1s, provincia de Santa Fe (Argentina), localidad que dista a 80 kil\u00f3metros de su Rosario natal, donde con solo 15 a\u00f1os comenz\u00f3 su carrera futbol\u00edstica.<br \/>\n\u201cMilit\u00e9 en unas ligas muy chicas, menores, cuando ten\u00eda 15 a\u00f1os, en dos equipos: Puerto Belgrano, que ten\u00eda el nombre del ferrocarril del peque\u00f1o pueblito donde me cri\u00e9 y otro que se llamaba Uni\u00f3n, en una localidad de \u00c1lvarez, luego pas\u00e9 a Newell\u2019s Old Boys, despu\u00e9s a Col\u00f3n de Santa Fe, jugu\u00e9 en un club de la \u2018B\u2019 de Rosario, pas\u00e9 por el Nacional de Asunci\u00f3n (Paraguay), posteriormente fui a The Strongest (1975), volv\u00ed a Asunci\u00f3n y regres\u00e9 nuevamente a The Strongest. Tuve mi paso por el Caldas (Colombia) y una vez m\u00e1s volv\u00ed a Bolivia donde estuve en The Strongest y termin\u00e9 jugando en Blooming\u201d, resume su carrera, como volante, experto goleador y \u201ctodo un se\u00f1or en la cancha\u201d, as\u00ed lo perpet\u00faan los propios hinchas \u201catigrados\u201d.<br \/>\n\u201cEl recuerdo m\u00e1s grato que me ha dejado Bolivia, el m\u00e1s profundo que me ha tocado en lo m\u00e1s hondo, es cuando volv\u00ed para un homenaje a los primeros campeones del f\u00fatbol profesional. El recuerdo m\u00e1s agradable fue el cari\u00f1o de la gente que me estaba esperando, gente que no me conoc\u00eda, muchachos j\u00f3venes del club The Strongest que me demostraron un cari\u00f1o muy grande- lo que me afect\u00f3 muy profundamente- porque nunca pens\u00e9 que ten\u00edan tanta generosidad para mi persona\u201d, se\u00f1ala con notoria humildad y grandeza.<br \/>\nJorge Carlos Latini naci\u00f3 en Rosario (Argentina), el 19 de septiembre de<\/p>\n<p>SU FICHA<\/p>\n<p>Nombre: Jorge Carlos Latini Tasselli<br \/>\nLugar de nacimiento: Rosario (Argentina)<br \/>\nFecha de nacimiento: 19 de septiembre de 1952 (69 a\u00f1os)<br \/>\nRadicatoria actual: Chab\u00e1s (Santa Fe-Argentina)<br \/>\nActividad actual: Comerciante<\/p>\n<p>1952, \u201cmi actividad actual es comerciante y mirador de algunas cosas\u201d, comparte.<br \/>\nPara Latini, el f\u00fatbol de antes y el de ahora marcan algunas diferencias. \u201cPuedo hablar de lo que hac\u00edamos nosotros, en los equipos que estuve. De algunos t\u00e9cnicos que marcaban diferencia. Estando en The Strongest, la mayor\u00eda de los muchachos ya hab\u00eda jugado en otros equipos, ten\u00edan una formaci\u00f3n, eran jugadores hechos y con buen estado f\u00edsico, gracias a los preparadores que hemos tenido. Quiz\u00e1 faltaba un poco de velocidad, porque no se trabaja en forma tan personal, era muy relajada la preparaci\u00f3n\u201d, asevera.<br \/>\nDel f\u00fatbol actual asegura que es m\u00e1s r\u00e1pido \u201cPero tengo que decir que el f\u00fatbol de hoy &#8211; no estoy hablando de espec\u00edficamente del f\u00fatbol boliviano- sino a nivel de otros pa\u00edses, internacionalmente, est\u00e1 mucho m\u00e1s r\u00e1pido; hay sectores de la cancha que son m\u00e1s sacrificados\u201d, reflexiona y declara que \u201cdesgraciadamente hay algunas cosas que a\u00fan no se consigue en el f\u00fatbol boliviano\u201d, \u201cpienso que con el tiempo se conseguir\u00e1\u201d, anhela.<br \/>\nOpina que nuestro en nuestro f\u00fatbol \u201csiempre se ha quedado con muy poco trabajo en las inferiores\u201d, \u201cno es tan r\u00edgido, por ejemplo como se vive en la Argentina (puedo hablar con propiedad de lo que veo donde vivo), hay 12 mil habitantes (en Chab\u00e1s) , y existen dos clubes grandes de f\u00fatbol, todas las divisiones compiten en una liga zonal que abarca 100 kil\u00f3metros a la redonda; son muchos equipos y estamos hablando de cuadros de una sola zona que tienen todas las divisiones inferiores que juegan cada s\u00e1bado : octava, sexta, quinta \u2026 y est\u00e1 todo bien organizado\u201d, cuenta.<br \/>\n\u201cPara el futuro del f\u00fatbol boliviano, desear\u00eda que los clubes mantengan equipos base en unos dos o tres a\u00f1os, no cambien todos los a\u00f1os, seis o siete jugadores porque as\u00ed no van a conseguir armar un conjunto compacto\u201d, agrega.<br \/>\nSe\u00f1ala que por esa raz\u00f3n, siente gran respeto por Xabier Azkargorta quien consigui\u00f3 una reuni\u00f3n de grandes valores y logr\u00f3 llevar a Bolivia a un Mundial.<br \/>\n\u201cPara la hinchada stronguista solo tengo mi agradecimiento y desearle que siga alentando a su club como lo ha hecho siempre, no hay mejor forma que alentar a su equipo que asistir al estadio y ver de cerca el juego, hay tantas cosas con las que se puede hacer grande a un equipo\u2026porque los clubes se deben a su hinchada y sus jugadores\u201d, remarca.<br \/>\nFinalmente insta a los t\u00e9cnicos para que formen valores, \u201c\u2026y a los j\u00f3venes, que deben estar constantemente dedicados al f\u00fatbol. Si no se dedican, si no se cuidan, no van a tener una vida en pro del f\u00fatbol, quiz\u00e1 lleguen, pero es muy dif\u00edcil que se mantengan en un buen nivel. No se crean todo lo que dicen las redes, porque en ellas todos somos s\u00faper h\u00e9roes y la vida real no es as\u00ed. La vida real es la del entrenamiento y el sacrificio\u201d, concluye el inolvidable Jorge Carlos Latini, el goleador que con el paso de los a\u00f1os, a\u00f1oran mucho m\u00e1s los \u201catigrados\u201d.<\/p>\n<div id='gallery-1' class='gallery galleryid-103247 gallery-columns-3 gallery-size-medium'><figure class='gallery-item'>\n\t\t\t<div class='gallery-icon portrait'>\n\t\t\t\t<a href='https:\/\/www.eldiario.net\/portal\/2022\/08\/12\/latini-un-heroe-de-oro-que-vistio-la-atigrada\/pag-3-foto-1-212\/'><img loading=\"lazy\" decoding=\"async\" width=\"300\" height=\"300\" src=\"https:\/\/www.eldiario.net\/portal\/wp-content\/uploads\/2022\/08\/pag-3-foto-1-3-300x300.jpg\" class=\"attachment-medium size-medium\" alt=\"\" aria-describedby=\"gallery-1-103249\" srcset=\"https:\/\/www.eldiario.net\/portal\/wp-content\/uploads\/2022\/08\/pag-3-foto-1-3-300x300.jpg 300w, https:\/\/www.eldiario.net\/portal\/wp-content\/uploads\/2022\/08\/pag-3-foto-1-3-1021x1024.jpg 1021w, https:\/\/www.eldiario.net\/portal\/wp-content\/uploads\/2022\/08\/pag-3-foto-1-3-150x150.jpg 150w, https:\/\/www.eldiario.net\/portal\/wp-content\/uploads\/2022\/08\/pag-3-foto-1-3-768x770.jpg 768w, https:\/\/www.eldiario.net\/portal\/wp-content\/uploads\/2022\/08\/pag-3-foto-1-3-696x698.jpg 696w, https:\/\/www.eldiario.net\/portal\/wp-content\/uploads\/2022\/08\/pag-3-foto-1-3-1068x1071.jpg 1068w, https:\/\/www.eldiario.net\/portal\/wp-content\/uploads\/2022\/08\/pag-3-foto-1-3.jpg 1083w\" sizes=\"auto, (max-width: 300px) 100vw, 300px\" \/><\/a>\n\t\t\t<\/div>\n\t\t\t\t<figcaption class='wp-caption-text gallery-caption' id='gallery-1-103249'>\n\t\t\t\t Latini hoy en d\u00eda en su pueblo natal donde recuerda con cari\u00f1o al Tigre y al f\u00fatbol nacional.\n\t\t\t\t<\/figcaption><\/figure>\n\t\t<\/div>\n\n<p><strong>Ghilka Sanabria Pradel<\/strong><\/p>\n","protected":false},"excerpt":{"rendered":"<p>La tarde del 15 de enero de 1978, en el reci\u00e9n remodelado estadio Ol\u00edmpico de La Paz, ahora \u201cHernando Siles\u201d, se jugaba el cl\u00e1sico pace\u00f1o. Era el primero de la desaparecida Liga Profesional del F\u00fatbol Boliviano. The Strongest llevaba cinco a\u00f1os sin ganarle a Bol\u00edvar. Aquel d\u00eda, ante 49.964 almas, corr\u00eda el minuto \u201878 y [&hellip;]<\/p>\n","protected":false},"author":1,"featured_media":103248,"comment_status":"closed","ping_status":"closed","sticky":false,"template":"","format":"standard","meta":{"_acf_changed":false,"footnotes":""},"categories":[6],"tags":[],"class_list":["post-103247","post","type-post","status-publish","format-standard","has-post-thumbnail","category-deportes"],"acf":{"antetitulo":""},"yoast_head":"<!-- This site is optimized with the Yoast SEO plugin v28.4 - https:\/\/yoast.com\/product\/yoast-seo-wordpress\/ -->\n<title>Latini : Un h\u00e9roe de oro que visti\u00f3 la atigrada - El Diario - Bolivia<\/title>\n<meta name=\"robots\" content=\"index, follow, max-snippet:-1, max-image-preview:large, max-video-preview:-1\" \/>\n<link rel=\"canonical\" href=\"https:\/\/www.eldiario.net\/portal\/2022\/08\/12\/latini-un-heroe-de-oro-que-vistio-la-atigrada\/\" \/>\n<meta property=\"og:locale\" content=\"es_ES\" \/>\n<meta property=\"og:type\" content=\"article\" \/>\n<meta property=\"og:title\" content=\"Latini : Un h\u00e9roe de oro que visti\u00f3 la atigrada - El Diario - Bolivia\" \/>\n<meta property=\"og:description\" content=\"La tarde del 15 de enero de 1978, en el reci\u00e9n remodelado estadio Ol\u00edmpico de La Paz, ahora \u201cHernando Siles\u201d, se jugaba el cl\u00e1sico pace\u00f1o. Era el primero de la desaparecida Liga Profesional del F\u00fatbol Boliviano. The Strongest llevaba cinco a\u00f1os sin ganarle a Bol\u00edvar. Aquel d\u00eda, ante 49.964 almas, corr\u00eda el minuto \u201878 y [&hellip;]\" \/>\n<meta property=\"og:url\" content=\"https:\/\/www.eldiario.net\/portal\/2022\/08\/12\/latini-un-heroe-de-oro-que-vistio-la-atigrada\/\" \/>\n<meta property=\"og:site_name\" content=\"El Diario - Bolivia\" \/>\n<meta property=\"article:publisher\" content=\"https:\/\/www.facebook.com\/eldiario.bolivia\/\" \/>\n<meta property=\"article:published_time\" content=\"2022-08-12T09:33:48+00:00\" \/>\n<meta name=\"author\" content=\"Jeanette\" \/>\n<meta name=\"twitter:card\" content=\"summary_large_image\" \/>\n<meta name=\"twitter:creator\" content=\"@eldiario_net\" \/>\n<meta name=\"twitter:site\" content=\"@eldiario_net\" \/>\n<meta name=\"twitter:label1\" content=\"Escrito por\" \/>\n\t<meta name=\"twitter:data1\" content=\"Jeanette\" \/>\n\t<meta name=\"twitter:label2\" content=\"Tiempo de lectura\" \/>\n\t<meta name=\"twitter:data2\" content=\"6 minutos\" \/>\n<script type=\"application\/ld+json\" class=\"yoast-schema-graph\">{\"@context\":\"https:\\\/\\\/schema.org\",\"@graph\":[{\"@type\":\"Article\",\"@id\":\"https:\\\/\\\/www.eldiario.net\\\/portal\\\/2022\\\/08\\\/12\\\/latini-un-heroe-de-oro-que-vistio-la-atigrada\\\/#article\",\"isPartOf\":{\"@id\":\"https:\\\/\\\/www.eldiario.net\\\/portal\\\/2022\\\/08\\\/12\\\/latini-un-heroe-de-oro-que-vistio-la-atigrada\\\/\"},\"author\":{\"name\":\"Jeanette\",\"@id\":\"https:\\\/\\\/www.eldiario.net\\\/portal\\\/#\\\/schema\\\/person\\\/f46445640444750d7d753ccd04ae01b7\"},\"headline\":\"Latini : Un h\u00e9roe de oro que visti\u00f3 la atigrada\",\"datePublished\":\"2022-08-12T09:33:48+00:00\",\"mainEntityOfPage\":{\"@id\":\"https:\\\/\\\/www.eldiario.net\\\/portal\\\/2022\\\/08\\\/12\\\/latini-un-heroe-de-oro-que-vistio-la-atigrada\\\/\"},\"wordCount\":1226,\"publisher\":{\"@id\":\"https:\\\/\\\/www.eldiario.net\\\/portal\\\/#organization\"},\"image\":{\"@id\":\"https:\\\/\\\/www.eldiario.net\\\/portal\\\/2022\\\/08\\\/12\\\/latini-un-heroe-de-oro-que-vistio-la-atigrada\\\/#primaryimage\"},\"thumbnailUrl\":\"\",\"articleSection\":[\"Deportes\"],\"inLanguage\":\"es\"},{\"@type\":\"WebPage\",\"@id\":\"https:\\\/\\\/www.eldiario.net\\\/portal\\\/2022\\\/08\\\/12\\\/latini-un-heroe-de-oro-que-vistio-la-atigrada\\\/\",\"url\":\"https:\\\/\\\/www.eldiario.net\\\/portal\\\/2022\\\/08\\\/12\\\/latini-un-heroe-de-oro-que-vistio-la-atigrada\\\/\",\"name\":\"Latini : Un h\u00e9roe de oro que visti\u00f3 la atigrada - El Diario - Bolivia\",\"isPartOf\":{\"@id\":\"https:\\\/\\\/www.eldiario.net\\\/portal\\\/#website\"},\"primaryImageOfPage\":{\"@id\":\"https:\\\/\\\/www.eldiario.net\\\/portal\\\/2022\\\/08\\\/12\\\/latini-un-heroe-de-oro-que-vistio-la-atigrada\\\/#primaryimage\"},\"image\":{\"@id\":\"https:\\\/\\\/www.eldiario.net\\\/portal\\\/2022\\\/08\\\/12\\\/latini-un-heroe-de-oro-que-vistio-la-atigrada\\\/#primaryimage\"},\"thumbnailUrl\":\"\",\"datePublished\":\"2022-08-12T09:33:48+00:00\",\"breadcrumb\":{\"@id\":\"https:\\\/\\\/www.eldiario.net\\\/portal\\\/2022\\\/08\\\/12\\\/latini-un-heroe-de-oro-que-vistio-la-atigrada\\\/#breadcrumb\"},\"inLanguage\":\"es\",\"potentialAction\":[{\"@type\":\"ReadAction\",\"target\":[\"https:\\\/\\\/www.eldiario.net\\\/portal\\\/2022\\\/08\\\/12\\\/latini-un-heroe-de-oro-que-vistio-la-atigrada\\\/\"]}]},{\"@type\":\"ImageObject\",\"inLanguage\":\"es\",\"@id\":\"https:\\\/\\\/www.eldiario.net\\\/portal\\\/2022\\\/08\\\/12\\\/latini-un-heroe-de-oro-que-vistio-la-atigrada\\\/#primaryimage\",\"url\":\"\",\"contentUrl\":\"\"},{\"@type\":\"BreadcrumbList\",\"@id\":\"https:\\\/\\\/www.eldiario.net\\\/portal\\\/2022\\\/08\\\/12\\\/latini-un-heroe-de-oro-que-vistio-la-atigrada\\\/#breadcrumb\",\"itemListElement\":[{\"@type\":\"ListItem\",\"position\":1,\"name\":\"Portada\",\"item\":\"https:\\\/\\\/www.eldiario.net\\\/portal\\\/\"},{\"@type\":\"ListItem\",\"position\":2,\"name\":\"Latini : Un h\u00e9roe de oro que visti\u00f3 la atigrada\"}]},{\"@type\":\"WebSite\",\"@id\":\"https:\\\/\\\/www.eldiario.net\\\/portal\\\/#website\",\"url\":\"https:\\\/\\\/www.eldiario.net\\\/portal\\\/\",\"name\":\"El Diario - Decano de la prensa nacional\",\"description\":\"El Diario - Decano de la prensa nacional\",\"publisher\":{\"@id\":\"https:\\\/\\\/www.eldiario.net\\\/portal\\\/#organization\"},\"potentialAction\":[{\"@type\":\"SearchAction\",\"target\":{\"@type\":\"EntryPoint\",\"urlTemplate\":\"https:\\\/\\\/www.eldiario.net\\\/portal\\\/?s={search_term_string}\"},\"query-input\":{\"@type\":\"PropertyValueSpecification\",\"valueRequired\":true,\"valueName\":\"search_term_string\"}}],\"inLanguage\":\"es\"},{\"@type\":\"Organization\",\"@id\":\"https:\\\/\\\/www.eldiario.net\\\/portal\\\/#organization\",\"name\":\"El Diario - Decano de la prensa nacional\",\"url\":\"https:\\\/\\\/www.eldiario.net\\\/portal\\\/\",\"logo\":{\"@type\":\"ImageObject\",\"inLanguage\":\"es\",\"@id\":\"https:\\\/\\\/www.eldiario.net\\\/portal\\\/#\\\/schema\\\/logo\\\/image\\\/\",\"url\":\"https:\\\/\\\/www.eldiario.net\\\/portal\\\/wp-content\\\/uploads\\\/2023\\\/07\\\/logo_ED.jpg\",\"contentUrl\":\"https:\\\/\\\/www.eldiario.net\\\/portal\\\/wp-content\\\/uploads\\\/2023\\\/07\\\/logo_ED.jpg\",\"width\":272,\"height\":52,\"caption\":\"El Diario - Decano de la prensa nacional\"},\"image\":{\"@id\":\"https:\\\/\\\/www.eldiario.net\\\/portal\\\/#\\\/schema\\\/logo\\\/image\\\/\"},\"sameAs\":[\"https:\\\/\\\/www.facebook.com\\\/eldiario.bolivia\\\/\",\"https:\\\/\\\/x.com\\\/eldiario_net\"]},{\"@type\":\"Person\",\"@id\":\"https:\\\/\\\/www.eldiario.net\\\/portal\\\/#\\\/schema\\\/person\\\/f46445640444750d7d753ccd04ae01b7\",\"name\":\"Jeanette\",\"image\":{\"@type\":\"ImageObject\",\"inLanguage\":\"es\",\"@id\":\"https:\\\/\\\/secure.gravatar.com\\\/avatar\\\/3ea2118a5f7dad2b7138b1187a6b7ee55f160b9968b66013c3a3ef39dd7e5798?s=96&d=mm&r=g\",\"url\":\"https:\\\/\\\/secure.gravatar.com\\\/avatar\\\/3ea2118a5f7dad2b7138b1187a6b7ee55f160b9968b66013c3a3ef39dd7e5798?s=96&d=mm&r=g\",\"contentUrl\":\"https:\\\/\\\/secure.gravatar.com\\\/avatar\\\/3ea2118a5f7dad2b7138b1187a6b7ee55f160b9968b66013c3a3ef39dd7e5798?s=96&d=mm&r=g\",\"caption\":\"Jeanette\"},\"sameAs\":[\"https:\\\/\\\/www.eldiario.net\\\/portal\"],\"url\":\"https:\\\/\\\/www.eldiario.net\\\/portal\\\/author\\\/jeanette\\\/\"}]}<\/script>\n<!-- \/ Yoast SEO plugin. -->","yoast_head_json":{"title":"Latini : Un h\u00e9roe de oro que visti\u00f3 la atigrada - El Diario - Bolivia","robots":{"index":"index","follow":"follow","max-snippet":"max-snippet:-1","max-image-preview":"max-image-preview:large","max-video-preview":"max-video-preview:-1"},"canonical":"https:\/\/www.eldiario.net\/portal\/2022\/08\/12\/latini-un-heroe-de-oro-que-vistio-la-atigrada\/","og_locale":"es_ES","og_type":"article","og_title":"Latini : Un h\u00e9roe de oro que visti\u00f3 la atigrada - El Diario - Bolivia","og_description":"La tarde del 15 de enero de 1978, en el reci\u00e9n remodelado estadio Ol\u00edmpico de La Paz, ahora \u201cHernando Siles\u201d, se jugaba el cl\u00e1sico pace\u00f1o. Era el primero de la desaparecida Liga Profesional del F\u00fatbol Boliviano. The Strongest llevaba cinco a\u00f1os sin ganarle a Bol\u00edvar. Aquel d\u00eda, ante 49.964 almas, corr\u00eda el minuto \u201878 y [&hellip;]","og_url":"https:\/\/www.eldiario.net\/portal\/2022\/08\/12\/latini-un-heroe-de-oro-que-vistio-la-atigrada\/","og_site_name":"El Diario - Bolivia","article_publisher":"https:\/\/www.facebook.com\/eldiario.bolivia\/","article_published_time":"2022-08-12T09:33:48+00:00","author":"Jeanette","twitter_card":"summary_large_image","twitter_creator":"@eldiario_net","twitter_site":"@eldiario_net","twitter_misc":{"Escrito por":"Jeanette","Tiempo de lectura":"6 minutos"},"schema":{"@context":"https:\/\/schema.org","@graph":[{"@type":"Article","@id":"https:\/\/www.eldiario.net\/portal\/2022\/08\/12\/latini-un-heroe-de-oro-que-vistio-la-atigrada\/#article","isPartOf":{"@id":"https:\/\/www.eldiario.net\/portal\/2022\/08\/12\/latini-un-heroe-de-oro-que-vistio-la-atigrada\/"},"author":{"name":"Jeanette","@id":"https:\/\/www.eldiario.net\/portal\/#\/schema\/person\/f46445640444750d7d753ccd04ae01b7"},"headline":"Latini : Un h\u00e9roe de oro que visti\u00f3 la atigrada","datePublished":"2022-08-12T09:33:48+00:00","mainEntityOfPage":{"@id":"https:\/\/www.eldiario.net\/portal\/2022\/08\/12\/latini-un-heroe-de-oro-que-vistio-la-atigrada\/"},"wordCount":1226,"publisher":{"@id":"https:\/\/www.eldiario.net\/portal\/#organization"},"image":{"@id":"https:\/\/www.eldiario.net\/portal\/2022\/08\/12\/latini-un-heroe-de-oro-que-vistio-la-atigrada\/#primaryimage"},"thumbnailUrl":"","articleSection":["Deportes"],"inLanguage":"es"},{"@type":"WebPage","@id":"https:\/\/www.eldiario.net\/portal\/2022\/08\/12\/latini-un-heroe-de-oro-que-vistio-la-atigrada\/","url":"https:\/\/www.eldiario.net\/portal\/2022\/08\/12\/latini-un-heroe-de-oro-que-vistio-la-atigrada\/","name":"Latini : Un h\u00e9roe de oro que visti\u00f3 la atigrada - El Diario - Bolivia","isPartOf":{"@id":"https:\/\/www.eldiario.net\/portal\/#website"},"primaryImageOfPage":{"@id":"https:\/\/www.eldiario.net\/portal\/2022\/08\/12\/latini-un-heroe-de-oro-que-vistio-la-atigrada\/#primaryimage"},"image":{"@id":"https:\/\/www.eldiario.net\/portal\/2022\/08\/12\/latini-un-heroe-de-oro-que-vistio-la-atigrada\/#primaryimage"},"thumbnailUrl":"","datePublished":"2022-08-12T09:33:48+00:00","breadcrumb":{"@id":"https:\/\/www.eldiario.net\/portal\/2022\/08\/12\/latini-un-heroe-de-oro-que-vistio-la-atigrada\/#breadcrumb"},"inLanguage":"es","potentialAction":[{"@type":"ReadAction","target":["https:\/\/www.eldiario.net\/portal\/2022\/08\/12\/latini-un-heroe-de-oro-que-vistio-la-atigrada\/"]}]},{"@type":"ImageObject","inLanguage":"es","@id":"https:\/\/www.eldiario.net\/portal\/2022\/08\/12\/latini-un-heroe-de-oro-que-vistio-la-atigrada\/#primaryimage","url":"","contentUrl":""},{"@type":"BreadcrumbList","@id":"https:\/\/www.eldiario.net\/portal\/2022\/08\/12\/latini-un-heroe-de-oro-que-vistio-la-atigrada\/#breadcrumb","itemListElement":[{"@type":"ListItem","position":1,"name":"Portada","item":"https:\/\/www.eldiario.net\/portal\/"},{"@type":"ListItem","position":2,"name":"Latini : Un h\u00e9roe de oro que visti\u00f3 la atigrada"}]},{"@type":"WebSite","@id":"https:\/\/www.eldiario.net\/portal\/#website","url":"https:\/\/www.eldiario.net\/portal\/","name":"El Diario - Decano de la prensa nacional","description":"El Diario - Decano de la prensa nacional","publisher":{"@id":"https:\/\/www.eldiario.net\/portal\/#organization"},"potentialAction":[{"@type":"SearchAction","target":{"@type":"EntryPoint","urlTemplate":"https:\/\/www.eldiario.net\/portal\/?s={search_term_string}"},"query-input":{"@type":"PropertyValueSpecification","valueRequired":true,"valueName":"search_term_string"}}],"inLanguage":"es"},{"@type":"Organization","@id":"https:\/\/www.eldiario.net\/portal\/#organization","name":"El Diario - Decano de la prensa nacional","url":"https:\/\/www.eldiario.net\/portal\/","logo":{"@type":"ImageObject","inLanguage":"es","@id":"https:\/\/www.eldiario.net\/portal\/#\/schema\/logo\/image\/","url":"https:\/\/www.eldiario.net\/portal\/wp-content\/uploads\/2023\/07\/logo_ED.jpg","contentUrl":"https:\/\/www.eldiario.net\/portal\/wp-content\/uploads\/2023\/07\/logo_ED.jpg","width":272,"height":52,"caption":"El Diario - Decano de la prensa nacional"},"image":{"@id":"https:\/\/www.eldiario.net\/portal\/#\/schema\/logo\/image\/"},"sameAs":["https:\/\/www.facebook.com\/eldiario.bolivia\/","https:\/\/x.com\/eldiario_net"]},{"@type":"Person","@id":"https:\/\/www.eldiario.net\/portal\/#\/schema\/person\/f46445640444750d7d753ccd04ae01b7","name":"Jeanette","image":{"@type":"ImageObject","inLanguage":"es","@id":"https:\/\/secure.gravatar.com\/avatar\/3ea2118a5f7dad2b7138b1187a6b7ee55f160b9968b66013c3a3ef39dd7e5798?s=96&d=mm&r=g","url":"https:\/\/secure.gravatar.com\/avatar\/3ea2118a5f7dad2b7138b1187a6b7ee55f160b9968b66013c3a3ef39dd7e5798?s=96&d=mm&r=g","contentUrl":"https:\/\/secure.gravatar.com\/avatar\/3ea2118a5f7dad2b7138b1187a6b7ee55f160b9968b66013c3a3ef39dd7e5798?s=96&d=mm&r=g","caption":"Jeanette"},"sameAs":["https:\/\/www.eldiario.net\/portal"],"url":"https:\/\/www.eldiario.net\/portal\/author\/jeanette\/"}]}},"_links":{"self":[{"href":"https:\/\/www.eldiario.net\/portal\/wp-json\/wp\/v2\/posts\/103247","targetHints":{"allow":["GET"]}}],"collection":[{"href":"https:\/\/www.eldiario.net\/portal\/wp-json\/wp\/v2\/posts"}],"about":[{"href":"https:\/\/www.eldiario.net\/portal\/wp-json\/wp\/v2\/types\/post"}],"author":[{"embeddable":true,"href":"https:\/\/www.eldiario.net\/portal\/wp-json\/wp\/v2\/users\/1"}],"replies":[{"embeddable":true,"href":"https:\/\/www.eldiario.net\/portal\/wp-json\/wp\/v2\/comments?post=103247"}],"version-history":[{"count":0,"href":"https:\/\/www.eldiario.net\/portal\/wp-json\/wp\/v2\/posts\/103247\/revisions"}],"wp:attachment":[{"href":"https:\/\/www.eldiario.net\/portal\/wp-json\/wp\/v2\/media?parent=103247"}],"wp:term":[{"taxonomy":"category","embeddable":true,"href":"https:\/\/www.eldiario.net\/portal\/wp-json\/wp\/v2\/categories?post=103247"},{"taxonomy":"post_tag","embeddable":true,"href":"https:\/\/www.eldiario.net\/portal\/wp-json\/wp\/v2\/tags?post=103247"}],"curies":[{"name":"wp","href":"https:\/\/api.w.org\/{rel}","templated":true}]}}