{"id":103241,"date":"2022-08-12T05:29:36","date_gmt":"2022-08-12T09:29:36","guid":{"rendered":"https:\/\/www.eldiario.net\/portal\/?p=103241"},"modified":"2022-08-12T05:29:36","modified_gmt":"2022-08-12T09:29:36","slug":"el-tigre-potencia-su-ataque-y-rearma-su-defensa","status":"publish","type":"post","link":"https:\/\/www.eldiario.net\/portal\/2022\/08\/12\/el-tigre-potencia-su-ataque-y-rearma-su-defensa\/","title":{"rendered":"El Tigre potencia su ataque y \u201crearma\u201d su defensa"},"content":{"rendered":"<p>The Strongest tendr\u00e1 un duro desaf\u00edo este fin de semana ante Palmaflor en el estadio Hernando Siles donde tendr\u00e1 variantes importantes para sumar su novena victoria al hilo en el torneo Clausura donde es el l\u00edder indiscutible con 24 unidades. Por expulsi\u00f3n, no podr\u00e1 ser de la partida ante los vallunos el zaguero central uruguayo Gonzalo Castillo, raz\u00f3n por la cual, el timonel argentino Claudio Biaggio apelar\u00e1 al paraguayo Ismael Benegas a fin de reforzar la zaga. En este sentido, el defensor paraguayo se mostr\u00f3 ayer listo para asumir este desaf\u00edo, aunque eso s\u00ed reconoci\u00f3 que al frente se tendr\u00e1 a rivales bastante fuertes y aguerridos como es el caso del atacante Wesley da Silva, quien se ha convertido en una de las bazas importantes de los vallunos en el sector ofensivo. \u201cPalmaflor ser\u00e1 un rival complicado, hay que buscar los puntos con los pies sobre la tierra, ir paso a paso pero con la tranquilidad de que estamos yendo bien, los resultados lo demuestran\u201d, manifest\u00f3 el paraguayo, quien est\u00e1 optimista en torno a los pr\u00f3ximos pasos de su equipo. En la zaga no se vislumbra mayores cambios, se realizar\u00e1 seguro algunos movimientos en el medio pero manteniendo a Fernando Saucedo, Jaime Arrascaita y Luciano Ursino, siendo pieza de recambio en la ofensiva sea Jeyson Chura o Fabricio Quaglio, lo que se definir\u00e1 en la sesi\u00f3n de hoy, sin descartar a Daniel Lino en el lateral izquierdo. En la ofensiva es un hecho el retorno de Cristian Esparza, quien por lesi\u00f3n cr\u00f3nica en el tobillo no fue de la partida en los dos anteriores encuentros, garantizandose su retorno ante los cochabambinos. Esparza es clave en los movimientos ofensivos de los atigrados, tomando en cuenta de que tanto Mart\u00edn Prost como Enrique Triverio tendr\u00e1n la confianza del entrenador Biaggio en el ataque. Hay buen ambiente en Achumani, donde los jugadores atigrados volvieron a entrenamientos ayer por la ma\u00f1ana tras retornar de Santa Cruz donde vencieron a Real Santa Cruz el mi\u00e9rcoles.<br \/>\nENTRADAS<br \/>\nCon la aclaraci\u00f3n de que ni\u00f1os menores de 12 \u00f1os y adultos mayores de 65 a\u00f1os tienen ingreso libre, las entradas para ma\u00f1ana tienen la siguiente disposici\u00f3n: curva sur 15, recta 30, preferencia 50 y butacas 70 bs.<\/p>\n<p><strong>MARCO QUISPE<\/strong><\/p>\n","protected":false},"excerpt":{"rendered":"<p>The Strongest tendr\u00e1 un duro desaf\u00edo este fin de semana ante Palmaflor en el estadio Hernando Siles donde tendr\u00e1 variantes importantes para sumar su novena victoria al hilo en el torneo Clausura donde es el l\u00edder indiscutible con 24 unidades. Por expulsi\u00f3n, no podr\u00e1 ser de la partida ante los vallunos el zaguero central uruguayo [&hellip;]<\/p>\n","protected":false},"author":1,"featured_media":103242,"comment_status":"closed","ping_status":"closed","sticky":false,"template":"","format":"standard","meta":{"_acf_changed":false,"footnotes":""},"categories":[6],"tags":[],"class_list":["post-103241","post","type-post","status-publish","format-standard","has-post-thumbnail","category-deportes"],"acf":{"antetitulo":""},"yoast_head":"<!-- This site is optimized with the Yoast SEO plugin v28.4 - https:\/\/yoast.com\/product\/yoast-seo-wordpress\/ -->\n<title>El Tigre potencia su ataque y \u201crearma\u201d su defensa - El Diario - Bolivia<\/title>\n<meta name=\"robots\" content=\"index, follow, max-snippet:-1, max-image-preview:large, max-video-preview:-1\" \/>\n<link rel=\"canonical\" href=\"https:\/\/www.eldiario.net\/portal\/2022\/08\/12\/el-tigre-potencia-su-ataque-y-rearma-su-defensa\/\" \/>\n<meta property=\"og:locale\" content=\"es_ES\" \/>\n<meta property=\"og:type\" content=\"article\" \/>\n<meta property=\"og:title\" content=\"El Tigre potencia su ataque y \u201crearma\u201d su defensa - El Diario - Bolivia\" \/>\n<meta property=\"og:description\" content=\"The Strongest tendr\u00e1 un duro desaf\u00edo este fin de semana ante Palmaflor en el estadio Hernando Siles donde tendr\u00e1 variantes importantes para sumar su novena victoria al hilo en el torneo Clausura donde es el l\u00edder indiscutible con 24 unidades. Por expulsi\u00f3n, no podr\u00e1 ser de la partida ante los vallunos el zaguero central uruguayo [&hellip;]\" \/>\n<meta property=\"og:url\" content=\"https:\/\/www.eldiario.net\/portal\/2022\/08\/12\/el-tigre-potencia-su-ataque-y-rearma-su-defensa\/\" \/>\n<meta property=\"og:site_name\" content=\"El Diario - Bolivia\" \/>\n<meta property=\"article:publisher\" content=\"https:\/\/www.facebook.com\/eldiario.bolivia\/\" \/>\n<meta property=\"article:published_time\" content=\"2022-08-12T09:29:36+00:00\" \/>\n<meta name=\"author\" content=\"Jeanette\" \/>\n<meta name=\"twitter:card\" content=\"summary_large_image\" \/>\n<meta name=\"twitter:creator\" content=\"@eldiario_net\" \/>\n<meta name=\"twitter:site\" content=\"@eldiario_net\" \/>\n<meta name=\"twitter:label1\" content=\"Escrito por\" \/>\n\t<meta name=\"twitter:data1\" content=\"Jeanette\" \/>\n\t<meta name=\"twitter:label2\" content=\"Tiempo de lectura\" \/>\n\t<meta name=\"twitter:data2\" content=\"2 minutos\" \/>\n<script type=\"application\/ld+json\" class=\"yoast-schema-graph\">{\"@context\":\"https:\\\/\\\/schema.org\",\"@graph\":[{\"@type\":\"Article\",\"@id\":\"https:\\\/\\\/www.eldiario.net\\\/portal\\\/2022\\\/08\\\/12\\\/el-tigre-potencia-su-ataque-y-rearma-su-defensa\\\/#article\",\"isPartOf\":{\"@id\":\"https:\\\/\\\/www.eldiario.net\\\/portal\\\/2022\\\/08\\\/12\\\/el-tigre-potencia-su-ataque-y-rearma-su-defensa\\\/\"},\"author\":{\"name\":\"Jeanette\",\"@id\":\"https:\\\/\\\/www.eldiario.net\\\/portal\\\/#\\\/schema\\\/person\\\/f46445640444750d7d753ccd04ae01b7\"},\"headline\":\"El Tigre potencia su ataque y \u201crearma\u201d su defensa\",\"datePublished\":\"2022-08-12T09:29:36+00:00\",\"mainEntityOfPage\":{\"@id\":\"https:\\\/\\\/www.eldiario.net\\\/portal\\\/2022\\\/08\\\/12\\\/el-tigre-potencia-su-ataque-y-rearma-su-defensa\\\/\"},\"wordCount\":391,\"publisher\":{\"@id\":\"https:\\\/\\\/www.eldiario.net\\\/portal\\\/#organization\"},\"image\":{\"@id\":\"https:\\\/\\\/www.eldiario.net\\\/portal\\\/2022\\\/08\\\/12\\\/el-tigre-potencia-su-ataque-y-rearma-su-defensa\\\/#primaryimage\"},\"thumbnailUrl\":\"\",\"articleSection\":[\"Deportes\"],\"inLanguage\":\"es\"},{\"@type\":\"WebPage\",\"@id\":\"https:\\\/\\\/www.eldiario.net\\\/portal\\\/2022\\\/08\\\/12\\\/el-tigre-potencia-su-ataque-y-rearma-su-defensa\\\/\",\"url\":\"https:\\\/\\\/www.eldiario.net\\\/portal\\\/2022\\\/08\\\/12\\\/el-tigre-potencia-su-ataque-y-rearma-su-defensa\\\/\",\"name\":\"El Tigre potencia su ataque y \u201crearma\u201d su defensa - El Diario - Bolivia\",\"isPartOf\":{\"@id\":\"https:\\\/\\\/www.eldiario.net\\\/portal\\\/#website\"},\"primaryImageOfPage\":{\"@id\":\"https:\\\/\\\/www.eldiario.net\\\/portal\\\/2022\\\/08\\\/12\\\/el-tigre-potencia-su-ataque-y-rearma-su-defensa\\\/#primaryimage\"},\"image\":{\"@id\":\"https:\\\/\\\/www.eldiario.net\\\/portal\\\/2022\\\/08\\\/12\\\/el-tigre-potencia-su-ataque-y-rearma-su-defensa\\\/#primaryimage\"},\"thumbnailUrl\":\"\",\"datePublished\":\"2022-08-12T09:29:36+00:00\",\"breadcrumb\":{\"@id\":\"https:\\\/\\\/www.eldiario.net\\\/portal\\\/2022\\\/08\\\/12\\\/el-tigre-potencia-su-ataque-y-rearma-su-defensa\\\/#breadcrumb\"},\"inLanguage\":\"es\",\"potentialAction\":[{\"@type\":\"ReadAction\",\"target\":[\"https:\\\/\\\/www.eldiario.net\\\/portal\\\/2022\\\/08\\\/12\\\/el-tigre-potencia-su-ataque-y-rearma-su-defensa\\\/\"]}]},{\"@type\":\"ImageObject\",\"inLanguage\":\"es\",\"@id\":\"https:\\\/\\\/www.eldiario.net\\\/portal\\\/2022\\\/08\\\/12\\\/el-tigre-potencia-su-ataque-y-rearma-su-defensa\\\/#primaryimage\",\"url\":\"\",\"contentUrl\":\"\"},{\"@type\":\"BreadcrumbList\",\"@id\":\"https:\\\/\\\/www.eldiario.net\\\/portal\\\/2022\\\/08\\\/12\\\/el-tigre-potencia-su-ataque-y-rearma-su-defensa\\\/#breadcrumb\",\"itemListElement\":[{\"@type\":\"ListItem\",\"position\":1,\"name\":\"Portada\",\"item\":\"https:\\\/\\\/www.eldiario.net\\\/portal\\\/\"},{\"@type\":\"ListItem\",\"position\":2,\"name\":\"El Tigre potencia su ataque y \u201crearma\u201d su defensa\"}]},{\"@type\":\"WebSite\",\"@id\":\"https:\\\/\\\/www.eldiario.net\\\/portal\\\/#website\",\"url\":\"https:\\\/\\\/www.eldiario.net\\\/portal\\\/\",\"name\":\"El Diario - Decano de la prensa nacional\",\"description\":\"El Diario - Decano de la prensa nacional\",\"publisher\":{\"@id\":\"https:\\\/\\\/www.eldiario.net\\\/portal\\\/#organization\"},\"potentialAction\":[{\"@type\":\"SearchAction\",\"target\":{\"@type\":\"EntryPoint\",\"urlTemplate\":\"https:\\\/\\\/www.eldiario.net\\\/portal\\\/?s={search_term_string}\"},\"query-input\":{\"@type\":\"PropertyValueSpecification\",\"valueRequired\":true,\"valueName\":\"search_term_string\"}}],\"inLanguage\":\"es\"},{\"@type\":\"Organization\",\"@id\":\"https:\\\/\\\/www.eldiario.net\\\/portal\\\/#organization\",\"name\":\"El Diario - Decano de la prensa nacional\",\"url\":\"https:\\\/\\\/www.eldiario.net\\\/portal\\\/\",\"logo\":{\"@type\":\"ImageObject\",\"inLanguage\":\"es\",\"@id\":\"https:\\\/\\\/www.eldiario.net\\\/portal\\\/#\\\/schema\\\/logo\\\/image\\\/\",\"url\":\"https:\\\/\\\/www.eldiario.net\\\/portal\\\/wp-content\\\/uploads\\\/2023\\\/07\\\/logo_ED.jpg\",\"contentUrl\":\"https:\\\/\\\/www.eldiario.net\\\/portal\\\/wp-content\\\/uploads\\\/2023\\\/07\\\/logo_ED.jpg\",\"width\":272,\"height\":52,\"caption\":\"El Diario - Decano de la prensa nacional\"},\"image\":{\"@id\":\"https:\\\/\\\/www.eldiario.net\\\/portal\\\/#\\\/schema\\\/logo\\\/image\\\/\"},\"sameAs\":[\"https:\\\/\\\/www.facebook.com\\\/eldiario.bolivia\\\/\",\"https:\\\/\\\/x.com\\\/eldiario_net\"]},{\"@type\":\"Person\",\"@id\":\"https:\\\/\\\/www.eldiario.net\\\/portal\\\/#\\\/schema\\\/person\\\/f46445640444750d7d753ccd04ae01b7\",\"name\":\"Jeanette\",\"image\":{\"@type\":\"ImageObject\",\"inLanguage\":\"es\",\"@id\":\"https:\\\/\\\/secure.gravatar.com\\\/avatar\\\/3ea2118a5f7dad2b7138b1187a6b7ee55f160b9968b66013c3a3ef39dd7e5798?s=96&d=mm&r=g\",\"url\":\"https:\\\/\\\/secure.gravatar.com\\\/avatar\\\/3ea2118a5f7dad2b7138b1187a6b7ee55f160b9968b66013c3a3ef39dd7e5798?s=96&d=mm&r=g\",\"contentUrl\":\"https:\\\/\\\/secure.gravatar.com\\\/avatar\\\/3ea2118a5f7dad2b7138b1187a6b7ee55f160b9968b66013c3a3ef39dd7e5798?s=96&d=mm&r=g\",\"caption\":\"Jeanette\"},\"sameAs\":[\"https:\\\/\\\/www.eldiario.net\\\/portal\"],\"url\":\"https:\\\/\\\/www.eldiario.net\\\/portal\\\/author\\\/jeanette\\\/\"}]}<\/script>\n<!-- \/ Yoast SEO plugin. -->","yoast_head_json":{"title":"El Tigre potencia su ataque y \u201crearma\u201d su defensa - El Diario - Bolivia","robots":{"index":"index","follow":"follow","max-snippet":"max-snippet:-1","max-image-preview":"max-image-preview:large","max-video-preview":"max-video-preview:-1"},"canonical":"https:\/\/www.eldiario.net\/portal\/2022\/08\/12\/el-tigre-potencia-su-ataque-y-rearma-su-defensa\/","og_locale":"es_ES","og_type":"article","og_title":"El Tigre potencia su ataque y \u201crearma\u201d su defensa - El Diario - Bolivia","og_description":"The Strongest tendr\u00e1 un duro desaf\u00edo este fin de semana ante Palmaflor en el estadio Hernando Siles donde tendr\u00e1 variantes importantes para sumar su novena victoria al hilo en el torneo Clausura donde es el l\u00edder indiscutible con 24 unidades. Por expulsi\u00f3n, no podr\u00e1 ser de la partida ante los vallunos el zaguero central uruguayo [&hellip;]","og_url":"https:\/\/www.eldiario.net\/portal\/2022\/08\/12\/el-tigre-potencia-su-ataque-y-rearma-su-defensa\/","og_site_name":"El Diario - Bolivia","article_publisher":"https:\/\/www.facebook.com\/eldiario.bolivia\/","article_published_time":"2022-08-12T09:29:36+00:00","author":"Jeanette","twitter_card":"summary_large_image","twitter_creator":"@eldiario_net","twitter_site":"@eldiario_net","twitter_misc":{"Escrito por":"Jeanette","Tiempo de lectura":"2 minutos"},"schema":{"@context":"https:\/\/schema.org","@graph":[{"@type":"Article","@id":"https:\/\/www.eldiario.net\/portal\/2022\/08\/12\/el-tigre-potencia-su-ataque-y-rearma-su-defensa\/#article","isPartOf":{"@id":"https:\/\/www.eldiario.net\/portal\/2022\/08\/12\/el-tigre-potencia-su-ataque-y-rearma-su-defensa\/"},"author":{"name":"Jeanette","@id":"https:\/\/www.eldiario.net\/portal\/#\/schema\/person\/f46445640444750d7d753ccd04ae01b7"},"headline":"El Tigre potencia su ataque y \u201crearma\u201d su defensa","datePublished":"2022-08-12T09:29:36+00:00","mainEntityOfPage":{"@id":"https:\/\/www.eldiario.net\/portal\/2022\/08\/12\/el-tigre-potencia-su-ataque-y-rearma-su-defensa\/"},"wordCount":391,"publisher":{"@id":"https:\/\/www.eldiario.net\/portal\/#organization"},"image":{"@id":"https:\/\/www.eldiario.net\/portal\/2022\/08\/12\/el-tigre-potencia-su-ataque-y-rearma-su-defensa\/#primaryimage"},"thumbnailUrl":"","articleSection":["Deportes"],"inLanguage":"es"},{"@type":"WebPage","@id":"https:\/\/www.eldiario.net\/portal\/2022\/08\/12\/el-tigre-potencia-su-ataque-y-rearma-su-defensa\/","url":"https:\/\/www.eldiario.net\/portal\/2022\/08\/12\/el-tigre-potencia-su-ataque-y-rearma-su-defensa\/","name":"El Tigre potencia su ataque y \u201crearma\u201d su defensa - El Diario - Bolivia","isPartOf":{"@id":"https:\/\/www.eldiario.net\/portal\/#website"},"primaryImageOfPage":{"@id":"https:\/\/www.eldiario.net\/portal\/2022\/08\/12\/el-tigre-potencia-su-ataque-y-rearma-su-defensa\/#primaryimage"},"image":{"@id":"https:\/\/www.eldiario.net\/portal\/2022\/08\/12\/el-tigre-potencia-su-ataque-y-rearma-su-defensa\/#primaryimage"},"thumbnailUrl":"","datePublished":"2022-08-12T09:29:36+00:00","breadcrumb":{"@id":"https:\/\/www.eldiario.net\/portal\/2022\/08\/12\/el-tigre-potencia-su-ataque-y-rearma-su-defensa\/#breadcrumb"},"inLanguage":"es","potentialAction":[{"@type":"ReadAction","target":["https:\/\/www.eldiario.net\/portal\/2022\/08\/12\/el-tigre-potencia-su-ataque-y-rearma-su-defensa\/"]}]},{"@type":"ImageObject","inLanguage":"es","@id":"https:\/\/www.eldiario.net\/portal\/2022\/08\/12\/el-tigre-potencia-su-ataque-y-rearma-su-defensa\/#primaryimage","url":"","contentUrl":""},{"@type":"BreadcrumbList","@id":"https:\/\/www.eldiario.net\/portal\/2022\/08\/12\/el-tigre-potencia-su-ataque-y-rearma-su-defensa\/#breadcrumb","itemListElement":[{"@type":"ListItem","position":1,"name":"Portada","item":"https:\/\/www.eldiario.net\/portal\/"},{"@type":"ListItem","position":2,"name":"El Tigre potencia su ataque y \u201crearma\u201d su defensa"}]},{"@type":"WebSite","@id":"https:\/\/www.eldiario.net\/portal\/#website","url":"https:\/\/www.eldiario.net\/portal\/","name":"El Diario - Decano de la prensa nacional","description":"El Diario - Decano de la prensa nacional","publisher":{"@id":"https:\/\/www.eldiario.net\/portal\/#organization"},"potentialAction":[{"@type":"SearchAction","target":{"@type":"EntryPoint","urlTemplate":"https:\/\/www.eldiario.net\/portal\/?s={search_term_string}"},"query-input":{"@type":"PropertyValueSpecification","valueRequired":true,"valueName":"search_term_string"}}],"inLanguage":"es"},{"@type":"Organization","@id":"https:\/\/www.eldiario.net\/portal\/#organization","name":"El Diario - Decano de la prensa nacional","url":"https:\/\/www.eldiario.net\/portal\/","logo":{"@type":"ImageObject","inLanguage":"es","@id":"https:\/\/www.eldiario.net\/portal\/#\/schema\/logo\/image\/","url":"https:\/\/www.eldiario.net\/portal\/wp-content\/uploads\/2023\/07\/logo_ED.jpg","contentUrl":"https:\/\/www.eldiario.net\/portal\/wp-content\/uploads\/2023\/07\/logo_ED.jpg","width":272,"height":52,"caption":"El Diario - Decano de la prensa nacional"},"image":{"@id":"https:\/\/www.eldiario.net\/portal\/#\/schema\/logo\/image\/"},"sameAs":["https:\/\/www.facebook.com\/eldiario.bolivia\/","https:\/\/x.com\/eldiario_net"]},{"@type":"Person","@id":"https:\/\/www.eldiario.net\/portal\/#\/schema\/person\/f46445640444750d7d753ccd04ae01b7","name":"Jeanette","image":{"@type":"ImageObject","inLanguage":"es","@id":"https:\/\/secure.gravatar.com\/avatar\/3ea2118a5f7dad2b7138b1187a6b7ee55f160b9968b66013c3a3ef39dd7e5798?s=96&d=mm&r=g","url":"https:\/\/secure.gravatar.com\/avatar\/3ea2118a5f7dad2b7138b1187a6b7ee55f160b9968b66013c3a3ef39dd7e5798?s=96&d=mm&r=g","contentUrl":"https:\/\/secure.gravatar.com\/avatar\/3ea2118a5f7dad2b7138b1187a6b7ee55f160b9968b66013c3a3ef39dd7e5798?s=96&d=mm&r=g","caption":"Jeanette"},"sameAs":["https:\/\/www.eldiario.net\/portal"],"url":"https:\/\/www.eldiario.net\/portal\/author\/jeanette\/"}]}},"_links":{"self":[{"href":"https:\/\/www.eldiario.net\/portal\/wp-json\/wp\/v2\/posts\/103241","targetHints":{"allow":["GET"]}}],"collection":[{"href":"https:\/\/www.eldiario.net\/portal\/wp-json\/wp\/v2\/posts"}],"about":[{"href":"https:\/\/www.eldiario.net\/portal\/wp-json\/wp\/v2\/types\/post"}],"author":[{"embeddable":true,"href":"https:\/\/www.eldiario.net\/portal\/wp-json\/wp\/v2\/users\/1"}],"replies":[{"embeddable":true,"href":"https:\/\/www.eldiario.net\/portal\/wp-json\/wp\/v2\/comments?post=103241"}],"version-history":[{"count":0,"href":"https:\/\/www.eldiario.net\/portal\/wp-json\/wp\/v2\/posts\/103241\/revisions"}],"wp:attachment":[{"href":"https:\/\/www.eldiario.net\/portal\/wp-json\/wp\/v2\/media?parent=103241"}],"wp:term":[{"taxonomy":"category","embeddable":true,"href":"https:\/\/www.eldiario.net\/portal\/wp-json\/wp\/v2\/categories?post=103241"},{"taxonomy":"post_tag","embeddable":true,"href":"https:\/\/www.eldiario.net\/portal\/wp-json\/wp\/v2\/tags?post=103241"}],"curies":[{"name":"wp","href":"https:\/\/api.w.org\/{rel}","templated":true}]}}