{"id":103238,"date":"2022-08-12T05:28:22","date_gmt":"2022-08-12T09:28:22","guid":{"rendered":"https:\/\/www.eldiario.net\/portal\/?p=103238"},"modified":"2022-08-12T05:28:22","modified_gmt":"2022-08-12T09:28:22","slug":"cinco-tecnicos-han-sido-cesados-antes-de-tiempo","status":"publish","type":"post","link":"https:\/\/www.eldiario.net\/portal\/2022\/08\/12\/cinco-tecnicos-han-sido-cesados-antes-de-tiempo\/","title":{"rendered":"Cinco t\u00e9cnicos han sido cesados antes de tiempo"},"content":{"rendered":"<p>Antes de ingresar a la d\u00e9cima fecha, cinco clubes de la Divisi\u00f3n Profesional sufrieron modificaciones en la direcci\u00f3n t\u00e9cnica en la b\u00fasqueda de mejores resultados en el torneo Clausura, cuyo premio para el campe\u00f3n es la clasificaci\u00f3n como Bolivia II a la Copa Libertadores de Am\u00e9rica 2023.<br \/>\nEl chileno Rodrigo Venegas fue la salida m\u00e1s reciente en el f\u00fatbol boliviano. El entrenador renunci\u00f3 de forma irrevocable a la conducci\u00f3n de Blooming, tras la derrota sufrida ante Palmaflor por 1-2 en Cochabamba. \u201cSiento que mi mensaje ya no le llega a los jugadores\u201d, con esas palabras el entrenador de 33 a\u00f1os dio un paso al costado.<br \/>\nVenegas estaba incomodo dentro del elenco por los malos resultados. Antes del triunfo contra Real Tomayapo (1-0) renunci\u00f3, pero esa victoria le devolvi\u00f3 a su cargo. El mi\u00e9rcoles por la noche prefiri\u00f3 alejarse agradeciendo el apoyo del presidente Sebasti\u00e1n Pe\u00f1a, despu\u00e9s de nueve meses de trabajo. Todav\u00eda no se conoce a su reemplazante.<br \/>\nEste recuento de los entrenadores retirados de sus funciones en plena competencia comienza con el argentino Cristian D\u00edaz y su asistente t\u00e9cnico, Gast\u00f3n Ramondino, \u00e9ste \u00faltimo termin\u00f3 el trabajo de su coterr\u00e1neo en The Strongest, dejando el equipo en manos de Claudio Biaggio, quien despert\u00f3 al Tigre hasta colocarlo como actual l\u00edder del Clausura.<br \/>\nLuego vino el alejamiento del argentino Luis Garc\u00eda (asistente de C\u00e9sar Far\u00edas) de Royal Pari, dejando la posta en manos de V\u00edctor Hugo Andrada en un movimiento dirigencial apostando por el conocimiento de la idiosincrasia.<br \/>\nUniversitario de Sucre, comprometido con la zona del descenso de categor\u00eda, sac\u00f3 al argentino Adri\u00e1n Romero para dejar la conducci\u00f3n del equipo bajo las \u00f3rdenes del chileno Sebasti\u00e1n N\u00fa\u00f1ez en su regreso al mercado local con una misi\u00f3n dif\u00edcil.<br \/>\nHace d\u00edas atr\u00e1s, Wilstermann -sin cabeza dirigencial oficial y siendo manejado por el candidato a la presidencia Gary Soria- acord\u00f3 la rescisi\u00f3n de contrato con Guillermo Pe\u00f1a con apenas dos meses de trabajo.<\/p>\n","protected":false},"excerpt":{"rendered":"<p>Antes de ingresar a la d\u00e9cima fecha, cinco clubes de la Divisi\u00f3n Profesional sufrieron modificaciones en la direcci\u00f3n t\u00e9cnica en la b\u00fasqueda de mejores resultados en el torneo Clausura, cuyo premio para el campe\u00f3n es la clasificaci\u00f3n como Bolivia II a la Copa Libertadores de Am\u00e9rica 2023. El chileno Rodrigo Venegas fue la salida m\u00e1s [&hellip;]<\/p>\n","protected":false},"author":1,"featured_media":103239,"comment_status":"closed","ping_status":"closed","sticky":false,"template":"","format":"standard","meta":{"_acf_changed":false,"footnotes":""},"categories":[6],"tags":[],"class_list":["post-103238","post","type-post","status-publish","format-standard","has-post-thumbnail","category-deportes"],"acf":{"antetitulo":""},"yoast_head":"<!-- This site is optimized with the Yoast SEO plugin v28.4 - https:\/\/yoast.com\/product\/yoast-seo-wordpress\/ -->\n<title>Cinco t\u00e9cnicos han sido cesados antes de tiempo - El Diario - Bolivia<\/title>\n<meta name=\"robots\" content=\"index, follow, max-snippet:-1, max-image-preview:large, max-video-preview:-1\" \/>\n<link rel=\"canonical\" href=\"https:\/\/www.eldiario.net\/portal\/2022\/08\/12\/cinco-tecnicos-han-sido-cesados-antes-de-tiempo\/\" \/>\n<meta property=\"og:locale\" content=\"es_ES\" \/>\n<meta property=\"og:type\" content=\"article\" \/>\n<meta property=\"og:title\" content=\"Cinco t\u00e9cnicos han sido cesados antes de tiempo - El Diario - Bolivia\" \/>\n<meta property=\"og:description\" content=\"Antes de ingresar a la d\u00e9cima fecha, cinco clubes de la Divisi\u00f3n Profesional sufrieron modificaciones en la direcci\u00f3n t\u00e9cnica en la b\u00fasqueda de mejores resultados en el torneo Clausura, cuyo premio para el campe\u00f3n es la clasificaci\u00f3n como Bolivia II a la Copa Libertadores de Am\u00e9rica 2023. El chileno Rodrigo Venegas fue la salida m\u00e1s [&hellip;]\" \/>\n<meta property=\"og:url\" content=\"https:\/\/www.eldiario.net\/portal\/2022\/08\/12\/cinco-tecnicos-han-sido-cesados-antes-de-tiempo\/\" \/>\n<meta property=\"og:site_name\" content=\"El Diario - Bolivia\" \/>\n<meta property=\"article:publisher\" content=\"https:\/\/www.facebook.com\/eldiario.bolivia\/\" \/>\n<meta property=\"article:published_time\" content=\"2022-08-12T09:28:22+00:00\" \/>\n<meta name=\"author\" content=\"Jeanette\" \/>\n<meta name=\"twitter:card\" content=\"summary_large_image\" \/>\n<meta name=\"twitter:creator\" content=\"@eldiario_net\" \/>\n<meta name=\"twitter:site\" content=\"@eldiario_net\" \/>\n<meta name=\"twitter:label1\" content=\"Escrito por\" \/>\n\t<meta name=\"twitter:data1\" content=\"Jeanette\" \/>\n\t<meta name=\"twitter:label2\" content=\"Tiempo de lectura\" \/>\n\t<meta name=\"twitter:data2\" content=\"2 minutos\" \/>\n<script type=\"application\/ld+json\" class=\"yoast-schema-graph\">{\"@context\":\"https:\\\/\\\/schema.org\",\"@graph\":[{\"@type\":\"Article\",\"@id\":\"https:\\\/\\\/www.eldiario.net\\\/portal\\\/2022\\\/08\\\/12\\\/cinco-tecnicos-han-sido-cesados-antes-de-tiempo\\\/#article\",\"isPartOf\":{\"@id\":\"https:\\\/\\\/www.eldiario.net\\\/portal\\\/2022\\\/08\\\/12\\\/cinco-tecnicos-han-sido-cesados-antes-de-tiempo\\\/\"},\"author\":{\"name\":\"Jeanette\",\"@id\":\"https:\\\/\\\/www.eldiario.net\\\/portal\\\/#\\\/schema\\\/person\\\/f46445640444750d7d753ccd04ae01b7\"},\"headline\":\"Cinco t\u00e9cnicos han sido cesados antes de tiempo\",\"datePublished\":\"2022-08-12T09:28:22+00:00\",\"mainEntityOfPage\":{\"@id\":\"https:\\\/\\\/www.eldiario.net\\\/portal\\\/2022\\\/08\\\/12\\\/cinco-tecnicos-han-sido-cesados-antes-de-tiempo\\\/\"},\"wordCount\":363,\"publisher\":{\"@id\":\"https:\\\/\\\/www.eldiario.net\\\/portal\\\/#organization\"},\"image\":{\"@id\":\"https:\\\/\\\/www.eldiario.net\\\/portal\\\/2022\\\/08\\\/12\\\/cinco-tecnicos-han-sido-cesados-antes-de-tiempo\\\/#primaryimage\"},\"thumbnailUrl\":\"\",\"articleSection\":[\"Deportes\"],\"inLanguage\":\"es\"},{\"@type\":\"WebPage\",\"@id\":\"https:\\\/\\\/www.eldiario.net\\\/portal\\\/2022\\\/08\\\/12\\\/cinco-tecnicos-han-sido-cesados-antes-de-tiempo\\\/\",\"url\":\"https:\\\/\\\/www.eldiario.net\\\/portal\\\/2022\\\/08\\\/12\\\/cinco-tecnicos-han-sido-cesados-antes-de-tiempo\\\/\",\"name\":\"Cinco t\u00e9cnicos han sido cesados antes de tiempo - El Diario - Bolivia\",\"isPartOf\":{\"@id\":\"https:\\\/\\\/www.eldiario.net\\\/portal\\\/#website\"},\"primaryImageOfPage\":{\"@id\":\"https:\\\/\\\/www.eldiario.net\\\/portal\\\/2022\\\/08\\\/12\\\/cinco-tecnicos-han-sido-cesados-antes-de-tiempo\\\/#primaryimage\"},\"image\":{\"@id\":\"https:\\\/\\\/www.eldiario.net\\\/portal\\\/2022\\\/08\\\/12\\\/cinco-tecnicos-han-sido-cesados-antes-de-tiempo\\\/#primaryimage\"},\"thumbnailUrl\":\"\",\"datePublished\":\"2022-08-12T09:28:22+00:00\",\"breadcrumb\":{\"@id\":\"https:\\\/\\\/www.eldiario.net\\\/portal\\\/2022\\\/08\\\/12\\\/cinco-tecnicos-han-sido-cesados-antes-de-tiempo\\\/#breadcrumb\"},\"inLanguage\":\"es\",\"potentialAction\":[{\"@type\":\"ReadAction\",\"target\":[\"https:\\\/\\\/www.eldiario.net\\\/portal\\\/2022\\\/08\\\/12\\\/cinco-tecnicos-han-sido-cesados-antes-de-tiempo\\\/\"]}]},{\"@type\":\"ImageObject\",\"inLanguage\":\"es\",\"@id\":\"https:\\\/\\\/www.eldiario.net\\\/portal\\\/2022\\\/08\\\/12\\\/cinco-tecnicos-han-sido-cesados-antes-de-tiempo\\\/#primaryimage\",\"url\":\"\",\"contentUrl\":\"\"},{\"@type\":\"BreadcrumbList\",\"@id\":\"https:\\\/\\\/www.eldiario.net\\\/portal\\\/2022\\\/08\\\/12\\\/cinco-tecnicos-han-sido-cesados-antes-de-tiempo\\\/#breadcrumb\",\"itemListElement\":[{\"@type\":\"ListItem\",\"position\":1,\"name\":\"Portada\",\"item\":\"https:\\\/\\\/www.eldiario.net\\\/portal\\\/\"},{\"@type\":\"ListItem\",\"position\":2,\"name\":\"Cinco t\u00e9cnicos han sido cesados antes de tiempo\"}]},{\"@type\":\"WebSite\",\"@id\":\"https:\\\/\\\/www.eldiario.net\\\/portal\\\/#website\",\"url\":\"https:\\\/\\\/www.eldiario.net\\\/portal\\\/\",\"name\":\"El Diario - Decano de la prensa nacional\",\"description\":\"El Diario - Decano de la prensa nacional\",\"publisher\":{\"@id\":\"https:\\\/\\\/www.eldiario.net\\\/portal\\\/#organization\"},\"potentialAction\":[{\"@type\":\"SearchAction\",\"target\":{\"@type\":\"EntryPoint\",\"urlTemplate\":\"https:\\\/\\\/www.eldiario.net\\\/portal\\\/?s={search_term_string}\"},\"query-input\":{\"@type\":\"PropertyValueSpecification\",\"valueRequired\":true,\"valueName\":\"search_term_string\"}}],\"inLanguage\":\"es\"},{\"@type\":\"Organization\",\"@id\":\"https:\\\/\\\/www.eldiario.net\\\/portal\\\/#organization\",\"name\":\"El Diario - Decano de la prensa nacional\",\"url\":\"https:\\\/\\\/www.eldiario.net\\\/portal\\\/\",\"logo\":{\"@type\":\"ImageObject\",\"inLanguage\":\"es\",\"@id\":\"https:\\\/\\\/www.eldiario.net\\\/portal\\\/#\\\/schema\\\/logo\\\/image\\\/\",\"url\":\"https:\\\/\\\/www.eldiario.net\\\/portal\\\/wp-content\\\/uploads\\\/2023\\\/07\\\/logo_ED.jpg\",\"contentUrl\":\"https:\\\/\\\/www.eldiario.net\\\/portal\\\/wp-content\\\/uploads\\\/2023\\\/07\\\/logo_ED.jpg\",\"width\":272,\"height\":52,\"caption\":\"El Diario - Decano de la prensa nacional\"},\"image\":{\"@id\":\"https:\\\/\\\/www.eldiario.net\\\/portal\\\/#\\\/schema\\\/logo\\\/image\\\/\"},\"sameAs\":[\"https:\\\/\\\/www.facebook.com\\\/eldiario.bolivia\\\/\",\"https:\\\/\\\/x.com\\\/eldiario_net\"]},{\"@type\":\"Person\",\"@id\":\"https:\\\/\\\/www.eldiario.net\\\/portal\\\/#\\\/schema\\\/person\\\/f46445640444750d7d753ccd04ae01b7\",\"name\":\"Jeanette\",\"image\":{\"@type\":\"ImageObject\",\"inLanguage\":\"es\",\"@id\":\"https:\\\/\\\/secure.gravatar.com\\\/avatar\\\/3ea2118a5f7dad2b7138b1187a6b7ee55f160b9968b66013c3a3ef39dd7e5798?s=96&d=mm&r=g\",\"url\":\"https:\\\/\\\/secure.gravatar.com\\\/avatar\\\/3ea2118a5f7dad2b7138b1187a6b7ee55f160b9968b66013c3a3ef39dd7e5798?s=96&d=mm&r=g\",\"contentUrl\":\"https:\\\/\\\/secure.gravatar.com\\\/avatar\\\/3ea2118a5f7dad2b7138b1187a6b7ee55f160b9968b66013c3a3ef39dd7e5798?s=96&d=mm&r=g\",\"caption\":\"Jeanette\"},\"sameAs\":[\"https:\\\/\\\/www.eldiario.net\\\/portal\"],\"url\":\"https:\\\/\\\/www.eldiario.net\\\/portal\\\/author\\\/jeanette\\\/\"}]}<\/script>\n<!-- \/ Yoast SEO plugin. -->","yoast_head_json":{"title":"Cinco t\u00e9cnicos han sido cesados antes de tiempo - El Diario - Bolivia","robots":{"index":"index","follow":"follow","max-snippet":"max-snippet:-1","max-image-preview":"max-image-preview:large","max-video-preview":"max-video-preview:-1"},"canonical":"https:\/\/www.eldiario.net\/portal\/2022\/08\/12\/cinco-tecnicos-han-sido-cesados-antes-de-tiempo\/","og_locale":"es_ES","og_type":"article","og_title":"Cinco t\u00e9cnicos han sido cesados antes de tiempo - El Diario - Bolivia","og_description":"Antes de ingresar a la d\u00e9cima fecha, cinco clubes de la Divisi\u00f3n Profesional sufrieron modificaciones en la direcci\u00f3n t\u00e9cnica en la b\u00fasqueda de mejores resultados en el torneo Clausura, cuyo premio para el campe\u00f3n es la clasificaci\u00f3n como Bolivia II a la Copa Libertadores de Am\u00e9rica 2023. El chileno Rodrigo Venegas fue la salida m\u00e1s [&hellip;]","og_url":"https:\/\/www.eldiario.net\/portal\/2022\/08\/12\/cinco-tecnicos-han-sido-cesados-antes-de-tiempo\/","og_site_name":"El Diario - Bolivia","article_publisher":"https:\/\/www.facebook.com\/eldiario.bolivia\/","article_published_time":"2022-08-12T09:28:22+00:00","author":"Jeanette","twitter_card":"summary_large_image","twitter_creator":"@eldiario_net","twitter_site":"@eldiario_net","twitter_misc":{"Escrito por":"Jeanette","Tiempo de lectura":"2 minutos"},"schema":{"@context":"https:\/\/schema.org","@graph":[{"@type":"Article","@id":"https:\/\/www.eldiario.net\/portal\/2022\/08\/12\/cinco-tecnicos-han-sido-cesados-antes-de-tiempo\/#article","isPartOf":{"@id":"https:\/\/www.eldiario.net\/portal\/2022\/08\/12\/cinco-tecnicos-han-sido-cesados-antes-de-tiempo\/"},"author":{"name":"Jeanette","@id":"https:\/\/www.eldiario.net\/portal\/#\/schema\/person\/f46445640444750d7d753ccd04ae01b7"},"headline":"Cinco t\u00e9cnicos han sido cesados antes de tiempo","datePublished":"2022-08-12T09:28:22+00:00","mainEntityOfPage":{"@id":"https:\/\/www.eldiario.net\/portal\/2022\/08\/12\/cinco-tecnicos-han-sido-cesados-antes-de-tiempo\/"},"wordCount":363,"publisher":{"@id":"https:\/\/www.eldiario.net\/portal\/#organization"},"image":{"@id":"https:\/\/www.eldiario.net\/portal\/2022\/08\/12\/cinco-tecnicos-han-sido-cesados-antes-de-tiempo\/#primaryimage"},"thumbnailUrl":"","articleSection":["Deportes"],"inLanguage":"es"},{"@type":"WebPage","@id":"https:\/\/www.eldiario.net\/portal\/2022\/08\/12\/cinco-tecnicos-han-sido-cesados-antes-de-tiempo\/","url":"https:\/\/www.eldiario.net\/portal\/2022\/08\/12\/cinco-tecnicos-han-sido-cesados-antes-de-tiempo\/","name":"Cinco t\u00e9cnicos han sido cesados antes de tiempo - El Diario - Bolivia","isPartOf":{"@id":"https:\/\/www.eldiario.net\/portal\/#website"},"primaryImageOfPage":{"@id":"https:\/\/www.eldiario.net\/portal\/2022\/08\/12\/cinco-tecnicos-han-sido-cesados-antes-de-tiempo\/#primaryimage"},"image":{"@id":"https:\/\/www.eldiario.net\/portal\/2022\/08\/12\/cinco-tecnicos-han-sido-cesados-antes-de-tiempo\/#primaryimage"},"thumbnailUrl":"","datePublished":"2022-08-12T09:28:22+00:00","breadcrumb":{"@id":"https:\/\/www.eldiario.net\/portal\/2022\/08\/12\/cinco-tecnicos-han-sido-cesados-antes-de-tiempo\/#breadcrumb"},"inLanguage":"es","potentialAction":[{"@type":"ReadAction","target":["https:\/\/www.eldiario.net\/portal\/2022\/08\/12\/cinco-tecnicos-han-sido-cesados-antes-de-tiempo\/"]}]},{"@type":"ImageObject","inLanguage":"es","@id":"https:\/\/www.eldiario.net\/portal\/2022\/08\/12\/cinco-tecnicos-han-sido-cesados-antes-de-tiempo\/#primaryimage","url":"","contentUrl":""},{"@type":"BreadcrumbList","@id":"https:\/\/www.eldiario.net\/portal\/2022\/08\/12\/cinco-tecnicos-han-sido-cesados-antes-de-tiempo\/#breadcrumb","itemListElement":[{"@type":"ListItem","position":1,"name":"Portada","item":"https:\/\/www.eldiario.net\/portal\/"},{"@type":"ListItem","position":2,"name":"Cinco t\u00e9cnicos han sido cesados antes de tiempo"}]},{"@type":"WebSite","@id":"https:\/\/www.eldiario.net\/portal\/#website","url":"https:\/\/www.eldiario.net\/portal\/","name":"El Diario - Decano de la prensa nacional","description":"El Diario - Decano de la prensa nacional","publisher":{"@id":"https:\/\/www.eldiario.net\/portal\/#organization"},"potentialAction":[{"@type":"SearchAction","target":{"@type":"EntryPoint","urlTemplate":"https:\/\/www.eldiario.net\/portal\/?s={search_term_string}"},"query-input":{"@type":"PropertyValueSpecification","valueRequired":true,"valueName":"search_term_string"}}],"inLanguage":"es"},{"@type":"Organization","@id":"https:\/\/www.eldiario.net\/portal\/#organization","name":"El Diario - Decano de la prensa nacional","url":"https:\/\/www.eldiario.net\/portal\/","logo":{"@type":"ImageObject","inLanguage":"es","@id":"https:\/\/www.eldiario.net\/portal\/#\/schema\/logo\/image\/","url":"https:\/\/www.eldiario.net\/portal\/wp-content\/uploads\/2023\/07\/logo_ED.jpg","contentUrl":"https:\/\/www.eldiario.net\/portal\/wp-content\/uploads\/2023\/07\/logo_ED.jpg","width":272,"height":52,"caption":"El Diario - Decano de la prensa nacional"},"image":{"@id":"https:\/\/www.eldiario.net\/portal\/#\/schema\/logo\/image\/"},"sameAs":["https:\/\/www.facebook.com\/eldiario.bolivia\/","https:\/\/x.com\/eldiario_net"]},{"@type":"Person","@id":"https:\/\/www.eldiario.net\/portal\/#\/schema\/person\/f46445640444750d7d753ccd04ae01b7","name":"Jeanette","image":{"@type":"ImageObject","inLanguage":"es","@id":"https:\/\/secure.gravatar.com\/avatar\/3ea2118a5f7dad2b7138b1187a6b7ee55f160b9968b66013c3a3ef39dd7e5798?s=96&d=mm&r=g","url":"https:\/\/secure.gravatar.com\/avatar\/3ea2118a5f7dad2b7138b1187a6b7ee55f160b9968b66013c3a3ef39dd7e5798?s=96&d=mm&r=g","contentUrl":"https:\/\/secure.gravatar.com\/avatar\/3ea2118a5f7dad2b7138b1187a6b7ee55f160b9968b66013c3a3ef39dd7e5798?s=96&d=mm&r=g","caption":"Jeanette"},"sameAs":["https:\/\/www.eldiario.net\/portal"],"url":"https:\/\/www.eldiario.net\/portal\/author\/jeanette\/"}]}},"_links":{"self":[{"href":"https:\/\/www.eldiario.net\/portal\/wp-json\/wp\/v2\/posts\/103238","targetHints":{"allow":["GET"]}}],"collection":[{"href":"https:\/\/www.eldiario.net\/portal\/wp-json\/wp\/v2\/posts"}],"about":[{"href":"https:\/\/www.eldiario.net\/portal\/wp-json\/wp\/v2\/types\/post"}],"author":[{"embeddable":true,"href":"https:\/\/www.eldiario.net\/portal\/wp-json\/wp\/v2\/users\/1"}],"replies":[{"embeddable":true,"href":"https:\/\/www.eldiario.net\/portal\/wp-json\/wp\/v2\/comments?post=103238"}],"version-history":[{"count":0,"href":"https:\/\/www.eldiario.net\/portal\/wp-json\/wp\/v2\/posts\/103238\/revisions"}],"wp:attachment":[{"href":"https:\/\/www.eldiario.net\/portal\/wp-json\/wp\/v2\/media?parent=103238"}],"wp:term":[{"taxonomy":"category","embeddable":true,"href":"https:\/\/www.eldiario.net\/portal\/wp-json\/wp\/v2\/categories?post=103238"},{"taxonomy":"post_tag","embeddable":true,"href":"https:\/\/www.eldiario.net\/portal\/wp-json\/wp\/v2\/tags?post=103238"}],"curies":[{"name":"wp","href":"https:\/\/api.w.org\/{rel}","templated":true}]}}