{"id":103220,"date":"2022-08-12T05:22:01","date_gmt":"2022-08-12T09:22:01","guid":{"rendered":"https:\/\/www.eldiario.net\/portal\/?p=103220"},"modified":"2022-08-12T05:22:01","modified_gmt":"2022-08-12T09:22:01","slug":"la-u-de-vinto-al-borde-del-abismo-y-descenso","status":"publish","type":"post","link":"https:\/\/www.eldiario.net\/portal\/2022\/08\/12\/la-u-de-vinto-al-borde-del-abismo-y-descenso\/","title":{"rendered":"La \u201cU\u201d  de Vinto, al borde del abismo y descenso"},"content":{"rendered":"<p>FC Universitario de Vinto marcha en reversa en el torneo Clausura con su s\u00e9ptima derrota, tras el encuentro jugado contra Aurora (0-3), resultado que causa eco en la tabla acumulativa, donde el plantel manzanero est\u00e1 en la zona del descenso directo de categor\u00eda.<br \/>\nEl Equipo del Pueblo gole\u00f3 con Leonardo Vaca, quien coloc\u00f3 el 1-0 a los 46 minutos del primer tiempo con una definici\u00f3n de cabeza, luego de un centro de Leonardo Maygua. El atacante qued\u00f3 libre de marcaci\u00f3n dentro del \u00e1rea, facilitando la definici\u00f3n. Los dos goles que estiraron la cuenta llegaron con el final del compromiso encima, con Denis Pinto como el encargado de sellar la goleada. Pinto ampli\u00f3 la ventaja a 2-0 delante del arco despu\u00e9s de una asistencia de Vaca a los 90\u00b4. La velocidad en los desbordes de Vaca fueron determinantes para capitalizar el trabajo ofensivo ante un rival que estaba adelantado en su desesperaci\u00f3n. En tiempo de descuento, un contrataque fue llevado hasta el \u00e1rea, donde Pinto finaliz\u00f3 la acci\u00f3n con un derechazo y subi\u00f3 a 15 el puntaje de Aurora en su af\u00e1n por pelear por un boleto internacional al siguiente a\u00f1o.<\/p>\n","protected":false},"excerpt":{"rendered":"<p>FC Universitario de Vinto marcha en reversa en el torneo Clausura con su s\u00e9ptima derrota, tras el encuentro jugado contra Aurora (0-3), resultado que causa eco en la tabla acumulativa, donde el plantel manzanero est\u00e1 en la zona del descenso directo de categor\u00eda. El Equipo del Pueblo gole\u00f3 con Leonardo Vaca, quien coloc\u00f3 el 1-0 [&hellip;]<\/p>\n","protected":false},"author":1,"featured_media":103221,"comment_status":"closed","ping_status":"closed","sticky":false,"template":"","format":"standard","meta":{"_acf_changed":false,"footnotes":""},"categories":[6],"tags":[],"class_list":["post-103220","post","type-post","status-publish","format-standard","has-post-thumbnail","category-deportes"],"acf":{"antetitulo":""},"yoast_head":"<!-- This site is optimized with the Yoast SEO plugin v28.4 - https:\/\/yoast.com\/product\/yoast-seo-wordpress\/ -->\n<title>La \u201cU\u201d de Vinto, al borde del abismo y descenso - El Diario - Bolivia<\/title>\n<meta name=\"robots\" content=\"index, follow, max-snippet:-1, max-image-preview:large, max-video-preview:-1\" \/>\n<link rel=\"canonical\" href=\"https:\/\/www.eldiario.net\/portal\/2022\/08\/12\/la-u-de-vinto-al-borde-del-abismo-y-descenso\/\" \/>\n<meta property=\"og:locale\" content=\"es_ES\" \/>\n<meta property=\"og:type\" content=\"article\" \/>\n<meta property=\"og:title\" content=\"La \u201cU\u201d de Vinto, al borde del abismo y descenso - El Diario - Bolivia\" \/>\n<meta property=\"og:description\" content=\"FC Universitario de Vinto marcha en reversa en el torneo Clausura con su s\u00e9ptima derrota, tras el encuentro jugado contra Aurora (0-3), resultado que causa eco en la tabla acumulativa, donde el plantel manzanero est\u00e1 en la zona del descenso directo de categor\u00eda. El Equipo del Pueblo gole\u00f3 con Leonardo Vaca, quien coloc\u00f3 el 1-0 [&hellip;]\" \/>\n<meta property=\"og:url\" content=\"https:\/\/www.eldiario.net\/portal\/2022\/08\/12\/la-u-de-vinto-al-borde-del-abismo-y-descenso\/\" \/>\n<meta property=\"og:site_name\" content=\"El Diario - Bolivia\" \/>\n<meta property=\"article:publisher\" content=\"https:\/\/www.facebook.com\/eldiario.bolivia\/\" \/>\n<meta property=\"article:published_time\" content=\"2022-08-12T09:22:01+00:00\" \/>\n<meta name=\"author\" content=\"Jeanette\" \/>\n<meta name=\"twitter:card\" content=\"summary_large_image\" \/>\n<meta name=\"twitter:creator\" content=\"@eldiario_net\" \/>\n<meta name=\"twitter:site\" content=\"@eldiario_net\" \/>\n<meta name=\"twitter:label1\" content=\"Escrito por\" \/>\n\t<meta name=\"twitter:data1\" content=\"Jeanette\" \/>\n\t<meta name=\"twitter:label2\" content=\"Tiempo de lectura\" \/>\n\t<meta name=\"twitter:data2\" content=\"1 minuto\" \/>\n<script type=\"application\/ld+json\" class=\"yoast-schema-graph\">{\"@context\":\"https:\\\/\\\/schema.org\",\"@graph\":[{\"@type\":\"Article\",\"@id\":\"https:\\\/\\\/www.eldiario.net\\\/portal\\\/2022\\\/08\\\/12\\\/la-u-de-vinto-al-borde-del-abismo-y-descenso\\\/#article\",\"isPartOf\":{\"@id\":\"https:\\\/\\\/www.eldiario.net\\\/portal\\\/2022\\\/08\\\/12\\\/la-u-de-vinto-al-borde-del-abismo-y-descenso\\\/\"},\"author\":{\"name\":\"Jeanette\",\"@id\":\"https:\\\/\\\/www.eldiario.net\\\/portal\\\/#\\\/schema\\\/person\\\/f46445640444750d7d753ccd04ae01b7\"},\"headline\":\"La \u201cU\u201d de Vinto, al borde del abismo y descenso\",\"datePublished\":\"2022-08-12T09:22:01+00:00\",\"mainEntityOfPage\":{\"@id\":\"https:\\\/\\\/www.eldiario.net\\\/portal\\\/2022\\\/08\\\/12\\\/la-u-de-vinto-al-borde-del-abismo-y-descenso\\\/\"},\"wordCount\":207,\"publisher\":{\"@id\":\"https:\\\/\\\/www.eldiario.net\\\/portal\\\/#organization\"},\"image\":{\"@id\":\"https:\\\/\\\/www.eldiario.net\\\/portal\\\/2022\\\/08\\\/12\\\/la-u-de-vinto-al-borde-del-abismo-y-descenso\\\/#primaryimage\"},\"thumbnailUrl\":\"\",\"articleSection\":[\"Deportes\"],\"inLanguage\":\"es\"},{\"@type\":\"WebPage\",\"@id\":\"https:\\\/\\\/www.eldiario.net\\\/portal\\\/2022\\\/08\\\/12\\\/la-u-de-vinto-al-borde-del-abismo-y-descenso\\\/\",\"url\":\"https:\\\/\\\/www.eldiario.net\\\/portal\\\/2022\\\/08\\\/12\\\/la-u-de-vinto-al-borde-del-abismo-y-descenso\\\/\",\"name\":\"La \u201cU\u201d de Vinto, al borde del abismo y descenso - El Diario - Bolivia\",\"isPartOf\":{\"@id\":\"https:\\\/\\\/www.eldiario.net\\\/portal\\\/#website\"},\"primaryImageOfPage\":{\"@id\":\"https:\\\/\\\/www.eldiario.net\\\/portal\\\/2022\\\/08\\\/12\\\/la-u-de-vinto-al-borde-del-abismo-y-descenso\\\/#primaryimage\"},\"image\":{\"@id\":\"https:\\\/\\\/www.eldiario.net\\\/portal\\\/2022\\\/08\\\/12\\\/la-u-de-vinto-al-borde-del-abismo-y-descenso\\\/#primaryimage\"},\"thumbnailUrl\":\"\",\"datePublished\":\"2022-08-12T09:22:01+00:00\",\"breadcrumb\":{\"@id\":\"https:\\\/\\\/www.eldiario.net\\\/portal\\\/2022\\\/08\\\/12\\\/la-u-de-vinto-al-borde-del-abismo-y-descenso\\\/#breadcrumb\"},\"inLanguage\":\"es\",\"potentialAction\":[{\"@type\":\"ReadAction\",\"target\":[\"https:\\\/\\\/www.eldiario.net\\\/portal\\\/2022\\\/08\\\/12\\\/la-u-de-vinto-al-borde-del-abismo-y-descenso\\\/\"]}]},{\"@type\":\"ImageObject\",\"inLanguage\":\"es\",\"@id\":\"https:\\\/\\\/www.eldiario.net\\\/portal\\\/2022\\\/08\\\/12\\\/la-u-de-vinto-al-borde-del-abismo-y-descenso\\\/#primaryimage\",\"url\":\"\",\"contentUrl\":\"\"},{\"@type\":\"BreadcrumbList\",\"@id\":\"https:\\\/\\\/www.eldiario.net\\\/portal\\\/2022\\\/08\\\/12\\\/la-u-de-vinto-al-borde-del-abismo-y-descenso\\\/#breadcrumb\",\"itemListElement\":[{\"@type\":\"ListItem\",\"position\":1,\"name\":\"Portada\",\"item\":\"https:\\\/\\\/www.eldiario.net\\\/portal\\\/\"},{\"@type\":\"ListItem\",\"position\":2,\"name\":\"La \u201cU\u201d de Vinto, al borde del abismo y descenso\"}]},{\"@type\":\"WebSite\",\"@id\":\"https:\\\/\\\/www.eldiario.net\\\/portal\\\/#website\",\"url\":\"https:\\\/\\\/www.eldiario.net\\\/portal\\\/\",\"name\":\"El Diario - Decano de la prensa nacional\",\"description\":\"El Diario - Decano de la prensa nacional\",\"publisher\":{\"@id\":\"https:\\\/\\\/www.eldiario.net\\\/portal\\\/#organization\"},\"potentialAction\":[{\"@type\":\"SearchAction\",\"target\":{\"@type\":\"EntryPoint\",\"urlTemplate\":\"https:\\\/\\\/www.eldiario.net\\\/portal\\\/?s={search_term_string}\"},\"query-input\":{\"@type\":\"PropertyValueSpecification\",\"valueRequired\":true,\"valueName\":\"search_term_string\"}}],\"inLanguage\":\"es\"},{\"@type\":\"Organization\",\"@id\":\"https:\\\/\\\/www.eldiario.net\\\/portal\\\/#organization\",\"name\":\"El Diario - Decano de la prensa nacional\",\"url\":\"https:\\\/\\\/www.eldiario.net\\\/portal\\\/\",\"logo\":{\"@type\":\"ImageObject\",\"inLanguage\":\"es\",\"@id\":\"https:\\\/\\\/www.eldiario.net\\\/portal\\\/#\\\/schema\\\/logo\\\/image\\\/\",\"url\":\"https:\\\/\\\/www.eldiario.net\\\/portal\\\/wp-content\\\/uploads\\\/2023\\\/07\\\/logo_ED.jpg\",\"contentUrl\":\"https:\\\/\\\/www.eldiario.net\\\/portal\\\/wp-content\\\/uploads\\\/2023\\\/07\\\/logo_ED.jpg\",\"width\":272,\"height\":52,\"caption\":\"El Diario - Decano de la prensa nacional\"},\"image\":{\"@id\":\"https:\\\/\\\/www.eldiario.net\\\/portal\\\/#\\\/schema\\\/logo\\\/image\\\/\"},\"sameAs\":[\"https:\\\/\\\/www.facebook.com\\\/eldiario.bolivia\\\/\",\"https:\\\/\\\/x.com\\\/eldiario_net\"]},{\"@type\":\"Person\",\"@id\":\"https:\\\/\\\/www.eldiario.net\\\/portal\\\/#\\\/schema\\\/person\\\/f46445640444750d7d753ccd04ae01b7\",\"name\":\"Jeanette\",\"image\":{\"@type\":\"ImageObject\",\"inLanguage\":\"es\",\"@id\":\"https:\\\/\\\/secure.gravatar.com\\\/avatar\\\/3ea2118a5f7dad2b7138b1187a6b7ee55f160b9968b66013c3a3ef39dd7e5798?s=96&d=mm&r=g\",\"url\":\"https:\\\/\\\/secure.gravatar.com\\\/avatar\\\/3ea2118a5f7dad2b7138b1187a6b7ee55f160b9968b66013c3a3ef39dd7e5798?s=96&d=mm&r=g\",\"contentUrl\":\"https:\\\/\\\/secure.gravatar.com\\\/avatar\\\/3ea2118a5f7dad2b7138b1187a6b7ee55f160b9968b66013c3a3ef39dd7e5798?s=96&d=mm&r=g\",\"caption\":\"Jeanette\"},\"sameAs\":[\"https:\\\/\\\/www.eldiario.net\\\/portal\"],\"url\":\"https:\\\/\\\/www.eldiario.net\\\/portal\\\/author\\\/jeanette\\\/\"}]}<\/script>\n<!-- \/ Yoast SEO plugin. -->","yoast_head_json":{"title":"La \u201cU\u201d de Vinto, al borde del abismo y descenso - El Diario - Bolivia","robots":{"index":"index","follow":"follow","max-snippet":"max-snippet:-1","max-image-preview":"max-image-preview:large","max-video-preview":"max-video-preview:-1"},"canonical":"https:\/\/www.eldiario.net\/portal\/2022\/08\/12\/la-u-de-vinto-al-borde-del-abismo-y-descenso\/","og_locale":"es_ES","og_type":"article","og_title":"La \u201cU\u201d de Vinto, al borde del abismo y descenso - El Diario - Bolivia","og_description":"FC Universitario de Vinto marcha en reversa en el torneo Clausura con su s\u00e9ptima derrota, tras el encuentro jugado contra Aurora (0-3), resultado que causa eco en la tabla acumulativa, donde el plantel manzanero est\u00e1 en la zona del descenso directo de categor\u00eda. El Equipo del Pueblo gole\u00f3 con Leonardo Vaca, quien coloc\u00f3 el 1-0 [&hellip;]","og_url":"https:\/\/www.eldiario.net\/portal\/2022\/08\/12\/la-u-de-vinto-al-borde-del-abismo-y-descenso\/","og_site_name":"El Diario - Bolivia","article_publisher":"https:\/\/www.facebook.com\/eldiario.bolivia\/","article_published_time":"2022-08-12T09:22:01+00:00","author":"Jeanette","twitter_card":"summary_large_image","twitter_creator":"@eldiario_net","twitter_site":"@eldiario_net","twitter_misc":{"Escrito por":"Jeanette","Tiempo de lectura":"1 minuto"},"schema":{"@context":"https:\/\/schema.org","@graph":[{"@type":"Article","@id":"https:\/\/www.eldiario.net\/portal\/2022\/08\/12\/la-u-de-vinto-al-borde-del-abismo-y-descenso\/#article","isPartOf":{"@id":"https:\/\/www.eldiario.net\/portal\/2022\/08\/12\/la-u-de-vinto-al-borde-del-abismo-y-descenso\/"},"author":{"name":"Jeanette","@id":"https:\/\/www.eldiario.net\/portal\/#\/schema\/person\/f46445640444750d7d753ccd04ae01b7"},"headline":"La \u201cU\u201d de Vinto, al borde del abismo y descenso","datePublished":"2022-08-12T09:22:01+00:00","mainEntityOfPage":{"@id":"https:\/\/www.eldiario.net\/portal\/2022\/08\/12\/la-u-de-vinto-al-borde-del-abismo-y-descenso\/"},"wordCount":207,"publisher":{"@id":"https:\/\/www.eldiario.net\/portal\/#organization"},"image":{"@id":"https:\/\/www.eldiario.net\/portal\/2022\/08\/12\/la-u-de-vinto-al-borde-del-abismo-y-descenso\/#primaryimage"},"thumbnailUrl":"","articleSection":["Deportes"],"inLanguage":"es"},{"@type":"WebPage","@id":"https:\/\/www.eldiario.net\/portal\/2022\/08\/12\/la-u-de-vinto-al-borde-del-abismo-y-descenso\/","url":"https:\/\/www.eldiario.net\/portal\/2022\/08\/12\/la-u-de-vinto-al-borde-del-abismo-y-descenso\/","name":"La \u201cU\u201d de Vinto, al borde del abismo y descenso - El Diario - Bolivia","isPartOf":{"@id":"https:\/\/www.eldiario.net\/portal\/#website"},"primaryImageOfPage":{"@id":"https:\/\/www.eldiario.net\/portal\/2022\/08\/12\/la-u-de-vinto-al-borde-del-abismo-y-descenso\/#primaryimage"},"image":{"@id":"https:\/\/www.eldiario.net\/portal\/2022\/08\/12\/la-u-de-vinto-al-borde-del-abismo-y-descenso\/#primaryimage"},"thumbnailUrl":"","datePublished":"2022-08-12T09:22:01+00:00","breadcrumb":{"@id":"https:\/\/www.eldiario.net\/portal\/2022\/08\/12\/la-u-de-vinto-al-borde-del-abismo-y-descenso\/#breadcrumb"},"inLanguage":"es","potentialAction":[{"@type":"ReadAction","target":["https:\/\/www.eldiario.net\/portal\/2022\/08\/12\/la-u-de-vinto-al-borde-del-abismo-y-descenso\/"]}]},{"@type":"ImageObject","inLanguage":"es","@id":"https:\/\/www.eldiario.net\/portal\/2022\/08\/12\/la-u-de-vinto-al-borde-del-abismo-y-descenso\/#primaryimage","url":"","contentUrl":""},{"@type":"BreadcrumbList","@id":"https:\/\/www.eldiario.net\/portal\/2022\/08\/12\/la-u-de-vinto-al-borde-del-abismo-y-descenso\/#breadcrumb","itemListElement":[{"@type":"ListItem","position":1,"name":"Portada","item":"https:\/\/www.eldiario.net\/portal\/"},{"@type":"ListItem","position":2,"name":"La \u201cU\u201d de Vinto, al borde del abismo y descenso"}]},{"@type":"WebSite","@id":"https:\/\/www.eldiario.net\/portal\/#website","url":"https:\/\/www.eldiario.net\/portal\/","name":"El Diario - Decano de la prensa nacional","description":"El Diario - Decano de la prensa nacional","publisher":{"@id":"https:\/\/www.eldiario.net\/portal\/#organization"},"potentialAction":[{"@type":"SearchAction","target":{"@type":"EntryPoint","urlTemplate":"https:\/\/www.eldiario.net\/portal\/?s={search_term_string}"},"query-input":{"@type":"PropertyValueSpecification","valueRequired":true,"valueName":"search_term_string"}}],"inLanguage":"es"},{"@type":"Organization","@id":"https:\/\/www.eldiario.net\/portal\/#organization","name":"El Diario - Decano de la prensa nacional","url":"https:\/\/www.eldiario.net\/portal\/","logo":{"@type":"ImageObject","inLanguage":"es","@id":"https:\/\/www.eldiario.net\/portal\/#\/schema\/logo\/image\/","url":"https:\/\/www.eldiario.net\/portal\/wp-content\/uploads\/2023\/07\/logo_ED.jpg","contentUrl":"https:\/\/www.eldiario.net\/portal\/wp-content\/uploads\/2023\/07\/logo_ED.jpg","width":272,"height":52,"caption":"El Diario - Decano de la prensa nacional"},"image":{"@id":"https:\/\/www.eldiario.net\/portal\/#\/schema\/logo\/image\/"},"sameAs":["https:\/\/www.facebook.com\/eldiario.bolivia\/","https:\/\/x.com\/eldiario_net"]},{"@type":"Person","@id":"https:\/\/www.eldiario.net\/portal\/#\/schema\/person\/f46445640444750d7d753ccd04ae01b7","name":"Jeanette","image":{"@type":"ImageObject","inLanguage":"es","@id":"https:\/\/secure.gravatar.com\/avatar\/3ea2118a5f7dad2b7138b1187a6b7ee55f160b9968b66013c3a3ef39dd7e5798?s=96&d=mm&r=g","url":"https:\/\/secure.gravatar.com\/avatar\/3ea2118a5f7dad2b7138b1187a6b7ee55f160b9968b66013c3a3ef39dd7e5798?s=96&d=mm&r=g","contentUrl":"https:\/\/secure.gravatar.com\/avatar\/3ea2118a5f7dad2b7138b1187a6b7ee55f160b9968b66013c3a3ef39dd7e5798?s=96&d=mm&r=g","caption":"Jeanette"},"sameAs":["https:\/\/www.eldiario.net\/portal"],"url":"https:\/\/www.eldiario.net\/portal\/author\/jeanette\/"}]}},"_links":{"self":[{"href":"https:\/\/www.eldiario.net\/portal\/wp-json\/wp\/v2\/posts\/103220","targetHints":{"allow":["GET"]}}],"collection":[{"href":"https:\/\/www.eldiario.net\/portal\/wp-json\/wp\/v2\/posts"}],"about":[{"href":"https:\/\/www.eldiario.net\/portal\/wp-json\/wp\/v2\/types\/post"}],"author":[{"embeddable":true,"href":"https:\/\/www.eldiario.net\/portal\/wp-json\/wp\/v2\/users\/1"}],"replies":[{"embeddable":true,"href":"https:\/\/www.eldiario.net\/portal\/wp-json\/wp\/v2\/comments?post=103220"}],"version-history":[{"count":0,"href":"https:\/\/www.eldiario.net\/portal\/wp-json\/wp\/v2\/posts\/103220\/revisions"}],"wp:attachment":[{"href":"https:\/\/www.eldiario.net\/portal\/wp-json\/wp\/v2\/media?parent=103220"}],"wp:term":[{"taxonomy":"category","embeddable":true,"href":"https:\/\/www.eldiario.net\/portal\/wp-json\/wp\/v2\/categories?post=103220"},{"taxonomy":"post_tag","embeddable":true,"href":"https:\/\/www.eldiario.net\/portal\/wp-json\/wp\/v2\/tags?post=103220"}],"curies":[{"name":"wp","href":"https:\/\/api.w.org\/{rel}","templated":true}]}}