{"id":103215,"date":"2022-08-12T05:19:12","date_gmt":"2022-08-12T09:19:12","guid":{"rendered":"https:\/\/www.eldiario.net\/portal\/?p=103215"},"modified":"2022-08-12T05:19:12","modified_gmt":"2022-08-12T09:19:12","slug":"costas-va-primero-solo-resta-salvar-un-escollo","status":"publish","type":"post","link":"https:\/\/www.eldiario.net\/portal\/2022\/08\/12\/costas-va-primero-solo-resta-salvar-un-escollo\/","title":{"rendered":"Costas va primero, s\u00f3lo resta salvar un escollo"},"content":{"rendered":"<p>Si la Federaci\u00f3n Boliviana de F\u00fatbol logra salvar un \u00faltimo escollo con el argentino Gustavo Costas va camino a ser el pr\u00f3ximo seleccionador nacional. El argentino tiene el respaldo de una mayor\u00eda del comit\u00e9 ejecutivo de la FBF que deber\u00e1n reunirse para tomar decisiones en este sentido. Por decisi\u00f3n de la entidad matriz se ha decidido dar transparencia a la elecci\u00f3n del pr\u00f3ximo seleccionador nacional, tras una recomendaci\u00f3n incluso llegada de la FIFA, se mencion\u00f3 en trascendidos. En este sentido, adem\u00e1s de Costas, tambi\u00e9n se ha conversado con Sergio Batista, Jorge Almir\u00f3n, Miguel Portugal y a\u00fan no con el colombiano Hen\u00e1n Dar\u00edo G\u00f3mez, con amplia experiencia en selecciones nacionales. Pero, Costas tiene apoyo, solo tiene contrato con Palestino de Chile hasta noviembre.<\/p>\n","protected":false},"excerpt":{"rendered":"<p>Si la Federaci\u00f3n Boliviana de F\u00fatbol logra salvar un \u00faltimo escollo con el argentino Gustavo Costas va camino a ser el pr\u00f3ximo seleccionador nacional. El argentino tiene el respaldo de una mayor\u00eda del comit\u00e9 ejecutivo de la FBF que deber\u00e1n reunirse para tomar decisiones en este sentido. Por decisi\u00f3n de la entidad matriz se ha [&hellip;]<\/p>\n","protected":false},"author":1,"featured_media":0,"comment_status":"closed","ping_status":"closed","sticky":false,"template":"","format":"standard","meta":{"_acf_changed":false,"footnotes":""},"categories":[6],"tags":[],"class_list":["post-103215","post","type-post","status-publish","format-standard","category-deportes"],"acf":{"antetitulo":""},"yoast_head":"<!-- This site is optimized with the Yoast SEO plugin v28.4 - https:\/\/yoast.com\/product\/yoast-seo-wordpress\/ -->\n<title>Costas va primero, s\u00f3lo resta salvar un escollo - El Diario - Bolivia<\/title>\n<meta name=\"robots\" content=\"index, follow, max-snippet:-1, max-image-preview:large, max-video-preview:-1\" \/>\n<link rel=\"canonical\" href=\"https:\/\/www.eldiario.net\/portal\/2022\/08\/12\/costas-va-primero-solo-resta-salvar-un-escollo\/\" \/>\n<meta property=\"og:locale\" content=\"es_ES\" \/>\n<meta property=\"og:type\" content=\"article\" \/>\n<meta property=\"og:title\" content=\"Costas va primero, s\u00f3lo resta salvar un escollo - El Diario - Bolivia\" \/>\n<meta property=\"og:description\" content=\"Si la Federaci\u00f3n Boliviana de F\u00fatbol logra salvar un \u00faltimo escollo con el argentino Gustavo Costas va camino a ser el pr\u00f3ximo seleccionador nacional. El argentino tiene el respaldo de una mayor\u00eda del comit\u00e9 ejecutivo de la FBF que deber\u00e1n reunirse para tomar decisiones en este sentido. Por decisi\u00f3n de la entidad matriz se ha [&hellip;]\" \/>\n<meta property=\"og:url\" content=\"https:\/\/www.eldiario.net\/portal\/2022\/08\/12\/costas-va-primero-solo-resta-salvar-un-escollo\/\" \/>\n<meta property=\"og:site_name\" content=\"El Diario - Bolivia\" \/>\n<meta property=\"article:publisher\" content=\"https:\/\/www.facebook.com\/eldiario.bolivia\/\" \/>\n<meta property=\"article:published_time\" content=\"2022-08-12T09:19:12+00:00\" \/>\n<meta name=\"author\" content=\"Jeanette\" \/>\n<meta name=\"twitter:card\" content=\"summary_large_image\" \/>\n<meta name=\"twitter:creator\" content=\"@eldiario_net\" \/>\n<meta name=\"twitter:site\" content=\"@eldiario_net\" \/>\n<meta name=\"twitter:label1\" content=\"Escrito por\" \/>\n\t<meta name=\"twitter:data1\" content=\"Jeanette\" \/>\n\t<meta name=\"twitter:label2\" content=\"Tiempo de lectura\" \/>\n\t<meta name=\"twitter:data2\" content=\"1 minuto\" \/>\n<script type=\"application\/ld+json\" class=\"yoast-schema-graph\">{\"@context\":\"https:\\\/\\\/schema.org\",\"@graph\":[{\"@type\":\"Article\",\"@id\":\"https:\\\/\\\/www.eldiario.net\\\/portal\\\/2022\\\/08\\\/12\\\/costas-va-primero-solo-resta-salvar-un-escollo\\\/#article\",\"isPartOf\":{\"@id\":\"https:\\\/\\\/www.eldiario.net\\\/portal\\\/2022\\\/08\\\/12\\\/costas-va-primero-solo-resta-salvar-un-escollo\\\/\"},\"author\":{\"name\":\"Jeanette\",\"@id\":\"https:\\\/\\\/www.eldiario.net\\\/portal\\\/#\\\/schema\\\/person\\\/f46445640444750d7d753ccd04ae01b7\"},\"headline\":\"Costas va primero, s\u00f3lo resta salvar un escollo\",\"datePublished\":\"2022-08-12T09:19:12+00:00\",\"mainEntityOfPage\":{\"@id\":\"https:\\\/\\\/www.eldiario.net\\\/portal\\\/2022\\\/08\\\/12\\\/costas-va-primero-solo-resta-salvar-un-escollo\\\/\"},\"wordCount\":147,\"publisher\":{\"@id\":\"https:\\\/\\\/www.eldiario.net\\\/portal\\\/#organization\"},\"articleSection\":[\"Deportes\"],\"inLanguage\":\"es\"},{\"@type\":\"WebPage\",\"@id\":\"https:\\\/\\\/www.eldiario.net\\\/portal\\\/2022\\\/08\\\/12\\\/costas-va-primero-solo-resta-salvar-un-escollo\\\/\",\"url\":\"https:\\\/\\\/www.eldiario.net\\\/portal\\\/2022\\\/08\\\/12\\\/costas-va-primero-solo-resta-salvar-un-escollo\\\/\",\"name\":\"Costas va primero, s\u00f3lo resta salvar un escollo - El Diario - Bolivia\",\"isPartOf\":{\"@id\":\"https:\\\/\\\/www.eldiario.net\\\/portal\\\/#website\"},\"datePublished\":\"2022-08-12T09:19:12+00:00\",\"breadcrumb\":{\"@id\":\"https:\\\/\\\/www.eldiario.net\\\/portal\\\/2022\\\/08\\\/12\\\/costas-va-primero-solo-resta-salvar-un-escollo\\\/#breadcrumb\"},\"inLanguage\":\"es\",\"potentialAction\":[{\"@type\":\"ReadAction\",\"target\":[\"https:\\\/\\\/www.eldiario.net\\\/portal\\\/2022\\\/08\\\/12\\\/costas-va-primero-solo-resta-salvar-un-escollo\\\/\"]}]},{\"@type\":\"BreadcrumbList\",\"@id\":\"https:\\\/\\\/www.eldiario.net\\\/portal\\\/2022\\\/08\\\/12\\\/costas-va-primero-solo-resta-salvar-un-escollo\\\/#breadcrumb\",\"itemListElement\":[{\"@type\":\"ListItem\",\"position\":1,\"name\":\"Portada\",\"item\":\"https:\\\/\\\/www.eldiario.net\\\/portal\\\/\"},{\"@type\":\"ListItem\",\"position\":2,\"name\":\"Costas va primero, s\u00f3lo resta salvar un escollo\"}]},{\"@type\":\"WebSite\",\"@id\":\"https:\\\/\\\/www.eldiario.net\\\/portal\\\/#website\",\"url\":\"https:\\\/\\\/www.eldiario.net\\\/portal\\\/\",\"name\":\"El Diario - Decano de la prensa nacional\",\"description\":\"El Diario - Decano de la prensa nacional\",\"publisher\":{\"@id\":\"https:\\\/\\\/www.eldiario.net\\\/portal\\\/#organization\"},\"potentialAction\":[{\"@type\":\"SearchAction\",\"target\":{\"@type\":\"EntryPoint\",\"urlTemplate\":\"https:\\\/\\\/www.eldiario.net\\\/portal\\\/?s={search_term_string}\"},\"query-input\":{\"@type\":\"PropertyValueSpecification\",\"valueRequired\":true,\"valueName\":\"search_term_string\"}}],\"inLanguage\":\"es\"},{\"@type\":\"Organization\",\"@id\":\"https:\\\/\\\/www.eldiario.net\\\/portal\\\/#organization\",\"name\":\"El Diario - Decano de la prensa nacional\",\"url\":\"https:\\\/\\\/www.eldiario.net\\\/portal\\\/\",\"logo\":{\"@type\":\"ImageObject\",\"inLanguage\":\"es\",\"@id\":\"https:\\\/\\\/www.eldiario.net\\\/portal\\\/#\\\/schema\\\/logo\\\/image\\\/\",\"url\":\"https:\\\/\\\/www.eldiario.net\\\/portal\\\/wp-content\\\/uploads\\\/2023\\\/07\\\/logo_ED.jpg\",\"contentUrl\":\"https:\\\/\\\/www.eldiario.net\\\/portal\\\/wp-content\\\/uploads\\\/2023\\\/07\\\/logo_ED.jpg\",\"width\":272,\"height\":52,\"caption\":\"El Diario - Decano de la prensa nacional\"},\"image\":{\"@id\":\"https:\\\/\\\/www.eldiario.net\\\/portal\\\/#\\\/schema\\\/logo\\\/image\\\/\"},\"sameAs\":[\"https:\\\/\\\/www.facebook.com\\\/eldiario.bolivia\\\/\",\"https:\\\/\\\/x.com\\\/eldiario_net\"]},{\"@type\":\"Person\",\"@id\":\"https:\\\/\\\/www.eldiario.net\\\/portal\\\/#\\\/schema\\\/person\\\/f46445640444750d7d753ccd04ae01b7\",\"name\":\"Jeanette\",\"image\":{\"@type\":\"ImageObject\",\"inLanguage\":\"es\",\"@id\":\"https:\\\/\\\/secure.gravatar.com\\\/avatar\\\/3ea2118a5f7dad2b7138b1187a6b7ee55f160b9968b66013c3a3ef39dd7e5798?s=96&d=mm&r=g\",\"url\":\"https:\\\/\\\/secure.gravatar.com\\\/avatar\\\/3ea2118a5f7dad2b7138b1187a6b7ee55f160b9968b66013c3a3ef39dd7e5798?s=96&d=mm&r=g\",\"contentUrl\":\"https:\\\/\\\/secure.gravatar.com\\\/avatar\\\/3ea2118a5f7dad2b7138b1187a6b7ee55f160b9968b66013c3a3ef39dd7e5798?s=96&d=mm&r=g\",\"caption\":\"Jeanette\"},\"sameAs\":[\"https:\\\/\\\/www.eldiario.net\\\/portal\"],\"url\":\"https:\\\/\\\/www.eldiario.net\\\/portal\\\/author\\\/jeanette\\\/\"}]}<\/script>\n<!-- \/ Yoast SEO plugin. -->","yoast_head_json":{"title":"Costas va primero, s\u00f3lo resta salvar un escollo - El Diario - Bolivia","robots":{"index":"index","follow":"follow","max-snippet":"max-snippet:-1","max-image-preview":"max-image-preview:large","max-video-preview":"max-video-preview:-1"},"canonical":"https:\/\/www.eldiario.net\/portal\/2022\/08\/12\/costas-va-primero-solo-resta-salvar-un-escollo\/","og_locale":"es_ES","og_type":"article","og_title":"Costas va primero, s\u00f3lo resta salvar un escollo - El Diario - Bolivia","og_description":"Si la Federaci\u00f3n Boliviana de F\u00fatbol logra salvar un \u00faltimo escollo con el argentino Gustavo Costas va camino a ser el pr\u00f3ximo seleccionador nacional. El argentino tiene el respaldo de una mayor\u00eda del comit\u00e9 ejecutivo de la FBF que deber\u00e1n reunirse para tomar decisiones en este sentido. Por decisi\u00f3n de la entidad matriz se ha [&hellip;]","og_url":"https:\/\/www.eldiario.net\/portal\/2022\/08\/12\/costas-va-primero-solo-resta-salvar-un-escollo\/","og_site_name":"El Diario - Bolivia","article_publisher":"https:\/\/www.facebook.com\/eldiario.bolivia\/","article_published_time":"2022-08-12T09:19:12+00:00","author":"Jeanette","twitter_card":"summary_large_image","twitter_creator":"@eldiario_net","twitter_site":"@eldiario_net","twitter_misc":{"Escrito por":"Jeanette","Tiempo de lectura":"1 minuto"},"schema":{"@context":"https:\/\/schema.org","@graph":[{"@type":"Article","@id":"https:\/\/www.eldiario.net\/portal\/2022\/08\/12\/costas-va-primero-solo-resta-salvar-un-escollo\/#article","isPartOf":{"@id":"https:\/\/www.eldiario.net\/portal\/2022\/08\/12\/costas-va-primero-solo-resta-salvar-un-escollo\/"},"author":{"name":"Jeanette","@id":"https:\/\/www.eldiario.net\/portal\/#\/schema\/person\/f46445640444750d7d753ccd04ae01b7"},"headline":"Costas va primero, s\u00f3lo resta salvar un escollo","datePublished":"2022-08-12T09:19:12+00:00","mainEntityOfPage":{"@id":"https:\/\/www.eldiario.net\/portal\/2022\/08\/12\/costas-va-primero-solo-resta-salvar-un-escollo\/"},"wordCount":147,"publisher":{"@id":"https:\/\/www.eldiario.net\/portal\/#organization"},"articleSection":["Deportes"],"inLanguage":"es"},{"@type":"WebPage","@id":"https:\/\/www.eldiario.net\/portal\/2022\/08\/12\/costas-va-primero-solo-resta-salvar-un-escollo\/","url":"https:\/\/www.eldiario.net\/portal\/2022\/08\/12\/costas-va-primero-solo-resta-salvar-un-escollo\/","name":"Costas va primero, s\u00f3lo resta salvar un escollo - El Diario - Bolivia","isPartOf":{"@id":"https:\/\/www.eldiario.net\/portal\/#website"},"datePublished":"2022-08-12T09:19:12+00:00","breadcrumb":{"@id":"https:\/\/www.eldiario.net\/portal\/2022\/08\/12\/costas-va-primero-solo-resta-salvar-un-escollo\/#breadcrumb"},"inLanguage":"es","potentialAction":[{"@type":"ReadAction","target":["https:\/\/www.eldiario.net\/portal\/2022\/08\/12\/costas-va-primero-solo-resta-salvar-un-escollo\/"]}]},{"@type":"BreadcrumbList","@id":"https:\/\/www.eldiario.net\/portal\/2022\/08\/12\/costas-va-primero-solo-resta-salvar-un-escollo\/#breadcrumb","itemListElement":[{"@type":"ListItem","position":1,"name":"Portada","item":"https:\/\/www.eldiario.net\/portal\/"},{"@type":"ListItem","position":2,"name":"Costas va primero, s\u00f3lo resta salvar un escollo"}]},{"@type":"WebSite","@id":"https:\/\/www.eldiario.net\/portal\/#website","url":"https:\/\/www.eldiario.net\/portal\/","name":"El Diario - Decano de la prensa nacional","description":"El Diario - Decano de la prensa nacional","publisher":{"@id":"https:\/\/www.eldiario.net\/portal\/#organization"},"potentialAction":[{"@type":"SearchAction","target":{"@type":"EntryPoint","urlTemplate":"https:\/\/www.eldiario.net\/portal\/?s={search_term_string}"},"query-input":{"@type":"PropertyValueSpecification","valueRequired":true,"valueName":"search_term_string"}}],"inLanguage":"es"},{"@type":"Organization","@id":"https:\/\/www.eldiario.net\/portal\/#organization","name":"El Diario - Decano de la prensa nacional","url":"https:\/\/www.eldiario.net\/portal\/","logo":{"@type":"ImageObject","inLanguage":"es","@id":"https:\/\/www.eldiario.net\/portal\/#\/schema\/logo\/image\/","url":"https:\/\/www.eldiario.net\/portal\/wp-content\/uploads\/2023\/07\/logo_ED.jpg","contentUrl":"https:\/\/www.eldiario.net\/portal\/wp-content\/uploads\/2023\/07\/logo_ED.jpg","width":272,"height":52,"caption":"El Diario - Decano de la prensa nacional"},"image":{"@id":"https:\/\/www.eldiario.net\/portal\/#\/schema\/logo\/image\/"},"sameAs":["https:\/\/www.facebook.com\/eldiario.bolivia\/","https:\/\/x.com\/eldiario_net"]},{"@type":"Person","@id":"https:\/\/www.eldiario.net\/portal\/#\/schema\/person\/f46445640444750d7d753ccd04ae01b7","name":"Jeanette","image":{"@type":"ImageObject","inLanguage":"es","@id":"https:\/\/secure.gravatar.com\/avatar\/3ea2118a5f7dad2b7138b1187a6b7ee55f160b9968b66013c3a3ef39dd7e5798?s=96&d=mm&r=g","url":"https:\/\/secure.gravatar.com\/avatar\/3ea2118a5f7dad2b7138b1187a6b7ee55f160b9968b66013c3a3ef39dd7e5798?s=96&d=mm&r=g","contentUrl":"https:\/\/secure.gravatar.com\/avatar\/3ea2118a5f7dad2b7138b1187a6b7ee55f160b9968b66013c3a3ef39dd7e5798?s=96&d=mm&r=g","caption":"Jeanette"},"sameAs":["https:\/\/www.eldiario.net\/portal"],"url":"https:\/\/www.eldiario.net\/portal\/author\/jeanette\/"}]}},"_links":{"self":[{"href":"https:\/\/www.eldiario.net\/portal\/wp-json\/wp\/v2\/posts\/103215","targetHints":{"allow":["GET"]}}],"collection":[{"href":"https:\/\/www.eldiario.net\/portal\/wp-json\/wp\/v2\/posts"}],"about":[{"href":"https:\/\/www.eldiario.net\/portal\/wp-json\/wp\/v2\/types\/post"}],"author":[{"embeddable":true,"href":"https:\/\/www.eldiario.net\/portal\/wp-json\/wp\/v2\/users\/1"}],"replies":[{"embeddable":true,"href":"https:\/\/www.eldiario.net\/portal\/wp-json\/wp\/v2\/comments?post=103215"}],"version-history":[{"count":0,"href":"https:\/\/www.eldiario.net\/portal\/wp-json\/wp\/v2\/posts\/103215\/revisions"}],"wp:attachment":[{"href":"https:\/\/www.eldiario.net\/portal\/wp-json\/wp\/v2\/media?parent=103215"}],"wp:term":[{"taxonomy":"category","embeddable":true,"href":"https:\/\/www.eldiario.net\/portal\/wp-json\/wp\/v2\/categories?post=103215"},{"taxonomy":"post_tag","embeddable":true,"href":"https:\/\/www.eldiario.net\/portal\/wp-json\/wp\/v2\/tags?post=103215"}],"curies":[{"name":"wp","href":"https:\/\/api.w.org\/{rel}","templated":true}]}}