{"id":103212,"date":"2022-08-12T05:18:16","date_gmt":"2022-08-12T09:18:16","guid":{"rendered":"https:\/\/www.eldiario.net\/portal\/?p=103212"},"modified":"2022-08-12T05:18:16","modified_gmt":"2022-08-12T09:18:16","slug":"baldivieso-un-legionario-del-marketing-nacional","status":"publish","type":"post","link":"https:\/\/www.eldiario.net\/portal\/2022\/08\/12\/baldivieso-un-legionario-del-marketing-nacional\/","title":{"rendered":"Baldivieso, un \u201clegionario\u201d  del marketing nacional"},"content":{"rendered":"<p>Tras vivir 14 a\u00f1os fuera del pa\u00eds, Rodrigo Baldivieso Flores, un profesional boliviano (es administrador de empresas y experto en marketing deportivo) ha decidido retornar al pa\u00eds para poner en pr\u00e1ctica todo lo que ha aprendido en el marketing internacional, sobre todo en el \u00e1rea deportiva, tomando en cuenta que llev\u00f3 adelante diversas acciones en el estadio mundialista Arena Fonte Nova con campa\u00f1as que fueron un rotundo \u00e9xito.<br \/>\n\u201cQuiero desarrollar todo mi trabajo, quiero hacer algo por mi pa\u00eds, se que el mercado no es f\u00e1cil, es peque\u00f1o, pero estoy con todas las ganas de volver con todo a Bolivia\u201d, afirm\u00f3 Baldivieso a Deportes El Diario, recordando algo de su experiencia en Per\u00fa y Brasil donde se ha desarrollado como profesional.<br \/>\nDED: \u00bfQu\u00e9 experiencia ha llevado adelante en el mundo del deporte, en Per\u00fa, sobre todo en Salvador de Bah\u00eda?<br \/>\nRB: De hecho, he vivido en Per\u00fa muchos a\u00f1os, Brasil ha sido mi segundo pa\u00eds donde he desarrollado mi trabajo, el cambiar de cultura, tradiciones, es todo un reto importante, y, desde el lado profesional bastante enriquecedor, nosotros como familia hemos desarrollado un equipo de f\u00fatbol desde hace muchos a\u00f1os, siempre hemos estado ligados al deporte y el deporte me ha ayudado incluso con el f\u00fatbol, mencionando el marketing, porque uno tiene que hacer estrategias adentro y afuera, tiene que tener liderazgo, trabajo en equipo. El f\u00fatbol y el deporte ha sido un pilar importante en mi vida, siempre lo he desarrollado de la mejor manera, el ser perseverante, desarrollarlo d\u00eda a d\u00eda para llegar al objetivo ha sido determinante para llevar adelante mi trabajo en el exterior.<br \/>\nDED: Uno de sus principales logros ha sido posicionar una marca en Salvador y desplazar a otras internacionales\u2026<br \/>\nRB: El posicionar y trabajar una marca nueva tiene detr\u00e1s suyo todo un trabajo de investigaci\u00f3n, conocer el consumidor y el ingresar al coraz\u00f3n de Brasil o al coraz\u00f3n del estado de Bah\u00eda que era el estadio donde pr\u00e1cticamente cada domingo en promedio asist\u00edan 25.000 personas y en partidos importantes llegaban a 45 mil personas, ym era toda una estrategia y log\u00edstica grande para llegar a todos los asistentes, ha sido todo un reto y de hecho llegar a personas que son de otro pa\u00eds, cuando a nosotros los bolivianos nos consideran que venimos de un pa\u00eds peque\u00f1o y subdesarrollado, de mostrarles que hay personas capaces en el f\u00fatbol y el deporte, porque Bolivia tambi\u00e9n tiene gente capaz de mostrar cosas importantes a ese nivel en el exterior.<br \/>\nDED: Con esa experiencia lograda en el exterior, \u00bftiene planeado algo para desarrollar en Bolivia?<br \/>\nRB: Uno de mis planes importantes est\u00e1 aqu\u00ed, yo soy orgulloso de mis ra\u00edces, de mi formaci\u00f3n, me gustar\u00eda trabajar en empresas de consumo masivo donde yo pueda desarrollar todos los conocimientos que he adquirido profesionalmente y tambi\u00e9n desde la parte de estudio, sin descartar alg\u00fan equipo de f\u00fatbol donde se pueda llevar adelante el \u00e1rea marketing porque siento que yo tengo las tres cosas importantes que necesita un gerente de marketing deportivo que es la parte de la interna del deportista porque he jugado en la segunda divisi\u00f3n de Cochabamba, se la parte de patrocinios, de estrategia de empresa y tengo experiencia dirigencial porque ten\u00edamos un equipo en Cochabamba y hac\u00edamos de dirigentes. Entonces ese conocimiento de desarrollo de nuevos productos, nuevos socios, nuevos consumidores y sobre todo profesionalizar lo que es el f\u00fatbol en Bolivia para mi ser\u00eda importante. Tambi\u00e9n estoy con la idea e desarrollar una agencia de publicidad y marketing deportivo en mi pa\u00eds, con la experiencia que tengo del trabajo con Vitoria y lo que vi en Brasil hay mucho por hacer.<br \/>\nDED: \u00bfC\u00f3mo fue el trabajo con Vitoria de Bah\u00eda?<br \/>\nRB. Nosotros hemos sido patrocinadores del Vitoria, hicimos campa\u00f1as interesantes con el equipo y al mismo tiempo con la hinchada, nosotros no solo quer\u00edamos colocar la marca en la polera y listo, nosotros ten\u00edamos diversas acciones en todos los partidos con ni\u00f1os con quienes nos involucramos bastante, palcos con invitados especiales, videos con la hinchada donde nosotros sent\u00edamos como si fueramos parte de ellos, ten\u00edamos un video que dec\u00eda \u2018vamos a volver\u2026\u2019 cuando descendieron, fue toda una campa\u00f1a donde quer\u00edamos mostrar nuestro apoyo en el momento m\u00e1s dif\u00edcil y de su lado. Trabajamos mano a mano durante dos a\u00f1os, venta exclusiva en el estadio que fue una modalidad que propusimos nosotros, los estadios se volvieron una parte muy importante de nuestra estrategia, logrando fidelizar al consumidor.<br \/>\nDED: \u00bfCree que se puede hacer eso en el mercado boliviano, siendo tan restringido?<br \/>\nRB: S\u00ed, se hizo Per\u00fa por ejemplo, que pienso que ser\u00e1 la pr\u00f3xima China en Sudam\u00e9rica por la rapidez con la que est\u00e1n creciendo y la globalizaci\u00f3n que ellos realizan y aprovechan para importar diferentes productos, adem\u00e1s est\u00e1n haciendo muy buen marketing, venden de forma extraordinaria, tienen una visi\u00f3n al mundo bastante peculiar y el tema del orgullo de su nacionalidad va muy fuerte, y el brasile\u00f1o es mercado m\u00e1s cerrado, las empresas se ven obligadas a realizar campa\u00f1as grandes, tienen una industria muy fuerte, totalmente diferente a cualquier lugar, con costumbres diferentes y un mercado competitivo, el consumo es diferente, tipo americano, el desarrollo de los supermercados es fuerte. En Bolivia por la cantidad de habitantes somos muy peque\u00f1os pero pienso que hay una oportunidad muy importante para desarrollar productos.<\/p>\n<p>SU FICHA<br \/>\nNombre: Rodrigo Paolo Baldivieso Flores<br \/>\nFecha de nacimiento: 31 de mayo de 1988<br \/>\nLugar: Cochabamba, Bolivia<br \/>\nFamilia: Omar, Eliana (padres); Cristian y Andrea (hermanas); Mat\u00edas (hijo).<br \/>\nTrayectoria profesional: Universidad Nacional de San Marcos (Admistraci\u00f3n); Master Fundaci\u00f3n Getulio Vargas (Brasil), grupo Gloria Grand Manager (campa\u00f1as exitosas de marketing con m\u00e1s de 20 productos en el mercado), jefe de marketing Industrias y bebidas San Miguel (Brasil), jefatura de marketing, casi tres a\u00f1os ha lanzado 20 setau, Arena Fonte Nova (Brasil) con exclusividad de venta, patrocinio de Vitoria de Bah\u00eda, Cross Fitt Unico Reality en el Arena Fonte Nova, Universidad Central de La Florida (cursos especiales).<\/p>\n<p>LUIS MORENO<\/p>\n","protected":false},"excerpt":{"rendered":"<p>Tras vivir 14 a\u00f1os fuera del pa\u00eds, Rodrigo Baldivieso Flores, un profesional boliviano (es administrador de empresas y experto en marketing deportivo) ha decidido retornar al pa\u00eds para poner en pr\u00e1ctica todo lo que ha aprendido en el marketing internacional, sobre todo en el \u00e1rea deportiva, tomando en cuenta que llev\u00f3 adelante diversas acciones en [&hellip;]<\/p>\n","protected":false},"author":1,"featured_media":103213,"comment_status":"closed","ping_status":"closed","sticky":false,"template":"","format":"standard","meta":{"_acf_changed":false,"footnotes":""},"categories":[6],"tags":[],"class_list":["post-103212","post","type-post","status-publish","format-standard","has-post-thumbnail","category-deportes"],"acf":{"antetitulo":""},"yoast_head":"<!-- This site is optimized with the Yoast SEO plugin v28.4 - https:\/\/yoast.com\/product\/yoast-seo-wordpress\/ -->\n<title>Baldivieso, un \u201clegionario\u201d del marketing nacional - El Diario - Bolivia<\/title>\n<meta name=\"robots\" content=\"index, follow, max-snippet:-1, max-image-preview:large, max-video-preview:-1\" \/>\n<link rel=\"canonical\" href=\"https:\/\/www.eldiario.net\/portal\/2022\/08\/12\/baldivieso-un-legionario-del-marketing-nacional\/\" \/>\n<meta property=\"og:locale\" content=\"es_ES\" \/>\n<meta property=\"og:type\" content=\"article\" \/>\n<meta property=\"og:title\" content=\"Baldivieso, un \u201clegionario\u201d del marketing nacional - El Diario - Bolivia\" \/>\n<meta property=\"og:description\" content=\"Tras vivir 14 a\u00f1os fuera del pa\u00eds, Rodrigo Baldivieso Flores, un profesional boliviano (es administrador de empresas y experto en marketing deportivo) ha decidido retornar al pa\u00eds para poner en pr\u00e1ctica todo lo que ha aprendido en el marketing internacional, sobre todo en el \u00e1rea deportiva, tomando en cuenta que llev\u00f3 adelante diversas acciones en [&hellip;]\" \/>\n<meta property=\"og:url\" content=\"https:\/\/www.eldiario.net\/portal\/2022\/08\/12\/baldivieso-un-legionario-del-marketing-nacional\/\" \/>\n<meta property=\"og:site_name\" content=\"El Diario - Bolivia\" \/>\n<meta property=\"article:publisher\" content=\"https:\/\/www.facebook.com\/eldiario.bolivia\/\" \/>\n<meta property=\"article:published_time\" content=\"2022-08-12T09:18:16+00:00\" \/>\n<meta name=\"author\" content=\"Jeanette\" \/>\n<meta name=\"twitter:card\" content=\"summary_large_image\" \/>\n<meta name=\"twitter:creator\" content=\"@eldiario_net\" \/>\n<meta name=\"twitter:site\" content=\"@eldiario_net\" \/>\n<meta name=\"twitter:label1\" content=\"Escrito por\" \/>\n\t<meta name=\"twitter:data1\" content=\"Jeanette\" \/>\n\t<meta name=\"twitter:label2\" content=\"Tiempo de lectura\" \/>\n\t<meta name=\"twitter:data2\" content=\"5 minutos\" \/>\n<script type=\"application\/ld+json\" class=\"yoast-schema-graph\">{\"@context\":\"https:\\\/\\\/schema.org\",\"@graph\":[{\"@type\":\"Article\",\"@id\":\"https:\\\/\\\/www.eldiario.net\\\/portal\\\/2022\\\/08\\\/12\\\/baldivieso-un-legionario-del-marketing-nacional\\\/#article\",\"isPartOf\":{\"@id\":\"https:\\\/\\\/www.eldiario.net\\\/portal\\\/2022\\\/08\\\/12\\\/baldivieso-un-legionario-del-marketing-nacional\\\/\"},\"author\":{\"name\":\"Jeanette\",\"@id\":\"https:\\\/\\\/www.eldiario.net\\\/portal\\\/#\\\/schema\\\/person\\\/f46445640444750d7d753ccd04ae01b7\"},\"headline\":\"Baldivieso, un \u201clegionario\u201d del marketing nacional\",\"datePublished\":\"2022-08-12T09:18:16+00:00\",\"mainEntityOfPage\":{\"@id\":\"https:\\\/\\\/www.eldiario.net\\\/portal\\\/2022\\\/08\\\/12\\\/baldivieso-un-legionario-del-marketing-nacional\\\/\"},\"wordCount\":1067,\"publisher\":{\"@id\":\"https:\\\/\\\/www.eldiario.net\\\/portal\\\/#organization\"},\"image\":{\"@id\":\"https:\\\/\\\/www.eldiario.net\\\/portal\\\/2022\\\/08\\\/12\\\/baldivieso-un-legionario-del-marketing-nacional\\\/#primaryimage\"},\"thumbnailUrl\":\"\",\"articleSection\":[\"Deportes\"],\"inLanguage\":\"es\"},{\"@type\":\"WebPage\",\"@id\":\"https:\\\/\\\/www.eldiario.net\\\/portal\\\/2022\\\/08\\\/12\\\/baldivieso-un-legionario-del-marketing-nacional\\\/\",\"url\":\"https:\\\/\\\/www.eldiario.net\\\/portal\\\/2022\\\/08\\\/12\\\/baldivieso-un-legionario-del-marketing-nacional\\\/\",\"name\":\"Baldivieso, un \u201clegionario\u201d del marketing nacional - El Diario - Bolivia\",\"isPartOf\":{\"@id\":\"https:\\\/\\\/www.eldiario.net\\\/portal\\\/#website\"},\"primaryImageOfPage\":{\"@id\":\"https:\\\/\\\/www.eldiario.net\\\/portal\\\/2022\\\/08\\\/12\\\/baldivieso-un-legionario-del-marketing-nacional\\\/#primaryimage\"},\"image\":{\"@id\":\"https:\\\/\\\/www.eldiario.net\\\/portal\\\/2022\\\/08\\\/12\\\/baldivieso-un-legionario-del-marketing-nacional\\\/#primaryimage\"},\"thumbnailUrl\":\"\",\"datePublished\":\"2022-08-12T09:18:16+00:00\",\"breadcrumb\":{\"@id\":\"https:\\\/\\\/www.eldiario.net\\\/portal\\\/2022\\\/08\\\/12\\\/baldivieso-un-legionario-del-marketing-nacional\\\/#breadcrumb\"},\"inLanguage\":\"es\",\"potentialAction\":[{\"@type\":\"ReadAction\",\"target\":[\"https:\\\/\\\/www.eldiario.net\\\/portal\\\/2022\\\/08\\\/12\\\/baldivieso-un-legionario-del-marketing-nacional\\\/\"]}]},{\"@type\":\"ImageObject\",\"inLanguage\":\"es\",\"@id\":\"https:\\\/\\\/www.eldiario.net\\\/portal\\\/2022\\\/08\\\/12\\\/baldivieso-un-legionario-del-marketing-nacional\\\/#primaryimage\",\"url\":\"\",\"contentUrl\":\"\"},{\"@type\":\"BreadcrumbList\",\"@id\":\"https:\\\/\\\/www.eldiario.net\\\/portal\\\/2022\\\/08\\\/12\\\/baldivieso-un-legionario-del-marketing-nacional\\\/#breadcrumb\",\"itemListElement\":[{\"@type\":\"ListItem\",\"position\":1,\"name\":\"Portada\",\"item\":\"https:\\\/\\\/www.eldiario.net\\\/portal\\\/\"},{\"@type\":\"ListItem\",\"position\":2,\"name\":\"Baldivieso, un \u201clegionario\u201d del marketing nacional\"}]},{\"@type\":\"WebSite\",\"@id\":\"https:\\\/\\\/www.eldiario.net\\\/portal\\\/#website\",\"url\":\"https:\\\/\\\/www.eldiario.net\\\/portal\\\/\",\"name\":\"El Diario - Decano de la prensa nacional\",\"description\":\"El Diario - Decano de la prensa nacional\",\"publisher\":{\"@id\":\"https:\\\/\\\/www.eldiario.net\\\/portal\\\/#organization\"},\"potentialAction\":[{\"@type\":\"SearchAction\",\"target\":{\"@type\":\"EntryPoint\",\"urlTemplate\":\"https:\\\/\\\/www.eldiario.net\\\/portal\\\/?s={search_term_string}\"},\"query-input\":{\"@type\":\"PropertyValueSpecification\",\"valueRequired\":true,\"valueName\":\"search_term_string\"}}],\"inLanguage\":\"es\"},{\"@type\":\"Organization\",\"@id\":\"https:\\\/\\\/www.eldiario.net\\\/portal\\\/#organization\",\"name\":\"El Diario - Decano de la prensa nacional\",\"url\":\"https:\\\/\\\/www.eldiario.net\\\/portal\\\/\",\"logo\":{\"@type\":\"ImageObject\",\"inLanguage\":\"es\",\"@id\":\"https:\\\/\\\/www.eldiario.net\\\/portal\\\/#\\\/schema\\\/logo\\\/image\\\/\",\"url\":\"https:\\\/\\\/www.eldiario.net\\\/portal\\\/wp-content\\\/uploads\\\/2023\\\/07\\\/logo_ED.jpg\",\"contentUrl\":\"https:\\\/\\\/www.eldiario.net\\\/portal\\\/wp-content\\\/uploads\\\/2023\\\/07\\\/logo_ED.jpg\",\"width\":272,\"height\":52,\"caption\":\"El Diario - Decano de la prensa nacional\"},\"image\":{\"@id\":\"https:\\\/\\\/www.eldiario.net\\\/portal\\\/#\\\/schema\\\/logo\\\/image\\\/\"},\"sameAs\":[\"https:\\\/\\\/www.facebook.com\\\/eldiario.bolivia\\\/\",\"https:\\\/\\\/x.com\\\/eldiario_net\"]},{\"@type\":\"Person\",\"@id\":\"https:\\\/\\\/www.eldiario.net\\\/portal\\\/#\\\/schema\\\/person\\\/f46445640444750d7d753ccd04ae01b7\",\"name\":\"Jeanette\",\"image\":{\"@type\":\"ImageObject\",\"inLanguage\":\"es\",\"@id\":\"https:\\\/\\\/secure.gravatar.com\\\/avatar\\\/3ea2118a5f7dad2b7138b1187a6b7ee55f160b9968b66013c3a3ef39dd7e5798?s=96&d=mm&r=g\",\"url\":\"https:\\\/\\\/secure.gravatar.com\\\/avatar\\\/3ea2118a5f7dad2b7138b1187a6b7ee55f160b9968b66013c3a3ef39dd7e5798?s=96&d=mm&r=g\",\"contentUrl\":\"https:\\\/\\\/secure.gravatar.com\\\/avatar\\\/3ea2118a5f7dad2b7138b1187a6b7ee55f160b9968b66013c3a3ef39dd7e5798?s=96&d=mm&r=g\",\"caption\":\"Jeanette\"},\"sameAs\":[\"https:\\\/\\\/www.eldiario.net\\\/portal\"],\"url\":\"https:\\\/\\\/www.eldiario.net\\\/portal\\\/author\\\/jeanette\\\/\"}]}<\/script>\n<!-- \/ Yoast SEO plugin. -->","yoast_head_json":{"title":"Baldivieso, un \u201clegionario\u201d del marketing nacional - El Diario - Bolivia","robots":{"index":"index","follow":"follow","max-snippet":"max-snippet:-1","max-image-preview":"max-image-preview:large","max-video-preview":"max-video-preview:-1"},"canonical":"https:\/\/www.eldiario.net\/portal\/2022\/08\/12\/baldivieso-un-legionario-del-marketing-nacional\/","og_locale":"es_ES","og_type":"article","og_title":"Baldivieso, un \u201clegionario\u201d del marketing nacional - El Diario - Bolivia","og_description":"Tras vivir 14 a\u00f1os fuera del pa\u00eds, Rodrigo Baldivieso Flores, un profesional boliviano (es administrador de empresas y experto en marketing deportivo) ha decidido retornar al pa\u00eds para poner en pr\u00e1ctica todo lo que ha aprendido en el marketing internacional, sobre todo en el \u00e1rea deportiva, tomando en cuenta que llev\u00f3 adelante diversas acciones en [&hellip;]","og_url":"https:\/\/www.eldiario.net\/portal\/2022\/08\/12\/baldivieso-un-legionario-del-marketing-nacional\/","og_site_name":"El Diario - Bolivia","article_publisher":"https:\/\/www.facebook.com\/eldiario.bolivia\/","article_published_time":"2022-08-12T09:18:16+00:00","author":"Jeanette","twitter_card":"summary_large_image","twitter_creator":"@eldiario_net","twitter_site":"@eldiario_net","twitter_misc":{"Escrito por":"Jeanette","Tiempo de lectura":"5 minutos"},"schema":{"@context":"https:\/\/schema.org","@graph":[{"@type":"Article","@id":"https:\/\/www.eldiario.net\/portal\/2022\/08\/12\/baldivieso-un-legionario-del-marketing-nacional\/#article","isPartOf":{"@id":"https:\/\/www.eldiario.net\/portal\/2022\/08\/12\/baldivieso-un-legionario-del-marketing-nacional\/"},"author":{"name":"Jeanette","@id":"https:\/\/www.eldiario.net\/portal\/#\/schema\/person\/f46445640444750d7d753ccd04ae01b7"},"headline":"Baldivieso, un \u201clegionario\u201d del marketing nacional","datePublished":"2022-08-12T09:18:16+00:00","mainEntityOfPage":{"@id":"https:\/\/www.eldiario.net\/portal\/2022\/08\/12\/baldivieso-un-legionario-del-marketing-nacional\/"},"wordCount":1067,"publisher":{"@id":"https:\/\/www.eldiario.net\/portal\/#organization"},"image":{"@id":"https:\/\/www.eldiario.net\/portal\/2022\/08\/12\/baldivieso-un-legionario-del-marketing-nacional\/#primaryimage"},"thumbnailUrl":"","articleSection":["Deportes"],"inLanguage":"es"},{"@type":"WebPage","@id":"https:\/\/www.eldiario.net\/portal\/2022\/08\/12\/baldivieso-un-legionario-del-marketing-nacional\/","url":"https:\/\/www.eldiario.net\/portal\/2022\/08\/12\/baldivieso-un-legionario-del-marketing-nacional\/","name":"Baldivieso, un \u201clegionario\u201d del marketing nacional - El Diario - Bolivia","isPartOf":{"@id":"https:\/\/www.eldiario.net\/portal\/#website"},"primaryImageOfPage":{"@id":"https:\/\/www.eldiario.net\/portal\/2022\/08\/12\/baldivieso-un-legionario-del-marketing-nacional\/#primaryimage"},"image":{"@id":"https:\/\/www.eldiario.net\/portal\/2022\/08\/12\/baldivieso-un-legionario-del-marketing-nacional\/#primaryimage"},"thumbnailUrl":"","datePublished":"2022-08-12T09:18:16+00:00","breadcrumb":{"@id":"https:\/\/www.eldiario.net\/portal\/2022\/08\/12\/baldivieso-un-legionario-del-marketing-nacional\/#breadcrumb"},"inLanguage":"es","potentialAction":[{"@type":"ReadAction","target":["https:\/\/www.eldiario.net\/portal\/2022\/08\/12\/baldivieso-un-legionario-del-marketing-nacional\/"]}]},{"@type":"ImageObject","inLanguage":"es","@id":"https:\/\/www.eldiario.net\/portal\/2022\/08\/12\/baldivieso-un-legionario-del-marketing-nacional\/#primaryimage","url":"","contentUrl":""},{"@type":"BreadcrumbList","@id":"https:\/\/www.eldiario.net\/portal\/2022\/08\/12\/baldivieso-un-legionario-del-marketing-nacional\/#breadcrumb","itemListElement":[{"@type":"ListItem","position":1,"name":"Portada","item":"https:\/\/www.eldiario.net\/portal\/"},{"@type":"ListItem","position":2,"name":"Baldivieso, un \u201clegionario\u201d del marketing nacional"}]},{"@type":"WebSite","@id":"https:\/\/www.eldiario.net\/portal\/#website","url":"https:\/\/www.eldiario.net\/portal\/","name":"El Diario - Decano de la prensa nacional","description":"El Diario - Decano de la prensa nacional","publisher":{"@id":"https:\/\/www.eldiario.net\/portal\/#organization"},"potentialAction":[{"@type":"SearchAction","target":{"@type":"EntryPoint","urlTemplate":"https:\/\/www.eldiario.net\/portal\/?s={search_term_string}"},"query-input":{"@type":"PropertyValueSpecification","valueRequired":true,"valueName":"search_term_string"}}],"inLanguage":"es"},{"@type":"Organization","@id":"https:\/\/www.eldiario.net\/portal\/#organization","name":"El Diario - Decano de la prensa nacional","url":"https:\/\/www.eldiario.net\/portal\/","logo":{"@type":"ImageObject","inLanguage":"es","@id":"https:\/\/www.eldiario.net\/portal\/#\/schema\/logo\/image\/","url":"https:\/\/www.eldiario.net\/portal\/wp-content\/uploads\/2023\/07\/logo_ED.jpg","contentUrl":"https:\/\/www.eldiario.net\/portal\/wp-content\/uploads\/2023\/07\/logo_ED.jpg","width":272,"height":52,"caption":"El Diario - Decano de la prensa nacional"},"image":{"@id":"https:\/\/www.eldiario.net\/portal\/#\/schema\/logo\/image\/"},"sameAs":["https:\/\/www.facebook.com\/eldiario.bolivia\/","https:\/\/x.com\/eldiario_net"]},{"@type":"Person","@id":"https:\/\/www.eldiario.net\/portal\/#\/schema\/person\/f46445640444750d7d753ccd04ae01b7","name":"Jeanette","image":{"@type":"ImageObject","inLanguage":"es","@id":"https:\/\/secure.gravatar.com\/avatar\/3ea2118a5f7dad2b7138b1187a6b7ee55f160b9968b66013c3a3ef39dd7e5798?s=96&d=mm&r=g","url":"https:\/\/secure.gravatar.com\/avatar\/3ea2118a5f7dad2b7138b1187a6b7ee55f160b9968b66013c3a3ef39dd7e5798?s=96&d=mm&r=g","contentUrl":"https:\/\/secure.gravatar.com\/avatar\/3ea2118a5f7dad2b7138b1187a6b7ee55f160b9968b66013c3a3ef39dd7e5798?s=96&d=mm&r=g","caption":"Jeanette"},"sameAs":["https:\/\/www.eldiario.net\/portal"],"url":"https:\/\/www.eldiario.net\/portal\/author\/jeanette\/"}]}},"_links":{"self":[{"href":"https:\/\/www.eldiario.net\/portal\/wp-json\/wp\/v2\/posts\/103212","targetHints":{"allow":["GET"]}}],"collection":[{"href":"https:\/\/www.eldiario.net\/portal\/wp-json\/wp\/v2\/posts"}],"about":[{"href":"https:\/\/www.eldiario.net\/portal\/wp-json\/wp\/v2\/types\/post"}],"author":[{"embeddable":true,"href":"https:\/\/www.eldiario.net\/portal\/wp-json\/wp\/v2\/users\/1"}],"replies":[{"embeddable":true,"href":"https:\/\/www.eldiario.net\/portal\/wp-json\/wp\/v2\/comments?post=103212"}],"version-history":[{"count":0,"href":"https:\/\/www.eldiario.net\/portal\/wp-json\/wp\/v2\/posts\/103212\/revisions"}],"wp:attachment":[{"href":"https:\/\/www.eldiario.net\/portal\/wp-json\/wp\/v2\/media?parent=103212"}],"wp:term":[{"taxonomy":"category","embeddable":true,"href":"https:\/\/www.eldiario.net\/portal\/wp-json\/wp\/v2\/categories?post=103212"},{"taxonomy":"post_tag","embeddable":true,"href":"https:\/\/www.eldiario.net\/portal\/wp-json\/wp\/v2\/tags?post=103212"}],"curies":[{"name":"wp","href":"https:\/\/api.w.org\/{rel}","templated":true}]}}