{"id":102673,"date":"2022-08-09T06:06:16","date_gmt":"2022-08-09T10:06:16","guid":{"rendered":"https:\/\/www.eldiario.net\/portal\/?p=102673"},"modified":"2022-08-09T06:06:16","modified_gmt":"2022-08-09T10:06:16","slug":"hombre-asegura-haberse-salvado-de-ser-enterrado-como-ofrenda","status":"publish","type":"post","link":"https:\/\/www.eldiario.net\/portal\/2022\/08\/09\/hombre-asegura-haberse-salvado-de-ser-enterrado-como-ofrenda\/","title":{"rendered":"Hombre asegura haberse salvado  de ser enterrado como ofrenda"},"content":{"rendered":"<p>Un hombre de 30 a\u00f1os de edad denunci\u00f3 haber sido enterrado en una construcci\u00f3n como parte de la wajta a la Pachamama, de donde logr\u00f3 huir al darse cuenta que estaba dentro de un ata\u00fad. Por el estado de shock en el que todav\u00eda se encontraba no precis\u00f3 el lugar del hecho.<\/p>\n<p>De acuerdo con el relato de esta persona, en el momento en que denunci\u00f3 el hecho se\u00f1al\u00f3 que todo comenz\u00f3 el domingo luego de que sali\u00f3 de su casa a participar de una actividad folkl\u00f3rica en la zona de Villa Victoria de La Paz, donde en el transcurso de haber consumido bebidas alcoh\u00f3licas habr\u00eda sido pildoreado por una persona que supuestamente fue su camarada de cuartel.<\/p>\n<p>Luego de este hecho, la v\u00edctima, seg\u00fan su relato, perdi\u00f3 el conocimiento y luego de varias horas cuando despert\u00f3 ya se encontraba dentro del ata\u00fad y en una construcci\u00f3n aproximadamente la madrugada del lunes, pero lo que no pudo precisar en el momento de su relato debido al estado de shock y las bebidas alcoh\u00f3licas que hab\u00eda consumido, es el lugar d\u00f3nde fue llevado se\u00f1alando primero que fue en Achacachi y luego en la zona de Achachicala.<\/p>\n<p>\u201cLuego de que me encontr\u00e9 con mi excamarada de cuartel hemos tomado algunas cervezas, pero ya no pude acordarme nada, porque creo que me pildorearon y solo reaccion\u00e9 cuando ya estaba dentro del ata\u00fad en una construcci\u00f3n donde me enterraron y al despertar sal\u00ed como pude rompiendo primero el vidrio y luego las maderas\u201d, relat\u00f3 el afectado.<\/p>\n<p>Sobre el caso, en primera instancia seg\u00fan las versiones del afectado, en su intento de denunciar la misma en la Fuerza Especial de Lucha Contra el Crimen (Felcc) de El Alto no quisieron atenderlo, pero luego de que la persona reaccionara fue el coronel Limberth Coca, director de la instancia policial fue quien recibi\u00f3 la denuncia de manera formal.<\/p>\n<p>Sobre el tema, la autoridad se\u00f1al\u00f3 que ya se han iniciado las investigaciones, varias personas ser\u00e1n citadas del entorno en que ese d\u00eda estuvo consumiendo bebidas alcoh\u00f3licas.<\/p>\n<p>Seg\u00fan el coronel Coca, este hecho ser\u00eda uno de los caracter\u00edsticos hechos de un ritual de wajta a la Pachamama, para el cual en este tipo de casos generalmente los creyentes escogen una persona como ofrenda a quien primero le hacen consumir bebidas alcoh\u00f3licas hasta que se encuentre en completo estado de ebriedad para luego proceder de esta manera.<\/p>\n<p>&nbsp;<\/p>\n","protected":false},"excerpt":{"rendered":"<p>Un hombre de 30 a\u00f1os de edad denunci\u00f3 haber sido enterrado en una construcci\u00f3n como parte de la wajta a la Pachamama, de donde logr\u00f3 huir al darse cuenta que estaba dentro de un ata\u00fad. Por el estado de shock en el que todav\u00eda se encontraba no precis\u00f3 el lugar del hecho. De acuerdo con [&hellip;]<\/p>\n","protected":false},"author":1,"featured_media":102674,"comment_status":"closed","ping_status":"closed","sticky":false,"template":"","format":"standard","meta":{"_acf_changed":false,"footnotes":""},"categories":[12],"tags":[],"class_list":["post-102673","post","type-post","status-publish","format-standard","has-post-thumbnail","category-nacional"],"acf":{"antetitulo":""},"yoast_head":"<!-- This site is optimized with the Yoast SEO plugin v28.4 - https:\/\/yoast.com\/product\/yoast-seo-wordpress\/ -->\n<title>Hombre asegura haberse salvado de ser enterrado como ofrenda - El Diario - Bolivia<\/title>\n<meta name=\"robots\" content=\"index, follow, max-snippet:-1, max-image-preview:large, max-video-preview:-1\" \/>\n<link rel=\"canonical\" href=\"https:\/\/www.eldiario.net\/portal\/2022\/08\/09\/hombre-asegura-haberse-salvado-de-ser-enterrado-como-ofrenda\/\" \/>\n<meta property=\"og:locale\" content=\"es_ES\" \/>\n<meta property=\"og:type\" content=\"article\" \/>\n<meta property=\"og:title\" content=\"Hombre asegura haberse salvado de ser enterrado como ofrenda - El Diario - Bolivia\" \/>\n<meta property=\"og:description\" content=\"Un hombre de 30 a\u00f1os de edad denunci\u00f3 haber sido enterrado en una construcci\u00f3n como parte de la wajta a la Pachamama, de donde logr\u00f3 huir al darse cuenta que estaba dentro de un ata\u00fad. Por el estado de shock en el que todav\u00eda se encontraba no precis\u00f3 el lugar del hecho. De acuerdo con [&hellip;]\" \/>\n<meta property=\"og:url\" content=\"https:\/\/www.eldiario.net\/portal\/2022\/08\/09\/hombre-asegura-haberse-salvado-de-ser-enterrado-como-ofrenda\/\" \/>\n<meta property=\"og:site_name\" content=\"El Diario - Bolivia\" \/>\n<meta property=\"article:publisher\" content=\"https:\/\/www.facebook.com\/eldiario.bolivia\/\" \/>\n<meta property=\"article:published_time\" content=\"2022-08-09T10:06:16+00:00\" \/>\n<meta name=\"author\" content=\"Jeanette\" \/>\n<meta name=\"twitter:card\" content=\"summary_large_image\" \/>\n<meta name=\"twitter:creator\" content=\"@eldiario_net\" \/>\n<meta name=\"twitter:site\" content=\"@eldiario_net\" \/>\n<meta name=\"twitter:label1\" content=\"Escrito por\" \/>\n\t<meta name=\"twitter:data1\" content=\"Jeanette\" \/>\n\t<meta name=\"twitter:label2\" content=\"Tiempo de lectura\" \/>\n\t<meta name=\"twitter:data2\" content=\"2 minutos\" \/>\n<script type=\"application\/ld+json\" class=\"yoast-schema-graph\">{\"@context\":\"https:\\\/\\\/schema.org\",\"@graph\":[{\"@type\":\"Article\",\"@id\":\"https:\\\/\\\/www.eldiario.net\\\/portal\\\/2022\\\/08\\\/09\\\/hombre-asegura-haberse-salvado-de-ser-enterrado-como-ofrenda\\\/#article\",\"isPartOf\":{\"@id\":\"https:\\\/\\\/www.eldiario.net\\\/portal\\\/2022\\\/08\\\/09\\\/hombre-asegura-haberse-salvado-de-ser-enterrado-como-ofrenda\\\/\"},\"author\":{\"name\":\"Jeanette\",\"@id\":\"https:\\\/\\\/www.eldiario.net\\\/portal\\\/#\\\/schema\\\/person\\\/f46445640444750d7d753ccd04ae01b7\"},\"headline\":\"Hombre asegura haberse salvado de ser enterrado como ofrenda\",\"datePublished\":\"2022-08-09T10:06:16+00:00\",\"mainEntityOfPage\":{\"@id\":\"https:\\\/\\\/www.eldiario.net\\\/portal\\\/2022\\\/08\\\/09\\\/hombre-asegura-haberse-salvado-de-ser-enterrado-como-ofrenda\\\/\"},\"wordCount\":433,\"publisher\":{\"@id\":\"https:\\\/\\\/www.eldiario.net\\\/portal\\\/#organization\"},\"image\":{\"@id\":\"https:\\\/\\\/www.eldiario.net\\\/portal\\\/2022\\\/08\\\/09\\\/hombre-asegura-haberse-salvado-de-ser-enterrado-como-ofrenda\\\/#primaryimage\"},\"thumbnailUrl\":\"\",\"articleSection\":[\"Nacional\"],\"inLanguage\":\"es\"},{\"@type\":\"WebPage\",\"@id\":\"https:\\\/\\\/www.eldiario.net\\\/portal\\\/2022\\\/08\\\/09\\\/hombre-asegura-haberse-salvado-de-ser-enterrado-como-ofrenda\\\/\",\"url\":\"https:\\\/\\\/www.eldiario.net\\\/portal\\\/2022\\\/08\\\/09\\\/hombre-asegura-haberse-salvado-de-ser-enterrado-como-ofrenda\\\/\",\"name\":\"Hombre asegura haberse salvado de ser enterrado como ofrenda - El Diario - Bolivia\",\"isPartOf\":{\"@id\":\"https:\\\/\\\/www.eldiario.net\\\/portal\\\/#website\"},\"primaryImageOfPage\":{\"@id\":\"https:\\\/\\\/www.eldiario.net\\\/portal\\\/2022\\\/08\\\/09\\\/hombre-asegura-haberse-salvado-de-ser-enterrado-como-ofrenda\\\/#primaryimage\"},\"image\":{\"@id\":\"https:\\\/\\\/www.eldiario.net\\\/portal\\\/2022\\\/08\\\/09\\\/hombre-asegura-haberse-salvado-de-ser-enterrado-como-ofrenda\\\/#primaryimage\"},\"thumbnailUrl\":\"\",\"datePublished\":\"2022-08-09T10:06:16+00:00\",\"breadcrumb\":{\"@id\":\"https:\\\/\\\/www.eldiario.net\\\/portal\\\/2022\\\/08\\\/09\\\/hombre-asegura-haberse-salvado-de-ser-enterrado-como-ofrenda\\\/#breadcrumb\"},\"inLanguage\":\"es\",\"potentialAction\":[{\"@type\":\"ReadAction\",\"target\":[\"https:\\\/\\\/www.eldiario.net\\\/portal\\\/2022\\\/08\\\/09\\\/hombre-asegura-haberse-salvado-de-ser-enterrado-como-ofrenda\\\/\"]}]},{\"@type\":\"ImageObject\",\"inLanguage\":\"es\",\"@id\":\"https:\\\/\\\/www.eldiario.net\\\/portal\\\/2022\\\/08\\\/09\\\/hombre-asegura-haberse-salvado-de-ser-enterrado-como-ofrenda\\\/#primaryimage\",\"url\":\"\",\"contentUrl\":\"\"},{\"@type\":\"BreadcrumbList\",\"@id\":\"https:\\\/\\\/www.eldiario.net\\\/portal\\\/2022\\\/08\\\/09\\\/hombre-asegura-haberse-salvado-de-ser-enterrado-como-ofrenda\\\/#breadcrumb\",\"itemListElement\":[{\"@type\":\"ListItem\",\"position\":1,\"name\":\"Portada\",\"item\":\"https:\\\/\\\/www.eldiario.net\\\/portal\\\/\"},{\"@type\":\"ListItem\",\"position\":2,\"name\":\"Hombre asegura haberse salvado de ser enterrado como ofrenda\"}]},{\"@type\":\"WebSite\",\"@id\":\"https:\\\/\\\/www.eldiario.net\\\/portal\\\/#website\",\"url\":\"https:\\\/\\\/www.eldiario.net\\\/portal\\\/\",\"name\":\"El Diario - Decano de la prensa nacional\",\"description\":\"El Diario - Decano de la prensa nacional\",\"publisher\":{\"@id\":\"https:\\\/\\\/www.eldiario.net\\\/portal\\\/#organization\"},\"potentialAction\":[{\"@type\":\"SearchAction\",\"target\":{\"@type\":\"EntryPoint\",\"urlTemplate\":\"https:\\\/\\\/www.eldiario.net\\\/portal\\\/?s={search_term_string}\"},\"query-input\":{\"@type\":\"PropertyValueSpecification\",\"valueRequired\":true,\"valueName\":\"search_term_string\"}}],\"inLanguage\":\"es\"},{\"@type\":\"Organization\",\"@id\":\"https:\\\/\\\/www.eldiario.net\\\/portal\\\/#organization\",\"name\":\"El Diario - Decano de la prensa nacional\",\"url\":\"https:\\\/\\\/www.eldiario.net\\\/portal\\\/\",\"logo\":{\"@type\":\"ImageObject\",\"inLanguage\":\"es\",\"@id\":\"https:\\\/\\\/www.eldiario.net\\\/portal\\\/#\\\/schema\\\/logo\\\/image\\\/\",\"url\":\"https:\\\/\\\/www.eldiario.net\\\/portal\\\/wp-content\\\/uploads\\\/2023\\\/07\\\/logo_ED.jpg\",\"contentUrl\":\"https:\\\/\\\/www.eldiario.net\\\/portal\\\/wp-content\\\/uploads\\\/2023\\\/07\\\/logo_ED.jpg\",\"width\":272,\"height\":52,\"caption\":\"El Diario - Decano de la prensa nacional\"},\"image\":{\"@id\":\"https:\\\/\\\/www.eldiario.net\\\/portal\\\/#\\\/schema\\\/logo\\\/image\\\/\"},\"sameAs\":[\"https:\\\/\\\/www.facebook.com\\\/eldiario.bolivia\\\/\",\"https:\\\/\\\/x.com\\\/eldiario_net\"]},{\"@type\":\"Person\",\"@id\":\"https:\\\/\\\/www.eldiario.net\\\/portal\\\/#\\\/schema\\\/person\\\/f46445640444750d7d753ccd04ae01b7\",\"name\":\"Jeanette\",\"image\":{\"@type\":\"ImageObject\",\"inLanguage\":\"es\",\"@id\":\"https:\\\/\\\/secure.gravatar.com\\\/avatar\\\/3ea2118a5f7dad2b7138b1187a6b7ee55f160b9968b66013c3a3ef39dd7e5798?s=96&d=mm&r=g\",\"url\":\"https:\\\/\\\/secure.gravatar.com\\\/avatar\\\/3ea2118a5f7dad2b7138b1187a6b7ee55f160b9968b66013c3a3ef39dd7e5798?s=96&d=mm&r=g\",\"contentUrl\":\"https:\\\/\\\/secure.gravatar.com\\\/avatar\\\/3ea2118a5f7dad2b7138b1187a6b7ee55f160b9968b66013c3a3ef39dd7e5798?s=96&d=mm&r=g\",\"caption\":\"Jeanette\"},\"sameAs\":[\"https:\\\/\\\/www.eldiario.net\\\/portal\"],\"url\":\"https:\\\/\\\/www.eldiario.net\\\/portal\\\/author\\\/jeanette\\\/\"}]}<\/script>\n<!-- \/ Yoast SEO plugin. -->","yoast_head_json":{"title":"Hombre asegura haberse salvado de ser enterrado como ofrenda - El Diario - Bolivia","robots":{"index":"index","follow":"follow","max-snippet":"max-snippet:-1","max-image-preview":"max-image-preview:large","max-video-preview":"max-video-preview:-1"},"canonical":"https:\/\/www.eldiario.net\/portal\/2022\/08\/09\/hombre-asegura-haberse-salvado-de-ser-enterrado-como-ofrenda\/","og_locale":"es_ES","og_type":"article","og_title":"Hombre asegura haberse salvado de ser enterrado como ofrenda - El Diario - Bolivia","og_description":"Un hombre de 30 a\u00f1os de edad denunci\u00f3 haber sido enterrado en una construcci\u00f3n como parte de la wajta a la Pachamama, de donde logr\u00f3 huir al darse cuenta que estaba dentro de un ata\u00fad. Por el estado de shock en el que todav\u00eda se encontraba no precis\u00f3 el lugar del hecho. De acuerdo con [&hellip;]","og_url":"https:\/\/www.eldiario.net\/portal\/2022\/08\/09\/hombre-asegura-haberse-salvado-de-ser-enterrado-como-ofrenda\/","og_site_name":"El Diario - Bolivia","article_publisher":"https:\/\/www.facebook.com\/eldiario.bolivia\/","article_published_time":"2022-08-09T10:06:16+00:00","author":"Jeanette","twitter_card":"summary_large_image","twitter_creator":"@eldiario_net","twitter_site":"@eldiario_net","twitter_misc":{"Escrito por":"Jeanette","Tiempo de lectura":"2 minutos"},"schema":{"@context":"https:\/\/schema.org","@graph":[{"@type":"Article","@id":"https:\/\/www.eldiario.net\/portal\/2022\/08\/09\/hombre-asegura-haberse-salvado-de-ser-enterrado-como-ofrenda\/#article","isPartOf":{"@id":"https:\/\/www.eldiario.net\/portal\/2022\/08\/09\/hombre-asegura-haberse-salvado-de-ser-enterrado-como-ofrenda\/"},"author":{"name":"Jeanette","@id":"https:\/\/www.eldiario.net\/portal\/#\/schema\/person\/f46445640444750d7d753ccd04ae01b7"},"headline":"Hombre asegura haberse salvado de ser enterrado como ofrenda","datePublished":"2022-08-09T10:06:16+00:00","mainEntityOfPage":{"@id":"https:\/\/www.eldiario.net\/portal\/2022\/08\/09\/hombre-asegura-haberse-salvado-de-ser-enterrado-como-ofrenda\/"},"wordCount":433,"publisher":{"@id":"https:\/\/www.eldiario.net\/portal\/#organization"},"image":{"@id":"https:\/\/www.eldiario.net\/portal\/2022\/08\/09\/hombre-asegura-haberse-salvado-de-ser-enterrado-como-ofrenda\/#primaryimage"},"thumbnailUrl":"","articleSection":["Nacional"],"inLanguage":"es"},{"@type":"WebPage","@id":"https:\/\/www.eldiario.net\/portal\/2022\/08\/09\/hombre-asegura-haberse-salvado-de-ser-enterrado-como-ofrenda\/","url":"https:\/\/www.eldiario.net\/portal\/2022\/08\/09\/hombre-asegura-haberse-salvado-de-ser-enterrado-como-ofrenda\/","name":"Hombre asegura haberse salvado de ser enterrado como ofrenda - El Diario - Bolivia","isPartOf":{"@id":"https:\/\/www.eldiario.net\/portal\/#website"},"primaryImageOfPage":{"@id":"https:\/\/www.eldiario.net\/portal\/2022\/08\/09\/hombre-asegura-haberse-salvado-de-ser-enterrado-como-ofrenda\/#primaryimage"},"image":{"@id":"https:\/\/www.eldiario.net\/portal\/2022\/08\/09\/hombre-asegura-haberse-salvado-de-ser-enterrado-como-ofrenda\/#primaryimage"},"thumbnailUrl":"","datePublished":"2022-08-09T10:06:16+00:00","breadcrumb":{"@id":"https:\/\/www.eldiario.net\/portal\/2022\/08\/09\/hombre-asegura-haberse-salvado-de-ser-enterrado-como-ofrenda\/#breadcrumb"},"inLanguage":"es","potentialAction":[{"@type":"ReadAction","target":["https:\/\/www.eldiario.net\/portal\/2022\/08\/09\/hombre-asegura-haberse-salvado-de-ser-enterrado-como-ofrenda\/"]}]},{"@type":"ImageObject","inLanguage":"es","@id":"https:\/\/www.eldiario.net\/portal\/2022\/08\/09\/hombre-asegura-haberse-salvado-de-ser-enterrado-como-ofrenda\/#primaryimage","url":"","contentUrl":""},{"@type":"BreadcrumbList","@id":"https:\/\/www.eldiario.net\/portal\/2022\/08\/09\/hombre-asegura-haberse-salvado-de-ser-enterrado-como-ofrenda\/#breadcrumb","itemListElement":[{"@type":"ListItem","position":1,"name":"Portada","item":"https:\/\/www.eldiario.net\/portal\/"},{"@type":"ListItem","position":2,"name":"Hombre asegura haberse salvado de ser enterrado como ofrenda"}]},{"@type":"WebSite","@id":"https:\/\/www.eldiario.net\/portal\/#website","url":"https:\/\/www.eldiario.net\/portal\/","name":"El Diario - Decano de la prensa nacional","description":"El Diario - Decano de la prensa nacional","publisher":{"@id":"https:\/\/www.eldiario.net\/portal\/#organization"},"potentialAction":[{"@type":"SearchAction","target":{"@type":"EntryPoint","urlTemplate":"https:\/\/www.eldiario.net\/portal\/?s={search_term_string}"},"query-input":{"@type":"PropertyValueSpecification","valueRequired":true,"valueName":"search_term_string"}}],"inLanguage":"es"},{"@type":"Organization","@id":"https:\/\/www.eldiario.net\/portal\/#organization","name":"El Diario - Decano de la prensa nacional","url":"https:\/\/www.eldiario.net\/portal\/","logo":{"@type":"ImageObject","inLanguage":"es","@id":"https:\/\/www.eldiario.net\/portal\/#\/schema\/logo\/image\/","url":"https:\/\/www.eldiario.net\/portal\/wp-content\/uploads\/2023\/07\/logo_ED.jpg","contentUrl":"https:\/\/www.eldiario.net\/portal\/wp-content\/uploads\/2023\/07\/logo_ED.jpg","width":272,"height":52,"caption":"El Diario - Decano de la prensa nacional"},"image":{"@id":"https:\/\/www.eldiario.net\/portal\/#\/schema\/logo\/image\/"},"sameAs":["https:\/\/www.facebook.com\/eldiario.bolivia\/","https:\/\/x.com\/eldiario_net"]},{"@type":"Person","@id":"https:\/\/www.eldiario.net\/portal\/#\/schema\/person\/f46445640444750d7d753ccd04ae01b7","name":"Jeanette","image":{"@type":"ImageObject","inLanguage":"es","@id":"https:\/\/secure.gravatar.com\/avatar\/3ea2118a5f7dad2b7138b1187a6b7ee55f160b9968b66013c3a3ef39dd7e5798?s=96&d=mm&r=g","url":"https:\/\/secure.gravatar.com\/avatar\/3ea2118a5f7dad2b7138b1187a6b7ee55f160b9968b66013c3a3ef39dd7e5798?s=96&d=mm&r=g","contentUrl":"https:\/\/secure.gravatar.com\/avatar\/3ea2118a5f7dad2b7138b1187a6b7ee55f160b9968b66013c3a3ef39dd7e5798?s=96&d=mm&r=g","caption":"Jeanette"},"sameAs":["https:\/\/www.eldiario.net\/portal"],"url":"https:\/\/www.eldiario.net\/portal\/author\/jeanette\/"}]}},"_links":{"self":[{"href":"https:\/\/www.eldiario.net\/portal\/wp-json\/wp\/v2\/posts\/102673","targetHints":{"allow":["GET"]}}],"collection":[{"href":"https:\/\/www.eldiario.net\/portal\/wp-json\/wp\/v2\/posts"}],"about":[{"href":"https:\/\/www.eldiario.net\/portal\/wp-json\/wp\/v2\/types\/post"}],"author":[{"embeddable":true,"href":"https:\/\/www.eldiario.net\/portal\/wp-json\/wp\/v2\/users\/1"}],"replies":[{"embeddable":true,"href":"https:\/\/www.eldiario.net\/portal\/wp-json\/wp\/v2\/comments?post=102673"}],"version-history":[{"count":0,"href":"https:\/\/www.eldiario.net\/portal\/wp-json\/wp\/v2\/posts\/102673\/revisions"}],"wp:attachment":[{"href":"https:\/\/www.eldiario.net\/portal\/wp-json\/wp\/v2\/media?parent=102673"}],"wp:term":[{"taxonomy":"category","embeddable":true,"href":"https:\/\/www.eldiario.net\/portal\/wp-json\/wp\/v2\/categories?post=102673"},{"taxonomy":"post_tag","embeddable":true,"href":"https:\/\/www.eldiario.net\/portal\/wp-json\/wp\/v2\/tags?post=102673"}],"curies":[{"name":"wp","href":"https:\/\/api.w.org\/{rel}","templated":true}]}}