{"id":102670,"date":"2022-08-09T06:05:22","date_gmt":"2022-08-09T10:05:22","guid":{"rendered":"https:\/\/www.eldiario.net\/portal\/?p=102670"},"modified":"2022-08-09T06:05:22","modified_gmt":"2022-08-09T10:05:22","slug":"no-permitiran-que-cooperativa-3-de-mayo-opere-fuera-de-terminal","status":"publish","type":"post","link":"https:\/\/www.eldiario.net\/portal\/2022\/08\/09\/no-permitiran-que-cooperativa-3-de-mayo-opere-fuera-de-terminal\/","title":{"rendered":"No permitir\u00e1n que Cooperativa 3  de Mayo opere fuera de terminal"},"content":{"rendered":"<p>El dirigente de la Central de Buses de El Alto, Richard Mart\u00ednez, advierte que no permitir\u00e1n que la Cooperativa de Transporte 3 de Mayo contin\u00fae intentando operar de forma ilegal desde las afueras de la Terminal Metropolitana.<\/p>\n<p>De acuerdo con el representante de este sector del transporte de buses que opera dentro de la terminal, continuar\u00e1n insistiendo para que la Cooperativa de minibuses 3 de Mayo no siga con este tipo de actitudes ilegales, porque existen normas que proh\u00edben para que ninguna organizaci\u00f3n de transporte interdepartamental o provincial realice trabajos de carga y descarga de pasajeros fuera de la Terminal Metropolitana.<\/p>\n<p>\u201cLo que nosotros queremos es que de una vez por todas puedan trabajar de forma legal en sus horarios, rutas y dentro de la terminal tal como son las normas, porque de lo contrario estar\u00edan incurriendo en la ilegalidad, actitud desordenada que no vamos a permitir como organizaci\u00f3n\u201d, exhort\u00f3 Mart\u00ednez.<\/p>\n<p>El dirigente tambi\u00e9n denunci\u00f3 que los dirigentes de la Cooperativa de Transporte 3 de Mayo, cometen irregularidades porque con la forma que operan desde fuera de la terminal, rematan el precio del pasaje, salen sin respetar los horarios y de cualquier lugar, lo que est\u00e1 fuera de lo legal de acuerdo a las normas establecidas.<\/p>\n<p>Para el efecto, Mart\u00ednez invit\u00f3 a realizar una reuni\u00f3n de consenso entre ambas partes y de esta forma entrar a trabajar dentro de la terminal, adem\u00e1s son normas no solamente dentro de la organizaci\u00f3n que se deben cumplir, sino tambi\u00e9n del municipio.<\/p>\n<p>\u201cComo los dirigentes de este sector de la Cooperativa 3 de Mayo, se\u00f1alan contar con todos sus documentos legales, lo que les pedimos es que demuestren que es as\u00ed y de esta forma ingresen a operar desde el interior de la terminal, porque al tomar la actitud que contin\u00faan asumiendo incurren en muchas faltas y eso es lo que nosotros como organizaci\u00f3n no vamos a seguir permitiendo\u201d, dijo el dirigente de la Central de Buses de la Terminal Metropolitana.<\/p>\n<p>Otras de las actitudes en la que incurren los operadores de la Cooperativa 3 de Mayo es que muchos de los mismos contin\u00faan trabajando desde la antigua terminal accidental de la zona Bol\u00edvar \u201cA\u201d, prohibida por el municipio de El Alto.<\/p>\n<p>&nbsp;<\/p>\n","protected":false},"excerpt":{"rendered":"<p>El dirigente de la Central de Buses de El Alto, Richard Mart\u00ednez, advierte que no permitir\u00e1n que la Cooperativa de Transporte 3 de Mayo contin\u00fae intentando operar de forma ilegal desde las afueras de la Terminal Metropolitana. De acuerdo con el representante de este sector del transporte de buses que opera dentro de la terminal, [&hellip;]<\/p>\n","protected":false},"author":1,"featured_media":102671,"comment_status":"closed","ping_status":"closed","sticky":false,"template":"","format":"standard","meta":{"_acf_changed":false,"footnotes":""},"categories":[12],"tags":[],"class_list":["post-102670","post","type-post","status-publish","format-standard","has-post-thumbnail","category-nacional"],"acf":{"antetitulo":""},"yoast_head":"<!-- This site is optimized with the Yoast SEO plugin v28.4 - https:\/\/yoast.com\/product\/yoast-seo-wordpress\/ -->\n<title>No permitir\u00e1n que Cooperativa 3 de Mayo opere fuera de terminal - El Diario - Bolivia<\/title>\n<meta name=\"robots\" content=\"index, follow, max-snippet:-1, max-image-preview:large, max-video-preview:-1\" \/>\n<link rel=\"canonical\" href=\"https:\/\/www.eldiario.net\/portal\/2022\/08\/09\/no-permitiran-que-cooperativa-3-de-mayo-opere-fuera-de-terminal\/\" \/>\n<meta property=\"og:locale\" content=\"es_ES\" \/>\n<meta property=\"og:type\" content=\"article\" \/>\n<meta property=\"og:title\" content=\"No permitir\u00e1n que Cooperativa 3 de Mayo opere fuera de terminal - El Diario - Bolivia\" \/>\n<meta property=\"og:description\" content=\"El dirigente de la Central de Buses de El Alto, Richard Mart\u00ednez, advierte que no permitir\u00e1n que la Cooperativa de Transporte 3 de Mayo contin\u00fae intentando operar de forma ilegal desde las afueras de la Terminal Metropolitana. De acuerdo con el representante de este sector del transporte de buses que opera dentro de la terminal, [&hellip;]\" \/>\n<meta property=\"og:url\" content=\"https:\/\/www.eldiario.net\/portal\/2022\/08\/09\/no-permitiran-que-cooperativa-3-de-mayo-opere-fuera-de-terminal\/\" \/>\n<meta property=\"og:site_name\" content=\"El Diario - Bolivia\" \/>\n<meta property=\"article:publisher\" content=\"https:\/\/www.facebook.com\/eldiario.bolivia\/\" \/>\n<meta property=\"article:published_time\" content=\"2022-08-09T10:05:22+00:00\" \/>\n<meta name=\"author\" content=\"Jeanette\" \/>\n<meta name=\"twitter:card\" content=\"summary_large_image\" \/>\n<meta name=\"twitter:creator\" content=\"@eldiario_net\" \/>\n<meta name=\"twitter:site\" content=\"@eldiario_net\" \/>\n<meta name=\"twitter:label1\" content=\"Escrito por\" \/>\n\t<meta name=\"twitter:data1\" content=\"Jeanette\" \/>\n\t<meta name=\"twitter:label2\" content=\"Tiempo de lectura\" \/>\n\t<meta name=\"twitter:data2\" content=\"2 minutos\" \/>\n<script type=\"application\/ld+json\" class=\"yoast-schema-graph\">{\"@context\":\"https:\\\/\\\/schema.org\",\"@graph\":[{\"@type\":\"Article\",\"@id\":\"https:\\\/\\\/www.eldiario.net\\\/portal\\\/2022\\\/08\\\/09\\\/no-permitiran-que-cooperativa-3-de-mayo-opere-fuera-de-terminal\\\/#article\",\"isPartOf\":{\"@id\":\"https:\\\/\\\/www.eldiario.net\\\/portal\\\/2022\\\/08\\\/09\\\/no-permitiran-que-cooperativa-3-de-mayo-opere-fuera-de-terminal\\\/\"},\"author\":{\"name\":\"Jeanette\",\"@id\":\"https:\\\/\\\/www.eldiario.net\\\/portal\\\/#\\\/schema\\\/person\\\/f46445640444750d7d753ccd04ae01b7\"},\"headline\":\"No permitir\u00e1n que Cooperativa 3 de Mayo opere fuera de terminal\",\"datePublished\":\"2022-08-09T10:05:22+00:00\",\"mainEntityOfPage\":{\"@id\":\"https:\\\/\\\/www.eldiario.net\\\/portal\\\/2022\\\/08\\\/09\\\/no-permitiran-que-cooperativa-3-de-mayo-opere-fuera-de-terminal\\\/\"},\"wordCount\":395,\"publisher\":{\"@id\":\"https:\\\/\\\/www.eldiario.net\\\/portal\\\/#organization\"},\"image\":{\"@id\":\"https:\\\/\\\/www.eldiario.net\\\/portal\\\/2022\\\/08\\\/09\\\/no-permitiran-que-cooperativa-3-de-mayo-opere-fuera-de-terminal\\\/#primaryimage\"},\"thumbnailUrl\":\"\",\"articleSection\":[\"Nacional\"],\"inLanguage\":\"es\"},{\"@type\":\"WebPage\",\"@id\":\"https:\\\/\\\/www.eldiario.net\\\/portal\\\/2022\\\/08\\\/09\\\/no-permitiran-que-cooperativa-3-de-mayo-opere-fuera-de-terminal\\\/\",\"url\":\"https:\\\/\\\/www.eldiario.net\\\/portal\\\/2022\\\/08\\\/09\\\/no-permitiran-que-cooperativa-3-de-mayo-opere-fuera-de-terminal\\\/\",\"name\":\"No permitir\u00e1n que Cooperativa 3 de Mayo opere fuera de terminal - El Diario - Bolivia\",\"isPartOf\":{\"@id\":\"https:\\\/\\\/www.eldiario.net\\\/portal\\\/#website\"},\"primaryImageOfPage\":{\"@id\":\"https:\\\/\\\/www.eldiario.net\\\/portal\\\/2022\\\/08\\\/09\\\/no-permitiran-que-cooperativa-3-de-mayo-opere-fuera-de-terminal\\\/#primaryimage\"},\"image\":{\"@id\":\"https:\\\/\\\/www.eldiario.net\\\/portal\\\/2022\\\/08\\\/09\\\/no-permitiran-que-cooperativa-3-de-mayo-opere-fuera-de-terminal\\\/#primaryimage\"},\"thumbnailUrl\":\"\",\"datePublished\":\"2022-08-09T10:05:22+00:00\",\"breadcrumb\":{\"@id\":\"https:\\\/\\\/www.eldiario.net\\\/portal\\\/2022\\\/08\\\/09\\\/no-permitiran-que-cooperativa-3-de-mayo-opere-fuera-de-terminal\\\/#breadcrumb\"},\"inLanguage\":\"es\",\"potentialAction\":[{\"@type\":\"ReadAction\",\"target\":[\"https:\\\/\\\/www.eldiario.net\\\/portal\\\/2022\\\/08\\\/09\\\/no-permitiran-que-cooperativa-3-de-mayo-opere-fuera-de-terminal\\\/\"]}]},{\"@type\":\"ImageObject\",\"inLanguage\":\"es\",\"@id\":\"https:\\\/\\\/www.eldiario.net\\\/portal\\\/2022\\\/08\\\/09\\\/no-permitiran-que-cooperativa-3-de-mayo-opere-fuera-de-terminal\\\/#primaryimage\",\"url\":\"\",\"contentUrl\":\"\"},{\"@type\":\"BreadcrumbList\",\"@id\":\"https:\\\/\\\/www.eldiario.net\\\/portal\\\/2022\\\/08\\\/09\\\/no-permitiran-que-cooperativa-3-de-mayo-opere-fuera-de-terminal\\\/#breadcrumb\",\"itemListElement\":[{\"@type\":\"ListItem\",\"position\":1,\"name\":\"Portada\",\"item\":\"https:\\\/\\\/www.eldiario.net\\\/portal\\\/\"},{\"@type\":\"ListItem\",\"position\":2,\"name\":\"No permitir\u00e1n que Cooperativa 3 de Mayo opere fuera de terminal\"}]},{\"@type\":\"WebSite\",\"@id\":\"https:\\\/\\\/www.eldiario.net\\\/portal\\\/#website\",\"url\":\"https:\\\/\\\/www.eldiario.net\\\/portal\\\/\",\"name\":\"El Diario - Decano de la prensa nacional\",\"description\":\"El Diario - Decano de la prensa nacional\",\"publisher\":{\"@id\":\"https:\\\/\\\/www.eldiario.net\\\/portal\\\/#organization\"},\"potentialAction\":[{\"@type\":\"SearchAction\",\"target\":{\"@type\":\"EntryPoint\",\"urlTemplate\":\"https:\\\/\\\/www.eldiario.net\\\/portal\\\/?s={search_term_string}\"},\"query-input\":{\"@type\":\"PropertyValueSpecification\",\"valueRequired\":true,\"valueName\":\"search_term_string\"}}],\"inLanguage\":\"es\"},{\"@type\":\"Organization\",\"@id\":\"https:\\\/\\\/www.eldiario.net\\\/portal\\\/#organization\",\"name\":\"El Diario - Decano de la prensa nacional\",\"url\":\"https:\\\/\\\/www.eldiario.net\\\/portal\\\/\",\"logo\":{\"@type\":\"ImageObject\",\"inLanguage\":\"es\",\"@id\":\"https:\\\/\\\/www.eldiario.net\\\/portal\\\/#\\\/schema\\\/logo\\\/image\\\/\",\"url\":\"https:\\\/\\\/www.eldiario.net\\\/portal\\\/wp-content\\\/uploads\\\/2023\\\/07\\\/logo_ED.jpg\",\"contentUrl\":\"https:\\\/\\\/www.eldiario.net\\\/portal\\\/wp-content\\\/uploads\\\/2023\\\/07\\\/logo_ED.jpg\",\"width\":272,\"height\":52,\"caption\":\"El Diario - Decano de la prensa nacional\"},\"image\":{\"@id\":\"https:\\\/\\\/www.eldiario.net\\\/portal\\\/#\\\/schema\\\/logo\\\/image\\\/\"},\"sameAs\":[\"https:\\\/\\\/www.facebook.com\\\/eldiario.bolivia\\\/\",\"https:\\\/\\\/x.com\\\/eldiario_net\"]},{\"@type\":\"Person\",\"@id\":\"https:\\\/\\\/www.eldiario.net\\\/portal\\\/#\\\/schema\\\/person\\\/f46445640444750d7d753ccd04ae01b7\",\"name\":\"Jeanette\",\"image\":{\"@type\":\"ImageObject\",\"inLanguage\":\"es\",\"@id\":\"https:\\\/\\\/secure.gravatar.com\\\/avatar\\\/3ea2118a5f7dad2b7138b1187a6b7ee55f160b9968b66013c3a3ef39dd7e5798?s=96&d=mm&r=g\",\"url\":\"https:\\\/\\\/secure.gravatar.com\\\/avatar\\\/3ea2118a5f7dad2b7138b1187a6b7ee55f160b9968b66013c3a3ef39dd7e5798?s=96&d=mm&r=g\",\"contentUrl\":\"https:\\\/\\\/secure.gravatar.com\\\/avatar\\\/3ea2118a5f7dad2b7138b1187a6b7ee55f160b9968b66013c3a3ef39dd7e5798?s=96&d=mm&r=g\",\"caption\":\"Jeanette\"},\"sameAs\":[\"https:\\\/\\\/www.eldiario.net\\\/portal\"],\"url\":\"https:\\\/\\\/www.eldiario.net\\\/portal\\\/author\\\/jeanette\\\/\"}]}<\/script>\n<!-- \/ Yoast SEO plugin. -->","yoast_head_json":{"title":"No permitir\u00e1n que Cooperativa 3 de Mayo opere fuera de terminal - El Diario - Bolivia","robots":{"index":"index","follow":"follow","max-snippet":"max-snippet:-1","max-image-preview":"max-image-preview:large","max-video-preview":"max-video-preview:-1"},"canonical":"https:\/\/www.eldiario.net\/portal\/2022\/08\/09\/no-permitiran-que-cooperativa-3-de-mayo-opere-fuera-de-terminal\/","og_locale":"es_ES","og_type":"article","og_title":"No permitir\u00e1n que Cooperativa 3 de Mayo opere fuera de terminal - El Diario - Bolivia","og_description":"El dirigente de la Central de Buses de El Alto, Richard Mart\u00ednez, advierte que no permitir\u00e1n que la Cooperativa de Transporte 3 de Mayo contin\u00fae intentando operar de forma ilegal desde las afueras de la Terminal Metropolitana. De acuerdo con el representante de este sector del transporte de buses que opera dentro de la terminal, [&hellip;]","og_url":"https:\/\/www.eldiario.net\/portal\/2022\/08\/09\/no-permitiran-que-cooperativa-3-de-mayo-opere-fuera-de-terminal\/","og_site_name":"El Diario - Bolivia","article_publisher":"https:\/\/www.facebook.com\/eldiario.bolivia\/","article_published_time":"2022-08-09T10:05:22+00:00","author":"Jeanette","twitter_card":"summary_large_image","twitter_creator":"@eldiario_net","twitter_site":"@eldiario_net","twitter_misc":{"Escrito por":"Jeanette","Tiempo de lectura":"2 minutos"},"schema":{"@context":"https:\/\/schema.org","@graph":[{"@type":"Article","@id":"https:\/\/www.eldiario.net\/portal\/2022\/08\/09\/no-permitiran-que-cooperativa-3-de-mayo-opere-fuera-de-terminal\/#article","isPartOf":{"@id":"https:\/\/www.eldiario.net\/portal\/2022\/08\/09\/no-permitiran-que-cooperativa-3-de-mayo-opere-fuera-de-terminal\/"},"author":{"name":"Jeanette","@id":"https:\/\/www.eldiario.net\/portal\/#\/schema\/person\/f46445640444750d7d753ccd04ae01b7"},"headline":"No permitir\u00e1n que Cooperativa 3 de Mayo opere fuera de terminal","datePublished":"2022-08-09T10:05:22+00:00","mainEntityOfPage":{"@id":"https:\/\/www.eldiario.net\/portal\/2022\/08\/09\/no-permitiran-que-cooperativa-3-de-mayo-opere-fuera-de-terminal\/"},"wordCount":395,"publisher":{"@id":"https:\/\/www.eldiario.net\/portal\/#organization"},"image":{"@id":"https:\/\/www.eldiario.net\/portal\/2022\/08\/09\/no-permitiran-que-cooperativa-3-de-mayo-opere-fuera-de-terminal\/#primaryimage"},"thumbnailUrl":"","articleSection":["Nacional"],"inLanguage":"es"},{"@type":"WebPage","@id":"https:\/\/www.eldiario.net\/portal\/2022\/08\/09\/no-permitiran-que-cooperativa-3-de-mayo-opere-fuera-de-terminal\/","url":"https:\/\/www.eldiario.net\/portal\/2022\/08\/09\/no-permitiran-que-cooperativa-3-de-mayo-opere-fuera-de-terminal\/","name":"No permitir\u00e1n que Cooperativa 3 de Mayo opere fuera de terminal - El Diario - Bolivia","isPartOf":{"@id":"https:\/\/www.eldiario.net\/portal\/#website"},"primaryImageOfPage":{"@id":"https:\/\/www.eldiario.net\/portal\/2022\/08\/09\/no-permitiran-que-cooperativa-3-de-mayo-opere-fuera-de-terminal\/#primaryimage"},"image":{"@id":"https:\/\/www.eldiario.net\/portal\/2022\/08\/09\/no-permitiran-que-cooperativa-3-de-mayo-opere-fuera-de-terminal\/#primaryimage"},"thumbnailUrl":"","datePublished":"2022-08-09T10:05:22+00:00","breadcrumb":{"@id":"https:\/\/www.eldiario.net\/portal\/2022\/08\/09\/no-permitiran-que-cooperativa-3-de-mayo-opere-fuera-de-terminal\/#breadcrumb"},"inLanguage":"es","potentialAction":[{"@type":"ReadAction","target":["https:\/\/www.eldiario.net\/portal\/2022\/08\/09\/no-permitiran-que-cooperativa-3-de-mayo-opere-fuera-de-terminal\/"]}]},{"@type":"ImageObject","inLanguage":"es","@id":"https:\/\/www.eldiario.net\/portal\/2022\/08\/09\/no-permitiran-que-cooperativa-3-de-mayo-opere-fuera-de-terminal\/#primaryimage","url":"","contentUrl":""},{"@type":"BreadcrumbList","@id":"https:\/\/www.eldiario.net\/portal\/2022\/08\/09\/no-permitiran-que-cooperativa-3-de-mayo-opere-fuera-de-terminal\/#breadcrumb","itemListElement":[{"@type":"ListItem","position":1,"name":"Portada","item":"https:\/\/www.eldiario.net\/portal\/"},{"@type":"ListItem","position":2,"name":"No permitir\u00e1n que Cooperativa 3 de Mayo opere fuera de terminal"}]},{"@type":"WebSite","@id":"https:\/\/www.eldiario.net\/portal\/#website","url":"https:\/\/www.eldiario.net\/portal\/","name":"El Diario - Decano de la prensa nacional","description":"El Diario - Decano de la prensa nacional","publisher":{"@id":"https:\/\/www.eldiario.net\/portal\/#organization"},"potentialAction":[{"@type":"SearchAction","target":{"@type":"EntryPoint","urlTemplate":"https:\/\/www.eldiario.net\/portal\/?s={search_term_string}"},"query-input":{"@type":"PropertyValueSpecification","valueRequired":true,"valueName":"search_term_string"}}],"inLanguage":"es"},{"@type":"Organization","@id":"https:\/\/www.eldiario.net\/portal\/#organization","name":"El Diario - Decano de la prensa nacional","url":"https:\/\/www.eldiario.net\/portal\/","logo":{"@type":"ImageObject","inLanguage":"es","@id":"https:\/\/www.eldiario.net\/portal\/#\/schema\/logo\/image\/","url":"https:\/\/www.eldiario.net\/portal\/wp-content\/uploads\/2023\/07\/logo_ED.jpg","contentUrl":"https:\/\/www.eldiario.net\/portal\/wp-content\/uploads\/2023\/07\/logo_ED.jpg","width":272,"height":52,"caption":"El Diario - Decano de la prensa nacional"},"image":{"@id":"https:\/\/www.eldiario.net\/portal\/#\/schema\/logo\/image\/"},"sameAs":["https:\/\/www.facebook.com\/eldiario.bolivia\/","https:\/\/x.com\/eldiario_net"]},{"@type":"Person","@id":"https:\/\/www.eldiario.net\/portal\/#\/schema\/person\/f46445640444750d7d753ccd04ae01b7","name":"Jeanette","image":{"@type":"ImageObject","inLanguage":"es","@id":"https:\/\/secure.gravatar.com\/avatar\/3ea2118a5f7dad2b7138b1187a6b7ee55f160b9968b66013c3a3ef39dd7e5798?s=96&d=mm&r=g","url":"https:\/\/secure.gravatar.com\/avatar\/3ea2118a5f7dad2b7138b1187a6b7ee55f160b9968b66013c3a3ef39dd7e5798?s=96&d=mm&r=g","contentUrl":"https:\/\/secure.gravatar.com\/avatar\/3ea2118a5f7dad2b7138b1187a6b7ee55f160b9968b66013c3a3ef39dd7e5798?s=96&d=mm&r=g","caption":"Jeanette"},"sameAs":["https:\/\/www.eldiario.net\/portal"],"url":"https:\/\/www.eldiario.net\/portal\/author\/jeanette\/"}]}},"_links":{"self":[{"href":"https:\/\/www.eldiario.net\/portal\/wp-json\/wp\/v2\/posts\/102670","targetHints":{"allow":["GET"]}}],"collection":[{"href":"https:\/\/www.eldiario.net\/portal\/wp-json\/wp\/v2\/posts"}],"about":[{"href":"https:\/\/www.eldiario.net\/portal\/wp-json\/wp\/v2\/types\/post"}],"author":[{"embeddable":true,"href":"https:\/\/www.eldiario.net\/portal\/wp-json\/wp\/v2\/users\/1"}],"replies":[{"embeddable":true,"href":"https:\/\/www.eldiario.net\/portal\/wp-json\/wp\/v2\/comments?post=102670"}],"version-history":[{"count":0,"href":"https:\/\/www.eldiario.net\/portal\/wp-json\/wp\/v2\/posts\/102670\/revisions"}],"wp:attachment":[{"href":"https:\/\/www.eldiario.net\/portal\/wp-json\/wp\/v2\/media?parent=102670"}],"wp:term":[{"taxonomy":"category","embeddable":true,"href":"https:\/\/www.eldiario.net\/portal\/wp-json\/wp\/v2\/categories?post=102670"},{"taxonomy":"post_tag","embeddable":true,"href":"https:\/\/www.eldiario.net\/portal\/wp-json\/wp\/v2\/tags?post=102670"}],"curies":[{"name":"wp","href":"https:\/\/api.w.org\/{rel}","templated":true}]}}