{"id":102667,"date":"2022-08-09T06:04:32","date_gmt":"2022-08-09T10:04:32","guid":{"rendered":"https:\/\/www.eldiario.net\/portal\/?p=102667"},"modified":"2022-08-09T06:04:32","modified_gmt":"2022-08-09T10:04:32","slug":"matadero-municipal-de-el-alto-ya-cuenta-con-nuevo-caldero","status":"publish","type":"post","link":"https:\/\/www.eldiario.net\/portal\/2022\/08\/09\/matadero-municipal-de-el-alto-ya-cuenta-con-nuevo-caldero\/","title":{"rendered":"Matadero municipal de El Alto  ya cuenta con nuevo caldero"},"content":{"rendered":"<p>En dos d\u00edas m\u00e1s y de manera oficial el nuevo caldero del matadero municipal entrar\u00e1 en funcionamiento, equipamiento que ser\u00e1 sustituido luego de m\u00e1s de 12 a\u00f1os, seg\u00fan el dirigente de la Federaci\u00f3n \u00danica de Trabajadores Carne\u00a0 y Ramas Anexas (Futecra), Germ\u00e1n Cachi.<\/p>\n<p>Este cambio, seg\u00fan el representante de los trabajadores en carne de El Alto, dar\u00e1 lugar a ingresar a la modernidad en temas del faenado del ganado vacuno e inclusive la ampliaci\u00f3n para el ganado porcino y de esta forma tambi\u00e9n abarcar una mayor cantidad en la producci\u00f3n.<\/p>\n<p>\u201cGracias a Dios la sustituci\u00f3n del nuevo caldero a vapor sobre todo va a garantizar la salud y la seguridad de los trabajadores, porque el antiguo equipo que ven\u00edamos utilizando desde hace m\u00e1s de 12 a\u00f1os ten\u00eda el riesgo constante de que en cualquier momento pod\u00eda averiarse\u201d, se\u00f1al\u00f3 el dirigente Cachi.<\/p>\n<p>El representante de Futecra record\u00f3 que la adquisici\u00f3n de este equipo estaba dentro del pliego petitorio del municipio, donde se cuenta tambi\u00e9n con otro tipo de equipamientos como el guinche, corta pecho entre otros que lleg\u00f3 a costar m\u00e1s de un mill\u00f3n de bolivianos, adem\u00e1s garantizar\u00e1 los trabajos de mantenimiento garantizado y el abastecimiento de carne a la ciudad de El Alto.<\/p>\n<p>Cachi record\u00f3 que la implementaci\u00f3n del caldero es parte de un pliego petitorio de los 11 puntos que se hab\u00eda solicitado ante el municipio, adquisici\u00f3n, adjuntado a algunos accesorios m\u00e1s llegar\u00eda a cubrir el 50 por ciento de estas demandas, pero que se destaca que este equipamiento era principal.<\/p>\n<p>\u201cLo que podemos detallar es que el caldero tiene un costo de 200 mil bolivianos, maquinarias en 130 mil, guinches 108 mil lo que abarca aproximadamente medio mill\u00f3n de bolivianos.<\/p>\n<p>Por otro lado, contamos con la ampliaci\u00f3n de la sala de oreo que tiene un costo de 700 mil, total significa m\u00e1s de un mill\u00f3n de bolivianos\u201d, explic\u00f3 el dirigente de Futecra, Germ\u00e1n Cachi.<\/p>\n<p>En cuanto a la manipulaci\u00f3n de este caldero y por la modernidad que tiene ser\u00e1 el municipio quien otorgue un personal especializado para su manejo y de esta forma lograr un trabajo \u00f3ptimo para el beneficio de la poblaci\u00f3n.<\/p>\n<p>&nbsp;<\/p>\n","protected":false},"excerpt":{"rendered":"<p>En dos d\u00edas m\u00e1s y de manera oficial el nuevo caldero del matadero municipal entrar\u00e1 en funcionamiento, equipamiento que ser\u00e1 sustituido luego de m\u00e1s de 12 a\u00f1os, seg\u00fan el dirigente de la Federaci\u00f3n \u00danica de Trabajadores Carne\u00a0 y Ramas Anexas (Futecra), Germ\u00e1n Cachi. Este cambio, seg\u00fan el representante de los trabajadores en carne de El [&hellip;]<\/p>\n","protected":false},"author":1,"featured_media":102668,"comment_status":"closed","ping_status":"closed","sticky":false,"template":"","format":"standard","meta":{"_acf_changed":false,"footnotes":""},"categories":[12],"tags":[],"class_list":["post-102667","post","type-post","status-publish","format-standard","has-post-thumbnail","category-nacional"],"acf":{"antetitulo":""},"yoast_head":"<!-- This site is optimized with the Yoast SEO plugin v28.4 - https:\/\/yoast.com\/product\/yoast-seo-wordpress\/ -->\n<title>Matadero municipal de El Alto ya cuenta con nuevo caldero - El Diario - Bolivia<\/title>\n<meta name=\"robots\" content=\"index, follow, max-snippet:-1, max-image-preview:large, max-video-preview:-1\" \/>\n<link rel=\"canonical\" href=\"https:\/\/www.eldiario.net\/portal\/2022\/08\/09\/matadero-municipal-de-el-alto-ya-cuenta-con-nuevo-caldero\/\" \/>\n<meta property=\"og:locale\" content=\"es_ES\" \/>\n<meta property=\"og:type\" content=\"article\" \/>\n<meta property=\"og:title\" content=\"Matadero municipal de El Alto ya cuenta con nuevo caldero - El Diario - Bolivia\" \/>\n<meta property=\"og:description\" content=\"En dos d\u00edas m\u00e1s y de manera oficial el nuevo caldero del matadero municipal entrar\u00e1 en funcionamiento, equipamiento que ser\u00e1 sustituido luego de m\u00e1s de 12 a\u00f1os, seg\u00fan el dirigente de la Federaci\u00f3n \u00danica de Trabajadores Carne\u00a0 y Ramas Anexas (Futecra), Germ\u00e1n Cachi. Este cambio, seg\u00fan el representante de los trabajadores en carne de El [&hellip;]\" \/>\n<meta property=\"og:url\" content=\"https:\/\/www.eldiario.net\/portal\/2022\/08\/09\/matadero-municipal-de-el-alto-ya-cuenta-con-nuevo-caldero\/\" \/>\n<meta property=\"og:site_name\" content=\"El Diario - Bolivia\" \/>\n<meta property=\"article:publisher\" content=\"https:\/\/www.facebook.com\/eldiario.bolivia\/\" \/>\n<meta property=\"article:published_time\" content=\"2022-08-09T10:04:32+00:00\" \/>\n<meta name=\"author\" content=\"Jeanette\" \/>\n<meta name=\"twitter:card\" content=\"summary_large_image\" \/>\n<meta name=\"twitter:creator\" content=\"@eldiario_net\" \/>\n<meta name=\"twitter:site\" content=\"@eldiario_net\" \/>\n<meta name=\"twitter:label1\" content=\"Escrito por\" \/>\n\t<meta name=\"twitter:data1\" content=\"Jeanette\" \/>\n\t<meta name=\"twitter:label2\" content=\"Tiempo de lectura\" \/>\n\t<meta name=\"twitter:data2\" content=\"2 minutos\" \/>\n<script type=\"application\/ld+json\" class=\"yoast-schema-graph\">{\"@context\":\"https:\\\/\\\/schema.org\",\"@graph\":[{\"@type\":\"Article\",\"@id\":\"https:\\\/\\\/www.eldiario.net\\\/portal\\\/2022\\\/08\\\/09\\\/matadero-municipal-de-el-alto-ya-cuenta-con-nuevo-caldero\\\/#article\",\"isPartOf\":{\"@id\":\"https:\\\/\\\/www.eldiario.net\\\/portal\\\/2022\\\/08\\\/09\\\/matadero-municipal-de-el-alto-ya-cuenta-con-nuevo-caldero\\\/\"},\"author\":{\"name\":\"Jeanette\",\"@id\":\"https:\\\/\\\/www.eldiario.net\\\/portal\\\/#\\\/schema\\\/person\\\/f46445640444750d7d753ccd04ae01b7\"},\"headline\":\"Matadero municipal de El Alto ya cuenta con nuevo caldero\",\"datePublished\":\"2022-08-09T10:04:32+00:00\",\"mainEntityOfPage\":{\"@id\":\"https:\\\/\\\/www.eldiario.net\\\/portal\\\/2022\\\/08\\\/09\\\/matadero-municipal-de-el-alto-ya-cuenta-con-nuevo-caldero\\\/\"},\"wordCount\":393,\"publisher\":{\"@id\":\"https:\\\/\\\/www.eldiario.net\\\/portal\\\/#organization\"},\"image\":{\"@id\":\"https:\\\/\\\/www.eldiario.net\\\/portal\\\/2022\\\/08\\\/09\\\/matadero-municipal-de-el-alto-ya-cuenta-con-nuevo-caldero\\\/#primaryimage\"},\"thumbnailUrl\":\"\",\"articleSection\":[\"Nacional\"],\"inLanguage\":\"es\"},{\"@type\":\"WebPage\",\"@id\":\"https:\\\/\\\/www.eldiario.net\\\/portal\\\/2022\\\/08\\\/09\\\/matadero-municipal-de-el-alto-ya-cuenta-con-nuevo-caldero\\\/\",\"url\":\"https:\\\/\\\/www.eldiario.net\\\/portal\\\/2022\\\/08\\\/09\\\/matadero-municipal-de-el-alto-ya-cuenta-con-nuevo-caldero\\\/\",\"name\":\"Matadero municipal de El Alto ya cuenta con nuevo caldero - El Diario - Bolivia\",\"isPartOf\":{\"@id\":\"https:\\\/\\\/www.eldiario.net\\\/portal\\\/#website\"},\"primaryImageOfPage\":{\"@id\":\"https:\\\/\\\/www.eldiario.net\\\/portal\\\/2022\\\/08\\\/09\\\/matadero-municipal-de-el-alto-ya-cuenta-con-nuevo-caldero\\\/#primaryimage\"},\"image\":{\"@id\":\"https:\\\/\\\/www.eldiario.net\\\/portal\\\/2022\\\/08\\\/09\\\/matadero-municipal-de-el-alto-ya-cuenta-con-nuevo-caldero\\\/#primaryimage\"},\"thumbnailUrl\":\"\",\"datePublished\":\"2022-08-09T10:04:32+00:00\",\"breadcrumb\":{\"@id\":\"https:\\\/\\\/www.eldiario.net\\\/portal\\\/2022\\\/08\\\/09\\\/matadero-municipal-de-el-alto-ya-cuenta-con-nuevo-caldero\\\/#breadcrumb\"},\"inLanguage\":\"es\",\"potentialAction\":[{\"@type\":\"ReadAction\",\"target\":[\"https:\\\/\\\/www.eldiario.net\\\/portal\\\/2022\\\/08\\\/09\\\/matadero-municipal-de-el-alto-ya-cuenta-con-nuevo-caldero\\\/\"]}]},{\"@type\":\"ImageObject\",\"inLanguage\":\"es\",\"@id\":\"https:\\\/\\\/www.eldiario.net\\\/portal\\\/2022\\\/08\\\/09\\\/matadero-municipal-de-el-alto-ya-cuenta-con-nuevo-caldero\\\/#primaryimage\",\"url\":\"\",\"contentUrl\":\"\"},{\"@type\":\"BreadcrumbList\",\"@id\":\"https:\\\/\\\/www.eldiario.net\\\/portal\\\/2022\\\/08\\\/09\\\/matadero-municipal-de-el-alto-ya-cuenta-con-nuevo-caldero\\\/#breadcrumb\",\"itemListElement\":[{\"@type\":\"ListItem\",\"position\":1,\"name\":\"Portada\",\"item\":\"https:\\\/\\\/www.eldiario.net\\\/portal\\\/\"},{\"@type\":\"ListItem\",\"position\":2,\"name\":\"Matadero municipal de El Alto ya cuenta con nuevo caldero\"}]},{\"@type\":\"WebSite\",\"@id\":\"https:\\\/\\\/www.eldiario.net\\\/portal\\\/#website\",\"url\":\"https:\\\/\\\/www.eldiario.net\\\/portal\\\/\",\"name\":\"El Diario - Decano de la prensa nacional\",\"description\":\"El Diario - Decano de la prensa nacional\",\"publisher\":{\"@id\":\"https:\\\/\\\/www.eldiario.net\\\/portal\\\/#organization\"},\"potentialAction\":[{\"@type\":\"SearchAction\",\"target\":{\"@type\":\"EntryPoint\",\"urlTemplate\":\"https:\\\/\\\/www.eldiario.net\\\/portal\\\/?s={search_term_string}\"},\"query-input\":{\"@type\":\"PropertyValueSpecification\",\"valueRequired\":true,\"valueName\":\"search_term_string\"}}],\"inLanguage\":\"es\"},{\"@type\":\"Organization\",\"@id\":\"https:\\\/\\\/www.eldiario.net\\\/portal\\\/#organization\",\"name\":\"El Diario - Decano de la prensa nacional\",\"url\":\"https:\\\/\\\/www.eldiario.net\\\/portal\\\/\",\"logo\":{\"@type\":\"ImageObject\",\"inLanguage\":\"es\",\"@id\":\"https:\\\/\\\/www.eldiario.net\\\/portal\\\/#\\\/schema\\\/logo\\\/image\\\/\",\"url\":\"https:\\\/\\\/www.eldiario.net\\\/portal\\\/wp-content\\\/uploads\\\/2023\\\/07\\\/logo_ED.jpg\",\"contentUrl\":\"https:\\\/\\\/www.eldiario.net\\\/portal\\\/wp-content\\\/uploads\\\/2023\\\/07\\\/logo_ED.jpg\",\"width\":272,\"height\":52,\"caption\":\"El Diario - Decano de la prensa nacional\"},\"image\":{\"@id\":\"https:\\\/\\\/www.eldiario.net\\\/portal\\\/#\\\/schema\\\/logo\\\/image\\\/\"},\"sameAs\":[\"https:\\\/\\\/www.facebook.com\\\/eldiario.bolivia\\\/\",\"https:\\\/\\\/x.com\\\/eldiario_net\"]},{\"@type\":\"Person\",\"@id\":\"https:\\\/\\\/www.eldiario.net\\\/portal\\\/#\\\/schema\\\/person\\\/f46445640444750d7d753ccd04ae01b7\",\"name\":\"Jeanette\",\"image\":{\"@type\":\"ImageObject\",\"inLanguage\":\"es\",\"@id\":\"https:\\\/\\\/secure.gravatar.com\\\/avatar\\\/3ea2118a5f7dad2b7138b1187a6b7ee55f160b9968b66013c3a3ef39dd7e5798?s=96&d=mm&r=g\",\"url\":\"https:\\\/\\\/secure.gravatar.com\\\/avatar\\\/3ea2118a5f7dad2b7138b1187a6b7ee55f160b9968b66013c3a3ef39dd7e5798?s=96&d=mm&r=g\",\"contentUrl\":\"https:\\\/\\\/secure.gravatar.com\\\/avatar\\\/3ea2118a5f7dad2b7138b1187a6b7ee55f160b9968b66013c3a3ef39dd7e5798?s=96&d=mm&r=g\",\"caption\":\"Jeanette\"},\"sameAs\":[\"https:\\\/\\\/www.eldiario.net\\\/portal\"],\"url\":\"https:\\\/\\\/www.eldiario.net\\\/portal\\\/author\\\/jeanette\\\/\"}]}<\/script>\n<!-- \/ Yoast SEO plugin. -->","yoast_head_json":{"title":"Matadero municipal de El Alto ya cuenta con nuevo caldero - El Diario - Bolivia","robots":{"index":"index","follow":"follow","max-snippet":"max-snippet:-1","max-image-preview":"max-image-preview:large","max-video-preview":"max-video-preview:-1"},"canonical":"https:\/\/www.eldiario.net\/portal\/2022\/08\/09\/matadero-municipal-de-el-alto-ya-cuenta-con-nuevo-caldero\/","og_locale":"es_ES","og_type":"article","og_title":"Matadero municipal de El Alto ya cuenta con nuevo caldero - El Diario - Bolivia","og_description":"En dos d\u00edas m\u00e1s y de manera oficial el nuevo caldero del matadero municipal entrar\u00e1 en funcionamiento, equipamiento que ser\u00e1 sustituido luego de m\u00e1s de 12 a\u00f1os, seg\u00fan el dirigente de la Federaci\u00f3n \u00danica de Trabajadores Carne\u00a0 y Ramas Anexas (Futecra), Germ\u00e1n Cachi. Este cambio, seg\u00fan el representante de los trabajadores en carne de El [&hellip;]","og_url":"https:\/\/www.eldiario.net\/portal\/2022\/08\/09\/matadero-municipal-de-el-alto-ya-cuenta-con-nuevo-caldero\/","og_site_name":"El Diario - Bolivia","article_publisher":"https:\/\/www.facebook.com\/eldiario.bolivia\/","article_published_time":"2022-08-09T10:04:32+00:00","author":"Jeanette","twitter_card":"summary_large_image","twitter_creator":"@eldiario_net","twitter_site":"@eldiario_net","twitter_misc":{"Escrito por":"Jeanette","Tiempo de lectura":"2 minutos"},"schema":{"@context":"https:\/\/schema.org","@graph":[{"@type":"Article","@id":"https:\/\/www.eldiario.net\/portal\/2022\/08\/09\/matadero-municipal-de-el-alto-ya-cuenta-con-nuevo-caldero\/#article","isPartOf":{"@id":"https:\/\/www.eldiario.net\/portal\/2022\/08\/09\/matadero-municipal-de-el-alto-ya-cuenta-con-nuevo-caldero\/"},"author":{"name":"Jeanette","@id":"https:\/\/www.eldiario.net\/portal\/#\/schema\/person\/f46445640444750d7d753ccd04ae01b7"},"headline":"Matadero municipal de El Alto ya cuenta con nuevo caldero","datePublished":"2022-08-09T10:04:32+00:00","mainEntityOfPage":{"@id":"https:\/\/www.eldiario.net\/portal\/2022\/08\/09\/matadero-municipal-de-el-alto-ya-cuenta-con-nuevo-caldero\/"},"wordCount":393,"publisher":{"@id":"https:\/\/www.eldiario.net\/portal\/#organization"},"image":{"@id":"https:\/\/www.eldiario.net\/portal\/2022\/08\/09\/matadero-municipal-de-el-alto-ya-cuenta-con-nuevo-caldero\/#primaryimage"},"thumbnailUrl":"","articleSection":["Nacional"],"inLanguage":"es"},{"@type":"WebPage","@id":"https:\/\/www.eldiario.net\/portal\/2022\/08\/09\/matadero-municipal-de-el-alto-ya-cuenta-con-nuevo-caldero\/","url":"https:\/\/www.eldiario.net\/portal\/2022\/08\/09\/matadero-municipal-de-el-alto-ya-cuenta-con-nuevo-caldero\/","name":"Matadero municipal de El Alto ya cuenta con nuevo caldero - El Diario - Bolivia","isPartOf":{"@id":"https:\/\/www.eldiario.net\/portal\/#website"},"primaryImageOfPage":{"@id":"https:\/\/www.eldiario.net\/portal\/2022\/08\/09\/matadero-municipal-de-el-alto-ya-cuenta-con-nuevo-caldero\/#primaryimage"},"image":{"@id":"https:\/\/www.eldiario.net\/portal\/2022\/08\/09\/matadero-municipal-de-el-alto-ya-cuenta-con-nuevo-caldero\/#primaryimage"},"thumbnailUrl":"","datePublished":"2022-08-09T10:04:32+00:00","breadcrumb":{"@id":"https:\/\/www.eldiario.net\/portal\/2022\/08\/09\/matadero-municipal-de-el-alto-ya-cuenta-con-nuevo-caldero\/#breadcrumb"},"inLanguage":"es","potentialAction":[{"@type":"ReadAction","target":["https:\/\/www.eldiario.net\/portal\/2022\/08\/09\/matadero-municipal-de-el-alto-ya-cuenta-con-nuevo-caldero\/"]}]},{"@type":"ImageObject","inLanguage":"es","@id":"https:\/\/www.eldiario.net\/portal\/2022\/08\/09\/matadero-municipal-de-el-alto-ya-cuenta-con-nuevo-caldero\/#primaryimage","url":"","contentUrl":""},{"@type":"BreadcrumbList","@id":"https:\/\/www.eldiario.net\/portal\/2022\/08\/09\/matadero-municipal-de-el-alto-ya-cuenta-con-nuevo-caldero\/#breadcrumb","itemListElement":[{"@type":"ListItem","position":1,"name":"Portada","item":"https:\/\/www.eldiario.net\/portal\/"},{"@type":"ListItem","position":2,"name":"Matadero municipal de El Alto ya cuenta con nuevo caldero"}]},{"@type":"WebSite","@id":"https:\/\/www.eldiario.net\/portal\/#website","url":"https:\/\/www.eldiario.net\/portal\/","name":"El Diario - Decano de la prensa nacional","description":"El Diario - Decano de la prensa nacional","publisher":{"@id":"https:\/\/www.eldiario.net\/portal\/#organization"},"potentialAction":[{"@type":"SearchAction","target":{"@type":"EntryPoint","urlTemplate":"https:\/\/www.eldiario.net\/portal\/?s={search_term_string}"},"query-input":{"@type":"PropertyValueSpecification","valueRequired":true,"valueName":"search_term_string"}}],"inLanguage":"es"},{"@type":"Organization","@id":"https:\/\/www.eldiario.net\/portal\/#organization","name":"El Diario - Decano de la prensa nacional","url":"https:\/\/www.eldiario.net\/portal\/","logo":{"@type":"ImageObject","inLanguage":"es","@id":"https:\/\/www.eldiario.net\/portal\/#\/schema\/logo\/image\/","url":"https:\/\/www.eldiario.net\/portal\/wp-content\/uploads\/2023\/07\/logo_ED.jpg","contentUrl":"https:\/\/www.eldiario.net\/portal\/wp-content\/uploads\/2023\/07\/logo_ED.jpg","width":272,"height":52,"caption":"El Diario - Decano de la prensa nacional"},"image":{"@id":"https:\/\/www.eldiario.net\/portal\/#\/schema\/logo\/image\/"},"sameAs":["https:\/\/www.facebook.com\/eldiario.bolivia\/","https:\/\/x.com\/eldiario_net"]},{"@type":"Person","@id":"https:\/\/www.eldiario.net\/portal\/#\/schema\/person\/f46445640444750d7d753ccd04ae01b7","name":"Jeanette","image":{"@type":"ImageObject","inLanguage":"es","@id":"https:\/\/secure.gravatar.com\/avatar\/3ea2118a5f7dad2b7138b1187a6b7ee55f160b9968b66013c3a3ef39dd7e5798?s=96&d=mm&r=g","url":"https:\/\/secure.gravatar.com\/avatar\/3ea2118a5f7dad2b7138b1187a6b7ee55f160b9968b66013c3a3ef39dd7e5798?s=96&d=mm&r=g","contentUrl":"https:\/\/secure.gravatar.com\/avatar\/3ea2118a5f7dad2b7138b1187a6b7ee55f160b9968b66013c3a3ef39dd7e5798?s=96&d=mm&r=g","caption":"Jeanette"},"sameAs":["https:\/\/www.eldiario.net\/portal"],"url":"https:\/\/www.eldiario.net\/portal\/author\/jeanette\/"}]}},"_links":{"self":[{"href":"https:\/\/www.eldiario.net\/portal\/wp-json\/wp\/v2\/posts\/102667","targetHints":{"allow":["GET"]}}],"collection":[{"href":"https:\/\/www.eldiario.net\/portal\/wp-json\/wp\/v2\/posts"}],"about":[{"href":"https:\/\/www.eldiario.net\/portal\/wp-json\/wp\/v2\/types\/post"}],"author":[{"embeddable":true,"href":"https:\/\/www.eldiario.net\/portal\/wp-json\/wp\/v2\/users\/1"}],"replies":[{"embeddable":true,"href":"https:\/\/www.eldiario.net\/portal\/wp-json\/wp\/v2\/comments?post=102667"}],"version-history":[{"count":0,"href":"https:\/\/www.eldiario.net\/portal\/wp-json\/wp\/v2\/posts\/102667\/revisions"}],"wp:attachment":[{"href":"https:\/\/www.eldiario.net\/portal\/wp-json\/wp\/v2\/media?parent=102667"}],"wp:term":[{"taxonomy":"category","embeddable":true,"href":"https:\/\/www.eldiario.net\/portal\/wp-json\/wp\/v2\/categories?post=102667"},{"taxonomy":"post_tag","embeddable":true,"href":"https:\/\/www.eldiario.net\/portal\/wp-json\/wp\/v2\/tags?post=102667"}],"curies":[{"name":"wp","href":"https:\/\/api.w.org\/{rel}","templated":true}]}}