{"id":102663,"date":"2022-08-09T06:03:19","date_gmt":"2022-08-09T10:03:19","guid":{"rendered":"https:\/\/www.eldiario.net\/portal\/?p=102663"},"modified":"2022-08-09T06:03:19","modified_gmt":"2022-08-09T10:03:19","slug":"colombia-y-chile-promoveran-fortalecimiento-de-integracion","status":"publish","type":"post","link":"https:\/\/www.eldiario.net\/portal\/2022\/08\/09\/colombia-y-chile-promoveran-fortalecimiento-de-integracion\/","title":{"rendered":"Colombia y Chile promover\u00e1n  fortalecimiento de integraci\u00f3n"},"content":{"rendered":"<p>Bogot\u00e1.- El presidente de Colombia, Gustavo Petro y su hom\u00f3logo chileno, Gabriel Boric, anunciaron que buscar\u00e1n fortalecer la integraci\u00f3n regional a trav\u00e9s de la revitalizaci\u00f3n de organismos como la Comunidad Andina de Naciones (CAN) y la Comunidad de Estados Latinoamericanos y Caribe\u00f1os (Celac)<\/p>\n<p>Los dos mandatarios se reunieron en Bogot\u00e1, en donde abordaron temas de inter\u00e9s bilateral como las energ\u00edas limpias, la migraci\u00f3n y la lucha contra el crimen organizado.<\/p>\n<p>\u00abHemos invitado a Chile a que volvamos a mirar el tema de Comunidad Andina de Naciones entre varios procesos de integraci\u00f3n que ya existen, fortalecer la CELAC que es tambi\u00e9n una instituci\u00f3n mucho m\u00e1s amplia\u00bb, dijo Petro quien el domingo asumi\u00f3 como el primer presidente de izquierda en la historia de Colombia.<\/p>\n<p>La Comunidad Andina, integrada por Bolivia, Colombia, Ecuador y Per\u00fa es un organismo internacional que busca mejorar la calidad de vida de 111 millones de ciudadanos.<\/p>\n<p>Chile y Venezuela hicieron parte de la CAN, pero se retiraron. La Celac es un mecanismo intergubernamental de \u00e1mbito regional, que promueve la integraci\u00f3n y desarrollo de los 32 pa\u00edses latinoamericanos y caribe\u00f1os que la integran.<\/p>\n<p>Boric, quien reiter\u00f3 la disposici\u00f3n de Chile de continuar apoyando los esfuerzos de Colombia para alcanzar la paz con la guerrilla del Ej\u00e9rcito de Liberaci\u00f3n Nacional (ELN), asegur\u00f3 que la integraci\u00f3n debe centrarse en proyectos concretos \u00abque beneficien y mejoren la calidad de vida\u00bb de los ciudadanos.<\/p>\n<p>Petro reiter\u00f3 que su Gobierno buscar\u00e1 reiniciar la negociaci\u00f3n de paz con ELN desde el punto en que la dej\u00f3 la administraci\u00f3n del expresidente Juan Manuel Santos y dijo que reconoce los protocolos acordados con el apoyo de Cuba, Chile, Noruega, Venezuela y Brasil como pa\u00edses garantes.<\/p>\n<p>\u00abLe pedimos a los pa\u00edses que en ese momento fueron garantes, que sigan siendo garantes, puede haber otros\u00bb, asegur\u00f3 el presidente colombiano.<\/p>\n<p>\u00abHasta ahora estamos en unos puntos suspensivos. \u00bfQu\u00e9 es lo que hay en concreto? El deseo de continuar los procesos iniciados en el Gobierno Santos\u00bb, agreg\u00f3.<\/p>\n<p>Las negociaciones de paz de anteriores gobiernos con el ELN, que cuenta con unos 2.400 combatientes y es acusado de financiarse del secuestro, el narcotr\u00e1fico y la miner\u00eda ilegal, no avanzaron debido a sus posiciones radicales, una cadena de mando difusa y disensos entre sus filas.<\/p>\n<p>Petro afirm\u00f3 que tambi\u00e9n buscar\u00e1 implementar el acuerdo que se firm\u00f3 en 2016 con la antigua guerrilla de las Fuerzas Armadas Revolucionarias de Colombia (FARC), que puso fin a su participaci\u00f3n en el conflicto interno armado que dej\u00f3 450.000 muertos entre 1985 y el 2018, empezando por una reforma agraria.<\/p>\n<p>Petro tambi\u00e9n dijo que se busca una negociaci\u00f3n jur\u00eddica con las bandas criminales como el Clan del Golfo, que de acuerdo con fuentes cercanas al Gobierno ofrecer\u00e1 beneficios como rebajas de penas a cambio de delaci\u00f3n de rutas del narcotr\u00e1fico. (Reuters)<\/p>\n<p>&nbsp;<\/p>\n","protected":false},"excerpt":{"rendered":"<p>Bogot\u00e1.- El presidente de Colombia, Gustavo Petro y su hom\u00f3logo chileno, Gabriel Boric, anunciaron que buscar\u00e1n fortalecer la integraci\u00f3n regional a trav\u00e9s de la revitalizaci\u00f3n de organismos como la Comunidad Andina de Naciones (CAN) y la Comunidad de Estados Latinoamericanos y Caribe\u00f1os (Celac) Los dos mandatarios se reunieron en Bogot\u00e1, en donde abordaron temas de [&hellip;]<\/p>\n","protected":false},"author":1,"featured_media":102664,"comment_status":"closed","ping_status":"closed","sticky":false,"template":"","format":"standard","meta":{"_acf_changed":false,"footnotes":""},"categories":[3],"tags":[],"class_list":["post-102663","post","type-post","status-publish","format-standard","has-post-thumbnail","category-internacional"],"acf":{"antetitulo":""},"yoast_head":"<!-- This site is optimized with the Yoast SEO plugin v28.4 - https:\/\/yoast.com\/product\/yoast-seo-wordpress\/ -->\n<title>Colombia y Chile promover\u00e1n fortalecimiento de integraci\u00f3n - El Diario - Bolivia<\/title>\n<meta name=\"robots\" content=\"index, follow, max-snippet:-1, max-image-preview:large, max-video-preview:-1\" \/>\n<link rel=\"canonical\" href=\"https:\/\/www.eldiario.net\/portal\/2022\/08\/09\/colombia-y-chile-promoveran-fortalecimiento-de-integracion\/\" \/>\n<meta property=\"og:locale\" content=\"es_ES\" \/>\n<meta property=\"og:type\" content=\"article\" \/>\n<meta property=\"og:title\" content=\"Colombia y Chile promover\u00e1n fortalecimiento de integraci\u00f3n - El Diario - Bolivia\" \/>\n<meta property=\"og:description\" content=\"Bogot\u00e1.- El presidente de Colombia, Gustavo Petro y su hom\u00f3logo chileno, Gabriel Boric, anunciaron que buscar\u00e1n fortalecer la integraci\u00f3n regional a trav\u00e9s de la revitalizaci\u00f3n de organismos como la Comunidad Andina de Naciones (CAN) y la Comunidad de Estados Latinoamericanos y Caribe\u00f1os (Celac) Los dos mandatarios se reunieron en Bogot\u00e1, en donde abordaron temas de [&hellip;]\" \/>\n<meta property=\"og:url\" content=\"https:\/\/www.eldiario.net\/portal\/2022\/08\/09\/colombia-y-chile-promoveran-fortalecimiento-de-integracion\/\" \/>\n<meta property=\"og:site_name\" content=\"El Diario - Bolivia\" \/>\n<meta property=\"article:publisher\" content=\"https:\/\/www.facebook.com\/eldiario.bolivia\/\" \/>\n<meta property=\"article:published_time\" content=\"2022-08-09T10:03:19+00:00\" \/>\n<meta name=\"author\" content=\"Jeanette\" \/>\n<meta name=\"twitter:card\" content=\"summary_large_image\" \/>\n<meta name=\"twitter:creator\" content=\"@eldiario_net\" \/>\n<meta name=\"twitter:site\" content=\"@eldiario_net\" \/>\n<meta name=\"twitter:label1\" content=\"Escrito por\" \/>\n\t<meta name=\"twitter:data1\" content=\"Jeanette\" \/>\n\t<meta name=\"twitter:label2\" content=\"Tiempo de lectura\" \/>\n\t<meta name=\"twitter:data2\" content=\"3 minutos\" \/>\n<script type=\"application\/ld+json\" class=\"yoast-schema-graph\">{\"@context\":\"https:\\\/\\\/schema.org\",\"@graph\":[{\"@type\":\"Article\",\"@id\":\"https:\\\/\\\/www.eldiario.net\\\/portal\\\/2022\\\/08\\\/09\\\/colombia-y-chile-promoveran-fortalecimiento-de-integracion\\\/#article\",\"isPartOf\":{\"@id\":\"https:\\\/\\\/www.eldiario.net\\\/portal\\\/2022\\\/08\\\/09\\\/colombia-y-chile-promoveran-fortalecimiento-de-integracion\\\/\"},\"author\":{\"name\":\"Jeanette\",\"@id\":\"https:\\\/\\\/www.eldiario.net\\\/portal\\\/#\\\/schema\\\/person\\\/f46445640444750d7d753ccd04ae01b7\"},\"headline\":\"Colombia y Chile promover\u00e1n fortalecimiento de integraci\u00f3n\",\"datePublished\":\"2022-08-09T10:03:19+00:00\",\"mainEntityOfPage\":{\"@id\":\"https:\\\/\\\/www.eldiario.net\\\/portal\\\/2022\\\/08\\\/09\\\/colombia-y-chile-promoveran-fortalecimiento-de-integracion\\\/\"},\"wordCount\":500,\"publisher\":{\"@id\":\"https:\\\/\\\/www.eldiario.net\\\/portal\\\/#organization\"},\"image\":{\"@id\":\"https:\\\/\\\/www.eldiario.net\\\/portal\\\/2022\\\/08\\\/09\\\/colombia-y-chile-promoveran-fortalecimiento-de-integracion\\\/#primaryimage\"},\"thumbnailUrl\":\"\",\"articleSection\":[\"Internacional\"],\"inLanguage\":\"es\"},{\"@type\":\"WebPage\",\"@id\":\"https:\\\/\\\/www.eldiario.net\\\/portal\\\/2022\\\/08\\\/09\\\/colombia-y-chile-promoveran-fortalecimiento-de-integracion\\\/\",\"url\":\"https:\\\/\\\/www.eldiario.net\\\/portal\\\/2022\\\/08\\\/09\\\/colombia-y-chile-promoveran-fortalecimiento-de-integracion\\\/\",\"name\":\"Colombia y Chile promover\u00e1n fortalecimiento de integraci\u00f3n - El Diario - Bolivia\",\"isPartOf\":{\"@id\":\"https:\\\/\\\/www.eldiario.net\\\/portal\\\/#website\"},\"primaryImageOfPage\":{\"@id\":\"https:\\\/\\\/www.eldiario.net\\\/portal\\\/2022\\\/08\\\/09\\\/colombia-y-chile-promoveran-fortalecimiento-de-integracion\\\/#primaryimage\"},\"image\":{\"@id\":\"https:\\\/\\\/www.eldiario.net\\\/portal\\\/2022\\\/08\\\/09\\\/colombia-y-chile-promoveran-fortalecimiento-de-integracion\\\/#primaryimage\"},\"thumbnailUrl\":\"\",\"datePublished\":\"2022-08-09T10:03:19+00:00\",\"breadcrumb\":{\"@id\":\"https:\\\/\\\/www.eldiario.net\\\/portal\\\/2022\\\/08\\\/09\\\/colombia-y-chile-promoveran-fortalecimiento-de-integracion\\\/#breadcrumb\"},\"inLanguage\":\"es\",\"potentialAction\":[{\"@type\":\"ReadAction\",\"target\":[\"https:\\\/\\\/www.eldiario.net\\\/portal\\\/2022\\\/08\\\/09\\\/colombia-y-chile-promoveran-fortalecimiento-de-integracion\\\/\"]}]},{\"@type\":\"ImageObject\",\"inLanguage\":\"es\",\"@id\":\"https:\\\/\\\/www.eldiario.net\\\/portal\\\/2022\\\/08\\\/09\\\/colombia-y-chile-promoveran-fortalecimiento-de-integracion\\\/#primaryimage\",\"url\":\"\",\"contentUrl\":\"\"},{\"@type\":\"BreadcrumbList\",\"@id\":\"https:\\\/\\\/www.eldiario.net\\\/portal\\\/2022\\\/08\\\/09\\\/colombia-y-chile-promoveran-fortalecimiento-de-integracion\\\/#breadcrumb\",\"itemListElement\":[{\"@type\":\"ListItem\",\"position\":1,\"name\":\"Portada\",\"item\":\"https:\\\/\\\/www.eldiario.net\\\/portal\\\/\"},{\"@type\":\"ListItem\",\"position\":2,\"name\":\"Colombia y Chile promover\u00e1n fortalecimiento de integraci\u00f3n\"}]},{\"@type\":\"WebSite\",\"@id\":\"https:\\\/\\\/www.eldiario.net\\\/portal\\\/#website\",\"url\":\"https:\\\/\\\/www.eldiario.net\\\/portal\\\/\",\"name\":\"El Diario - Decano de la prensa nacional\",\"description\":\"El Diario - Decano de la prensa nacional\",\"publisher\":{\"@id\":\"https:\\\/\\\/www.eldiario.net\\\/portal\\\/#organization\"},\"potentialAction\":[{\"@type\":\"SearchAction\",\"target\":{\"@type\":\"EntryPoint\",\"urlTemplate\":\"https:\\\/\\\/www.eldiario.net\\\/portal\\\/?s={search_term_string}\"},\"query-input\":{\"@type\":\"PropertyValueSpecification\",\"valueRequired\":true,\"valueName\":\"search_term_string\"}}],\"inLanguage\":\"es\"},{\"@type\":\"Organization\",\"@id\":\"https:\\\/\\\/www.eldiario.net\\\/portal\\\/#organization\",\"name\":\"El Diario - Decano de la prensa nacional\",\"url\":\"https:\\\/\\\/www.eldiario.net\\\/portal\\\/\",\"logo\":{\"@type\":\"ImageObject\",\"inLanguage\":\"es\",\"@id\":\"https:\\\/\\\/www.eldiario.net\\\/portal\\\/#\\\/schema\\\/logo\\\/image\\\/\",\"url\":\"https:\\\/\\\/www.eldiario.net\\\/portal\\\/wp-content\\\/uploads\\\/2023\\\/07\\\/logo_ED.jpg\",\"contentUrl\":\"https:\\\/\\\/www.eldiario.net\\\/portal\\\/wp-content\\\/uploads\\\/2023\\\/07\\\/logo_ED.jpg\",\"width\":272,\"height\":52,\"caption\":\"El Diario - Decano de la prensa nacional\"},\"image\":{\"@id\":\"https:\\\/\\\/www.eldiario.net\\\/portal\\\/#\\\/schema\\\/logo\\\/image\\\/\"},\"sameAs\":[\"https:\\\/\\\/www.facebook.com\\\/eldiario.bolivia\\\/\",\"https:\\\/\\\/x.com\\\/eldiario_net\"]},{\"@type\":\"Person\",\"@id\":\"https:\\\/\\\/www.eldiario.net\\\/portal\\\/#\\\/schema\\\/person\\\/f46445640444750d7d753ccd04ae01b7\",\"name\":\"Jeanette\",\"image\":{\"@type\":\"ImageObject\",\"inLanguage\":\"es\",\"@id\":\"https:\\\/\\\/secure.gravatar.com\\\/avatar\\\/3ea2118a5f7dad2b7138b1187a6b7ee55f160b9968b66013c3a3ef39dd7e5798?s=96&d=mm&r=g\",\"url\":\"https:\\\/\\\/secure.gravatar.com\\\/avatar\\\/3ea2118a5f7dad2b7138b1187a6b7ee55f160b9968b66013c3a3ef39dd7e5798?s=96&d=mm&r=g\",\"contentUrl\":\"https:\\\/\\\/secure.gravatar.com\\\/avatar\\\/3ea2118a5f7dad2b7138b1187a6b7ee55f160b9968b66013c3a3ef39dd7e5798?s=96&d=mm&r=g\",\"caption\":\"Jeanette\"},\"sameAs\":[\"https:\\\/\\\/www.eldiario.net\\\/portal\"],\"url\":\"https:\\\/\\\/www.eldiario.net\\\/portal\\\/author\\\/jeanette\\\/\"}]}<\/script>\n<!-- \/ Yoast SEO plugin. -->","yoast_head_json":{"title":"Colombia y Chile promover\u00e1n fortalecimiento de integraci\u00f3n - El Diario - Bolivia","robots":{"index":"index","follow":"follow","max-snippet":"max-snippet:-1","max-image-preview":"max-image-preview:large","max-video-preview":"max-video-preview:-1"},"canonical":"https:\/\/www.eldiario.net\/portal\/2022\/08\/09\/colombia-y-chile-promoveran-fortalecimiento-de-integracion\/","og_locale":"es_ES","og_type":"article","og_title":"Colombia y Chile promover\u00e1n fortalecimiento de integraci\u00f3n - El Diario - Bolivia","og_description":"Bogot\u00e1.- El presidente de Colombia, Gustavo Petro y su hom\u00f3logo chileno, Gabriel Boric, anunciaron que buscar\u00e1n fortalecer la integraci\u00f3n regional a trav\u00e9s de la revitalizaci\u00f3n de organismos como la Comunidad Andina de Naciones (CAN) y la Comunidad de Estados Latinoamericanos y Caribe\u00f1os (Celac) Los dos mandatarios se reunieron en Bogot\u00e1, en donde abordaron temas de [&hellip;]","og_url":"https:\/\/www.eldiario.net\/portal\/2022\/08\/09\/colombia-y-chile-promoveran-fortalecimiento-de-integracion\/","og_site_name":"El Diario - Bolivia","article_publisher":"https:\/\/www.facebook.com\/eldiario.bolivia\/","article_published_time":"2022-08-09T10:03:19+00:00","author":"Jeanette","twitter_card":"summary_large_image","twitter_creator":"@eldiario_net","twitter_site":"@eldiario_net","twitter_misc":{"Escrito por":"Jeanette","Tiempo de lectura":"3 minutos"},"schema":{"@context":"https:\/\/schema.org","@graph":[{"@type":"Article","@id":"https:\/\/www.eldiario.net\/portal\/2022\/08\/09\/colombia-y-chile-promoveran-fortalecimiento-de-integracion\/#article","isPartOf":{"@id":"https:\/\/www.eldiario.net\/portal\/2022\/08\/09\/colombia-y-chile-promoveran-fortalecimiento-de-integracion\/"},"author":{"name":"Jeanette","@id":"https:\/\/www.eldiario.net\/portal\/#\/schema\/person\/f46445640444750d7d753ccd04ae01b7"},"headline":"Colombia y Chile promover\u00e1n fortalecimiento de integraci\u00f3n","datePublished":"2022-08-09T10:03:19+00:00","mainEntityOfPage":{"@id":"https:\/\/www.eldiario.net\/portal\/2022\/08\/09\/colombia-y-chile-promoveran-fortalecimiento-de-integracion\/"},"wordCount":500,"publisher":{"@id":"https:\/\/www.eldiario.net\/portal\/#organization"},"image":{"@id":"https:\/\/www.eldiario.net\/portal\/2022\/08\/09\/colombia-y-chile-promoveran-fortalecimiento-de-integracion\/#primaryimage"},"thumbnailUrl":"","articleSection":["Internacional"],"inLanguage":"es"},{"@type":"WebPage","@id":"https:\/\/www.eldiario.net\/portal\/2022\/08\/09\/colombia-y-chile-promoveran-fortalecimiento-de-integracion\/","url":"https:\/\/www.eldiario.net\/portal\/2022\/08\/09\/colombia-y-chile-promoveran-fortalecimiento-de-integracion\/","name":"Colombia y Chile promover\u00e1n fortalecimiento de integraci\u00f3n - El Diario - Bolivia","isPartOf":{"@id":"https:\/\/www.eldiario.net\/portal\/#website"},"primaryImageOfPage":{"@id":"https:\/\/www.eldiario.net\/portal\/2022\/08\/09\/colombia-y-chile-promoveran-fortalecimiento-de-integracion\/#primaryimage"},"image":{"@id":"https:\/\/www.eldiario.net\/portal\/2022\/08\/09\/colombia-y-chile-promoveran-fortalecimiento-de-integracion\/#primaryimage"},"thumbnailUrl":"","datePublished":"2022-08-09T10:03:19+00:00","breadcrumb":{"@id":"https:\/\/www.eldiario.net\/portal\/2022\/08\/09\/colombia-y-chile-promoveran-fortalecimiento-de-integracion\/#breadcrumb"},"inLanguage":"es","potentialAction":[{"@type":"ReadAction","target":["https:\/\/www.eldiario.net\/portal\/2022\/08\/09\/colombia-y-chile-promoveran-fortalecimiento-de-integracion\/"]}]},{"@type":"ImageObject","inLanguage":"es","@id":"https:\/\/www.eldiario.net\/portal\/2022\/08\/09\/colombia-y-chile-promoveran-fortalecimiento-de-integracion\/#primaryimage","url":"","contentUrl":""},{"@type":"BreadcrumbList","@id":"https:\/\/www.eldiario.net\/portal\/2022\/08\/09\/colombia-y-chile-promoveran-fortalecimiento-de-integracion\/#breadcrumb","itemListElement":[{"@type":"ListItem","position":1,"name":"Portada","item":"https:\/\/www.eldiario.net\/portal\/"},{"@type":"ListItem","position":2,"name":"Colombia y Chile promover\u00e1n fortalecimiento de integraci\u00f3n"}]},{"@type":"WebSite","@id":"https:\/\/www.eldiario.net\/portal\/#website","url":"https:\/\/www.eldiario.net\/portal\/","name":"El Diario - Decano de la prensa nacional","description":"El Diario - Decano de la prensa nacional","publisher":{"@id":"https:\/\/www.eldiario.net\/portal\/#organization"},"potentialAction":[{"@type":"SearchAction","target":{"@type":"EntryPoint","urlTemplate":"https:\/\/www.eldiario.net\/portal\/?s={search_term_string}"},"query-input":{"@type":"PropertyValueSpecification","valueRequired":true,"valueName":"search_term_string"}}],"inLanguage":"es"},{"@type":"Organization","@id":"https:\/\/www.eldiario.net\/portal\/#organization","name":"El Diario - Decano de la prensa nacional","url":"https:\/\/www.eldiario.net\/portal\/","logo":{"@type":"ImageObject","inLanguage":"es","@id":"https:\/\/www.eldiario.net\/portal\/#\/schema\/logo\/image\/","url":"https:\/\/www.eldiario.net\/portal\/wp-content\/uploads\/2023\/07\/logo_ED.jpg","contentUrl":"https:\/\/www.eldiario.net\/portal\/wp-content\/uploads\/2023\/07\/logo_ED.jpg","width":272,"height":52,"caption":"El Diario - Decano de la prensa nacional"},"image":{"@id":"https:\/\/www.eldiario.net\/portal\/#\/schema\/logo\/image\/"},"sameAs":["https:\/\/www.facebook.com\/eldiario.bolivia\/","https:\/\/x.com\/eldiario_net"]},{"@type":"Person","@id":"https:\/\/www.eldiario.net\/portal\/#\/schema\/person\/f46445640444750d7d753ccd04ae01b7","name":"Jeanette","image":{"@type":"ImageObject","inLanguage":"es","@id":"https:\/\/secure.gravatar.com\/avatar\/3ea2118a5f7dad2b7138b1187a6b7ee55f160b9968b66013c3a3ef39dd7e5798?s=96&d=mm&r=g","url":"https:\/\/secure.gravatar.com\/avatar\/3ea2118a5f7dad2b7138b1187a6b7ee55f160b9968b66013c3a3ef39dd7e5798?s=96&d=mm&r=g","contentUrl":"https:\/\/secure.gravatar.com\/avatar\/3ea2118a5f7dad2b7138b1187a6b7ee55f160b9968b66013c3a3ef39dd7e5798?s=96&d=mm&r=g","caption":"Jeanette"},"sameAs":["https:\/\/www.eldiario.net\/portal"],"url":"https:\/\/www.eldiario.net\/portal\/author\/jeanette\/"}]}},"_links":{"self":[{"href":"https:\/\/www.eldiario.net\/portal\/wp-json\/wp\/v2\/posts\/102663","targetHints":{"allow":["GET"]}}],"collection":[{"href":"https:\/\/www.eldiario.net\/portal\/wp-json\/wp\/v2\/posts"}],"about":[{"href":"https:\/\/www.eldiario.net\/portal\/wp-json\/wp\/v2\/types\/post"}],"author":[{"embeddable":true,"href":"https:\/\/www.eldiario.net\/portal\/wp-json\/wp\/v2\/users\/1"}],"replies":[{"embeddable":true,"href":"https:\/\/www.eldiario.net\/portal\/wp-json\/wp\/v2\/comments?post=102663"}],"version-history":[{"count":0,"href":"https:\/\/www.eldiario.net\/portal\/wp-json\/wp\/v2\/posts\/102663\/revisions"}],"wp:attachment":[{"href":"https:\/\/www.eldiario.net\/portal\/wp-json\/wp\/v2\/media?parent=102663"}],"wp:term":[{"taxonomy":"category","embeddable":true,"href":"https:\/\/www.eldiario.net\/portal\/wp-json\/wp\/v2\/categories?post=102663"},{"taxonomy":"post_tag","embeddable":true,"href":"https:\/\/www.eldiario.net\/portal\/wp-json\/wp\/v2\/tags?post=102663"}],"curies":[{"name":"wp","href":"https:\/\/api.w.org\/{rel}","templated":true}]}}