{"id":102657,"date":"2022-08-09T06:01:39","date_gmt":"2022-08-09T10:01:39","guid":{"rendered":"https:\/\/www.eldiario.net\/portal\/?p=102657"},"modified":"2022-08-09T06:01:39","modified_gmt":"2022-08-09T10:01:39","slug":"criminalizacion-del-periodismo-amenaza-la-libertad-de-prensa-en-centroamerica","status":"publish","type":"post","link":"https:\/\/www.eldiario.net\/portal\/2022\/08\/09\/criminalizacion-del-periodismo-amenaza-la-libertad-de-prensa-en-centroamerica\/","title":{"rendered":"Criminalizaci\u00f3n del periodismo amenaza  la libertad de prensa en Centroam\u00e9rica"},"content":{"rendered":"<p>La libertad de prensa en Centroam\u00e9rica sufre un retroceso sin precedentes, seg\u00fan advierten expertos consultados por Newtral.es. Nicaragua, Honduras y Guatemala se est\u00e1n convirtiendo en pa\u00edses cada vez m\u00e1s hostiles para los periodistas que cuestionan al poder, al punto de que se enfrentan a amenazas, exilio, persecuci\u00f3n y, en algunos casos, detenciones arbitrarias.<\/p>\n<p>El hecho que recientemente sufri\u00f3 el presidente del medio guatemalteco El Peri\u00f3dico, Jos\u00e9 Rub\u00e9n Zamora, ganador en 2021 del Premio Rey de Espa\u00f1a, sirvi\u00f3 como ejemplo para el portal web.<\/p>\n<p>\u201cHay un deterioro muy grave de la libertad de prensa en Centroam\u00e9rica y una persecuci\u00f3n de los periodistas: los reg\u00edmenes autoritarios est\u00e1n haciendo uso del mismo sistema de justicia, con lo cual convierten a la justicia en una farsa\u201d, se\u00f1al\u00f3 a Newtral.es Frank La Rue, relator especial de Naciones Unidas sobre la Libertad de Opini\u00f3n y Expresi\u00f3n entre 2008 y 2014.<\/p>\n<p>Los especialistas consultados por Newtral.es coinciden en que la amenaza a la libertad de prensa en Centroam\u00e9rica se debe en gran medida a que se han instaurado reg\u00edmenes autoritarios, pero que llegaron al poder a trav\u00e9s de las urnas.<\/p>\n<p>El caso m\u00e1s grave, seg\u00fan los analistas, es el de Nicaragua, donde el Gobierno de Daniel Ortega impuls\u00f3 leyes que criminalizan el oficio period\u00edstico, a la vez que mantiene bajo prisi\u00f3n a seis periodistas y directores de medios de comunicaci\u00f3n.<\/p>\n<p>Los ataques hacia periodistas y medios de comunicaci\u00f3n se han intensificado en los \u00faltimos a\u00f1os, en especial en El Salvador, Guatemala y Nicaragua, donde gobiernan Nayib Bukele, Alejandro Giammattei y Ortega, respectivamente.<\/p>\n<p>El informe Clasificaci\u00f3n Mundial de la Libertad de Prensa 2022, de Reporteros Sin Fronteras, ubica a Nicaragua en el puesto 160 de 180 naciones valoradas, mientras que Guatemala y El Salvador est\u00e1n en el 124 y 112, respectivamente.<\/p>\n<p>\u201cEstamos viendo con mucha preocupaci\u00f3n c\u00f3mo se est\u00e1n extendiendo en Centroam\u00e9rica estas pr\u00e1cticas, completamente autoritarias\u201d, consider\u00f3 por su parte Dagmar Thiel, fundadora de Fundamedios, una organizaci\u00f3n que defiende la libertad de expresi\u00f3n en Am\u00e9rica Latina.<\/p>\n","protected":false},"excerpt":{"rendered":"<p>La libertad de prensa en Centroam\u00e9rica sufre un retroceso sin precedentes, seg\u00fan advierten expertos consultados por Newtral.es. Nicaragua, Honduras y Guatemala se est\u00e1n convirtiendo en pa\u00edses cada vez m\u00e1s hostiles para los periodistas que cuestionan al poder, al punto de que se enfrentan a amenazas, exilio, persecuci\u00f3n y, en algunos casos, detenciones arbitrarias. El hecho [&hellip;]<\/p>\n","protected":false},"author":1,"featured_media":102658,"comment_status":"closed","ping_status":"closed","sticky":false,"template":"","format":"standard","meta":{"_acf_changed":false,"footnotes":""},"categories":[3],"tags":[],"class_list":["post-102657","post","type-post","status-publish","format-standard","has-post-thumbnail","category-internacional"],"acf":{"antetitulo":""},"yoast_head":"<!-- This site is optimized with the Yoast SEO plugin v28.4 - https:\/\/yoast.com\/product\/yoast-seo-wordpress\/ -->\n<title>Criminalizaci\u00f3n del periodismo amenaza la libertad de prensa en Centroam\u00e9rica - El Diario - Bolivia<\/title>\n<meta name=\"robots\" content=\"index, follow, max-snippet:-1, max-image-preview:large, max-video-preview:-1\" \/>\n<link rel=\"canonical\" href=\"https:\/\/www.eldiario.net\/portal\/2022\/08\/09\/criminalizacion-del-periodismo-amenaza-la-libertad-de-prensa-en-centroamerica\/\" \/>\n<meta property=\"og:locale\" content=\"es_ES\" \/>\n<meta property=\"og:type\" content=\"article\" \/>\n<meta property=\"og:title\" content=\"Criminalizaci\u00f3n del periodismo amenaza la libertad de prensa en Centroam\u00e9rica - El Diario - Bolivia\" \/>\n<meta property=\"og:description\" content=\"La libertad de prensa en Centroam\u00e9rica sufre un retroceso sin precedentes, seg\u00fan advierten expertos consultados por Newtral.es. Nicaragua, Honduras y Guatemala se est\u00e1n convirtiendo en pa\u00edses cada vez m\u00e1s hostiles para los periodistas que cuestionan al poder, al punto de que se enfrentan a amenazas, exilio, persecuci\u00f3n y, en algunos casos, detenciones arbitrarias. El hecho [&hellip;]\" \/>\n<meta property=\"og:url\" content=\"https:\/\/www.eldiario.net\/portal\/2022\/08\/09\/criminalizacion-del-periodismo-amenaza-la-libertad-de-prensa-en-centroamerica\/\" \/>\n<meta property=\"og:site_name\" content=\"El Diario - Bolivia\" \/>\n<meta property=\"article:publisher\" content=\"https:\/\/www.facebook.com\/eldiario.bolivia\/\" \/>\n<meta property=\"article:published_time\" content=\"2022-08-09T10:01:39+00:00\" \/>\n<meta property=\"og:image\" content=\"https:\/\/www.eldiario.net\/portal\/wp-content\/uploads\/2022\/08\/Prensa-FOTO.jpg\" \/>\n\t<meta property=\"og:image:width\" content=\"632\" \/>\n\t<meta property=\"og:image:height\" content=\"373\" \/>\n\t<meta property=\"og:image:type\" content=\"image\/jpeg\" \/>\n<meta name=\"author\" content=\"Jeanette\" \/>\n<meta name=\"twitter:card\" content=\"summary_large_image\" \/>\n<meta name=\"twitter:creator\" content=\"@eldiario_net\" \/>\n<meta name=\"twitter:site\" content=\"@eldiario_net\" \/>\n<meta name=\"twitter:label1\" content=\"Escrito por\" \/>\n\t<meta name=\"twitter:data1\" content=\"Jeanette\" \/>\n\t<meta name=\"twitter:label2\" content=\"Tiempo de lectura\" \/>\n\t<meta name=\"twitter:data2\" content=\"2 minutos\" \/>\n<script type=\"application\/ld+json\" class=\"yoast-schema-graph\">{\"@context\":\"https:\\\/\\\/schema.org\",\"@graph\":[{\"@type\":\"Article\",\"@id\":\"https:\\\/\\\/www.eldiario.net\\\/portal\\\/2022\\\/08\\\/09\\\/criminalizacion-del-periodismo-amenaza-la-libertad-de-prensa-en-centroamerica\\\/#article\",\"isPartOf\":{\"@id\":\"https:\\\/\\\/www.eldiario.net\\\/portal\\\/2022\\\/08\\\/09\\\/criminalizacion-del-periodismo-amenaza-la-libertad-de-prensa-en-centroamerica\\\/\"},\"author\":{\"name\":\"Jeanette\",\"@id\":\"https:\\\/\\\/www.eldiario.net\\\/portal\\\/#\\\/schema\\\/person\\\/f46445640444750d7d753ccd04ae01b7\"},\"headline\":\"Criminalizaci\u00f3n del periodismo amenaza la libertad de prensa en Centroam\u00e9rica\",\"datePublished\":\"2022-08-09T10:01:39+00:00\",\"mainEntityOfPage\":{\"@id\":\"https:\\\/\\\/www.eldiario.net\\\/portal\\\/2022\\\/08\\\/09\\\/criminalizacion-del-periodismo-amenaza-la-libertad-de-prensa-en-centroamerica\\\/\"},\"wordCount\":371,\"publisher\":{\"@id\":\"https:\\\/\\\/www.eldiario.net\\\/portal\\\/#organization\"},\"image\":{\"@id\":\"https:\\\/\\\/www.eldiario.net\\\/portal\\\/2022\\\/08\\\/09\\\/criminalizacion-del-periodismo-amenaza-la-libertad-de-prensa-en-centroamerica\\\/#primaryimage\"},\"thumbnailUrl\":\"https:\\\/\\\/www.eldiario.net\\\/portal\\\/wp-content\\\/uploads\\\/2022\\\/08\\\/Prensa-FOTO.jpg\",\"articleSection\":[\"Internacional\"],\"inLanguage\":\"es\"},{\"@type\":\"WebPage\",\"@id\":\"https:\\\/\\\/www.eldiario.net\\\/portal\\\/2022\\\/08\\\/09\\\/criminalizacion-del-periodismo-amenaza-la-libertad-de-prensa-en-centroamerica\\\/\",\"url\":\"https:\\\/\\\/www.eldiario.net\\\/portal\\\/2022\\\/08\\\/09\\\/criminalizacion-del-periodismo-amenaza-la-libertad-de-prensa-en-centroamerica\\\/\",\"name\":\"Criminalizaci\u00f3n del periodismo amenaza la libertad de prensa en Centroam\u00e9rica - El Diario - Bolivia\",\"isPartOf\":{\"@id\":\"https:\\\/\\\/www.eldiario.net\\\/portal\\\/#website\"},\"primaryImageOfPage\":{\"@id\":\"https:\\\/\\\/www.eldiario.net\\\/portal\\\/2022\\\/08\\\/09\\\/criminalizacion-del-periodismo-amenaza-la-libertad-de-prensa-en-centroamerica\\\/#primaryimage\"},\"image\":{\"@id\":\"https:\\\/\\\/www.eldiario.net\\\/portal\\\/2022\\\/08\\\/09\\\/criminalizacion-del-periodismo-amenaza-la-libertad-de-prensa-en-centroamerica\\\/#primaryimage\"},\"thumbnailUrl\":\"https:\\\/\\\/www.eldiario.net\\\/portal\\\/wp-content\\\/uploads\\\/2022\\\/08\\\/Prensa-FOTO.jpg\",\"datePublished\":\"2022-08-09T10:01:39+00:00\",\"breadcrumb\":{\"@id\":\"https:\\\/\\\/www.eldiario.net\\\/portal\\\/2022\\\/08\\\/09\\\/criminalizacion-del-periodismo-amenaza-la-libertad-de-prensa-en-centroamerica\\\/#breadcrumb\"},\"inLanguage\":\"es\",\"potentialAction\":[{\"@type\":\"ReadAction\",\"target\":[\"https:\\\/\\\/www.eldiario.net\\\/portal\\\/2022\\\/08\\\/09\\\/criminalizacion-del-periodismo-amenaza-la-libertad-de-prensa-en-centroamerica\\\/\"]}]},{\"@type\":\"ImageObject\",\"inLanguage\":\"es\",\"@id\":\"https:\\\/\\\/www.eldiario.net\\\/portal\\\/2022\\\/08\\\/09\\\/criminalizacion-del-periodismo-amenaza-la-libertad-de-prensa-en-centroamerica\\\/#primaryimage\",\"url\":\"https:\\\/\\\/www.eldiario.net\\\/portal\\\/wp-content\\\/uploads\\\/2022\\\/08\\\/Prensa-FOTO.jpg\",\"contentUrl\":\"https:\\\/\\\/www.eldiario.net\\\/portal\\\/wp-content\\\/uploads\\\/2022\\\/08\\\/Prensa-FOTO.jpg\",\"width\":632,\"height\":373,\"caption\":\"FOTO MUESTRA A AGENTES DE SEGURIDAD DE NICARAGUA. SIP\"},{\"@type\":\"BreadcrumbList\",\"@id\":\"https:\\\/\\\/www.eldiario.net\\\/portal\\\/2022\\\/08\\\/09\\\/criminalizacion-del-periodismo-amenaza-la-libertad-de-prensa-en-centroamerica\\\/#breadcrumb\",\"itemListElement\":[{\"@type\":\"ListItem\",\"position\":1,\"name\":\"Portada\",\"item\":\"https:\\\/\\\/www.eldiario.net\\\/portal\\\/\"},{\"@type\":\"ListItem\",\"position\":2,\"name\":\"Criminalizaci\u00f3n del periodismo amenaza la libertad de prensa en Centroam\u00e9rica\"}]},{\"@type\":\"WebSite\",\"@id\":\"https:\\\/\\\/www.eldiario.net\\\/portal\\\/#website\",\"url\":\"https:\\\/\\\/www.eldiario.net\\\/portal\\\/\",\"name\":\"El Diario - Decano de la prensa nacional\",\"description\":\"El Diario - Decano de la prensa nacional\",\"publisher\":{\"@id\":\"https:\\\/\\\/www.eldiario.net\\\/portal\\\/#organization\"},\"potentialAction\":[{\"@type\":\"SearchAction\",\"target\":{\"@type\":\"EntryPoint\",\"urlTemplate\":\"https:\\\/\\\/www.eldiario.net\\\/portal\\\/?s={search_term_string}\"},\"query-input\":{\"@type\":\"PropertyValueSpecification\",\"valueRequired\":true,\"valueName\":\"search_term_string\"}}],\"inLanguage\":\"es\"},{\"@type\":\"Organization\",\"@id\":\"https:\\\/\\\/www.eldiario.net\\\/portal\\\/#organization\",\"name\":\"El Diario - Decano de la prensa nacional\",\"url\":\"https:\\\/\\\/www.eldiario.net\\\/portal\\\/\",\"logo\":{\"@type\":\"ImageObject\",\"inLanguage\":\"es\",\"@id\":\"https:\\\/\\\/www.eldiario.net\\\/portal\\\/#\\\/schema\\\/logo\\\/image\\\/\",\"url\":\"https:\\\/\\\/www.eldiario.net\\\/portal\\\/wp-content\\\/uploads\\\/2023\\\/07\\\/logo_ED.jpg\",\"contentUrl\":\"https:\\\/\\\/www.eldiario.net\\\/portal\\\/wp-content\\\/uploads\\\/2023\\\/07\\\/logo_ED.jpg\",\"width\":272,\"height\":52,\"caption\":\"El Diario - Decano de la prensa nacional\"},\"image\":{\"@id\":\"https:\\\/\\\/www.eldiario.net\\\/portal\\\/#\\\/schema\\\/logo\\\/image\\\/\"},\"sameAs\":[\"https:\\\/\\\/www.facebook.com\\\/eldiario.bolivia\\\/\",\"https:\\\/\\\/x.com\\\/eldiario_net\"]},{\"@type\":\"Person\",\"@id\":\"https:\\\/\\\/www.eldiario.net\\\/portal\\\/#\\\/schema\\\/person\\\/f46445640444750d7d753ccd04ae01b7\",\"name\":\"Jeanette\",\"image\":{\"@type\":\"ImageObject\",\"inLanguage\":\"es\",\"@id\":\"https:\\\/\\\/secure.gravatar.com\\\/avatar\\\/3ea2118a5f7dad2b7138b1187a6b7ee55f160b9968b66013c3a3ef39dd7e5798?s=96&d=mm&r=g\",\"url\":\"https:\\\/\\\/secure.gravatar.com\\\/avatar\\\/3ea2118a5f7dad2b7138b1187a6b7ee55f160b9968b66013c3a3ef39dd7e5798?s=96&d=mm&r=g\",\"contentUrl\":\"https:\\\/\\\/secure.gravatar.com\\\/avatar\\\/3ea2118a5f7dad2b7138b1187a6b7ee55f160b9968b66013c3a3ef39dd7e5798?s=96&d=mm&r=g\",\"caption\":\"Jeanette\"},\"sameAs\":[\"https:\\\/\\\/www.eldiario.net\\\/portal\"],\"url\":\"https:\\\/\\\/www.eldiario.net\\\/portal\\\/author\\\/jeanette\\\/\"}]}<\/script>\n<!-- \/ Yoast SEO plugin. -->","yoast_head_json":{"title":"Criminalizaci\u00f3n del periodismo amenaza la libertad de prensa en Centroam\u00e9rica - El Diario - Bolivia","robots":{"index":"index","follow":"follow","max-snippet":"max-snippet:-1","max-image-preview":"max-image-preview:large","max-video-preview":"max-video-preview:-1"},"canonical":"https:\/\/www.eldiario.net\/portal\/2022\/08\/09\/criminalizacion-del-periodismo-amenaza-la-libertad-de-prensa-en-centroamerica\/","og_locale":"es_ES","og_type":"article","og_title":"Criminalizaci\u00f3n del periodismo amenaza la libertad de prensa en Centroam\u00e9rica - El Diario - Bolivia","og_description":"La libertad de prensa en Centroam\u00e9rica sufre un retroceso sin precedentes, seg\u00fan advierten expertos consultados por Newtral.es. Nicaragua, Honduras y Guatemala se est\u00e1n convirtiendo en pa\u00edses cada vez m\u00e1s hostiles para los periodistas que cuestionan al poder, al punto de que se enfrentan a amenazas, exilio, persecuci\u00f3n y, en algunos casos, detenciones arbitrarias. El hecho [&hellip;]","og_url":"https:\/\/www.eldiario.net\/portal\/2022\/08\/09\/criminalizacion-del-periodismo-amenaza-la-libertad-de-prensa-en-centroamerica\/","og_site_name":"El Diario - Bolivia","article_publisher":"https:\/\/www.facebook.com\/eldiario.bolivia\/","article_published_time":"2022-08-09T10:01:39+00:00","og_image":[{"width":632,"height":373,"url":"https:\/\/www.eldiario.net\/portal\/wp-content\/uploads\/2022\/08\/Prensa-FOTO.jpg","type":"image\/jpeg"}],"author":"Jeanette","twitter_card":"summary_large_image","twitter_creator":"@eldiario_net","twitter_site":"@eldiario_net","twitter_misc":{"Escrito por":"Jeanette","Tiempo de lectura":"2 minutos"},"schema":{"@context":"https:\/\/schema.org","@graph":[{"@type":"Article","@id":"https:\/\/www.eldiario.net\/portal\/2022\/08\/09\/criminalizacion-del-periodismo-amenaza-la-libertad-de-prensa-en-centroamerica\/#article","isPartOf":{"@id":"https:\/\/www.eldiario.net\/portal\/2022\/08\/09\/criminalizacion-del-periodismo-amenaza-la-libertad-de-prensa-en-centroamerica\/"},"author":{"name":"Jeanette","@id":"https:\/\/www.eldiario.net\/portal\/#\/schema\/person\/f46445640444750d7d753ccd04ae01b7"},"headline":"Criminalizaci\u00f3n del periodismo amenaza la libertad de prensa en Centroam\u00e9rica","datePublished":"2022-08-09T10:01:39+00:00","mainEntityOfPage":{"@id":"https:\/\/www.eldiario.net\/portal\/2022\/08\/09\/criminalizacion-del-periodismo-amenaza-la-libertad-de-prensa-en-centroamerica\/"},"wordCount":371,"publisher":{"@id":"https:\/\/www.eldiario.net\/portal\/#organization"},"image":{"@id":"https:\/\/www.eldiario.net\/portal\/2022\/08\/09\/criminalizacion-del-periodismo-amenaza-la-libertad-de-prensa-en-centroamerica\/#primaryimage"},"thumbnailUrl":"https:\/\/www.eldiario.net\/portal\/wp-content\/uploads\/2022\/08\/Prensa-FOTO.jpg","articleSection":["Internacional"],"inLanguage":"es"},{"@type":"WebPage","@id":"https:\/\/www.eldiario.net\/portal\/2022\/08\/09\/criminalizacion-del-periodismo-amenaza-la-libertad-de-prensa-en-centroamerica\/","url":"https:\/\/www.eldiario.net\/portal\/2022\/08\/09\/criminalizacion-del-periodismo-amenaza-la-libertad-de-prensa-en-centroamerica\/","name":"Criminalizaci\u00f3n del periodismo amenaza la libertad de prensa en Centroam\u00e9rica - El Diario - Bolivia","isPartOf":{"@id":"https:\/\/www.eldiario.net\/portal\/#website"},"primaryImageOfPage":{"@id":"https:\/\/www.eldiario.net\/portal\/2022\/08\/09\/criminalizacion-del-periodismo-amenaza-la-libertad-de-prensa-en-centroamerica\/#primaryimage"},"image":{"@id":"https:\/\/www.eldiario.net\/portal\/2022\/08\/09\/criminalizacion-del-periodismo-amenaza-la-libertad-de-prensa-en-centroamerica\/#primaryimage"},"thumbnailUrl":"https:\/\/www.eldiario.net\/portal\/wp-content\/uploads\/2022\/08\/Prensa-FOTO.jpg","datePublished":"2022-08-09T10:01:39+00:00","breadcrumb":{"@id":"https:\/\/www.eldiario.net\/portal\/2022\/08\/09\/criminalizacion-del-periodismo-amenaza-la-libertad-de-prensa-en-centroamerica\/#breadcrumb"},"inLanguage":"es","potentialAction":[{"@type":"ReadAction","target":["https:\/\/www.eldiario.net\/portal\/2022\/08\/09\/criminalizacion-del-periodismo-amenaza-la-libertad-de-prensa-en-centroamerica\/"]}]},{"@type":"ImageObject","inLanguage":"es","@id":"https:\/\/www.eldiario.net\/portal\/2022\/08\/09\/criminalizacion-del-periodismo-amenaza-la-libertad-de-prensa-en-centroamerica\/#primaryimage","url":"https:\/\/www.eldiario.net\/portal\/wp-content\/uploads\/2022\/08\/Prensa-FOTO.jpg","contentUrl":"https:\/\/www.eldiario.net\/portal\/wp-content\/uploads\/2022\/08\/Prensa-FOTO.jpg","width":632,"height":373,"caption":"FOTO MUESTRA A AGENTES DE SEGURIDAD DE NICARAGUA. SIP"},{"@type":"BreadcrumbList","@id":"https:\/\/www.eldiario.net\/portal\/2022\/08\/09\/criminalizacion-del-periodismo-amenaza-la-libertad-de-prensa-en-centroamerica\/#breadcrumb","itemListElement":[{"@type":"ListItem","position":1,"name":"Portada","item":"https:\/\/www.eldiario.net\/portal\/"},{"@type":"ListItem","position":2,"name":"Criminalizaci\u00f3n del periodismo amenaza la libertad de prensa en Centroam\u00e9rica"}]},{"@type":"WebSite","@id":"https:\/\/www.eldiario.net\/portal\/#website","url":"https:\/\/www.eldiario.net\/portal\/","name":"El Diario - Decano de la prensa nacional","description":"El Diario - Decano de la prensa nacional","publisher":{"@id":"https:\/\/www.eldiario.net\/portal\/#organization"},"potentialAction":[{"@type":"SearchAction","target":{"@type":"EntryPoint","urlTemplate":"https:\/\/www.eldiario.net\/portal\/?s={search_term_string}"},"query-input":{"@type":"PropertyValueSpecification","valueRequired":true,"valueName":"search_term_string"}}],"inLanguage":"es"},{"@type":"Organization","@id":"https:\/\/www.eldiario.net\/portal\/#organization","name":"El Diario - Decano de la prensa nacional","url":"https:\/\/www.eldiario.net\/portal\/","logo":{"@type":"ImageObject","inLanguage":"es","@id":"https:\/\/www.eldiario.net\/portal\/#\/schema\/logo\/image\/","url":"https:\/\/www.eldiario.net\/portal\/wp-content\/uploads\/2023\/07\/logo_ED.jpg","contentUrl":"https:\/\/www.eldiario.net\/portal\/wp-content\/uploads\/2023\/07\/logo_ED.jpg","width":272,"height":52,"caption":"El Diario - Decano de la prensa nacional"},"image":{"@id":"https:\/\/www.eldiario.net\/portal\/#\/schema\/logo\/image\/"},"sameAs":["https:\/\/www.facebook.com\/eldiario.bolivia\/","https:\/\/x.com\/eldiario_net"]},{"@type":"Person","@id":"https:\/\/www.eldiario.net\/portal\/#\/schema\/person\/f46445640444750d7d753ccd04ae01b7","name":"Jeanette","image":{"@type":"ImageObject","inLanguage":"es","@id":"https:\/\/secure.gravatar.com\/avatar\/3ea2118a5f7dad2b7138b1187a6b7ee55f160b9968b66013c3a3ef39dd7e5798?s=96&d=mm&r=g","url":"https:\/\/secure.gravatar.com\/avatar\/3ea2118a5f7dad2b7138b1187a6b7ee55f160b9968b66013c3a3ef39dd7e5798?s=96&d=mm&r=g","contentUrl":"https:\/\/secure.gravatar.com\/avatar\/3ea2118a5f7dad2b7138b1187a6b7ee55f160b9968b66013c3a3ef39dd7e5798?s=96&d=mm&r=g","caption":"Jeanette"},"sameAs":["https:\/\/www.eldiario.net\/portal"],"url":"https:\/\/www.eldiario.net\/portal\/author\/jeanette\/"}]}},"_links":{"self":[{"href":"https:\/\/www.eldiario.net\/portal\/wp-json\/wp\/v2\/posts\/102657","targetHints":{"allow":["GET"]}}],"collection":[{"href":"https:\/\/www.eldiario.net\/portal\/wp-json\/wp\/v2\/posts"}],"about":[{"href":"https:\/\/www.eldiario.net\/portal\/wp-json\/wp\/v2\/types\/post"}],"author":[{"embeddable":true,"href":"https:\/\/www.eldiario.net\/portal\/wp-json\/wp\/v2\/users\/1"}],"replies":[{"embeddable":true,"href":"https:\/\/www.eldiario.net\/portal\/wp-json\/wp\/v2\/comments?post=102657"}],"version-history":[{"count":0,"href":"https:\/\/www.eldiario.net\/portal\/wp-json\/wp\/v2\/posts\/102657\/revisions"}],"wp:featuredmedia":[{"embeddable":true,"href":"https:\/\/www.eldiario.net\/portal\/wp-json\/wp\/v2\/media\/102658"}],"wp:attachment":[{"href":"https:\/\/www.eldiario.net\/portal\/wp-json\/wp\/v2\/media?parent=102657"}],"wp:term":[{"taxonomy":"category","embeddable":true,"href":"https:\/\/www.eldiario.net\/portal\/wp-json\/wp\/v2\/categories?post=102657"},{"taxonomy":"post_tag","embeddable":true,"href":"https:\/\/www.eldiario.net\/portal\/wp-json\/wp\/v2\/tags?post=102657"}],"curies":[{"name":"wp","href":"https:\/\/api.w.org\/{rel}","templated":true}]}}