{"id":102654,"date":"2022-08-09T06:00:49","date_gmt":"2022-08-09T10:00:49","guid":{"rendered":"https:\/\/www.eldiario.net\/portal\/?p=102654"},"modified":"2022-08-09T06:00:49","modified_gmt":"2022-08-09T10:00:49","slug":"colapsa-tercer-tanque-de-crudo-en-cuba-luego-de-incendio","status":"publish","type":"post","link":"https:\/\/www.eldiario.net\/portal\/2022\/08\/09\/colapsa-tercer-tanque-de-crudo-en-cuba-luego-de-incendio\/","title":{"rendered":"Colapsa tercer tanque de crudo  en Cuba luego de incendio"},"content":{"rendered":"<p>La Habana.- Un tercer tanque de crudo colaps\u00f3 en la terminal de almacenamiento de Matanzas (Cuba), luego del derrame de un segundo dep\u00f3sito que se incendi\u00f3, inform\u00f3 la Gobernaci\u00f3n local sobre el mayor accidente petrolero en a\u00f1os en la isla.<\/p>\n<p>Cuba hab\u00eda logrado algunos avances el fin de semana en el combate a las llamas, con la ayuda de M\u00e9xico y Venezuela, pero el domingo por la noche comenz\u00f3 a propagarse el fuego desde el segundo tanque, que se derrumb\u00f3, dijo Mario Sabines, gobernador de la provincia de Matanzas, a unos 130 kil\u00f3metros al este de La Habana.<\/p>\n<p>En Matanzas est\u00e1 ubicada la principal terminal petrolera de Cuba y su mayor puerto para recibir crudo y combustibles importados. El crudo pesado cubano, as\u00ed como el fuel oil y el di\u00e9sel almacenado en Matanzas, se utilizan principalmente para generar electricidad en la isla.<\/p>\n<p>Sabines compar\u00f3 la situaci\u00f3n con una \u00abantorcha ol\u00edmpica\u00bb que va de un tanque a otro, convirtiendo cada uno en un \u00abfog\u00f3n\u00bb y ahora abarcando el \u00e1rea que cubre los tres tanques, con llamas y humo negro que hace que la situaci\u00f3n sea \u00abmuy compleja\u00bb.<\/p>\n<p>En reiterados esfuerzos para controlar el siniestro, helic\u00f3pteros del Ministerio de Defensa de Cuba continuaban el lunes los env\u00edos de agua de mar sobre los tanques y una potente bomba se ha instalado, en la que trabajan expertos locales, de M\u00e9xico y Venezuela.<\/p>\n<p>Los residentes han seguido de cerca los acontecimientos por temor a que empeore la situaci\u00f3n.<\/p>\n<p>\u00abOh, Dios m\u00edo, sin luz y sin gas, eso es lo que esto significa\u00bb, indic\u00f3 la cubana P\u00eda Ferrer en un barrio de lujo de La Habana. (Reuters)<\/p>\n","protected":false},"excerpt":{"rendered":"<p>La Habana.- Un tercer tanque de crudo colaps\u00f3 en la terminal de almacenamiento de Matanzas (Cuba), luego del derrame de un segundo dep\u00f3sito que se incendi\u00f3, inform\u00f3 la Gobernaci\u00f3n local sobre el mayor accidente petrolero en a\u00f1os en la isla. Cuba hab\u00eda logrado algunos avances el fin de semana en el combate a las llamas, [&hellip;]<\/p>\n","protected":false},"author":1,"featured_media":102655,"comment_status":"closed","ping_status":"closed","sticky":false,"template":"","format":"standard","meta":{"_acf_changed":false,"footnotes":""},"categories":[3],"tags":[],"class_list":["post-102654","post","type-post","status-publish","format-standard","has-post-thumbnail","category-internacional"],"acf":{"antetitulo":""},"yoast_head":"<!-- This site is optimized with the Yoast SEO plugin v28.4 - https:\/\/yoast.com\/product\/yoast-seo-wordpress\/ -->\n<title>Colapsa tercer tanque de crudo en Cuba luego de incendio - El Diario - Bolivia<\/title>\n<meta name=\"robots\" content=\"index, follow, max-snippet:-1, max-image-preview:large, max-video-preview:-1\" \/>\n<link rel=\"canonical\" href=\"https:\/\/www.eldiario.net\/portal\/2022\/08\/09\/colapsa-tercer-tanque-de-crudo-en-cuba-luego-de-incendio\/\" \/>\n<meta property=\"og:locale\" content=\"es_ES\" \/>\n<meta property=\"og:type\" content=\"article\" \/>\n<meta property=\"og:title\" content=\"Colapsa tercer tanque de crudo en Cuba luego de incendio - El Diario - Bolivia\" \/>\n<meta property=\"og:description\" content=\"La Habana.- Un tercer tanque de crudo colaps\u00f3 en la terminal de almacenamiento de Matanzas (Cuba), luego del derrame de un segundo dep\u00f3sito que se incendi\u00f3, inform\u00f3 la Gobernaci\u00f3n local sobre el mayor accidente petrolero en a\u00f1os en la isla. Cuba hab\u00eda logrado algunos avances el fin de semana en el combate a las llamas, [&hellip;]\" \/>\n<meta property=\"og:url\" content=\"https:\/\/www.eldiario.net\/portal\/2022\/08\/09\/colapsa-tercer-tanque-de-crudo-en-cuba-luego-de-incendio\/\" \/>\n<meta property=\"og:site_name\" content=\"El Diario - Bolivia\" \/>\n<meta property=\"article:publisher\" content=\"https:\/\/www.facebook.com\/eldiario.bolivia\/\" \/>\n<meta property=\"article:published_time\" content=\"2022-08-09T10:00:49+00:00\" \/>\n<meta property=\"og:image\" content=\"https:\/\/www.eldiario.net\/portal\/wp-content\/uploads\/2022\/08\/Tanque-FOTO-scaled-1.jpg\" \/>\n\t<meta property=\"og:image:width\" content=\"2560\" \/>\n\t<meta property=\"og:image:height\" content=\"1784\" \/>\n\t<meta property=\"og:image:type\" content=\"image\/jpeg\" \/>\n<meta name=\"author\" content=\"Jeanette\" \/>\n<meta name=\"twitter:card\" content=\"summary_large_image\" \/>\n<meta name=\"twitter:creator\" content=\"@eldiario_net\" \/>\n<meta name=\"twitter:site\" content=\"@eldiario_net\" \/>\n<meta name=\"twitter:label1\" content=\"Escrito por\" \/>\n\t<meta name=\"twitter:data1\" content=\"Jeanette\" \/>\n\t<meta name=\"twitter:label2\" content=\"Tiempo de lectura\" \/>\n\t<meta name=\"twitter:data2\" content=\"2 minutos\" \/>\n<script type=\"application\/ld+json\" class=\"yoast-schema-graph\">{\"@context\":\"https:\\\/\\\/schema.org\",\"@graph\":[{\"@type\":\"Article\",\"@id\":\"https:\\\/\\\/www.eldiario.net\\\/portal\\\/2022\\\/08\\\/09\\\/colapsa-tercer-tanque-de-crudo-en-cuba-luego-de-incendio\\\/#article\",\"isPartOf\":{\"@id\":\"https:\\\/\\\/www.eldiario.net\\\/portal\\\/2022\\\/08\\\/09\\\/colapsa-tercer-tanque-de-crudo-en-cuba-luego-de-incendio\\\/\"},\"author\":{\"name\":\"Jeanette\",\"@id\":\"https:\\\/\\\/www.eldiario.net\\\/portal\\\/#\\\/schema\\\/person\\\/f46445640444750d7d753ccd04ae01b7\"},\"headline\":\"Colapsa tercer tanque de crudo en Cuba luego de incendio\",\"datePublished\":\"2022-08-09T10:00:49+00:00\",\"mainEntityOfPage\":{\"@id\":\"https:\\\/\\\/www.eldiario.net\\\/portal\\\/2022\\\/08\\\/09\\\/colapsa-tercer-tanque-de-crudo-en-cuba-luego-de-incendio\\\/\"},\"wordCount\":299,\"publisher\":{\"@id\":\"https:\\\/\\\/www.eldiario.net\\\/portal\\\/#organization\"},\"image\":{\"@id\":\"https:\\\/\\\/www.eldiario.net\\\/portal\\\/2022\\\/08\\\/09\\\/colapsa-tercer-tanque-de-crudo-en-cuba-luego-de-incendio\\\/#primaryimage\"},\"thumbnailUrl\":\"https:\\\/\\\/www.eldiario.net\\\/portal\\\/wp-content\\\/uploads\\\/2022\\\/08\\\/Tanque-FOTO-scaled-1.jpg\",\"articleSection\":[\"Internacional\"],\"inLanguage\":\"es\"},{\"@type\":\"WebPage\",\"@id\":\"https:\\\/\\\/www.eldiario.net\\\/portal\\\/2022\\\/08\\\/09\\\/colapsa-tercer-tanque-de-crudo-en-cuba-luego-de-incendio\\\/\",\"url\":\"https:\\\/\\\/www.eldiario.net\\\/portal\\\/2022\\\/08\\\/09\\\/colapsa-tercer-tanque-de-crudo-en-cuba-luego-de-incendio\\\/\",\"name\":\"Colapsa tercer tanque de crudo en Cuba luego de incendio - El Diario - Bolivia\",\"isPartOf\":{\"@id\":\"https:\\\/\\\/www.eldiario.net\\\/portal\\\/#website\"},\"primaryImageOfPage\":{\"@id\":\"https:\\\/\\\/www.eldiario.net\\\/portal\\\/2022\\\/08\\\/09\\\/colapsa-tercer-tanque-de-crudo-en-cuba-luego-de-incendio\\\/#primaryimage\"},\"image\":{\"@id\":\"https:\\\/\\\/www.eldiario.net\\\/portal\\\/2022\\\/08\\\/09\\\/colapsa-tercer-tanque-de-crudo-en-cuba-luego-de-incendio\\\/#primaryimage\"},\"thumbnailUrl\":\"https:\\\/\\\/www.eldiario.net\\\/portal\\\/wp-content\\\/uploads\\\/2022\\\/08\\\/Tanque-FOTO-scaled-1.jpg\",\"datePublished\":\"2022-08-09T10:00:49+00:00\",\"breadcrumb\":{\"@id\":\"https:\\\/\\\/www.eldiario.net\\\/portal\\\/2022\\\/08\\\/09\\\/colapsa-tercer-tanque-de-crudo-en-cuba-luego-de-incendio\\\/#breadcrumb\"},\"inLanguage\":\"es\",\"potentialAction\":[{\"@type\":\"ReadAction\",\"target\":[\"https:\\\/\\\/www.eldiario.net\\\/portal\\\/2022\\\/08\\\/09\\\/colapsa-tercer-tanque-de-crudo-en-cuba-luego-de-incendio\\\/\"]}]},{\"@type\":\"ImageObject\",\"inLanguage\":\"es\",\"@id\":\"https:\\\/\\\/www.eldiario.net\\\/portal\\\/2022\\\/08\\\/09\\\/colapsa-tercer-tanque-de-crudo-en-cuba-luego-de-incendio\\\/#primaryimage\",\"url\":\"https:\\\/\\\/www.eldiario.net\\\/portal\\\/wp-content\\\/uploads\\\/2022\\\/08\\\/Tanque-FOTO-scaled-1.jpg\",\"contentUrl\":\"https:\\\/\\\/www.eldiario.net\\\/portal\\\/wp-content\\\/uploads\\\/2022\\\/08\\\/Tanque-FOTO-scaled-1.jpg\",\"width\":2560,\"height\":1784,\"caption\":\"FOTO MUESTRA INCENDIO EN ALMACENAMIENTO DE GASOLINA EN CUBA. REUTERS\"},{\"@type\":\"BreadcrumbList\",\"@id\":\"https:\\\/\\\/www.eldiario.net\\\/portal\\\/2022\\\/08\\\/09\\\/colapsa-tercer-tanque-de-crudo-en-cuba-luego-de-incendio\\\/#breadcrumb\",\"itemListElement\":[{\"@type\":\"ListItem\",\"position\":1,\"name\":\"Portada\",\"item\":\"https:\\\/\\\/www.eldiario.net\\\/portal\\\/\"},{\"@type\":\"ListItem\",\"position\":2,\"name\":\"Colapsa tercer tanque de crudo en Cuba luego de incendio\"}]},{\"@type\":\"WebSite\",\"@id\":\"https:\\\/\\\/www.eldiario.net\\\/portal\\\/#website\",\"url\":\"https:\\\/\\\/www.eldiario.net\\\/portal\\\/\",\"name\":\"El Diario - Decano de la prensa nacional\",\"description\":\"El Diario - Decano de la prensa nacional\",\"publisher\":{\"@id\":\"https:\\\/\\\/www.eldiario.net\\\/portal\\\/#organization\"},\"potentialAction\":[{\"@type\":\"SearchAction\",\"target\":{\"@type\":\"EntryPoint\",\"urlTemplate\":\"https:\\\/\\\/www.eldiario.net\\\/portal\\\/?s={search_term_string}\"},\"query-input\":{\"@type\":\"PropertyValueSpecification\",\"valueRequired\":true,\"valueName\":\"search_term_string\"}}],\"inLanguage\":\"es\"},{\"@type\":\"Organization\",\"@id\":\"https:\\\/\\\/www.eldiario.net\\\/portal\\\/#organization\",\"name\":\"El Diario - Decano de la prensa nacional\",\"url\":\"https:\\\/\\\/www.eldiario.net\\\/portal\\\/\",\"logo\":{\"@type\":\"ImageObject\",\"inLanguage\":\"es\",\"@id\":\"https:\\\/\\\/www.eldiario.net\\\/portal\\\/#\\\/schema\\\/logo\\\/image\\\/\",\"url\":\"https:\\\/\\\/www.eldiario.net\\\/portal\\\/wp-content\\\/uploads\\\/2023\\\/07\\\/logo_ED.jpg\",\"contentUrl\":\"https:\\\/\\\/www.eldiario.net\\\/portal\\\/wp-content\\\/uploads\\\/2023\\\/07\\\/logo_ED.jpg\",\"width\":272,\"height\":52,\"caption\":\"El Diario - Decano de la prensa nacional\"},\"image\":{\"@id\":\"https:\\\/\\\/www.eldiario.net\\\/portal\\\/#\\\/schema\\\/logo\\\/image\\\/\"},\"sameAs\":[\"https:\\\/\\\/www.facebook.com\\\/eldiario.bolivia\\\/\",\"https:\\\/\\\/x.com\\\/eldiario_net\"]},{\"@type\":\"Person\",\"@id\":\"https:\\\/\\\/www.eldiario.net\\\/portal\\\/#\\\/schema\\\/person\\\/f46445640444750d7d753ccd04ae01b7\",\"name\":\"Jeanette\",\"image\":{\"@type\":\"ImageObject\",\"inLanguage\":\"es\",\"@id\":\"https:\\\/\\\/secure.gravatar.com\\\/avatar\\\/3ea2118a5f7dad2b7138b1187a6b7ee55f160b9968b66013c3a3ef39dd7e5798?s=96&d=mm&r=g\",\"url\":\"https:\\\/\\\/secure.gravatar.com\\\/avatar\\\/3ea2118a5f7dad2b7138b1187a6b7ee55f160b9968b66013c3a3ef39dd7e5798?s=96&d=mm&r=g\",\"contentUrl\":\"https:\\\/\\\/secure.gravatar.com\\\/avatar\\\/3ea2118a5f7dad2b7138b1187a6b7ee55f160b9968b66013c3a3ef39dd7e5798?s=96&d=mm&r=g\",\"caption\":\"Jeanette\"},\"sameAs\":[\"https:\\\/\\\/www.eldiario.net\\\/portal\"],\"url\":\"https:\\\/\\\/www.eldiario.net\\\/portal\\\/author\\\/jeanette\\\/\"}]}<\/script>\n<!-- \/ Yoast SEO plugin. -->","yoast_head_json":{"title":"Colapsa tercer tanque de crudo en Cuba luego de incendio - El Diario - Bolivia","robots":{"index":"index","follow":"follow","max-snippet":"max-snippet:-1","max-image-preview":"max-image-preview:large","max-video-preview":"max-video-preview:-1"},"canonical":"https:\/\/www.eldiario.net\/portal\/2022\/08\/09\/colapsa-tercer-tanque-de-crudo-en-cuba-luego-de-incendio\/","og_locale":"es_ES","og_type":"article","og_title":"Colapsa tercer tanque de crudo en Cuba luego de incendio - El Diario - Bolivia","og_description":"La Habana.- Un tercer tanque de crudo colaps\u00f3 en la terminal de almacenamiento de Matanzas (Cuba), luego del derrame de un segundo dep\u00f3sito que se incendi\u00f3, inform\u00f3 la Gobernaci\u00f3n local sobre el mayor accidente petrolero en a\u00f1os en la isla. Cuba hab\u00eda logrado algunos avances el fin de semana en el combate a las llamas, [&hellip;]","og_url":"https:\/\/www.eldiario.net\/portal\/2022\/08\/09\/colapsa-tercer-tanque-de-crudo-en-cuba-luego-de-incendio\/","og_site_name":"El Diario - Bolivia","article_publisher":"https:\/\/www.facebook.com\/eldiario.bolivia\/","article_published_time":"2022-08-09T10:00:49+00:00","og_image":[{"width":2560,"height":1784,"url":"https:\/\/www.eldiario.net\/portal\/wp-content\/uploads\/2022\/08\/Tanque-FOTO-scaled-1.jpg","type":"image\/jpeg"}],"author":"Jeanette","twitter_card":"summary_large_image","twitter_creator":"@eldiario_net","twitter_site":"@eldiario_net","twitter_misc":{"Escrito por":"Jeanette","Tiempo de lectura":"2 minutos"},"schema":{"@context":"https:\/\/schema.org","@graph":[{"@type":"Article","@id":"https:\/\/www.eldiario.net\/portal\/2022\/08\/09\/colapsa-tercer-tanque-de-crudo-en-cuba-luego-de-incendio\/#article","isPartOf":{"@id":"https:\/\/www.eldiario.net\/portal\/2022\/08\/09\/colapsa-tercer-tanque-de-crudo-en-cuba-luego-de-incendio\/"},"author":{"name":"Jeanette","@id":"https:\/\/www.eldiario.net\/portal\/#\/schema\/person\/f46445640444750d7d753ccd04ae01b7"},"headline":"Colapsa tercer tanque de crudo en Cuba luego de incendio","datePublished":"2022-08-09T10:00:49+00:00","mainEntityOfPage":{"@id":"https:\/\/www.eldiario.net\/portal\/2022\/08\/09\/colapsa-tercer-tanque-de-crudo-en-cuba-luego-de-incendio\/"},"wordCount":299,"publisher":{"@id":"https:\/\/www.eldiario.net\/portal\/#organization"},"image":{"@id":"https:\/\/www.eldiario.net\/portal\/2022\/08\/09\/colapsa-tercer-tanque-de-crudo-en-cuba-luego-de-incendio\/#primaryimage"},"thumbnailUrl":"https:\/\/www.eldiario.net\/portal\/wp-content\/uploads\/2022\/08\/Tanque-FOTO-scaled-1.jpg","articleSection":["Internacional"],"inLanguage":"es"},{"@type":"WebPage","@id":"https:\/\/www.eldiario.net\/portal\/2022\/08\/09\/colapsa-tercer-tanque-de-crudo-en-cuba-luego-de-incendio\/","url":"https:\/\/www.eldiario.net\/portal\/2022\/08\/09\/colapsa-tercer-tanque-de-crudo-en-cuba-luego-de-incendio\/","name":"Colapsa tercer tanque de crudo en Cuba luego de incendio - El Diario - Bolivia","isPartOf":{"@id":"https:\/\/www.eldiario.net\/portal\/#website"},"primaryImageOfPage":{"@id":"https:\/\/www.eldiario.net\/portal\/2022\/08\/09\/colapsa-tercer-tanque-de-crudo-en-cuba-luego-de-incendio\/#primaryimage"},"image":{"@id":"https:\/\/www.eldiario.net\/portal\/2022\/08\/09\/colapsa-tercer-tanque-de-crudo-en-cuba-luego-de-incendio\/#primaryimage"},"thumbnailUrl":"https:\/\/www.eldiario.net\/portal\/wp-content\/uploads\/2022\/08\/Tanque-FOTO-scaled-1.jpg","datePublished":"2022-08-09T10:00:49+00:00","breadcrumb":{"@id":"https:\/\/www.eldiario.net\/portal\/2022\/08\/09\/colapsa-tercer-tanque-de-crudo-en-cuba-luego-de-incendio\/#breadcrumb"},"inLanguage":"es","potentialAction":[{"@type":"ReadAction","target":["https:\/\/www.eldiario.net\/portal\/2022\/08\/09\/colapsa-tercer-tanque-de-crudo-en-cuba-luego-de-incendio\/"]}]},{"@type":"ImageObject","inLanguage":"es","@id":"https:\/\/www.eldiario.net\/portal\/2022\/08\/09\/colapsa-tercer-tanque-de-crudo-en-cuba-luego-de-incendio\/#primaryimage","url":"https:\/\/www.eldiario.net\/portal\/wp-content\/uploads\/2022\/08\/Tanque-FOTO-scaled-1.jpg","contentUrl":"https:\/\/www.eldiario.net\/portal\/wp-content\/uploads\/2022\/08\/Tanque-FOTO-scaled-1.jpg","width":2560,"height":1784,"caption":"FOTO MUESTRA INCENDIO EN ALMACENAMIENTO DE GASOLINA EN CUBA. REUTERS"},{"@type":"BreadcrumbList","@id":"https:\/\/www.eldiario.net\/portal\/2022\/08\/09\/colapsa-tercer-tanque-de-crudo-en-cuba-luego-de-incendio\/#breadcrumb","itemListElement":[{"@type":"ListItem","position":1,"name":"Portada","item":"https:\/\/www.eldiario.net\/portal\/"},{"@type":"ListItem","position":2,"name":"Colapsa tercer tanque de crudo en Cuba luego de incendio"}]},{"@type":"WebSite","@id":"https:\/\/www.eldiario.net\/portal\/#website","url":"https:\/\/www.eldiario.net\/portal\/","name":"El Diario - Decano de la prensa nacional","description":"El Diario - Decano de la prensa nacional","publisher":{"@id":"https:\/\/www.eldiario.net\/portal\/#organization"},"potentialAction":[{"@type":"SearchAction","target":{"@type":"EntryPoint","urlTemplate":"https:\/\/www.eldiario.net\/portal\/?s={search_term_string}"},"query-input":{"@type":"PropertyValueSpecification","valueRequired":true,"valueName":"search_term_string"}}],"inLanguage":"es"},{"@type":"Organization","@id":"https:\/\/www.eldiario.net\/portal\/#organization","name":"El Diario - Decano de la prensa nacional","url":"https:\/\/www.eldiario.net\/portal\/","logo":{"@type":"ImageObject","inLanguage":"es","@id":"https:\/\/www.eldiario.net\/portal\/#\/schema\/logo\/image\/","url":"https:\/\/www.eldiario.net\/portal\/wp-content\/uploads\/2023\/07\/logo_ED.jpg","contentUrl":"https:\/\/www.eldiario.net\/portal\/wp-content\/uploads\/2023\/07\/logo_ED.jpg","width":272,"height":52,"caption":"El Diario - Decano de la prensa nacional"},"image":{"@id":"https:\/\/www.eldiario.net\/portal\/#\/schema\/logo\/image\/"},"sameAs":["https:\/\/www.facebook.com\/eldiario.bolivia\/","https:\/\/x.com\/eldiario_net"]},{"@type":"Person","@id":"https:\/\/www.eldiario.net\/portal\/#\/schema\/person\/f46445640444750d7d753ccd04ae01b7","name":"Jeanette","image":{"@type":"ImageObject","inLanguage":"es","@id":"https:\/\/secure.gravatar.com\/avatar\/3ea2118a5f7dad2b7138b1187a6b7ee55f160b9968b66013c3a3ef39dd7e5798?s=96&d=mm&r=g","url":"https:\/\/secure.gravatar.com\/avatar\/3ea2118a5f7dad2b7138b1187a6b7ee55f160b9968b66013c3a3ef39dd7e5798?s=96&d=mm&r=g","contentUrl":"https:\/\/secure.gravatar.com\/avatar\/3ea2118a5f7dad2b7138b1187a6b7ee55f160b9968b66013c3a3ef39dd7e5798?s=96&d=mm&r=g","caption":"Jeanette"},"sameAs":["https:\/\/www.eldiario.net\/portal"],"url":"https:\/\/www.eldiario.net\/portal\/author\/jeanette\/"}]}},"_links":{"self":[{"href":"https:\/\/www.eldiario.net\/portal\/wp-json\/wp\/v2\/posts\/102654","targetHints":{"allow":["GET"]}}],"collection":[{"href":"https:\/\/www.eldiario.net\/portal\/wp-json\/wp\/v2\/posts"}],"about":[{"href":"https:\/\/www.eldiario.net\/portal\/wp-json\/wp\/v2\/types\/post"}],"author":[{"embeddable":true,"href":"https:\/\/www.eldiario.net\/portal\/wp-json\/wp\/v2\/users\/1"}],"replies":[{"embeddable":true,"href":"https:\/\/www.eldiario.net\/portal\/wp-json\/wp\/v2\/comments?post=102654"}],"version-history":[{"count":0,"href":"https:\/\/www.eldiario.net\/portal\/wp-json\/wp\/v2\/posts\/102654\/revisions"}],"wp:featuredmedia":[{"embeddable":true,"href":"https:\/\/www.eldiario.net\/portal\/wp-json\/wp\/v2\/media\/102655"}],"wp:attachment":[{"href":"https:\/\/www.eldiario.net\/portal\/wp-json\/wp\/v2\/media?parent=102654"}],"wp:term":[{"taxonomy":"category","embeddable":true,"href":"https:\/\/www.eldiario.net\/portal\/wp-json\/wp\/v2\/categories?post=102654"},{"taxonomy":"post_tag","embeddable":true,"href":"https:\/\/www.eldiario.net\/portal\/wp-json\/wp\/v2\/tags?post=102654"}],"curies":[{"name":"wp","href":"https:\/\/api.w.org\/{rel}","templated":true}]}}