{"id":102649,"date":"2022-08-09T05:56:53","date_gmt":"2022-08-09T09:56:53","guid":{"rendered":"https:\/\/www.eldiario.net\/portal\/?p=102649"},"modified":"2022-08-09T05:56:53","modified_gmt":"2022-08-09T09:56:53","slug":"superadas-las-crisis-de-salud-es-urgente-redoblar-la-produccion","status":"publish","type":"post","link":"https:\/\/www.eldiario.net\/portal\/2022\/08\/09\/superadas-las-crisis-de-salud-es-urgente-redoblar-la-produccion\/","title":{"rendered":"Superadas las crisis de salud, es urgente redoblar la producci\u00f3n"},"content":{"rendered":"<p>Como ocurre al finalizar una guerra, surge en los pueblos la urgencia de la reconstrucci\u00f3n, de reponer tal como estaba todo en el inicio de los conflictos, y las premuras se dejan sentir porque los da\u00f1os causados en tiempos de lucha han superado todo c\u00e1lculo. Hoy, despu\u00e9s de los estragos causados por el coronavirus, surge la urgencia de corregir, arreglar, componer todo en aras de reponer tranquilidad y modos de vida existentes antes. Son las poblaciones extremadamente pobres \u2013como las del Cuarto Mundo\u2013, que la enfermedad dej\u00f3 con mayores urgencias, las que m\u00e1s sufren y requieren mayor atenci\u00f3n, especialmente ni\u00f1os, j\u00f3venes, mujeres y ancianos, que son los m\u00e1s expuestos a cualquier mal y no caben descuidos con ellos.<\/p>\n<p>La pobreza, aliada incondicional de toda enfermedad, no deja espacios libres y se requiere utilizar todos los medios para atender los casos, especialmente los extremos, pero \u00bfcu\u00e1nto pueden conseguir si lo que reciban no alcanzar\u00eda ni para atender las primeras exigencias?<\/p>\n<p>El mundo rico y desarrollado puede recurrir a parte de sus reservas para paliar hambre y enfermedades; pero, lamentablemente, cuando parec\u00eda que hab\u00eda quedado disminuido el cov\u00edd-19, aparece la viruela del mono que cobra v\u00edctimas. Como consuelo y esperanza surge en los pobres la idea de que, con mucho esfuerzo, se podr\u00e1 enfrentar los nuevos problemas. Sin embargo, las experiencias ense\u00f1an que los que m\u00e1s tienen desean m\u00e1s y si un virus o una guerra les permite reunir m\u00e1s dinero, se apegar\u00e1n a esa seguridad. \u00bfSer\u00eda posible que surjan estados de desprendimiento y humanidad que impulsen a los que poseen mucho a ayudar a los que m\u00e1s sufren?\u00a0 Es \u201cpregunta del mill\u00f3n\u201d que no tiene respuesta y ese mill\u00f3n servir\u00eda m\u00e1s para fabricar armas que para paliar, aunque m\u00ednimamente, estados graves de dolor.<\/p>\n<p>El mundo requiere reconstrucci\u00f3n moral y f\u00edsica, no puede seguir en sus actuales condiciones. No es posible que no se pueda disminuir el 65% de extrema pobreza, por lo menos saciar el hambre de una ni\u00f1ez abandonada, el hambre de quienes, en hospitales y sitios de asilo, la padecen. Menos se hace con asilos y hogares de ancianos que sufren abandono de sus seres queridos.<\/p>\n<p>Un mundo cruel y fr\u00edo es semejante a una guerra que trae hambre, enfermedades y otros males a quienes merecer\u00edan lo mejor para sus vidas. Un mundo que ha recogido experiencias gratas y amargas para ver pasar generaciones que ayudaron a formar lo que ha quedado para un ma\u00f1ana que nadie sabe c\u00f3mo ser\u00e1. Seguramente para algunos habr\u00e1 algarab\u00eda y para otros, l\u00e1grimas, por los dolores de quienes sufren y padecen pobreza y enfermedades.<\/p>\n<p>As\u00ed, el mundo transita por lo que causa alegr\u00edas y bienestar, as\u00ed como angustias que se debe sobrellevar. Lo que resta, que es poco ante la eternidad, hay que reconstruirlo, rehacerlo, recomponerlo mediante la entrega de cada persona, aportando trabajo y dedicaci\u00f3n, \u00fanicos medios para contar otra vez con esos medios de vida. Hay, pues, mucho para recomponer, lo que requerir\u00e1 sacrificios, amor, paciencia y constancia que solamente la voluntad humana ser\u00e1 capaz de dar. Hay un mundo por delante que se mueve como cuando las olas que arriban a las playas, se retraen y retornan fortalecidas para formar oleajes imparables.<\/p>\n","protected":false},"excerpt":{"rendered":"<p>Como ocurre al finalizar una guerra, surge en los pueblos la urgencia de la reconstrucci\u00f3n, de reponer tal como estaba todo en el inicio de los conflictos, y las premuras se dejan sentir porque los da\u00f1os causados en tiempos de lucha han superado todo c\u00e1lculo. Hoy, despu\u00e9s de los estragos causados por el coronavirus, surge [&hellip;]<\/p>\n","protected":false},"author":1,"featured_media":0,"comment_status":"closed","ping_status":"closed","sticky":false,"template":"","format":"standard","meta":{"_acf_changed":false,"footnotes":""},"categories":[4],"tags":[],"class_list":["post-102649","post","type-post","status-publish","format-standard","category-editorial"],"acf":{"antetitulo":""},"yoast_head":"<!-- This site is optimized with the Yoast SEO plugin v28.3 - https:\/\/yoast.com\/product\/yoast-seo-wordpress\/ -->\n<title>Superadas las crisis de salud, es urgente redoblar la producci\u00f3n - El Diario - Bolivia<\/title>\n<meta name=\"robots\" content=\"index, follow, max-snippet:-1, max-image-preview:large, max-video-preview:-1\" \/>\n<link rel=\"canonical\" href=\"https:\/\/www.eldiario.net\/portal\/2022\/08\/09\/superadas-las-crisis-de-salud-es-urgente-redoblar-la-produccion\/\" \/>\n<meta property=\"og:locale\" content=\"es_ES\" \/>\n<meta property=\"og:type\" content=\"article\" \/>\n<meta property=\"og:title\" content=\"Superadas las crisis de salud, es urgente redoblar la producci\u00f3n - El Diario - Bolivia\" \/>\n<meta property=\"og:description\" content=\"Como ocurre al finalizar una guerra, surge en los pueblos la urgencia de la reconstrucci\u00f3n, de reponer tal como estaba todo en el inicio de los conflictos, y las premuras se dejan sentir porque los da\u00f1os causados en tiempos de lucha han superado todo c\u00e1lculo. Hoy, despu\u00e9s de los estragos causados por el coronavirus, surge [&hellip;]\" \/>\n<meta property=\"og:url\" content=\"https:\/\/www.eldiario.net\/portal\/2022\/08\/09\/superadas-las-crisis-de-salud-es-urgente-redoblar-la-produccion\/\" \/>\n<meta property=\"og:site_name\" content=\"El Diario - Bolivia\" \/>\n<meta property=\"article:publisher\" content=\"https:\/\/www.facebook.com\/eldiario.bolivia\/\" \/>\n<meta property=\"article:published_time\" content=\"2022-08-09T09:56:53+00:00\" \/>\n<meta name=\"author\" content=\"Jeanette\" \/>\n<meta name=\"twitter:card\" content=\"summary_large_image\" \/>\n<meta name=\"twitter:creator\" content=\"@eldiario_net\" \/>\n<meta name=\"twitter:site\" content=\"@eldiario_net\" \/>\n<meta name=\"twitter:label1\" content=\"Escrito por\" \/>\n\t<meta name=\"twitter:data1\" content=\"Jeanette\" \/>\n\t<meta name=\"twitter:label2\" content=\"Tiempo de lectura\" \/>\n\t<meta name=\"twitter:data2\" content=\"3 minutos\" \/>\n<script type=\"application\/ld+json\" class=\"yoast-schema-graph\">{\"@context\":\"https:\\\/\\\/schema.org\",\"@graph\":[{\"@type\":\"Article\",\"@id\":\"https:\\\/\\\/www.eldiario.net\\\/portal\\\/2022\\\/08\\\/09\\\/superadas-las-crisis-de-salud-es-urgente-redoblar-la-produccion\\\/#article\",\"isPartOf\":{\"@id\":\"https:\\\/\\\/www.eldiario.net\\\/portal\\\/2022\\\/08\\\/09\\\/superadas-las-crisis-de-salud-es-urgente-redoblar-la-produccion\\\/\"},\"author\":{\"name\":\"Jeanette\",\"@id\":\"https:\\\/\\\/www.eldiario.net\\\/portal\\\/#\\\/schema\\\/person\\\/f46445640444750d7d753ccd04ae01b7\"},\"headline\":\"Superadas las crisis de salud, es urgente redoblar la producci\u00f3n\",\"datePublished\":\"2022-08-09T09:56:53+00:00\",\"mainEntityOfPage\":{\"@id\":\"https:\\\/\\\/www.eldiario.net\\\/portal\\\/2022\\\/08\\\/09\\\/superadas-las-crisis-de-salud-es-urgente-redoblar-la-produccion\\\/\"},\"wordCount\":580,\"publisher\":{\"@id\":\"https:\\\/\\\/www.eldiario.net\\\/portal\\\/#organization\"},\"articleSection\":[\"Editorial\"],\"inLanguage\":\"es\"},{\"@type\":\"WebPage\",\"@id\":\"https:\\\/\\\/www.eldiario.net\\\/portal\\\/2022\\\/08\\\/09\\\/superadas-las-crisis-de-salud-es-urgente-redoblar-la-produccion\\\/\",\"url\":\"https:\\\/\\\/www.eldiario.net\\\/portal\\\/2022\\\/08\\\/09\\\/superadas-las-crisis-de-salud-es-urgente-redoblar-la-produccion\\\/\",\"name\":\"Superadas las crisis de salud, es urgente redoblar la producci\u00f3n - El Diario - Bolivia\",\"isPartOf\":{\"@id\":\"https:\\\/\\\/www.eldiario.net\\\/portal\\\/#website\"},\"datePublished\":\"2022-08-09T09:56:53+00:00\",\"breadcrumb\":{\"@id\":\"https:\\\/\\\/www.eldiario.net\\\/portal\\\/2022\\\/08\\\/09\\\/superadas-las-crisis-de-salud-es-urgente-redoblar-la-produccion\\\/#breadcrumb\"},\"inLanguage\":\"es\",\"potentialAction\":[{\"@type\":\"ReadAction\",\"target\":[\"https:\\\/\\\/www.eldiario.net\\\/portal\\\/2022\\\/08\\\/09\\\/superadas-las-crisis-de-salud-es-urgente-redoblar-la-produccion\\\/\"]}]},{\"@type\":\"BreadcrumbList\",\"@id\":\"https:\\\/\\\/www.eldiario.net\\\/portal\\\/2022\\\/08\\\/09\\\/superadas-las-crisis-de-salud-es-urgente-redoblar-la-produccion\\\/#breadcrumb\",\"itemListElement\":[{\"@type\":\"ListItem\",\"position\":1,\"name\":\"Portada\",\"item\":\"https:\\\/\\\/www.eldiario.net\\\/portal\\\/\"},{\"@type\":\"ListItem\",\"position\":2,\"name\":\"Superadas las crisis de salud, es urgente redoblar la producci\u00f3n\"}]},{\"@type\":\"WebSite\",\"@id\":\"https:\\\/\\\/www.eldiario.net\\\/portal\\\/#website\",\"url\":\"https:\\\/\\\/www.eldiario.net\\\/portal\\\/\",\"name\":\"El Diario - Decano de la prensa nacional\",\"description\":\"El Diario - Decano de la prensa nacional\",\"publisher\":{\"@id\":\"https:\\\/\\\/www.eldiario.net\\\/portal\\\/#organization\"},\"potentialAction\":[{\"@type\":\"SearchAction\",\"target\":{\"@type\":\"EntryPoint\",\"urlTemplate\":\"https:\\\/\\\/www.eldiario.net\\\/portal\\\/?s={search_term_string}\"},\"query-input\":{\"@type\":\"PropertyValueSpecification\",\"valueRequired\":true,\"valueName\":\"search_term_string\"}}],\"inLanguage\":\"es\"},{\"@type\":\"Organization\",\"@id\":\"https:\\\/\\\/www.eldiario.net\\\/portal\\\/#organization\",\"name\":\"El Diario - Decano de la prensa nacional\",\"url\":\"https:\\\/\\\/www.eldiario.net\\\/portal\\\/\",\"logo\":{\"@type\":\"ImageObject\",\"inLanguage\":\"es\",\"@id\":\"https:\\\/\\\/www.eldiario.net\\\/portal\\\/#\\\/schema\\\/logo\\\/image\\\/\",\"url\":\"https:\\\/\\\/www.eldiario.net\\\/portal\\\/wp-content\\\/uploads\\\/2023\\\/07\\\/logo_ED.jpg\",\"contentUrl\":\"https:\\\/\\\/www.eldiario.net\\\/portal\\\/wp-content\\\/uploads\\\/2023\\\/07\\\/logo_ED.jpg\",\"width\":272,\"height\":52,\"caption\":\"El Diario - Decano de la prensa nacional\"},\"image\":{\"@id\":\"https:\\\/\\\/www.eldiario.net\\\/portal\\\/#\\\/schema\\\/logo\\\/image\\\/\"},\"sameAs\":[\"https:\\\/\\\/www.facebook.com\\\/eldiario.bolivia\\\/\",\"https:\\\/\\\/x.com\\\/eldiario_net\"]},{\"@type\":\"Person\",\"@id\":\"https:\\\/\\\/www.eldiario.net\\\/portal\\\/#\\\/schema\\\/person\\\/f46445640444750d7d753ccd04ae01b7\",\"name\":\"Jeanette\",\"image\":{\"@type\":\"ImageObject\",\"inLanguage\":\"es\",\"@id\":\"https:\\\/\\\/secure.gravatar.com\\\/avatar\\\/3ea2118a5f7dad2b7138b1187a6b7ee55f160b9968b66013c3a3ef39dd7e5798?s=96&d=mm&r=g\",\"url\":\"https:\\\/\\\/secure.gravatar.com\\\/avatar\\\/3ea2118a5f7dad2b7138b1187a6b7ee55f160b9968b66013c3a3ef39dd7e5798?s=96&d=mm&r=g\",\"contentUrl\":\"https:\\\/\\\/secure.gravatar.com\\\/avatar\\\/3ea2118a5f7dad2b7138b1187a6b7ee55f160b9968b66013c3a3ef39dd7e5798?s=96&d=mm&r=g\",\"caption\":\"Jeanette\"},\"sameAs\":[\"https:\\\/\\\/www.eldiario.net\\\/portal\"],\"url\":\"https:\\\/\\\/www.eldiario.net\\\/portal\\\/author\\\/jeanette\\\/\"}]}<\/script>\n<!-- \/ Yoast SEO plugin. -->","yoast_head_json":{"title":"Superadas las crisis de salud, es urgente redoblar la producci\u00f3n - El Diario - Bolivia","robots":{"index":"index","follow":"follow","max-snippet":"max-snippet:-1","max-image-preview":"max-image-preview:large","max-video-preview":"max-video-preview:-1"},"canonical":"https:\/\/www.eldiario.net\/portal\/2022\/08\/09\/superadas-las-crisis-de-salud-es-urgente-redoblar-la-produccion\/","og_locale":"es_ES","og_type":"article","og_title":"Superadas las crisis de salud, es urgente redoblar la producci\u00f3n - El Diario - Bolivia","og_description":"Como ocurre al finalizar una guerra, surge en los pueblos la urgencia de la reconstrucci\u00f3n, de reponer tal como estaba todo en el inicio de los conflictos, y las premuras se dejan sentir porque los da\u00f1os causados en tiempos de lucha han superado todo c\u00e1lculo. Hoy, despu\u00e9s de los estragos causados por el coronavirus, surge [&hellip;]","og_url":"https:\/\/www.eldiario.net\/portal\/2022\/08\/09\/superadas-las-crisis-de-salud-es-urgente-redoblar-la-produccion\/","og_site_name":"El Diario - Bolivia","article_publisher":"https:\/\/www.facebook.com\/eldiario.bolivia\/","article_published_time":"2022-08-09T09:56:53+00:00","author":"Jeanette","twitter_card":"summary_large_image","twitter_creator":"@eldiario_net","twitter_site":"@eldiario_net","twitter_misc":{"Escrito por":"Jeanette","Tiempo de lectura":"3 minutos"},"schema":{"@context":"https:\/\/schema.org","@graph":[{"@type":"Article","@id":"https:\/\/www.eldiario.net\/portal\/2022\/08\/09\/superadas-las-crisis-de-salud-es-urgente-redoblar-la-produccion\/#article","isPartOf":{"@id":"https:\/\/www.eldiario.net\/portal\/2022\/08\/09\/superadas-las-crisis-de-salud-es-urgente-redoblar-la-produccion\/"},"author":{"name":"Jeanette","@id":"https:\/\/www.eldiario.net\/portal\/#\/schema\/person\/f46445640444750d7d753ccd04ae01b7"},"headline":"Superadas las crisis de salud, es urgente redoblar la producci\u00f3n","datePublished":"2022-08-09T09:56:53+00:00","mainEntityOfPage":{"@id":"https:\/\/www.eldiario.net\/portal\/2022\/08\/09\/superadas-las-crisis-de-salud-es-urgente-redoblar-la-produccion\/"},"wordCount":580,"publisher":{"@id":"https:\/\/www.eldiario.net\/portal\/#organization"},"articleSection":["Editorial"],"inLanguage":"es"},{"@type":"WebPage","@id":"https:\/\/www.eldiario.net\/portal\/2022\/08\/09\/superadas-las-crisis-de-salud-es-urgente-redoblar-la-produccion\/","url":"https:\/\/www.eldiario.net\/portal\/2022\/08\/09\/superadas-las-crisis-de-salud-es-urgente-redoblar-la-produccion\/","name":"Superadas las crisis de salud, es urgente redoblar la producci\u00f3n - El Diario - Bolivia","isPartOf":{"@id":"https:\/\/www.eldiario.net\/portal\/#website"},"datePublished":"2022-08-09T09:56:53+00:00","breadcrumb":{"@id":"https:\/\/www.eldiario.net\/portal\/2022\/08\/09\/superadas-las-crisis-de-salud-es-urgente-redoblar-la-produccion\/#breadcrumb"},"inLanguage":"es","potentialAction":[{"@type":"ReadAction","target":["https:\/\/www.eldiario.net\/portal\/2022\/08\/09\/superadas-las-crisis-de-salud-es-urgente-redoblar-la-produccion\/"]}]},{"@type":"BreadcrumbList","@id":"https:\/\/www.eldiario.net\/portal\/2022\/08\/09\/superadas-las-crisis-de-salud-es-urgente-redoblar-la-produccion\/#breadcrumb","itemListElement":[{"@type":"ListItem","position":1,"name":"Portada","item":"https:\/\/www.eldiario.net\/portal\/"},{"@type":"ListItem","position":2,"name":"Superadas las crisis de salud, es urgente redoblar la producci\u00f3n"}]},{"@type":"WebSite","@id":"https:\/\/www.eldiario.net\/portal\/#website","url":"https:\/\/www.eldiario.net\/portal\/","name":"El Diario - Decano de la prensa nacional","description":"El Diario - Decano de la prensa nacional","publisher":{"@id":"https:\/\/www.eldiario.net\/portal\/#organization"},"potentialAction":[{"@type":"SearchAction","target":{"@type":"EntryPoint","urlTemplate":"https:\/\/www.eldiario.net\/portal\/?s={search_term_string}"},"query-input":{"@type":"PropertyValueSpecification","valueRequired":true,"valueName":"search_term_string"}}],"inLanguage":"es"},{"@type":"Organization","@id":"https:\/\/www.eldiario.net\/portal\/#organization","name":"El Diario - Decano de la prensa nacional","url":"https:\/\/www.eldiario.net\/portal\/","logo":{"@type":"ImageObject","inLanguage":"es","@id":"https:\/\/www.eldiario.net\/portal\/#\/schema\/logo\/image\/","url":"https:\/\/www.eldiario.net\/portal\/wp-content\/uploads\/2023\/07\/logo_ED.jpg","contentUrl":"https:\/\/www.eldiario.net\/portal\/wp-content\/uploads\/2023\/07\/logo_ED.jpg","width":272,"height":52,"caption":"El Diario - Decano de la prensa nacional"},"image":{"@id":"https:\/\/www.eldiario.net\/portal\/#\/schema\/logo\/image\/"},"sameAs":["https:\/\/www.facebook.com\/eldiario.bolivia\/","https:\/\/x.com\/eldiario_net"]},{"@type":"Person","@id":"https:\/\/www.eldiario.net\/portal\/#\/schema\/person\/f46445640444750d7d753ccd04ae01b7","name":"Jeanette","image":{"@type":"ImageObject","inLanguage":"es","@id":"https:\/\/secure.gravatar.com\/avatar\/3ea2118a5f7dad2b7138b1187a6b7ee55f160b9968b66013c3a3ef39dd7e5798?s=96&d=mm&r=g","url":"https:\/\/secure.gravatar.com\/avatar\/3ea2118a5f7dad2b7138b1187a6b7ee55f160b9968b66013c3a3ef39dd7e5798?s=96&d=mm&r=g","contentUrl":"https:\/\/secure.gravatar.com\/avatar\/3ea2118a5f7dad2b7138b1187a6b7ee55f160b9968b66013c3a3ef39dd7e5798?s=96&d=mm&r=g","caption":"Jeanette"},"sameAs":["https:\/\/www.eldiario.net\/portal"],"url":"https:\/\/www.eldiario.net\/portal\/author\/jeanette\/"}]}},"_links":{"self":[{"href":"https:\/\/www.eldiario.net\/portal\/wp-json\/wp\/v2\/posts\/102649","targetHints":{"allow":["GET"]}}],"collection":[{"href":"https:\/\/www.eldiario.net\/portal\/wp-json\/wp\/v2\/posts"}],"about":[{"href":"https:\/\/www.eldiario.net\/portal\/wp-json\/wp\/v2\/types\/post"}],"author":[{"embeddable":true,"href":"https:\/\/www.eldiario.net\/portal\/wp-json\/wp\/v2\/users\/1"}],"replies":[{"embeddable":true,"href":"https:\/\/www.eldiario.net\/portal\/wp-json\/wp\/v2\/comments?post=102649"}],"version-history":[{"count":0,"href":"https:\/\/www.eldiario.net\/portal\/wp-json\/wp\/v2\/posts\/102649\/revisions"}],"wp:attachment":[{"href":"https:\/\/www.eldiario.net\/portal\/wp-json\/wp\/v2\/media?parent=102649"}],"wp:term":[{"taxonomy":"category","embeddable":true,"href":"https:\/\/www.eldiario.net\/portal\/wp-json\/wp\/v2\/categories?post=102649"},{"taxonomy":"post_tag","embeddable":true,"href":"https:\/\/www.eldiario.net\/portal\/wp-json\/wp\/v2\/tags?post=102649"}],"curies":[{"name":"wp","href":"https:\/\/api.w.org\/{rel}","templated":true}]}}