{"id":102646,"date":"2022-08-09T05:56:19","date_gmt":"2022-08-09T09:56:19","guid":{"rendered":"https:\/\/www.eldiario.net\/portal\/?p=102646"},"modified":"2022-08-09T05:56:19","modified_gmt":"2022-08-09T09:56:19","slug":"segunda-parte-del-libro-modelo-de-desarrollo-cruceno","status":"publish","type":"post","link":"https:\/\/www.eldiario.net\/portal\/2022\/08\/09\/segunda-parte-del-libro-modelo-de-desarrollo-cruceno\/","title":{"rendered":"Segunda parte del libro \u201cModelo de Desarrollo Cruce\u00f1o\u201d"},"content":{"rendered":"<p>El Cap\u00edtulo III del libro <strong>Modelo de Desarrollo Cruce\u00f1o<\/strong>, titulado \u201c<em>Hacia una definici\u00f3n del esp\u00edritu cruce\u00f1o<\/em>\u201d, escrito por Gary Rodr\u00edguez \u00c1lvarez, comienza celebrando la creaci\u00f3n del departamento por el Mariscal Antonio J. de Sucre en el a\u00f1o 1826, y lamentando su postergaci\u00f3n por muchos a\u00f1os.<\/p>\n<p>Se\u00f1ala a los a\u00f1os 50 como grandes y definitivos por la construcci\u00f3n de la carretera Santa Cruz-Cochabamba, con la consecuente integraci\u00f3n del potencial productivo cruce\u00f1o al resto del pa\u00eds y gracias al empresariado formado localmente,<\/p>\n<p>Un pasado de postergaci\u00f3n por desconexi\u00f3n y desatenci\u00f3n de los gobiernos nacionales fortific\u00f3 el esp\u00edritu cruce\u00f1o, dado que el autor juzga que es un hecho real que las dificultades fortifican el esp\u00edritu de las personas.<\/p>\n<p>Un juicio por dem\u00e1s interesante del cap\u00edtulo es el que describe el esp\u00edritu intr\u00e9pido y valiente del cruce\u00f1o, que indica que se remonta a los antecedentes guaran\u00edes, chiquitanos, sirionos entre otros, que mezclados con inmigrantes de varias regiones del pa\u00eds y del extranjero dio un crisol de raza inclusivo. Lo antedicho conforma el factor principal del desarrollo de Santa Cruz (trabajo), los otros cuatro factores que son mencionados son: los recursos naturales (tierra), el financiamiento (capital), la innovaci\u00f3n (tecnolog\u00eda) y la institucionalidad (eficientes organizaciones gremiales, c\u00edvicas y productivas).<\/p>\n<p>Es as\u00ed que estos cinco factores: trabajo, tierra, capital, tecnolog\u00eda e institucionalidad, fundamentados en cinco valores:\u00a0 libertad, individualidad, competitividad, cooperativismo e integraci\u00f3n al mundo, han producido un empresariado \u00e1gil con visi\u00f3n de inversiones productivas, comerciales y de servicios.<\/p>\n<p>Son presentados varios cuadros y gr\u00e1ficos procedentes del INE que llaman la atenci\u00f3n: El primero un cuadro de Incidencia de la Pobreza, resultado de la Encuesta de Hogares 2011 a 2020, all\u00ed se puede apreciar que dicho \u00edndice de Santa Cruz involuciona entre los a\u00f1os indicados de 35.6 a 22.7, mientras que el \u00edndice del pa\u00eds lo hace de 45.1 a 39.0, mostrando una clara ventaja para el departamento. Asimismo, otro gr\u00e1fico proyecta la poblaci\u00f3n de los departamentos bolivianos hacia el 2025, a\u00f1o del bicentenario, mostrando que el departamento de Santa Cruz, siguiendo con sus indicadores, contar\u00e1 con el 29% de habitantes, superando al departamento de La Paz que contar\u00e1 s\u00f3lo con el 25%.<\/p>\n<p>Es tambi\u00e9n importante comentar los resultados de la consulta realizada por CAINCO en 2021 a la gente migrante que radica en Santa Cruz, sobre el reconocimiento de los atributos m\u00e1s particulares del cruce\u00f1o, desde el punto de vista del progreso econ\u00f3mico y social. Los primeros cinco atributos resultaron ser: \u201c<em>emprendedor, querend\u00f3n de su tierra, hospitalario, creativo y optimista<\/em>\u201d. Lo manifestado se reitera en otras entrevistas realizadas tambi\u00e9n a inmigrantes nacionales y extranjeros que llegaron por un corto tiempo y dadas las excelentes condiciones del departamento se radicaron definitivamente en \u00e9l,<\/p>\n<p>Se argumenta suficientemente que el cruce\u00f1o es querend\u00f3n de su tierra, pero no chauvinista, tiene una visi\u00f3n de pa\u00eds y no s\u00f3lo es preocupado por su terru\u00f1o, es probadamente solidario con el pa\u00eds entero.<\/p>\n<p>Otro aspecto comparativo entre las organizaciones productivas agr\u00edcolas del oriente y occidente del pa\u00eds descubre dos figuras diferenciadas, una de occidente, relacionada con la influencia pol\u00edtica y el favoritismo derivado de ello, versus la organizaci\u00f3n libre y sin influencias de ning\u00fan tipo del oriente.<\/p>\n<p>&nbsp;<\/p>\n<p>Otra informaci\u00f3n que vale la pena recalcar es el incremento de inmigrantes en Santa Cruz a trav\u00e9s del tiempo, encontr\u00e1ndose que en 1880 hab\u00eda en el departamento 239 extranjeros de 14 nacionalidades, y del censo de 2012 se sabe que los extranjeros en Santa Cruz eran 52.328 personas y que pasaban de 20 nacionalidades, sin contar dos grupos de personas que no especificaron su nacionalidad.<\/p>\n<p>Otra consulta realizada por CAINCO a personas bolivianas inmigrantes tiene en sus respuestas el denominador com\u00fan de: \u201c<em>al que sabe trabajar no le falta nada en Santa Cruz<\/em>\u201d, porque hay una buena tierra, buena organizaci\u00f3n y mucha cooperaci\u00f3n. Su slogan es: \u201c<em>soy colla, pero tambi\u00e9n soy cruce\u00f1o<\/em>\u201d.<\/p>\n<p>Finalmente, en el cap\u00edtulo se habla de una nueva normalidad, que ha ganado presencia a partir de la pandemia de COVID-19, resalt\u00e1ndose la virtualizaci\u00f3n del trabajo (teletrabajo), la digitalizaci\u00f3n del marketing, la educaci\u00f3n no presencial y muchas otras transformaciones que har\u00e1n m\u00e1s competitiva la vida y para lo cual el departamento est\u00e1 preparado.<\/p>\n<p>El autor expresa que hay algo que favorece extraordinariamente a Santa Cruz y eso es su gente dirigente y emprendedora, con visi\u00f3n futurista, siendo as\u00ed que sus planes futuros son encomiables, partiendo del acuerdo que realiz\u00f3 con Brasil para el tendido de fibra \u00f3ptica entre Santa Cruz y San Pablo, lo que representa mil oportunidades para el departamento de Santa Cruz y continuando con el compromiso contra\u00eddo por el Grupo Empresarial Lafuente, de gran experiencia urbanista, asociada con Santa Cruz Financial Group, la m\u00e1s grande financiera de Bolivia, para ejecutar el megaproyecto m\u00e1s grande que se tenga memoria en Bolivia, como es la transformaci\u00f3n de Santa Cruz de la Sierra en una ciudad modelo e inteligente.<\/p>\n<p>El cap\u00edtulo concluye con un testimonio personal del autor, en el que describe su origen cochabambino y el traslado de su familia a Santa Cruz de la Sierra, donde concluy\u00f3 sus estudios y encontr\u00f3 todas las oportunidades profesionales que lo hicieron el actual Gerente de la CAINCO.<\/p>\n<p>&nbsp;<\/p>\n<p><em>Edgar D. Ergueta Avila, Consultor Internacional.<\/em><\/p>\n","protected":false},"excerpt":{"rendered":"<p>El Cap\u00edtulo III del libro Modelo de Desarrollo Cruce\u00f1o, titulado \u201cHacia una definici\u00f3n del esp\u00edritu cruce\u00f1o\u201d, escrito por Gary Rodr\u00edguez \u00c1lvarez, comienza celebrando la creaci\u00f3n del departamento por el Mariscal Antonio J. de Sucre en el a\u00f1o 1826, y lamentando su postergaci\u00f3n por muchos a\u00f1os. Se\u00f1ala a los a\u00f1os 50 como grandes y definitivos por [&hellip;]<\/p>\n","protected":false},"author":1,"featured_media":4609,"comment_status":"closed","ping_status":"closed","sticky":false,"template":"","format":"standard","meta":{"_acf_changed":false,"footnotes":""},"categories":[9],"tags":[],"class_list":["post-102646","post","type-post","status-publish","format-standard","has-post-thumbnail","category-opinion"],"acf":{"antetitulo":""},"yoast_head":"<!-- This site is optimized with the Yoast SEO plugin v28.3 - https:\/\/yoast.com\/product\/yoast-seo-wordpress\/ -->\n<title>Segunda parte del libro \u201cModelo de Desarrollo Cruce\u00f1o\u201d - El Diario - Bolivia<\/title>\n<meta name=\"robots\" content=\"index, follow, max-snippet:-1, max-image-preview:large, max-video-preview:-1\" \/>\n<link rel=\"canonical\" href=\"https:\/\/www.eldiario.net\/portal\/2022\/08\/09\/segunda-parte-del-libro-modelo-de-desarrollo-cruceno\/\" \/>\n<meta property=\"og:locale\" content=\"es_ES\" \/>\n<meta property=\"og:type\" content=\"article\" \/>\n<meta property=\"og:title\" content=\"Segunda parte del libro \u201cModelo de Desarrollo Cruce\u00f1o\u201d - El Diario - Bolivia\" \/>\n<meta property=\"og:description\" content=\"El Cap\u00edtulo III del libro Modelo de Desarrollo Cruce\u00f1o, titulado \u201cHacia una definici\u00f3n del esp\u00edritu cruce\u00f1o\u201d, escrito por Gary Rodr\u00edguez \u00c1lvarez, comienza celebrando la creaci\u00f3n del departamento por el Mariscal Antonio J. de Sucre en el a\u00f1o 1826, y lamentando su postergaci\u00f3n por muchos a\u00f1os. Se\u00f1ala a los a\u00f1os 50 como grandes y definitivos por [&hellip;]\" \/>\n<meta property=\"og:url\" content=\"https:\/\/www.eldiario.net\/portal\/2022\/08\/09\/segunda-parte-del-libro-modelo-de-desarrollo-cruceno\/\" \/>\n<meta property=\"og:site_name\" content=\"El Diario - Bolivia\" \/>\n<meta property=\"article:publisher\" content=\"https:\/\/www.facebook.com\/eldiario.bolivia\/\" \/>\n<meta property=\"article:published_time\" content=\"2022-08-09T09:56:19+00:00\" \/>\n<meta name=\"author\" content=\"Jeanette\" \/>\n<meta name=\"twitter:card\" content=\"summary_large_image\" \/>\n<meta name=\"twitter:creator\" content=\"@eldiario_net\" \/>\n<meta name=\"twitter:site\" content=\"@eldiario_net\" \/>\n<meta name=\"twitter:label1\" content=\"Escrito por\" \/>\n\t<meta name=\"twitter:data1\" content=\"Jeanette\" \/>\n\t<meta name=\"twitter:label2\" content=\"Tiempo de lectura\" \/>\n\t<meta name=\"twitter:data2\" content=\"4 minutos\" \/>\n<script type=\"application\/ld+json\" class=\"yoast-schema-graph\">{\"@context\":\"https:\\\/\\\/schema.org\",\"@graph\":[{\"@type\":\"Article\",\"@id\":\"https:\\\/\\\/www.eldiario.net\\\/portal\\\/2022\\\/08\\\/09\\\/segunda-parte-del-libro-modelo-de-desarrollo-cruceno\\\/#article\",\"isPartOf\":{\"@id\":\"https:\\\/\\\/www.eldiario.net\\\/portal\\\/2022\\\/08\\\/09\\\/segunda-parte-del-libro-modelo-de-desarrollo-cruceno\\\/\"},\"author\":{\"name\":\"Jeanette\",\"@id\":\"https:\\\/\\\/www.eldiario.net\\\/portal\\\/#\\\/schema\\\/person\\\/f46445640444750d7d753ccd04ae01b7\"},\"headline\":\"Segunda parte del libro \u201cModelo de Desarrollo Cruce\u00f1o\u201d\",\"datePublished\":\"2022-08-09T09:56:19+00:00\",\"mainEntityOfPage\":{\"@id\":\"https:\\\/\\\/www.eldiario.net\\\/portal\\\/2022\\\/08\\\/09\\\/segunda-parte-del-libro-modelo-de-desarrollo-cruceno\\\/\"},\"wordCount\":933,\"publisher\":{\"@id\":\"https:\\\/\\\/www.eldiario.net\\\/portal\\\/#organization\"},\"image\":{\"@id\":\"https:\\\/\\\/www.eldiario.net\\\/portal\\\/2022\\\/08\\\/09\\\/segunda-parte-del-libro-modelo-de-desarrollo-cruceno\\\/#primaryimage\"},\"thumbnailUrl\":\"\",\"articleSection\":[\"Opini\u00f3n\"],\"inLanguage\":\"es\"},{\"@type\":\"WebPage\",\"@id\":\"https:\\\/\\\/www.eldiario.net\\\/portal\\\/2022\\\/08\\\/09\\\/segunda-parte-del-libro-modelo-de-desarrollo-cruceno\\\/\",\"url\":\"https:\\\/\\\/www.eldiario.net\\\/portal\\\/2022\\\/08\\\/09\\\/segunda-parte-del-libro-modelo-de-desarrollo-cruceno\\\/\",\"name\":\"Segunda parte del libro \u201cModelo de Desarrollo Cruce\u00f1o\u201d - El Diario - Bolivia\",\"isPartOf\":{\"@id\":\"https:\\\/\\\/www.eldiario.net\\\/portal\\\/#website\"},\"primaryImageOfPage\":{\"@id\":\"https:\\\/\\\/www.eldiario.net\\\/portal\\\/2022\\\/08\\\/09\\\/segunda-parte-del-libro-modelo-de-desarrollo-cruceno\\\/#primaryimage\"},\"image\":{\"@id\":\"https:\\\/\\\/www.eldiario.net\\\/portal\\\/2022\\\/08\\\/09\\\/segunda-parte-del-libro-modelo-de-desarrollo-cruceno\\\/#primaryimage\"},\"thumbnailUrl\":\"\",\"datePublished\":\"2022-08-09T09:56:19+00:00\",\"breadcrumb\":{\"@id\":\"https:\\\/\\\/www.eldiario.net\\\/portal\\\/2022\\\/08\\\/09\\\/segunda-parte-del-libro-modelo-de-desarrollo-cruceno\\\/#breadcrumb\"},\"inLanguage\":\"es\",\"potentialAction\":[{\"@type\":\"ReadAction\",\"target\":[\"https:\\\/\\\/www.eldiario.net\\\/portal\\\/2022\\\/08\\\/09\\\/segunda-parte-del-libro-modelo-de-desarrollo-cruceno\\\/\"]}]},{\"@type\":\"ImageObject\",\"inLanguage\":\"es\",\"@id\":\"https:\\\/\\\/www.eldiario.net\\\/portal\\\/2022\\\/08\\\/09\\\/segunda-parte-del-libro-modelo-de-desarrollo-cruceno\\\/#primaryimage\",\"url\":\"\",\"contentUrl\":\"\"},{\"@type\":\"BreadcrumbList\",\"@id\":\"https:\\\/\\\/www.eldiario.net\\\/portal\\\/2022\\\/08\\\/09\\\/segunda-parte-del-libro-modelo-de-desarrollo-cruceno\\\/#breadcrumb\",\"itemListElement\":[{\"@type\":\"ListItem\",\"position\":1,\"name\":\"Portada\",\"item\":\"https:\\\/\\\/www.eldiario.net\\\/portal\\\/\"},{\"@type\":\"ListItem\",\"position\":2,\"name\":\"Segunda parte del libro \u201cModelo de Desarrollo Cruce\u00f1o\u201d\"}]},{\"@type\":\"WebSite\",\"@id\":\"https:\\\/\\\/www.eldiario.net\\\/portal\\\/#website\",\"url\":\"https:\\\/\\\/www.eldiario.net\\\/portal\\\/\",\"name\":\"El Diario - Decano de la prensa nacional\",\"description\":\"El Diario - Decano de la prensa nacional\",\"publisher\":{\"@id\":\"https:\\\/\\\/www.eldiario.net\\\/portal\\\/#organization\"},\"potentialAction\":[{\"@type\":\"SearchAction\",\"target\":{\"@type\":\"EntryPoint\",\"urlTemplate\":\"https:\\\/\\\/www.eldiario.net\\\/portal\\\/?s={search_term_string}\"},\"query-input\":{\"@type\":\"PropertyValueSpecification\",\"valueRequired\":true,\"valueName\":\"search_term_string\"}}],\"inLanguage\":\"es\"},{\"@type\":\"Organization\",\"@id\":\"https:\\\/\\\/www.eldiario.net\\\/portal\\\/#organization\",\"name\":\"El Diario - Decano de la prensa nacional\",\"url\":\"https:\\\/\\\/www.eldiario.net\\\/portal\\\/\",\"logo\":{\"@type\":\"ImageObject\",\"inLanguage\":\"es\",\"@id\":\"https:\\\/\\\/www.eldiario.net\\\/portal\\\/#\\\/schema\\\/logo\\\/image\\\/\",\"url\":\"https:\\\/\\\/www.eldiario.net\\\/portal\\\/wp-content\\\/uploads\\\/2023\\\/07\\\/logo_ED.jpg\",\"contentUrl\":\"https:\\\/\\\/www.eldiario.net\\\/portal\\\/wp-content\\\/uploads\\\/2023\\\/07\\\/logo_ED.jpg\",\"width\":272,\"height\":52,\"caption\":\"El Diario - Decano de la prensa nacional\"},\"image\":{\"@id\":\"https:\\\/\\\/www.eldiario.net\\\/portal\\\/#\\\/schema\\\/logo\\\/image\\\/\"},\"sameAs\":[\"https:\\\/\\\/www.facebook.com\\\/eldiario.bolivia\\\/\",\"https:\\\/\\\/x.com\\\/eldiario_net\"]},{\"@type\":\"Person\",\"@id\":\"https:\\\/\\\/www.eldiario.net\\\/portal\\\/#\\\/schema\\\/person\\\/f46445640444750d7d753ccd04ae01b7\",\"name\":\"Jeanette\",\"image\":{\"@type\":\"ImageObject\",\"inLanguage\":\"es\",\"@id\":\"https:\\\/\\\/secure.gravatar.com\\\/avatar\\\/3ea2118a5f7dad2b7138b1187a6b7ee55f160b9968b66013c3a3ef39dd7e5798?s=96&d=mm&r=g\",\"url\":\"https:\\\/\\\/secure.gravatar.com\\\/avatar\\\/3ea2118a5f7dad2b7138b1187a6b7ee55f160b9968b66013c3a3ef39dd7e5798?s=96&d=mm&r=g\",\"contentUrl\":\"https:\\\/\\\/secure.gravatar.com\\\/avatar\\\/3ea2118a5f7dad2b7138b1187a6b7ee55f160b9968b66013c3a3ef39dd7e5798?s=96&d=mm&r=g\",\"caption\":\"Jeanette\"},\"sameAs\":[\"https:\\\/\\\/www.eldiario.net\\\/portal\"],\"url\":\"https:\\\/\\\/www.eldiario.net\\\/portal\\\/author\\\/jeanette\\\/\"}]}<\/script>\n<!-- \/ Yoast SEO plugin. -->","yoast_head_json":{"title":"Segunda parte del libro \u201cModelo de Desarrollo Cruce\u00f1o\u201d - El Diario - Bolivia","robots":{"index":"index","follow":"follow","max-snippet":"max-snippet:-1","max-image-preview":"max-image-preview:large","max-video-preview":"max-video-preview:-1"},"canonical":"https:\/\/www.eldiario.net\/portal\/2022\/08\/09\/segunda-parte-del-libro-modelo-de-desarrollo-cruceno\/","og_locale":"es_ES","og_type":"article","og_title":"Segunda parte del libro \u201cModelo de Desarrollo Cruce\u00f1o\u201d - El Diario - Bolivia","og_description":"El Cap\u00edtulo III del libro Modelo de Desarrollo Cruce\u00f1o, titulado \u201cHacia una definici\u00f3n del esp\u00edritu cruce\u00f1o\u201d, escrito por Gary Rodr\u00edguez \u00c1lvarez, comienza celebrando la creaci\u00f3n del departamento por el Mariscal Antonio J. de Sucre en el a\u00f1o 1826, y lamentando su postergaci\u00f3n por muchos a\u00f1os. Se\u00f1ala a los a\u00f1os 50 como grandes y definitivos por [&hellip;]","og_url":"https:\/\/www.eldiario.net\/portal\/2022\/08\/09\/segunda-parte-del-libro-modelo-de-desarrollo-cruceno\/","og_site_name":"El Diario - Bolivia","article_publisher":"https:\/\/www.facebook.com\/eldiario.bolivia\/","article_published_time":"2022-08-09T09:56:19+00:00","author":"Jeanette","twitter_card":"summary_large_image","twitter_creator":"@eldiario_net","twitter_site":"@eldiario_net","twitter_misc":{"Escrito por":"Jeanette","Tiempo de lectura":"4 minutos"},"schema":{"@context":"https:\/\/schema.org","@graph":[{"@type":"Article","@id":"https:\/\/www.eldiario.net\/portal\/2022\/08\/09\/segunda-parte-del-libro-modelo-de-desarrollo-cruceno\/#article","isPartOf":{"@id":"https:\/\/www.eldiario.net\/portal\/2022\/08\/09\/segunda-parte-del-libro-modelo-de-desarrollo-cruceno\/"},"author":{"name":"Jeanette","@id":"https:\/\/www.eldiario.net\/portal\/#\/schema\/person\/f46445640444750d7d753ccd04ae01b7"},"headline":"Segunda parte del libro \u201cModelo de Desarrollo Cruce\u00f1o\u201d","datePublished":"2022-08-09T09:56:19+00:00","mainEntityOfPage":{"@id":"https:\/\/www.eldiario.net\/portal\/2022\/08\/09\/segunda-parte-del-libro-modelo-de-desarrollo-cruceno\/"},"wordCount":933,"publisher":{"@id":"https:\/\/www.eldiario.net\/portal\/#organization"},"image":{"@id":"https:\/\/www.eldiario.net\/portal\/2022\/08\/09\/segunda-parte-del-libro-modelo-de-desarrollo-cruceno\/#primaryimage"},"thumbnailUrl":"","articleSection":["Opini\u00f3n"],"inLanguage":"es"},{"@type":"WebPage","@id":"https:\/\/www.eldiario.net\/portal\/2022\/08\/09\/segunda-parte-del-libro-modelo-de-desarrollo-cruceno\/","url":"https:\/\/www.eldiario.net\/portal\/2022\/08\/09\/segunda-parte-del-libro-modelo-de-desarrollo-cruceno\/","name":"Segunda parte del libro \u201cModelo de Desarrollo Cruce\u00f1o\u201d - El Diario - Bolivia","isPartOf":{"@id":"https:\/\/www.eldiario.net\/portal\/#website"},"primaryImageOfPage":{"@id":"https:\/\/www.eldiario.net\/portal\/2022\/08\/09\/segunda-parte-del-libro-modelo-de-desarrollo-cruceno\/#primaryimage"},"image":{"@id":"https:\/\/www.eldiario.net\/portal\/2022\/08\/09\/segunda-parte-del-libro-modelo-de-desarrollo-cruceno\/#primaryimage"},"thumbnailUrl":"","datePublished":"2022-08-09T09:56:19+00:00","breadcrumb":{"@id":"https:\/\/www.eldiario.net\/portal\/2022\/08\/09\/segunda-parte-del-libro-modelo-de-desarrollo-cruceno\/#breadcrumb"},"inLanguage":"es","potentialAction":[{"@type":"ReadAction","target":["https:\/\/www.eldiario.net\/portal\/2022\/08\/09\/segunda-parte-del-libro-modelo-de-desarrollo-cruceno\/"]}]},{"@type":"ImageObject","inLanguage":"es","@id":"https:\/\/www.eldiario.net\/portal\/2022\/08\/09\/segunda-parte-del-libro-modelo-de-desarrollo-cruceno\/#primaryimage","url":"","contentUrl":""},{"@type":"BreadcrumbList","@id":"https:\/\/www.eldiario.net\/portal\/2022\/08\/09\/segunda-parte-del-libro-modelo-de-desarrollo-cruceno\/#breadcrumb","itemListElement":[{"@type":"ListItem","position":1,"name":"Portada","item":"https:\/\/www.eldiario.net\/portal\/"},{"@type":"ListItem","position":2,"name":"Segunda parte del libro \u201cModelo de Desarrollo Cruce\u00f1o\u201d"}]},{"@type":"WebSite","@id":"https:\/\/www.eldiario.net\/portal\/#website","url":"https:\/\/www.eldiario.net\/portal\/","name":"El Diario - Decano de la prensa nacional","description":"El Diario - Decano de la prensa nacional","publisher":{"@id":"https:\/\/www.eldiario.net\/portal\/#organization"},"potentialAction":[{"@type":"SearchAction","target":{"@type":"EntryPoint","urlTemplate":"https:\/\/www.eldiario.net\/portal\/?s={search_term_string}"},"query-input":{"@type":"PropertyValueSpecification","valueRequired":true,"valueName":"search_term_string"}}],"inLanguage":"es"},{"@type":"Organization","@id":"https:\/\/www.eldiario.net\/portal\/#organization","name":"El Diario - Decano de la prensa nacional","url":"https:\/\/www.eldiario.net\/portal\/","logo":{"@type":"ImageObject","inLanguage":"es","@id":"https:\/\/www.eldiario.net\/portal\/#\/schema\/logo\/image\/","url":"https:\/\/www.eldiario.net\/portal\/wp-content\/uploads\/2023\/07\/logo_ED.jpg","contentUrl":"https:\/\/www.eldiario.net\/portal\/wp-content\/uploads\/2023\/07\/logo_ED.jpg","width":272,"height":52,"caption":"El Diario - Decano de la prensa nacional"},"image":{"@id":"https:\/\/www.eldiario.net\/portal\/#\/schema\/logo\/image\/"},"sameAs":["https:\/\/www.facebook.com\/eldiario.bolivia\/","https:\/\/x.com\/eldiario_net"]},{"@type":"Person","@id":"https:\/\/www.eldiario.net\/portal\/#\/schema\/person\/f46445640444750d7d753ccd04ae01b7","name":"Jeanette","image":{"@type":"ImageObject","inLanguage":"es","@id":"https:\/\/secure.gravatar.com\/avatar\/3ea2118a5f7dad2b7138b1187a6b7ee55f160b9968b66013c3a3ef39dd7e5798?s=96&d=mm&r=g","url":"https:\/\/secure.gravatar.com\/avatar\/3ea2118a5f7dad2b7138b1187a6b7ee55f160b9968b66013c3a3ef39dd7e5798?s=96&d=mm&r=g","contentUrl":"https:\/\/secure.gravatar.com\/avatar\/3ea2118a5f7dad2b7138b1187a6b7ee55f160b9968b66013c3a3ef39dd7e5798?s=96&d=mm&r=g","caption":"Jeanette"},"sameAs":["https:\/\/www.eldiario.net\/portal"],"url":"https:\/\/www.eldiario.net\/portal\/author\/jeanette\/"}]}},"_links":{"self":[{"href":"https:\/\/www.eldiario.net\/portal\/wp-json\/wp\/v2\/posts\/102646","targetHints":{"allow":["GET"]}}],"collection":[{"href":"https:\/\/www.eldiario.net\/portal\/wp-json\/wp\/v2\/posts"}],"about":[{"href":"https:\/\/www.eldiario.net\/portal\/wp-json\/wp\/v2\/types\/post"}],"author":[{"embeddable":true,"href":"https:\/\/www.eldiario.net\/portal\/wp-json\/wp\/v2\/users\/1"}],"replies":[{"embeddable":true,"href":"https:\/\/www.eldiario.net\/portal\/wp-json\/wp\/v2\/comments?post=102646"}],"version-history":[{"count":0,"href":"https:\/\/www.eldiario.net\/portal\/wp-json\/wp\/v2\/posts\/102646\/revisions"}],"wp:attachment":[{"href":"https:\/\/www.eldiario.net\/portal\/wp-json\/wp\/v2\/media?parent=102646"}],"wp:term":[{"taxonomy":"category","embeddable":true,"href":"https:\/\/www.eldiario.net\/portal\/wp-json\/wp\/v2\/categories?post=102646"},{"taxonomy":"post_tag","embeddable":true,"href":"https:\/\/www.eldiario.net\/portal\/wp-json\/wp\/v2\/tags?post=102646"}],"curies":[{"name":"wp","href":"https:\/\/api.w.org\/{rel}","templated":true}]}}