{"id":102644,"date":"2022-08-09T05:55:28","date_gmt":"2022-08-09T09:55:28","guid":{"rendered":"https:\/\/www.eldiario.net\/portal\/?p=102644"},"modified":"2022-08-09T05:55:28","modified_gmt":"2022-08-09T09:55:28","slug":"incendio-en-mercado-mutualista-accidente-o-piromania-inducida","status":"publish","type":"post","link":"https:\/\/www.eldiario.net\/portal\/2022\/08\/09\/incendio-en-mercado-mutualista-accidente-o-piromania-inducida\/","title":{"rendered":"Incendio en mercado mutualista: accidente o piroman\u00eda inducida"},"content":{"rendered":"<p>La intensidad del fuego en el mercado mutualista nos dio la idea de lo que han sufrido los comerciantes y los momentos de angustia al perderlo todo, pese a la labor de todos los servicios e instituciones y ciudadanos voluntarios que han participado en la extinci\u00f3n del fuego, al socorrer a las personas y salvar bienes, ayudando a minimizar los da\u00f1os que, a pesar de los esfuerzos, causaron una cat\u00e1strofe econ\u00f3mica para los comerciantes, como tambi\u00e9n medioambiental. Pero no hay motivo para aprovecharse de un desastre, cuando los comerciantes tienen la angustia de salir adelante y recuperarse del impacto que ha desnudado la precaria y compleja situaci\u00f3n log\u00edstica de las instituciones encargadas de velar por la protecci\u00f3n de los ciudadanos.<\/p>\n<p>El fuego que acarre\u00f3 desgracias para la familia gremial, fue aprovechado pol\u00edticamente por el alcalde, para encender llamas de ambici\u00f3n personal, quien se present\u00f3 en el lugar prometiendo 100 mil Bs. a los damnificados, a manera de contribuci\u00f3n. Aclarando que no fue una \u201cDONACI\u00d3N\u201d o regalo por parte del alcalde.<\/p>\n<p>Todos los dem\u00e1s mercados y centros comerciales de la ciudad corren el mismo riesgo, al estar completamente descuidados, y es por eso que se exige a las autoridades ediles que \u201caseguren una investigaci\u00f3n seria, profesional, t\u00e9cnica-cient\u00edfica mediante peritos especializados del IDIF apoyados por IITCUP, e investigadores de la FELCC y bomberos, para conocer los efectos y da\u00f1os ocasionados por ese incendio\u201d.<\/p>\n<p>Para evitar actos de corrupci\u00f3n en el manejo de los fondos destinados a la reconstrucci\u00f3n del mercado, se debe hacer hincapi\u00e9 sobre las siguientes interrogantes: \u00bfc\u00f3mo fue controlado el fuego? \u00bfCu\u00e1nto y cu\u00e1les fueron las p\u00e9rdidas para el municipio? \u00bfCu\u00e1nto y cu\u00e1les fueron las p\u00e9rdidas para los comerciantes? Y, principalmente, \u00bfcu\u00e1les fueron las causas que lo originaron? Baraj\u00e1ndose, en primera instancia, las posibilidades de un accidente, de un fallo el\u00e9ctrico, por \u00faltimo, hasta de un pir\u00f3mano bajo consigna. Por la situaci\u00f3n pol\u00edtica, esta posibilidad puede ir ganando peso, a falta de que se presente un informe definitivo en las pr\u00f3ximas horas. Mucho m\u00e1s cuando el Ministro de Obras P\u00fablicas acusa al Comit\u00e9 Pro Santa Cruz de haber causado el incendio, mellando los c\u00f3digos de honor del ente c\u00edvico.<\/p>\n<p>Sin embargo, no hay nada m\u00e1s cierto que si el incendio fue inducido por la mano del hombre, no habr\u00eda duda para sospechar de quienes se oponen al paro regional por el censo en el a\u00f1o 2023. Es importante actualizar los manuales de prevenci\u00f3n de incendios a fin de contar con planes de contingencias que protejan a personas, inmuebles, e infraestructura, as\u00ed tambi\u00e9n determinar \u00e1reas y tipos de riesgos, programas de evacuaci\u00f3n, conformaci\u00f3n de equipos o brigadas de intervenci\u00f3n r\u00e1pida, programas de inspecciones e implementaci\u00f3n de equipos, uniformes, carros bomberos, sistema de hidrantes, y otros detalles de orden log\u00edstico. Finalmente, es necesario tomar en cuenta que, as\u00ed como se extingui\u00f3 el fuego en el mercado mutualista, as\u00ed tambi\u00e9n por voluntad de los cruce\u00f1os se extinguir\u00e1 el af\u00e1n divisionista del alcalde y de todos quienes se oponen al futuro de Santa Cruz.<\/p>\n<p>&nbsp;<\/p>\n<p><em>El autor es abogado, Cnel. (SP), profesor universitario<\/em><\/p>\n","protected":false},"excerpt":{"rendered":"<p>La intensidad del fuego en el mercado mutualista nos dio la idea de lo que han sufrido los comerciantes y los momentos de angustia al perderlo todo, pese a la labor de todos los servicios e instituciones y ciudadanos voluntarios que han participado en la extinci\u00f3n del fuego, al socorrer a las personas y salvar [&hellip;]<\/p>\n","protected":false},"author":1,"featured_media":58984,"comment_status":"closed","ping_status":"closed","sticky":false,"template":"","format":"standard","meta":{"_acf_changed":false,"footnotes":""},"categories":[9],"tags":[],"class_list":["post-102644","post","type-post","status-publish","format-standard","has-post-thumbnail","category-opinion"],"acf":{"antetitulo":""},"yoast_head":"<!-- This site is optimized with the Yoast SEO plugin v28.3 - https:\/\/yoast.com\/product\/yoast-seo-wordpress\/ -->\n<title>Incendio en mercado mutualista: accidente o piroman\u00eda inducida - El Diario - Bolivia<\/title>\n<meta name=\"robots\" content=\"index, follow, max-snippet:-1, max-image-preview:large, max-video-preview:-1\" \/>\n<link rel=\"canonical\" href=\"https:\/\/www.eldiario.net\/portal\/2022\/08\/09\/incendio-en-mercado-mutualista-accidente-o-piromania-inducida\/\" \/>\n<meta property=\"og:locale\" content=\"es_ES\" \/>\n<meta property=\"og:type\" content=\"article\" \/>\n<meta property=\"og:title\" content=\"Incendio en mercado mutualista: accidente o piroman\u00eda inducida - El Diario - Bolivia\" \/>\n<meta property=\"og:description\" content=\"La intensidad del fuego en el mercado mutualista nos dio la idea de lo que han sufrido los comerciantes y los momentos de angustia al perderlo todo, pese a la labor de todos los servicios e instituciones y ciudadanos voluntarios que han participado en la extinci\u00f3n del fuego, al socorrer a las personas y salvar [&hellip;]\" \/>\n<meta property=\"og:url\" content=\"https:\/\/www.eldiario.net\/portal\/2022\/08\/09\/incendio-en-mercado-mutualista-accidente-o-piromania-inducida\/\" \/>\n<meta property=\"og:site_name\" content=\"El Diario - Bolivia\" \/>\n<meta property=\"article:publisher\" content=\"https:\/\/www.facebook.com\/eldiario.bolivia\/\" \/>\n<meta property=\"article:published_time\" content=\"2022-08-09T09:55:28+00:00\" \/>\n<meta name=\"author\" content=\"Jeanette\" \/>\n<meta name=\"twitter:card\" content=\"summary_large_image\" \/>\n<meta name=\"twitter:creator\" content=\"@eldiario_net\" \/>\n<meta name=\"twitter:site\" content=\"@eldiario_net\" \/>\n<meta name=\"twitter:label1\" content=\"Escrito por\" \/>\n\t<meta name=\"twitter:data1\" content=\"Jeanette\" \/>\n\t<meta name=\"twitter:label2\" content=\"Tiempo de lectura\" \/>\n\t<meta name=\"twitter:data2\" content=\"3 minutos\" \/>\n<script type=\"application\/ld+json\" class=\"yoast-schema-graph\">{\"@context\":\"https:\\\/\\\/schema.org\",\"@graph\":[{\"@type\":\"Article\",\"@id\":\"https:\\\/\\\/www.eldiario.net\\\/portal\\\/2022\\\/08\\\/09\\\/incendio-en-mercado-mutualista-accidente-o-piromania-inducida\\\/#article\",\"isPartOf\":{\"@id\":\"https:\\\/\\\/www.eldiario.net\\\/portal\\\/2022\\\/08\\\/09\\\/incendio-en-mercado-mutualista-accidente-o-piromania-inducida\\\/\"},\"author\":{\"name\":\"Jeanette\",\"@id\":\"https:\\\/\\\/www.eldiario.net\\\/portal\\\/#\\\/schema\\\/person\\\/f46445640444750d7d753ccd04ae01b7\"},\"headline\":\"Incendio en mercado mutualista: accidente o piroman\u00eda inducida\",\"datePublished\":\"2022-08-09T09:55:28+00:00\",\"mainEntityOfPage\":{\"@id\":\"https:\\\/\\\/www.eldiario.net\\\/portal\\\/2022\\\/08\\\/09\\\/incendio-en-mercado-mutualista-accidente-o-piromania-inducida\\\/\"},\"wordCount\":567,\"publisher\":{\"@id\":\"https:\\\/\\\/www.eldiario.net\\\/portal\\\/#organization\"},\"image\":{\"@id\":\"https:\\\/\\\/www.eldiario.net\\\/portal\\\/2022\\\/08\\\/09\\\/incendio-en-mercado-mutualista-accidente-o-piromania-inducida\\\/#primaryimage\"},\"thumbnailUrl\":\"\",\"articleSection\":[\"Opini\u00f3n\"],\"inLanguage\":\"es\"},{\"@type\":\"WebPage\",\"@id\":\"https:\\\/\\\/www.eldiario.net\\\/portal\\\/2022\\\/08\\\/09\\\/incendio-en-mercado-mutualista-accidente-o-piromania-inducida\\\/\",\"url\":\"https:\\\/\\\/www.eldiario.net\\\/portal\\\/2022\\\/08\\\/09\\\/incendio-en-mercado-mutualista-accidente-o-piromania-inducida\\\/\",\"name\":\"Incendio en mercado mutualista: accidente o piroman\u00eda inducida - El Diario - Bolivia\",\"isPartOf\":{\"@id\":\"https:\\\/\\\/www.eldiario.net\\\/portal\\\/#website\"},\"primaryImageOfPage\":{\"@id\":\"https:\\\/\\\/www.eldiario.net\\\/portal\\\/2022\\\/08\\\/09\\\/incendio-en-mercado-mutualista-accidente-o-piromania-inducida\\\/#primaryimage\"},\"image\":{\"@id\":\"https:\\\/\\\/www.eldiario.net\\\/portal\\\/2022\\\/08\\\/09\\\/incendio-en-mercado-mutualista-accidente-o-piromania-inducida\\\/#primaryimage\"},\"thumbnailUrl\":\"\",\"datePublished\":\"2022-08-09T09:55:28+00:00\",\"breadcrumb\":{\"@id\":\"https:\\\/\\\/www.eldiario.net\\\/portal\\\/2022\\\/08\\\/09\\\/incendio-en-mercado-mutualista-accidente-o-piromania-inducida\\\/#breadcrumb\"},\"inLanguage\":\"es\",\"potentialAction\":[{\"@type\":\"ReadAction\",\"target\":[\"https:\\\/\\\/www.eldiario.net\\\/portal\\\/2022\\\/08\\\/09\\\/incendio-en-mercado-mutualista-accidente-o-piromania-inducida\\\/\"]}]},{\"@type\":\"ImageObject\",\"inLanguage\":\"es\",\"@id\":\"https:\\\/\\\/www.eldiario.net\\\/portal\\\/2022\\\/08\\\/09\\\/incendio-en-mercado-mutualista-accidente-o-piromania-inducida\\\/#primaryimage\",\"url\":\"\",\"contentUrl\":\"\"},{\"@type\":\"BreadcrumbList\",\"@id\":\"https:\\\/\\\/www.eldiario.net\\\/portal\\\/2022\\\/08\\\/09\\\/incendio-en-mercado-mutualista-accidente-o-piromania-inducida\\\/#breadcrumb\",\"itemListElement\":[{\"@type\":\"ListItem\",\"position\":1,\"name\":\"Portada\",\"item\":\"https:\\\/\\\/www.eldiario.net\\\/portal\\\/\"},{\"@type\":\"ListItem\",\"position\":2,\"name\":\"Incendio en mercado mutualista: accidente o piroman\u00eda inducida\"}]},{\"@type\":\"WebSite\",\"@id\":\"https:\\\/\\\/www.eldiario.net\\\/portal\\\/#website\",\"url\":\"https:\\\/\\\/www.eldiario.net\\\/portal\\\/\",\"name\":\"El Diario - Decano de la prensa nacional\",\"description\":\"El Diario - Decano de la prensa nacional\",\"publisher\":{\"@id\":\"https:\\\/\\\/www.eldiario.net\\\/portal\\\/#organization\"},\"potentialAction\":[{\"@type\":\"SearchAction\",\"target\":{\"@type\":\"EntryPoint\",\"urlTemplate\":\"https:\\\/\\\/www.eldiario.net\\\/portal\\\/?s={search_term_string}\"},\"query-input\":{\"@type\":\"PropertyValueSpecification\",\"valueRequired\":true,\"valueName\":\"search_term_string\"}}],\"inLanguage\":\"es\"},{\"@type\":\"Organization\",\"@id\":\"https:\\\/\\\/www.eldiario.net\\\/portal\\\/#organization\",\"name\":\"El Diario - Decano de la prensa nacional\",\"url\":\"https:\\\/\\\/www.eldiario.net\\\/portal\\\/\",\"logo\":{\"@type\":\"ImageObject\",\"inLanguage\":\"es\",\"@id\":\"https:\\\/\\\/www.eldiario.net\\\/portal\\\/#\\\/schema\\\/logo\\\/image\\\/\",\"url\":\"https:\\\/\\\/www.eldiario.net\\\/portal\\\/wp-content\\\/uploads\\\/2023\\\/07\\\/logo_ED.jpg\",\"contentUrl\":\"https:\\\/\\\/www.eldiario.net\\\/portal\\\/wp-content\\\/uploads\\\/2023\\\/07\\\/logo_ED.jpg\",\"width\":272,\"height\":52,\"caption\":\"El Diario - Decano de la prensa nacional\"},\"image\":{\"@id\":\"https:\\\/\\\/www.eldiario.net\\\/portal\\\/#\\\/schema\\\/logo\\\/image\\\/\"},\"sameAs\":[\"https:\\\/\\\/www.facebook.com\\\/eldiario.bolivia\\\/\",\"https:\\\/\\\/x.com\\\/eldiario_net\"]},{\"@type\":\"Person\",\"@id\":\"https:\\\/\\\/www.eldiario.net\\\/portal\\\/#\\\/schema\\\/person\\\/f46445640444750d7d753ccd04ae01b7\",\"name\":\"Jeanette\",\"image\":{\"@type\":\"ImageObject\",\"inLanguage\":\"es\",\"@id\":\"https:\\\/\\\/secure.gravatar.com\\\/avatar\\\/3ea2118a5f7dad2b7138b1187a6b7ee55f160b9968b66013c3a3ef39dd7e5798?s=96&d=mm&r=g\",\"url\":\"https:\\\/\\\/secure.gravatar.com\\\/avatar\\\/3ea2118a5f7dad2b7138b1187a6b7ee55f160b9968b66013c3a3ef39dd7e5798?s=96&d=mm&r=g\",\"contentUrl\":\"https:\\\/\\\/secure.gravatar.com\\\/avatar\\\/3ea2118a5f7dad2b7138b1187a6b7ee55f160b9968b66013c3a3ef39dd7e5798?s=96&d=mm&r=g\",\"caption\":\"Jeanette\"},\"sameAs\":[\"https:\\\/\\\/www.eldiario.net\\\/portal\"],\"url\":\"https:\\\/\\\/www.eldiario.net\\\/portal\\\/author\\\/jeanette\\\/\"}]}<\/script>\n<!-- \/ Yoast SEO plugin. -->","yoast_head_json":{"title":"Incendio en mercado mutualista: accidente o piroman\u00eda inducida - El Diario - Bolivia","robots":{"index":"index","follow":"follow","max-snippet":"max-snippet:-1","max-image-preview":"max-image-preview:large","max-video-preview":"max-video-preview:-1"},"canonical":"https:\/\/www.eldiario.net\/portal\/2022\/08\/09\/incendio-en-mercado-mutualista-accidente-o-piromania-inducida\/","og_locale":"es_ES","og_type":"article","og_title":"Incendio en mercado mutualista: accidente o piroman\u00eda inducida - El Diario - Bolivia","og_description":"La intensidad del fuego en el mercado mutualista nos dio la idea de lo que han sufrido los comerciantes y los momentos de angustia al perderlo todo, pese a la labor de todos los servicios e instituciones y ciudadanos voluntarios que han participado en la extinci\u00f3n del fuego, al socorrer a las personas y salvar [&hellip;]","og_url":"https:\/\/www.eldiario.net\/portal\/2022\/08\/09\/incendio-en-mercado-mutualista-accidente-o-piromania-inducida\/","og_site_name":"El Diario - Bolivia","article_publisher":"https:\/\/www.facebook.com\/eldiario.bolivia\/","article_published_time":"2022-08-09T09:55:28+00:00","author":"Jeanette","twitter_card":"summary_large_image","twitter_creator":"@eldiario_net","twitter_site":"@eldiario_net","twitter_misc":{"Escrito por":"Jeanette","Tiempo de lectura":"3 minutos"},"schema":{"@context":"https:\/\/schema.org","@graph":[{"@type":"Article","@id":"https:\/\/www.eldiario.net\/portal\/2022\/08\/09\/incendio-en-mercado-mutualista-accidente-o-piromania-inducida\/#article","isPartOf":{"@id":"https:\/\/www.eldiario.net\/portal\/2022\/08\/09\/incendio-en-mercado-mutualista-accidente-o-piromania-inducida\/"},"author":{"name":"Jeanette","@id":"https:\/\/www.eldiario.net\/portal\/#\/schema\/person\/f46445640444750d7d753ccd04ae01b7"},"headline":"Incendio en mercado mutualista: accidente o piroman\u00eda inducida","datePublished":"2022-08-09T09:55:28+00:00","mainEntityOfPage":{"@id":"https:\/\/www.eldiario.net\/portal\/2022\/08\/09\/incendio-en-mercado-mutualista-accidente-o-piromania-inducida\/"},"wordCount":567,"publisher":{"@id":"https:\/\/www.eldiario.net\/portal\/#organization"},"image":{"@id":"https:\/\/www.eldiario.net\/portal\/2022\/08\/09\/incendio-en-mercado-mutualista-accidente-o-piromania-inducida\/#primaryimage"},"thumbnailUrl":"","articleSection":["Opini\u00f3n"],"inLanguage":"es"},{"@type":"WebPage","@id":"https:\/\/www.eldiario.net\/portal\/2022\/08\/09\/incendio-en-mercado-mutualista-accidente-o-piromania-inducida\/","url":"https:\/\/www.eldiario.net\/portal\/2022\/08\/09\/incendio-en-mercado-mutualista-accidente-o-piromania-inducida\/","name":"Incendio en mercado mutualista: accidente o piroman\u00eda inducida - El Diario - Bolivia","isPartOf":{"@id":"https:\/\/www.eldiario.net\/portal\/#website"},"primaryImageOfPage":{"@id":"https:\/\/www.eldiario.net\/portal\/2022\/08\/09\/incendio-en-mercado-mutualista-accidente-o-piromania-inducida\/#primaryimage"},"image":{"@id":"https:\/\/www.eldiario.net\/portal\/2022\/08\/09\/incendio-en-mercado-mutualista-accidente-o-piromania-inducida\/#primaryimage"},"thumbnailUrl":"","datePublished":"2022-08-09T09:55:28+00:00","breadcrumb":{"@id":"https:\/\/www.eldiario.net\/portal\/2022\/08\/09\/incendio-en-mercado-mutualista-accidente-o-piromania-inducida\/#breadcrumb"},"inLanguage":"es","potentialAction":[{"@type":"ReadAction","target":["https:\/\/www.eldiario.net\/portal\/2022\/08\/09\/incendio-en-mercado-mutualista-accidente-o-piromania-inducida\/"]}]},{"@type":"ImageObject","inLanguage":"es","@id":"https:\/\/www.eldiario.net\/portal\/2022\/08\/09\/incendio-en-mercado-mutualista-accidente-o-piromania-inducida\/#primaryimage","url":"","contentUrl":""},{"@type":"BreadcrumbList","@id":"https:\/\/www.eldiario.net\/portal\/2022\/08\/09\/incendio-en-mercado-mutualista-accidente-o-piromania-inducida\/#breadcrumb","itemListElement":[{"@type":"ListItem","position":1,"name":"Portada","item":"https:\/\/www.eldiario.net\/portal\/"},{"@type":"ListItem","position":2,"name":"Incendio en mercado mutualista: accidente o piroman\u00eda inducida"}]},{"@type":"WebSite","@id":"https:\/\/www.eldiario.net\/portal\/#website","url":"https:\/\/www.eldiario.net\/portal\/","name":"El Diario - Decano de la prensa nacional","description":"El Diario - Decano de la prensa nacional","publisher":{"@id":"https:\/\/www.eldiario.net\/portal\/#organization"},"potentialAction":[{"@type":"SearchAction","target":{"@type":"EntryPoint","urlTemplate":"https:\/\/www.eldiario.net\/portal\/?s={search_term_string}"},"query-input":{"@type":"PropertyValueSpecification","valueRequired":true,"valueName":"search_term_string"}}],"inLanguage":"es"},{"@type":"Organization","@id":"https:\/\/www.eldiario.net\/portal\/#organization","name":"El Diario - Decano de la prensa nacional","url":"https:\/\/www.eldiario.net\/portal\/","logo":{"@type":"ImageObject","inLanguage":"es","@id":"https:\/\/www.eldiario.net\/portal\/#\/schema\/logo\/image\/","url":"https:\/\/www.eldiario.net\/portal\/wp-content\/uploads\/2023\/07\/logo_ED.jpg","contentUrl":"https:\/\/www.eldiario.net\/portal\/wp-content\/uploads\/2023\/07\/logo_ED.jpg","width":272,"height":52,"caption":"El Diario - Decano de la prensa nacional"},"image":{"@id":"https:\/\/www.eldiario.net\/portal\/#\/schema\/logo\/image\/"},"sameAs":["https:\/\/www.facebook.com\/eldiario.bolivia\/","https:\/\/x.com\/eldiario_net"]},{"@type":"Person","@id":"https:\/\/www.eldiario.net\/portal\/#\/schema\/person\/f46445640444750d7d753ccd04ae01b7","name":"Jeanette","image":{"@type":"ImageObject","inLanguage":"es","@id":"https:\/\/secure.gravatar.com\/avatar\/3ea2118a5f7dad2b7138b1187a6b7ee55f160b9968b66013c3a3ef39dd7e5798?s=96&d=mm&r=g","url":"https:\/\/secure.gravatar.com\/avatar\/3ea2118a5f7dad2b7138b1187a6b7ee55f160b9968b66013c3a3ef39dd7e5798?s=96&d=mm&r=g","contentUrl":"https:\/\/secure.gravatar.com\/avatar\/3ea2118a5f7dad2b7138b1187a6b7ee55f160b9968b66013c3a3ef39dd7e5798?s=96&d=mm&r=g","caption":"Jeanette"},"sameAs":["https:\/\/www.eldiario.net\/portal"],"url":"https:\/\/www.eldiario.net\/portal\/author\/jeanette\/"}]}},"_links":{"self":[{"href":"https:\/\/www.eldiario.net\/portal\/wp-json\/wp\/v2\/posts\/102644","targetHints":{"allow":["GET"]}}],"collection":[{"href":"https:\/\/www.eldiario.net\/portal\/wp-json\/wp\/v2\/posts"}],"about":[{"href":"https:\/\/www.eldiario.net\/portal\/wp-json\/wp\/v2\/types\/post"}],"author":[{"embeddable":true,"href":"https:\/\/www.eldiario.net\/portal\/wp-json\/wp\/v2\/users\/1"}],"replies":[{"embeddable":true,"href":"https:\/\/www.eldiario.net\/portal\/wp-json\/wp\/v2\/comments?post=102644"}],"version-history":[{"count":0,"href":"https:\/\/www.eldiario.net\/portal\/wp-json\/wp\/v2\/posts\/102644\/revisions"}],"wp:attachment":[{"href":"https:\/\/www.eldiario.net\/portal\/wp-json\/wp\/v2\/media?parent=102644"}],"wp:term":[{"taxonomy":"category","embeddable":true,"href":"https:\/\/www.eldiario.net\/portal\/wp-json\/wp\/v2\/categories?post=102644"},{"taxonomy":"post_tag","embeddable":true,"href":"https:\/\/www.eldiario.net\/portal\/wp-json\/wp\/v2\/tags?post=102644"}],"curies":[{"name":"wp","href":"https:\/\/api.w.org\/{rel}","templated":true}]}}