{"id":102642,"date":"2022-08-09T05:54:35","date_gmt":"2022-08-09T09:54:35","guid":{"rendered":"https:\/\/www.eldiario.net\/portal\/?p=102642"},"modified":"2022-08-09T05:54:35","modified_gmt":"2022-08-09T09:54:35","slug":"desfile-civico-escolar-en-quinta-ola","status":"publish","type":"post","link":"https:\/\/www.eldiario.net\/portal\/2022\/08\/09\/desfile-civico-escolar-en-quinta-ola\/","title":{"rendered":"Desfile c\u00edvico escolar en quinta ola"},"content":{"rendered":"<p>Una madrugada cualquiera amaneces con fuertes dolores articulares, cabeza, espalda y gripe con intensidad; justo cuando son d\u00edas previos para asistir al desfile c\u00edvico escolar, que con mucho jolgorio y entusiasmo alistan los docentes de turno y estudiantes de distintos niveles de educaci\u00f3n regular y alternativa del Sistema Educativo Plurinacional. Los s\u00edntomas del cuerpo exigen m\u00ednimamente aproximarse a una farmacia e informar a la farmac\u00e9utica sobre la situaci\u00f3n que est\u00e1s atravesando y recibir como recomendaci\u00f3n unas tabletas: \u201cRelaxante\u201d, indicando que los dolores sufridos eran consecuencia del trabajo y preocupaciones que no faltan en la vida cotidiana.<\/p>\n<p>Tomas las tabletas recetadas, persisten los dolores con mayor intensidad, especialmente por la noche, es una fiebre maldita que no cesa. Y siguen los preparativos para el desfile c\u00edvico escolar, de ello no puedes prescindir, porque es un imperativo mayor que no deja resquicio alguno para reparo personal ni reposo por un instante o acudir a un centro de salud. Adem\u00e1s, el control social est\u00e1 vigilante, obstinado con las actividades del desfile c\u00edvico escolar, como si fuera el \u00fanico momento y espacio para que los estudiantes demuestren su fervor c\u00edvico a la Patria, clamando por una digna representaci\u00f3n de la unidad educativa. Ni modo, hay que asistir al desfile, confiado solamente en la efectividad de las vacunas recibidas.<\/p>\n<p>Lo llamativo fue que, en las redes sociales, d\u00edas antes al desfile escolar, circularon instructivos escritos de algunos directores distritales de educaci\u00f3n, disponiendo la suspensi\u00f3n completa de los desfiles. Sin embargo, algunos directores departamentales de educaci\u00f3n, arguyendo \u201ccivismo\u201d, fomentaron concentraciones masivas en las calles, avenidas y plazas principales de las ciudades capitales de provincia y departamento. A pesar de la presencia de la quinta ola del Covid-19, se realizaron los desfiles c\u00edvicos escolares, los d\u00edas cinco y seis de agosto, rindiendo homenaje a los 197 a\u00f1os de independencia de la Patria.<\/p>\n<p>Pero aqu\u00ed va nuestra protesta por los discursos antag\u00f3nicos que sostienen las autoridades educativas. Si bien el Ministro de Educaci\u00f3n tuvo el acierto de ampliar el descanso pedag\u00f3gico por dos semanas, fue precisamente para retener la expansi\u00f3n r\u00e1pida de la quinta ola en las instituciones educativas, eso nadie lo discute. Sin embargo, no tuvo la capacidad ni la visi\u00f3n t\u00e9cnica de velar por la salud de los recursos humanos m\u00e1s vulnerables en esta coyuntura de la quinta ola, es decir, suspendiendo los desfiles c\u00edvicos escolares en todo el territorio nacional, cuando hab\u00eda pedidos de ampliaci\u00f3n del descanso pedag\u00f3gico por dos semanas. Por el contrario, expuso a los estudiantes, docentes y padres de familia al crecimiento acelerado del contagio de la poblaci\u00f3n. En esas concentraciones se observ\u00f3 a estudiantes y padres de familia que no llevaban barbijo, seguramente por la crisis econ\u00f3mica y el costo del insumo.<\/p>\n<p>Ahora, pasado el fervor c\u00edvico, corresponde a las autoridades del Ministerio de Salud levantar datos estad\u00edsticos fehacientes, que ojal\u00e1 no reflejen incremento significativo de contagiados por desfiles c\u00edvicos escolares, porque en informe presidencial escuchamos, con mucha satisfacci\u00f3n, que la letalidad de la quinta ola baj\u00f3 a un 0,1%, punto alto no solo para los gobernantes que oportunamente gestionaron las vacunas, sino tambi\u00e9n para la ciudadan\u00eda en su conjunto, que asumi\u00f3 con mucho responsabilidad y esmero, el cuidado de su salud personal y familiar. Aunque existe gente que no entiende todav\u00eda la necesidad que tenemos de hacer vacunar a nuestros hijos, para de esta forma prevenir la continuidad del Covid-19 en las instituciones educativas.<\/p>\n","protected":false},"excerpt":{"rendered":"<p>Una madrugada cualquiera amaneces con fuertes dolores articulares, cabeza, espalda y gripe con intensidad; justo cuando son d\u00edas previos para asistir al desfile c\u00edvico escolar, que con mucho jolgorio y entusiasmo alistan los docentes de turno y estudiantes de distintos niveles de educaci\u00f3n regular y alternativa del Sistema Educativo Plurinacional. Los s\u00edntomas del cuerpo exigen [&hellip;]<\/p>\n","protected":false},"author":1,"featured_media":47214,"comment_status":"closed","ping_status":"closed","sticky":false,"template":"","format":"standard","meta":{"_acf_changed":false,"footnotes":""},"categories":[9],"tags":[],"class_list":["post-102642","post","type-post","status-publish","format-standard","has-post-thumbnail","category-opinion"],"acf":{"antetitulo":""},"yoast_head":"<!-- This site is optimized with the Yoast SEO plugin v28.3 - https:\/\/yoast.com\/product\/yoast-seo-wordpress\/ -->\n<title>Desfile c\u00edvico escolar en quinta ola - El Diario - Bolivia<\/title>\n<meta name=\"robots\" content=\"index, follow, max-snippet:-1, max-image-preview:large, max-video-preview:-1\" \/>\n<link rel=\"canonical\" href=\"https:\/\/www.eldiario.net\/portal\/2022\/08\/09\/desfile-civico-escolar-en-quinta-ola\/\" \/>\n<meta property=\"og:locale\" content=\"es_ES\" \/>\n<meta property=\"og:type\" content=\"article\" \/>\n<meta property=\"og:title\" content=\"Desfile c\u00edvico escolar en quinta ola - El Diario - Bolivia\" \/>\n<meta property=\"og:description\" content=\"Una madrugada cualquiera amaneces con fuertes dolores articulares, cabeza, espalda y gripe con intensidad; justo cuando son d\u00edas previos para asistir al desfile c\u00edvico escolar, que con mucho jolgorio y entusiasmo alistan los docentes de turno y estudiantes de distintos niveles de educaci\u00f3n regular y alternativa del Sistema Educativo Plurinacional. Los s\u00edntomas del cuerpo exigen [&hellip;]\" \/>\n<meta property=\"og:url\" content=\"https:\/\/www.eldiario.net\/portal\/2022\/08\/09\/desfile-civico-escolar-en-quinta-ola\/\" \/>\n<meta property=\"og:site_name\" content=\"El Diario - Bolivia\" \/>\n<meta property=\"article:publisher\" content=\"https:\/\/www.facebook.com\/eldiario.bolivia\/\" \/>\n<meta property=\"article:published_time\" content=\"2022-08-09T09:54:35+00:00\" \/>\n<meta name=\"author\" content=\"Jeanette\" \/>\n<meta name=\"twitter:card\" content=\"summary_large_image\" \/>\n<meta name=\"twitter:creator\" content=\"@eldiario_net\" \/>\n<meta name=\"twitter:site\" content=\"@eldiario_net\" \/>\n<meta name=\"twitter:label1\" content=\"Escrito por\" \/>\n\t<meta name=\"twitter:data1\" content=\"Jeanette\" \/>\n\t<meta name=\"twitter:label2\" content=\"Tiempo de lectura\" \/>\n\t<meta name=\"twitter:data2\" content=\"3 minutos\" \/>\n<script type=\"application\/ld+json\" class=\"yoast-schema-graph\">{\"@context\":\"https:\\\/\\\/schema.org\",\"@graph\":[{\"@type\":\"Article\",\"@id\":\"https:\\\/\\\/www.eldiario.net\\\/portal\\\/2022\\\/08\\\/09\\\/desfile-civico-escolar-en-quinta-ola\\\/#article\",\"isPartOf\":{\"@id\":\"https:\\\/\\\/www.eldiario.net\\\/portal\\\/2022\\\/08\\\/09\\\/desfile-civico-escolar-en-quinta-ola\\\/\"},\"author\":{\"name\":\"Jeanette\",\"@id\":\"https:\\\/\\\/www.eldiario.net\\\/portal\\\/#\\\/schema\\\/person\\\/f46445640444750d7d753ccd04ae01b7\"},\"headline\":\"Desfile c\u00edvico escolar en quinta ola\",\"datePublished\":\"2022-08-09T09:54:35+00:00\",\"mainEntityOfPage\":{\"@id\":\"https:\\\/\\\/www.eldiario.net\\\/portal\\\/2022\\\/08\\\/09\\\/desfile-civico-escolar-en-quinta-ola\\\/\"},\"wordCount\":611,\"publisher\":{\"@id\":\"https:\\\/\\\/www.eldiario.net\\\/portal\\\/#organization\"},\"image\":{\"@id\":\"https:\\\/\\\/www.eldiario.net\\\/portal\\\/2022\\\/08\\\/09\\\/desfile-civico-escolar-en-quinta-ola\\\/#primaryimage\"},\"thumbnailUrl\":\"\",\"articleSection\":[\"Opini\u00f3n\"],\"inLanguage\":\"es\"},{\"@type\":\"WebPage\",\"@id\":\"https:\\\/\\\/www.eldiario.net\\\/portal\\\/2022\\\/08\\\/09\\\/desfile-civico-escolar-en-quinta-ola\\\/\",\"url\":\"https:\\\/\\\/www.eldiario.net\\\/portal\\\/2022\\\/08\\\/09\\\/desfile-civico-escolar-en-quinta-ola\\\/\",\"name\":\"Desfile c\u00edvico escolar en quinta ola - El Diario - Bolivia\",\"isPartOf\":{\"@id\":\"https:\\\/\\\/www.eldiario.net\\\/portal\\\/#website\"},\"primaryImageOfPage\":{\"@id\":\"https:\\\/\\\/www.eldiario.net\\\/portal\\\/2022\\\/08\\\/09\\\/desfile-civico-escolar-en-quinta-ola\\\/#primaryimage\"},\"image\":{\"@id\":\"https:\\\/\\\/www.eldiario.net\\\/portal\\\/2022\\\/08\\\/09\\\/desfile-civico-escolar-en-quinta-ola\\\/#primaryimage\"},\"thumbnailUrl\":\"\",\"datePublished\":\"2022-08-09T09:54:35+00:00\",\"breadcrumb\":{\"@id\":\"https:\\\/\\\/www.eldiario.net\\\/portal\\\/2022\\\/08\\\/09\\\/desfile-civico-escolar-en-quinta-ola\\\/#breadcrumb\"},\"inLanguage\":\"es\",\"potentialAction\":[{\"@type\":\"ReadAction\",\"target\":[\"https:\\\/\\\/www.eldiario.net\\\/portal\\\/2022\\\/08\\\/09\\\/desfile-civico-escolar-en-quinta-ola\\\/\"]}]},{\"@type\":\"ImageObject\",\"inLanguage\":\"es\",\"@id\":\"https:\\\/\\\/www.eldiario.net\\\/portal\\\/2022\\\/08\\\/09\\\/desfile-civico-escolar-en-quinta-ola\\\/#primaryimage\",\"url\":\"\",\"contentUrl\":\"\"},{\"@type\":\"BreadcrumbList\",\"@id\":\"https:\\\/\\\/www.eldiario.net\\\/portal\\\/2022\\\/08\\\/09\\\/desfile-civico-escolar-en-quinta-ola\\\/#breadcrumb\",\"itemListElement\":[{\"@type\":\"ListItem\",\"position\":1,\"name\":\"Portada\",\"item\":\"https:\\\/\\\/www.eldiario.net\\\/portal\\\/\"},{\"@type\":\"ListItem\",\"position\":2,\"name\":\"Desfile c\u00edvico escolar en quinta ola\"}]},{\"@type\":\"WebSite\",\"@id\":\"https:\\\/\\\/www.eldiario.net\\\/portal\\\/#website\",\"url\":\"https:\\\/\\\/www.eldiario.net\\\/portal\\\/\",\"name\":\"El Diario - Decano de la prensa nacional\",\"description\":\"El Diario - Decano de la prensa nacional\",\"publisher\":{\"@id\":\"https:\\\/\\\/www.eldiario.net\\\/portal\\\/#organization\"},\"potentialAction\":[{\"@type\":\"SearchAction\",\"target\":{\"@type\":\"EntryPoint\",\"urlTemplate\":\"https:\\\/\\\/www.eldiario.net\\\/portal\\\/?s={search_term_string}\"},\"query-input\":{\"@type\":\"PropertyValueSpecification\",\"valueRequired\":true,\"valueName\":\"search_term_string\"}}],\"inLanguage\":\"es\"},{\"@type\":\"Organization\",\"@id\":\"https:\\\/\\\/www.eldiario.net\\\/portal\\\/#organization\",\"name\":\"El Diario - Decano de la prensa nacional\",\"url\":\"https:\\\/\\\/www.eldiario.net\\\/portal\\\/\",\"logo\":{\"@type\":\"ImageObject\",\"inLanguage\":\"es\",\"@id\":\"https:\\\/\\\/www.eldiario.net\\\/portal\\\/#\\\/schema\\\/logo\\\/image\\\/\",\"url\":\"https:\\\/\\\/www.eldiario.net\\\/portal\\\/wp-content\\\/uploads\\\/2023\\\/07\\\/logo_ED.jpg\",\"contentUrl\":\"https:\\\/\\\/www.eldiario.net\\\/portal\\\/wp-content\\\/uploads\\\/2023\\\/07\\\/logo_ED.jpg\",\"width\":272,\"height\":52,\"caption\":\"El Diario - Decano de la prensa nacional\"},\"image\":{\"@id\":\"https:\\\/\\\/www.eldiario.net\\\/portal\\\/#\\\/schema\\\/logo\\\/image\\\/\"},\"sameAs\":[\"https:\\\/\\\/www.facebook.com\\\/eldiario.bolivia\\\/\",\"https:\\\/\\\/x.com\\\/eldiario_net\"]},{\"@type\":\"Person\",\"@id\":\"https:\\\/\\\/www.eldiario.net\\\/portal\\\/#\\\/schema\\\/person\\\/f46445640444750d7d753ccd04ae01b7\",\"name\":\"Jeanette\",\"image\":{\"@type\":\"ImageObject\",\"inLanguage\":\"es\",\"@id\":\"https:\\\/\\\/secure.gravatar.com\\\/avatar\\\/3ea2118a5f7dad2b7138b1187a6b7ee55f160b9968b66013c3a3ef39dd7e5798?s=96&d=mm&r=g\",\"url\":\"https:\\\/\\\/secure.gravatar.com\\\/avatar\\\/3ea2118a5f7dad2b7138b1187a6b7ee55f160b9968b66013c3a3ef39dd7e5798?s=96&d=mm&r=g\",\"contentUrl\":\"https:\\\/\\\/secure.gravatar.com\\\/avatar\\\/3ea2118a5f7dad2b7138b1187a6b7ee55f160b9968b66013c3a3ef39dd7e5798?s=96&d=mm&r=g\",\"caption\":\"Jeanette\"},\"sameAs\":[\"https:\\\/\\\/www.eldiario.net\\\/portal\"],\"url\":\"https:\\\/\\\/www.eldiario.net\\\/portal\\\/author\\\/jeanette\\\/\"}]}<\/script>\n<!-- \/ Yoast SEO plugin. -->","yoast_head_json":{"title":"Desfile c\u00edvico escolar en quinta ola - El Diario - Bolivia","robots":{"index":"index","follow":"follow","max-snippet":"max-snippet:-1","max-image-preview":"max-image-preview:large","max-video-preview":"max-video-preview:-1"},"canonical":"https:\/\/www.eldiario.net\/portal\/2022\/08\/09\/desfile-civico-escolar-en-quinta-ola\/","og_locale":"es_ES","og_type":"article","og_title":"Desfile c\u00edvico escolar en quinta ola - El Diario - Bolivia","og_description":"Una madrugada cualquiera amaneces con fuertes dolores articulares, cabeza, espalda y gripe con intensidad; justo cuando son d\u00edas previos para asistir al desfile c\u00edvico escolar, que con mucho jolgorio y entusiasmo alistan los docentes de turno y estudiantes de distintos niveles de educaci\u00f3n regular y alternativa del Sistema Educativo Plurinacional. Los s\u00edntomas del cuerpo exigen [&hellip;]","og_url":"https:\/\/www.eldiario.net\/portal\/2022\/08\/09\/desfile-civico-escolar-en-quinta-ola\/","og_site_name":"El Diario - Bolivia","article_publisher":"https:\/\/www.facebook.com\/eldiario.bolivia\/","article_published_time":"2022-08-09T09:54:35+00:00","author":"Jeanette","twitter_card":"summary_large_image","twitter_creator":"@eldiario_net","twitter_site":"@eldiario_net","twitter_misc":{"Escrito por":"Jeanette","Tiempo de lectura":"3 minutos"},"schema":{"@context":"https:\/\/schema.org","@graph":[{"@type":"Article","@id":"https:\/\/www.eldiario.net\/portal\/2022\/08\/09\/desfile-civico-escolar-en-quinta-ola\/#article","isPartOf":{"@id":"https:\/\/www.eldiario.net\/portal\/2022\/08\/09\/desfile-civico-escolar-en-quinta-ola\/"},"author":{"name":"Jeanette","@id":"https:\/\/www.eldiario.net\/portal\/#\/schema\/person\/f46445640444750d7d753ccd04ae01b7"},"headline":"Desfile c\u00edvico escolar en quinta ola","datePublished":"2022-08-09T09:54:35+00:00","mainEntityOfPage":{"@id":"https:\/\/www.eldiario.net\/portal\/2022\/08\/09\/desfile-civico-escolar-en-quinta-ola\/"},"wordCount":611,"publisher":{"@id":"https:\/\/www.eldiario.net\/portal\/#organization"},"image":{"@id":"https:\/\/www.eldiario.net\/portal\/2022\/08\/09\/desfile-civico-escolar-en-quinta-ola\/#primaryimage"},"thumbnailUrl":"","articleSection":["Opini\u00f3n"],"inLanguage":"es"},{"@type":"WebPage","@id":"https:\/\/www.eldiario.net\/portal\/2022\/08\/09\/desfile-civico-escolar-en-quinta-ola\/","url":"https:\/\/www.eldiario.net\/portal\/2022\/08\/09\/desfile-civico-escolar-en-quinta-ola\/","name":"Desfile c\u00edvico escolar en quinta ola - El Diario - Bolivia","isPartOf":{"@id":"https:\/\/www.eldiario.net\/portal\/#website"},"primaryImageOfPage":{"@id":"https:\/\/www.eldiario.net\/portal\/2022\/08\/09\/desfile-civico-escolar-en-quinta-ola\/#primaryimage"},"image":{"@id":"https:\/\/www.eldiario.net\/portal\/2022\/08\/09\/desfile-civico-escolar-en-quinta-ola\/#primaryimage"},"thumbnailUrl":"","datePublished":"2022-08-09T09:54:35+00:00","breadcrumb":{"@id":"https:\/\/www.eldiario.net\/portal\/2022\/08\/09\/desfile-civico-escolar-en-quinta-ola\/#breadcrumb"},"inLanguage":"es","potentialAction":[{"@type":"ReadAction","target":["https:\/\/www.eldiario.net\/portal\/2022\/08\/09\/desfile-civico-escolar-en-quinta-ola\/"]}]},{"@type":"ImageObject","inLanguage":"es","@id":"https:\/\/www.eldiario.net\/portal\/2022\/08\/09\/desfile-civico-escolar-en-quinta-ola\/#primaryimage","url":"","contentUrl":""},{"@type":"BreadcrumbList","@id":"https:\/\/www.eldiario.net\/portal\/2022\/08\/09\/desfile-civico-escolar-en-quinta-ola\/#breadcrumb","itemListElement":[{"@type":"ListItem","position":1,"name":"Portada","item":"https:\/\/www.eldiario.net\/portal\/"},{"@type":"ListItem","position":2,"name":"Desfile c\u00edvico escolar en quinta ola"}]},{"@type":"WebSite","@id":"https:\/\/www.eldiario.net\/portal\/#website","url":"https:\/\/www.eldiario.net\/portal\/","name":"El Diario - Decano de la prensa nacional","description":"El Diario - Decano de la prensa nacional","publisher":{"@id":"https:\/\/www.eldiario.net\/portal\/#organization"},"potentialAction":[{"@type":"SearchAction","target":{"@type":"EntryPoint","urlTemplate":"https:\/\/www.eldiario.net\/portal\/?s={search_term_string}"},"query-input":{"@type":"PropertyValueSpecification","valueRequired":true,"valueName":"search_term_string"}}],"inLanguage":"es"},{"@type":"Organization","@id":"https:\/\/www.eldiario.net\/portal\/#organization","name":"El Diario - Decano de la prensa nacional","url":"https:\/\/www.eldiario.net\/portal\/","logo":{"@type":"ImageObject","inLanguage":"es","@id":"https:\/\/www.eldiario.net\/portal\/#\/schema\/logo\/image\/","url":"https:\/\/www.eldiario.net\/portal\/wp-content\/uploads\/2023\/07\/logo_ED.jpg","contentUrl":"https:\/\/www.eldiario.net\/portal\/wp-content\/uploads\/2023\/07\/logo_ED.jpg","width":272,"height":52,"caption":"El Diario - Decano de la prensa nacional"},"image":{"@id":"https:\/\/www.eldiario.net\/portal\/#\/schema\/logo\/image\/"},"sameAs":["https:\/\/www.facebook.com\/eldiario.bolivia\/","https:\/\/x.com\/eldiario_net"]},{"@type":"Person","@id":"https:\/\/www.eldiario.net\/portal\/#\/schema\/person\/f46445640444750d7d753ccd04ae01b7","name":"Jeanette","image":{"@type":"ImageObject","inLanguage":"es","@id":"https:\/\/secure.gravatar.com\/avatar\/3ea2118a5f7dad2b7138b1187a6b7ee55f160b9968b66013c3a3ef39dd7e5798?s=96&d=mm&r=g","url":"https:\/\/secure.gravatar.com\/avatar\/3ea2118a5f7dad2b7138b1187a6b7ee55f160b9968b66013c3a3ef39dd7e5798?s=96&d=mm&r=g","contentUrl":"https:\/\/secure.gravatar.com\/avatar\/3ea2118a5f7dad2b7138b1187a6b7ee55f160b9968b66013c3a3ef39dd7e5798?s=96&d=mm&r=g","caption":"Jeanette"},"sameAs":["https:\/\/www.eldiario.net\/portal"],"url":"https:\/\/www.eldiario.net\/portal\/author\/jeanette\/"}]}},"_links":{"self":[{"href":"https:\/\/www.eldiario.net\/portal\/wp-json\/wp\/v2\/posts\/102642","targetHints":{"allow":["GET"]}}],"collection":[{"href":"https:\/\/www.eldiario.net\/portal\/wp-json\/wp\/v2\/posts"}],"about":[{"href":"https:\/\/www.eldiario.net\/portal\/wp-json\/wp\/v2\/types\/post"}],"author":[{"embeddable":true,"href":"https:\/\/www.eldiario.net\/portal\/wp-json\/wp\/v2\/users\/1"}],"replies":[{"embeddable":true,"href":"https:\/\/www.eldiario.net\/portal\/wp-json\/wp\/v2\/comments?post=102642"}],"version-history":[{"count":0,"href":"https:\/\/www.eldiario.net\/portal\/wp-json\/wp\/v2\/posts\/102642\/revisions"}],"wp:attachment":[{"href":"https:\/\/www.eldiario.net\/portal\/wp-json\/wp\/v2\/media?parent=102642"}],"wp:term":[{"taxonomy":"category","embeddable":true,"href":"https:\/\/www.eldiario.net\/portal\/wp-json\/wp\/v2\/categories?post=102642"},{"taxonomy":"post_tag","embeddable":true,"href":"https:\/\/www.eldiario.net\/portal\/wp-json\/wp\/v2\/tags?post=102642"}],"curies":[{"name":"wp","href":"https:\/\/api.w.org\/{rel}","templated":true}]}}