{"id":102636,"date":"2022-08-09T05:51:54","date_gmt":"2022-08-09T09:51:54","guid":{"rendered":"https:\/\/www.eldiario.net\/portal\/?p=102636"},"modified":"2022-08-09T05:51:54","modified_gmt":"2022-08-09T09:51:54","slug":"mi-patria-bolivia-felicidades","status":"publish","type":"post","link":"https:\/\/www.eldiario.net\/portal\/2022\/08\/09\/mi-patria-bolivia-felicidades\/","title":{"rendered":"Mi patria Bolivia, felicidades"},"content":{"rendered":"<p>&nbsp;<\/p>\n<p>Bolivia visionaria, penitente, persistente, glosa su himno, tierra inocente y hermosa, tus hijos decimos en un\u00edsono, morir antes que esclavos vivir. Recordamos el 197 aniversario de la vida independiente de la tierra que nos vio nacer, llamada en su fundaci\u00f3n como Rep\u00fablica Bol\u00edvar, en el a\u00f1o 1825, en honor al libertador Sim\u00f3n Bol\u00edvar. El 3 de octubre de 1825 se denomina rep\u00fablica de Bolivia y actualmente nuestra patria se denomina Estado Plurinacional de Bolivia, mediante Decreto Supremo No. \u00a0405 del 20 de enero de 2010.<\/p>\n<p>Bolivia es la condensaci\u00f3n teatral representada en 197 actos de vida, que se remonta al 6 de agosto de 1825, cuando se reuni\u00f3 en Chuquisaca la asamblea Nacional, cuyos selectos miembros aprobaron y firmaron la resoluci\u00f3n que marcaba la independencia\u00a0 del Alto Per\u00fa y permit\u00eda crear la nueva rep\u00fablica de Bol\u00edvar, libre y soberana , en honor al libertador de las cinco naciones, Sim\u00f3n Bol\u00edvar y designar a su capital con el nombre de Sucre, en reconocimiento a la patri\u00f3tica tarea del Mariscal de Ayacucho, Antonio Jos\u00e9 de Sucre.<\/p>\n<p>La patria es la tierra donde se ha sufrido, so\u00f1ado, luchado, es la tierra donde se ha vencido\u2026Bolivianas y bolivianos, a seguir construyendo una Patria digna, libre y soberana, para preservar el pa\u00eds y la naci\u00f3n que nos legaron nuestros abuelos para entregar a nuestros hijos, que tienen el derecho de ser hombres y mujeres libres, de libre pensamiento y de f\u00e9rrea convicci\u00f3n sobre nuestra esencia de bolivianidad que se fortalece con la cotidiana contribuci\u00f3n de todos quienes aportamos con un granito de arena para hacer de nuestro pa\u00eds una naci\u00f3n fuerte y soberana por excelencia.<\/p>\n<p>Instamos a los directores, docentes, ni\u00f1as, ni\u00f1os, se\u00f1oritas y j\u00f3venes del Sistema de Educaci\u00f3n Plurinacional y en especial a los actores educativos del Distrito Educativo de CAIROMA del departamento de La Paz, la misi\u00f3n que tienen, de transcender en el tiempo y espacio a trav\u00e9s del estudio y trabajo; porque estamos convencidos de que estamos forjando el presente y el futuro de Bolivia. La historia es para reflexionar y actuar, y ustedes deben ser los futuros personajes, autoridades, intelectuales, patriotas, profesionales que escribir\u00e1n las p\u00e1ginas de la historia de Bolivia con mente, cuerpo y alma.<\/p>\n<p>En este mes de la patria, nuestros corazones deben estar pintados de rojo, amarillo y verde; el rojo, que representa el amor y el sacrificio; el amarillo, la luz; color verde, la esperanza, igual al arco iris que se grafica en el horizonte, que nos se\u00f1ala el horizonte.<\/p>\n<p>\u00a1Que viva Bolivia, hoy, ma\u00f1ana y siempre\u2026!<\/p>\n","protected":false},"excerpt":{"rendered":"<p>&nbsp; Bolivia visionaria, penitente, persistente, glosa su himno, tierra inocente y hermosa, tus hijos decimos en un\u00edsono, morir antes que esclavos vivir. Recordamos el 197 aniversario de la vida independiente de la tierra que nos vio nacer, llamada en su fundaci\u00f3n como Rep\u00fablica Bol\u00edvar, en el a\u00f1o 1825, en honor al libertador Sim\u00f3n Bol\u00edvar. El [&hellip;]<\/p>\n","protected":false},"author":1,"featured_media":0,"comment_status":"closed","ping_status":"closed","sticky":false,"template":"","format":"standard","meta":{"_acf_changed":false,"footnotes":""},"categories":[9],"tags":[],"class_list":["post-102636","post","type-post","status-publish","format-standard","category-opinion"],"acf":{"antetitulo":""},"yoast_head":"<!-- This site is optimized with the Yoast SEO plugin v28.3 - https:\/\/yoast.com\/product\/yoast-seo-wordpress\/ -->\n<title>Mi patria Bolivia, felicidades - El Diario - Bolivia<\/title>\n<meta name=\"robots\" content=\"index, follow, max-snippet:-1, max-image-preview:large, max-video-preview:-1\" \/>\n<link rel=\"canonical\" href=\"https:\/\/www.eldiario.net\/portal\/2022\/08\/09\/mi-patria-bolivia-felicidades\/\" \/>\n<meta property=\"og:locale\" content=\"es_ES\" \/>\n<meta property=\"og:type\" content=\"article\" \/>\n<meta property=\"og:title\" content=\"Mi patria Bolivia, felicidades - El Diario - Bolivia\" \/>\n<meta property=\"og:description\" content=\"&nbsp; Bolivia visionaria, penitente, persistente, glosa su himno, tierra inocente y hermosa, tus hijos decimos en un\u00edsono, morir antes que esclavos vivir. Recordamos el 197 aniversario de la vida independiente de la tierra que nos vio nacer, llamada en su fundaci\u00f3n como Rep\u00fablica Bol\u00edvar, en el a\u00f1o 1825, en honor al libertador Sim\u00f3n Bol\u00edvar. El [&hellip;]\" \/>\n<meta property=\"og:url\" content=\"https:\/\/www.eldiario.net\/portal\/2022\/08\/09\/mi-patria-bolivia-felicidades\/\" \/>\n<meta property=\"og:site_name\" content=\"El Diario - Bolivia\" \/>\n<meta property=\"article:publisher\" content=\"https:\/\/www.facebook.com\/eldiario.bolivia\/\" \/>\n<meta property=\"article:published_time\" content=\"2022-08-09T09:51:54+00:00\" \/>\n<meta name=\"author\" content=\"Jeanette\" \/>\n<meta name=\"twitter:card\" content=\"summary_large_image\" \/>\n<meta name=\"twitter:creator\" content=\"@eldiario_net\" \/>\n<meta name=\"twitter:site\" content=\"@eldiario_net\" \/>\n<meta name=\"twitter:label1\" content=\"Escrito por\" \/>\n\t<meta name=\"twitter:data1\" content=\"Jeanette\" \/>\n\t<meta name=\"twitter:label2\" content=\"Tiempo de lectura\" \/>\n\t<meta name=\"twitter:data2\" content=\"2 minutos\" \/>\n<script type=\"application\/ld+json\" class=\"yoast-schema-graph\">{\"@context\":\"https:\\\/\\\/schema.org\",\"@graph\":[{\"@type\":\"Article\",\"@id\":\"https:\\\/\\\/www.eldiario.net\\\/portal\\\/2022\\\/08\\\/09\\\/mi-patria-bolivia-felicidades\\\/#article\",\"isPartOf\":{\"@id\":\"https:\\\/\\\/www.eldiario.net\\\/portal\\\/2022\\\/08\\\/09\\\/mi-patria-bolivia-felicidades\\\/\"},\"author\":{\"name\":\"Jeanette\",\"@id\":\"https:\\\/\\\/www.eldiario.net\\\/portal\\\/#\\\/schema\\\/person\\\/f46445640444750d7d753ccd04ae01b7\"},\"headline\":\"Mi patria Bolivia, felicidades\",\"datePublished\":\"2022-08-09T09:51:54+00:00\",\"mainEntityOfPage\":{\"@id\":\"https:\\\/\\\/www.eldiario.net\\\/portal\\\/2022\\\/08\\\/09\\\/mi-patria-bolivia-felicidades\\\/\"},\"wordCount\":450,\"publisher\":{\"@id\":\"https:\\\/\\\/www.eldiario.net\\\/portal\\\/#organization\"},\"articleSection\":[\"Opini\u00f3n\"],\"inLanguage\":\"es\"},{\"@type\":\"WebPage\",\"@id\":\"https:\\\/\\\/www.eldiario.net\\\/portal\\\/2022\\\/08\\\/09\\\/mi-patria-bolivia-felicidades\\\/\",\"url\":\"https:\\\/\\\/www.eldiario.net\\\/portal\\\/2022\\\/08\\\/09\\\/mi-patria-bolivia-felicidades\\\/\",\"name\":\"Mi patria Bolivia, felicidades - El Diario - Bolivia\",\"isPartOf\":{\"@id\":\"https:\\\/\\\/www.eldiario.net\\\/portal\\\/#website\"},\"datePublished\":\"2022-08-09T09:51:54+00:00\",\"breadcrumb\":{\"@id\":\"https:\\\/\\\/www.eldiario.net\\\/portal\\\/2022\\\/08\\\/09\\\/mi-patria-bolivia-felicidades\\\/#breadcrumb\"},\"inLanguage\":\"es\",\"potentialAction\":[{\"@type\":\"ReadAction\",\"target\":[\"https:\\\/\\\/www.eldiario.net\\\/portal\\\/2022\\\/08\\\/09\\\/mi-patria-bolivia-felicidades\\\/\"]}]},{\"@type\":\"BreadcrumbList\",\"@id\":\"https:\\\/\\\/www.eldiario.net\\\/portal\\\/2022\\\/08\\\/09\\\/mi-patria-bolivia-felicidades\\\/#breadcrumb\",\"itemListElement\":[{\"@type\":\"ListItem\",\"position\":1,\"name\":\"Portada\",\"item\":\"https:\\\/\\\/www.eldiario.net\\\/portal\\\/\"},{\"@type\":\"ListItem\",\"position\":2,\"name\":\"Mi patria Bolivia, felicidades\"}]},{\"@type\":\"WebSite\",\"@id\":\"https:\\\/\\\/www.eldiario.net\\\/portal\\\/#website\",\"url\":\"https:\\\/\\\/www.eldiario.net\\\/portal\\\/\",\"name\":\"El Diario - Decano de la prensa nacional\",\"description\":\"El Diario - Decano de la prensa nacional\",\"publisher\":{\"@id\":\"https:\\\/\\\/www.eldiario.net\\\/portal\\\/#organization\"},\"potentialAction\":[{\"@type\":\"SearchAction\",\"target\":{\"@type\":\"EntryPoint\",\"urlTemplate\":\"https:\\\/\\\/www.eldiario.net\\\/portal\\\/?s={search_term_string}\"},\"query-input\":{\"@type\":\"PropertyValueSpecification\",\"valueRequired\":true,\"valueName\":\"search_term_string\"}}],\"inLanguage\":\"es\"},{\"@type\":\"Organization\",\"@id\":\"https:\\\/\\\/www.eldiario.net\\\/portal\\\/#organization\",\"name\":\"El Diario - Decano de la prensa nacional\",\"url\":\"https:\\\/\\\/www.eldiario.net\\\/portal\\\/\",\"logo\":{\"@type\":\"ImageObject\",\"inLanguage\":\"es\",\"@id\":\"https:\\\/\\\/www.eldiario.net\\\/portal\\\/#\\\/schema\\\/logo\\\/image\\\/\",\"url\":\"https:\\\/\\\/www.eldiario.net\\\/portal\\\/wp-content\\\/uploads\\\/2023\\\/07\\\/logo_ED.jpg\",\"contentUrl\":\"https:\\\/\\\/www.eldiario.net\\\/portal\\\/wp-content\\\/uploads\\\/2023\\\/07\\\/logo_ED.jpg\",\"width\":272,\"height\":52,\"caption\":\"El Diario - Decano de la prensa nacional\"},\"image\":{\"@id\":\"https:\\\/\\\/www.eldiario.net\\\/portal\\\/#\\\/schema\\\/logo\\\/image\\\/\"},\"sameAs\":[\"https:\\\/\\\/www.facebook.com\\\/eldiario.bolivia\\\/\",\"https:\\\/\\\/x.com\\\/eldiario_net\"]},{\"@type\":\"Person\",\"@id\":\"https:\\\/\\\/www.eldiario.net\\\/portal\\\/#\\\/schema\\\/person\\\/f46445640444750d7d753ccd04ae01b7\",\"name\":\"Jeanette\",\"image\":{\"@type\":\"ImageObject\",\"inLanguage\":\"es\",\"@id\":\"https:\\\/\\\/secure.gravatar.com\\\/avatar\\\/3ea2118a5f7dad2b7138b1187a6b7ee55f160b9968b66013c3a3ef39dd7e5798?s=96&d=mm&r=g\",\"url\":\"https:\\\/\\\/secure.gravatar.com\\\/avatar\\\/3ea2118a5f7dad2b7138b1187a6b7ee55f160b9968b66013c3a3ef39dd7e5798?s=96&d=mm&r=g\",\"contentUrl\":\"https:\\\/\\\/secure.gravatar.com\\\/avatar\\\/3ea2118a5f7dad2b7138b1187a6b7ee55f160b9968b66013c3a3ef39dd7e5798?s=96&d=mm&r=g\",\"caption\":\"Jeanette\"},\"sameAs\":[\"https:\\\/\\\/www.eldiario.net\\\/portal\"],\"url\":\"https:\\\/\\\/www.eldiario.net\\\/portal\\\/author\\\/jeanette\\\/\"}]}<\/script>\n<!-- \/ Yoast SEO plugin. -->","yoast_head_json":{"title":"Mi patria Bolivia, felicidades - El Diario - Bolivia","robots":{"index":"index","follow":"follow","max-snippet":"max-snippet:-1","max-image-preview":"max-image-preview:large","max-video-preview":"max-video-preview:-1"},"canonical":"https:\/\/www.eldiario.net\/portal\/2022\/08\/09\/mi-patria-bolivia-felicidades\/","og_locale":"es_ES","og_type":"article","og_title":"Mi patria Bolivia, felicidades - El Diario - Bolivia","og_description":"&nbsp; Bolivia visionaria, penitente, persistente, glosa su himno, tierra inocente y hermosa, tus hijos decimos en un\u00edsono, morir antes que esclavos vivir. Recordamos el 197 aniversario de la vida independiente de la tierra que nos vio nacer, llamada en su fundaci\u00f3n como Rep\u00fablica Bol\u00edvar, en el a\u00f1o 1825, en honor al libertador Sim\u00f3n Bol\u00edvar. El [&hellip;]","og_url":"https:\/\/www.eldiario.net\/portal\/2022\/08\/09\/mi-patria-bolivia-felicidades\/","og_site_name":"El Diario - Bolivia","article_publisher":"https:\/\/www.facebook.com\/eldiario.bolivia\/","article_published_time":"2022-08-09T09:51:54+00:00","author":"Jeanette","twitter_card":"summary_large_image","twitter_creator":"@eldiario_net","twitter_site":"@eldiario_net","twitter_misc":{"Escrito por":"Jeanette","Tiempo de lectura":"2 minutos"},"schema":{"@context":"https:\/\/schema.org","@graph":[{"@type":"Article","@id":"https:\/\/www.eldiario.net\/portal\/2022\/08\/09\/mi-patria-bolivia-felicidades\/#article","isPartOf":{"@id":"https:\/\/www.eldiario.net\/portal\/2022\/08\/09\/mi-patria-bolivia-felicidades\/"},"author":{"name":"Jeanette","@id":"https:\/\/www.eldiario.net\/portal\/#\/schema\/person\/f46445640444750d7d753ccd04ae01b7"},"headline":"Mi patria Bolivia, felicidades","datePublished":"2022-08-09T09:51:54+00:00","mainEntityOfPage":{"@id":"https:\/\/www.eldiario.net\/portal\/2022\/08\/09\/mi-patria-bolivia-felicidades\/"},"wordCount":450,"publisher":{"@id":"https:\/\/www.eldiario.net\/portal\/#organization"},"articleSection":["Opini\u00f3n"],"inLanguage":"es"},{"@type":"WebPage","@id":"https:\/\/www.eldiario.net\/portal\/2022\/08\/09\/mi-patria-bolivia-felicidades\/","url":"https:\/\/www.eldiario.net\/portal\/2022\/08\/09\/mi-patria-bolivia-felicidades\/","name":"Mi patria Bolivia, felicidades - El Diario - Bolivia","isPartOf":{"@id":"https:\/\/www.eldiario.net\/portal\/#website"},"datePublished":"2022-08-09T09:51:54+00:00","breadcrumb":{"@id":"https:\/\/www.eldiario.net\/portal\/2022\/08\/09\/mi-patria-bolivia-felicidades\/#breadcrumb"},"inLanguage":"es","potentialAction":[{"@type":"ReadAction","target":["https:\/\/www.eldiario.net\/portal\/2022\/08\/09\/mi-patria-bolivia-felicidades\/"]}]},{"@type":"BreadcrumbList","@id":"https:\/\/www.eldiario.net\/portal\/2022\/08\/09\/mi-patria-bolivia-felicidades\/#breadcrumb","itemListElement":[{"@type":"ListItem","position":1,"name":"Portada","item":"https:\/\/www.eldiario.net\/portal\/"},{"@type":"ListItem","position":2,"name":"Mi patria Bolivia, felicidades"}]},{"@type":"WebSite","@id":"https:\/\/www.eldiario.net\/portal\/#website","url":"https:\/\/www.eldiario.net\/portal\/","name":"El Diario - Decano de la prensa nacional","description":"El Diario - Decano de la prensa nacional","publisher":{"@id":"https:\/\/www.eldiario.net\/portal\/#organization"},"potentialAction":[{"@type":"SearchAction","target":{"@type":"EntryPoint","urlTemplate":"https:\/\/www.eldiario.net\/portal\/?s={search_term_string}"},"query-input":{"@type":"PropertyValueSpecification","valueRequired":true,"valueName":"search_term_string"}}],"inLanguage":"es"},{"@type":"Organization","@id":"https:\/\/www.eldiario.net\/portal\/#organization","name":"El Diario - Decano de la prensa nacional","url":"https:\/\/www.eldiario.net\/portal\/","logo":{"@type":"ImageObject","inLanguage":"es","@id":"https:\/\/www.eldiario.net\/portal\/#\/schema\/logo\/image\/","url":"https:\/\/www.eldiario.net\/portal\/wp-content\/uploads\/2023\/07\/logo_ED.jpg","contentUrl":"https:\/\/www.eldiario.net\/portal\/wp-content\/uploads\/2023\/07\/logo_ED.jpg","width":272,"height":52,"caption":"El Diario - Decano de la prensa nacional"},"image":{"@id":"https:\/\/www.eldiario.net\/portal\/#\/schema\/logo\/image\/"},"sameAs":["https:\/\/www.facebook.com\/eldiario.bolivia\/","https:\/\/x.com\/eldiario_net"]},{"@type":"Person","@id":"https:\/\/www.eldiario.net\/portal\/#\/schema\/person\/f46445640444750d7d753ccd04ae01b7","name":"Jeanette","image":{"@type":"ImageObject","inLanguage":"es","@id":"https:\/\/secure.gravatar.com\/avatar\/3ea2118a5f7dad2b7138b1187a6b7ee55f160b9968b66013c3a3ef39dd7e5798?s=96&d=mm&r=g","url":"https:\/\/secure.gravatar.com\/avatar\/3ea2118a5f7dad2b7138b1187a6b7ee55f160b9968b66013c3a3ef39dd7e5798?s=96&d=mm&r=g","contentUrl":"https:\/\/secure.gravatar.com\/avatar\/3ea2118a5f7dad2b7138b1187a6b7ee55f160b9968b66013c3a3ef39dd7e5798?s=96&d=mm&r=g","caption":"Jeanette"},"sameAs":["https:\/\/www.eldiario.net\/portal"],"url":"https:\/\/www.eldiario.net\/portal\/author\/jeanette\/"}]}},"_links":{"self":[{"href":"https:\/\/www.eldiario.net\/portal\/wp-json\/wp\/v2\/posts\/102636","targetHints":{"allow":["GET"]}}],"collection":[{"href":"https:\/\/www.eldiario.net\/portal\/wp-json\/wp\/v2\/posts"}],"about":[{"href":"https:\/\/www.eldiario.net\/portal\/wp-json\/wp\/v2\/types\/post"}],"author":[{"embeddable":true,"href":"https:\/\/www.eldiario.net\/portal\/wp-json\/wp\/v2\/users\/1"}],"replies":[{"embeddable":true,"href":"https:\/\/www.eldiario.net\/portal\/wp-json\/wp\/v2\/comments?post=102636"}],"version-history":[{"count":0,"href":"https:\/\/www.eldiario.net\/portal\/wp-json\/wp\/v2\/posts\/102636\/revisions"}],"wp:attachment":[{"href":"https:\/\/www.eldiario.net\/portal\/wp-json\/wp\/v2\/media?parent=102636"}],"wp:term":[{"taxonomy":"category","embeddable":true,"href":"https:\/\/www.eldiario.net\/portal\/wp-json\/wp\/v2\/categories?post=102636"},{"taxonomy":"post_tag","embeddable":true,"href":"https:\/\/www.eldiario.net\/portal\/wp-json\/wp\/v2\/tags?post=102636"}],"curies":[{"name":"wp","href":"https:\/\/api.w.org\/{rel}","templated":true}]}}