{"id":102619,"date":"2022-08-08T07:09:46","date_gmt":"2022-08-08T11:09:46","guid":{"rendered":"https:\/\/www.eldiario.net\/portal\/?p=102619"},"modified":"2022-08-08T07:09:46","modified_gmt":"2022-08-08T11:09:46","slug":"optimiza-tu-trabajo-gracias-a-la-interconexion-de-dispositivos-huawei","status":"publish","type":"post","link":"https:\/\/www.eldiario.net\/portal\/2022\/08\/08\/optimiza-tu-trabajo-gracias-a-la-interconexion-de-dispositivos-huawei\/","title":{"rendered":"Optimiza tu trabajo gracias a la interconexi\u00f3n de dispositivos Huawei"},"content":{"rendered":"<p>La tecnolog\u00eda y su constante innovaci\u00f3n permiten cada vez m\u00e1s funciones y usos en diversos dispositivos, para facilitar la vida cotidiana. Usar un solo dispositivo ya no basta y eso se debe a que las personas tambi\u00e9n hemos evolucionado, somos multifac\u00e9ticos e instantaneos, nos desenvolvemos e interactuamos en diferentes escenarios al mismo tiempo y sin parar.<br \/>\nEs as\u00ed como, m\u00e1s all\u00e1 de tener un smartphone u otro aparto electr\u00f3nico por diversi\u00f3n, la realidad es que en pleno 2022, dispositivos como un smartphone o tablet, se vuelven una necesidad tanto para estudiantes como para trabajadores, por ello, es importante contar con el equipo adecuado para responder a las necesidades.que se presenten.<br \/>\nLaptops como las de la serie MateBook, cuentan con Huawei Share, una herramienta que rompe las barreras entre los sistemas Windows y Android para introducir una experiencia interactiva fluida y conseguir una experiencia inteligente, creativa y productiva a trav\u00e9s de la innovadora Colaboraci\u00f3n Multipantalla, en modelos insignia y otros m\u00e1s accesibles, para que nadie se quede sin vivir de este mundo tecnol\u00f3gico.<br \/>\nUna vez que conectes tu MateBook de Huawei con tu smartphone, podr\u00e1s transferir contenido entre ambos dispositivos sin problemas y tu laptop ser\u00e1 un poderoso asistente con innovadoras actualizaciones. Por ejemplo, la etiqueta Huawei Share incorporada en el touchpad ampl\u00eda la superficie de detecci\u00f3n lo que hace que el dise\u00f1o sea m\u00e1s \u00e1gil para la conexi\u00f3n del smartphone con la laptop. Adem\u00e1s, la PC puede usar directamente su propia c\u00e1mara y micr\u00f3fono al responder a las llamadas de audio y video que entran al smartphone.<br \/>\nPodr\u00e1s concentrarte en una pantalla para todos tus trabajos de la universidad en lugar de saltar entre dos monitores constantemente. Tu MateBook, ya sea la MateBook D14, MateBook D15, MateBook X Pro o la MateBook 14, manejar\u00e1 tanto las tareas de una laptop como las de un smartphone, incluyendo la apertura de aplicaciones Android (video, noticias y productividad).<br \/>\nAhora que la interconexi\u00f3n, la inteligencia de los dispositivos y una mayor eficiencia son las tendencias que guiar\u00e1n el desarrollo de la industria de las computadoras, debes tener la certeza de que tu mejor opci\u00f3n es elegir una laptop de la serie MateBook de Huawei, ya que te brindar\u00e1 la mejor conectividad y un ecosistema con las capacidades de intercambio de archivos m\u00e1s innovadoras y para todos los escenarios.<\/p>\n","protected":false},"excerpt":{"rendered":"<p>La tecnolog\u00eda y su constante innovaci\u00f3n permiten cada vez m\u00e1s funciones y usos en diversos dispositivos, para facilitar la vida cotidiana. Usar un solo dispositivo ya no basta y eso se debe a que las personas tambi\u00e9n hemos evolucionado, somos multifac\u00e9ticos e instantaneos, nos desenvolvemos e interactuamos en diferentes escenarios al mismo tiempo y sin [&hellip;]<\/p>\n","protected":false},"author":1,"featured_media":102620,"comment_status":"closed","ping_status":"closed","sticky":false,"template":"","format":"standard","meta":{"_acf_changed":false,"footnotes":""},"categories":[46],"tags":[],"class_list":["post-102619","post","type-post","status-publish","format-standard","has-post-thumbnail","category-ciencia-computacion"],"acf":{"antetitulo":""},"yoast_head":"<!-- This site is optimized with the Yoast SEO plugin v28.4 - https:\/\/yoast.com\/product\/yoast-seo-wordpress\/ -->\n<title>Optimiza tu trabajo gracias a la interconexi\u00f3n de dispositivos Huawei - El Diario - Bolivia<\/title>\n<meta name=\"robots\" content=\"index, follow, max-snippet:-1, max-image-preview:large, max-video-preview:-1\" \/>\n<link rel=\"canonical\" href=\"https:\/\/www.eldiario.net\/portal\/2022\/08\/08\/optimiza-tu-trabajo-gracias-a-la-interconexion-de-dispositivos-huawei\/\" \/>\n<meta property=\"og:locale\" content=\"es_ES\" \/>\n<meta property=\"og:type\" content=\"article\" \/>\n<meta property=\"og:title\" content=\"Optimiza tu trabajo gracias a la interconexi\u00f3n de dispositivos Huawei - El Diario - Bolivia\" \/>\n<meta property=\"og:description\" content=\"La tecnolog\u00eda y su constante innovaci\u00f3n permiten cada vez m\u00e1s funciones y usos en diversos dispositivos, para facilitar la vida cotidiana. Usar un solo dispositivo ya no basta y eso se debe a que las personas tambi\u00e9n hemos evolucionado, somos multifac\u00e9ticos e instantaneos, nos desenvolvemos e interactuamos en diferentes escenarios al mismo tiempo y sin [&hellip;]\" \/>\n<meta property=\"og:url\" content=\"https:\/\/www.eldiario.net\/portal\/2022\/08\/08\/optimiza-tu-trabajo-gracias-a-la-interconexion-de-dispositivos-huawei\/\" \/>\n<meta property=\"og:site_name\" content=\"El Diario - Bolivia\" \/>\n<meta property=\"article:publisher\" content=\"https:\/\/www.facebook.com\/eldiario.bolivia\/\" \/>\n<meta property=\"article:published_time\" content=\"2022-08-08T11:09:46+00:00\" \/>\n<meta name=\"author\" content=\"Jeanette\" \/>\n<meta name=\"twitter:card\" content=\"summary_large_image\" \/>\n<meta name=\"twitter:creator\" content=\"@eldiario_net\" \/>\n<meta name=\"twitter:site\" content=\"@eldiario_net\" \/>\n<meta name=\"twitter:label1\" content=\"Escrito por\" \/>\n\t<meta name=\"twitter:data1\" content=\"Jeanette\" \/>\n\t<meta name=\"twitter:label2\" content=\"Tiempo de lectura\" \/>\n\t<meta name=\"twitter:data2\" content=\"2 minutos\" \/>\n<script type=\"application\/ld+json\" class=\"yoast-schema-graph\">{\"@context\":\"https:\\\/\\\/schema.org\",\"@graph\":[{\"@type\":\"Article\",\"@id\":\"https:\\\/\\\/www.eldiario.net\\\/portal\\\/2022\\\/08\\\/08\\\/optimiza-tu-trabajo-gracias-a-la-interconexion-de-dispositivos-huawei\\\/#article\",\"isPartOf\":{\"@id\":\"https:\\\/\\\/www.eldiario.net\\\/portal\\\/2022\\\/08\\\/08\\\/optimiza-tu-trabajo-gracias-a-la-interconexion-de-dispositivos-huawei\\\/\"},\"author\":{\"name\":\"Jeanette\",\"@id\":\"https:\\\/\\\/www.eldiario.net\\\/portal\\\/#\\\/schema\\\/person\\\/f46445640444750d7d753ccd04ae01b7\"},\"headline\":\"Optimiza tu trabajo gracias a la interconexi\u00f3n de dispositivos Huawei\",\"datePublished\":\"2022-08-08T11:09:46+00:00\",\"mainEntityOfPage\":{\"@id\":\"https:\\\/\\\/www.eldiario.net\\\/portal\\\/2022\\\/08\\\/08\\\/optimiza-tu-trabajo-gracias-a-la-interconexion-de-dispositivos-huawei\\\/\"},\"wordCount\":420,\"publisher\":{\"@id\":\"https:\\\/\\\/www.eldiario.net\\\/portal\\\/#organization\"},\"image\":{\"@id\":\"https:\\\/\\\/www.eldiario.net\\\/portal\\\/2022\\\/08\\\/08\\\/optimiza-tu-trabajo-gracias-a-la-interconexion-de-dispositivos-huawei\\\/#primaryimage\"},\"thumbnailUrl\":\"\",\"articleSection\":[\"Ciencia y Computaci\u00f3n\"],\"inLanguage\":\"es\"},{\"@type\":\"WebPage\",\"@id\":\"https:\\\/\\\/www.eldiario.net\\\/portal\\\/2022\\\/08\\\/08\\\/optimiza-tu-trabajo-gracias-a-la-interconexion-de-dispositivos-huawei\\\/\",\"url\":\"https:\\\/\\\/www.eldiario.net\\\/portal\\\/2022\\\/08\\\/08\\\/optimiza-tu-trabajo-gracias-a-la-interconexion-de-dispositivos-huawei\\\/\",\"name\":\"Optimiza tu trabajo gracias a la interconexi\u00f3n de dispositivos Huawei - El Diario - Bolivia\",\"isPartOf\":{\"@id\":\"https:\\\/\\\/www.eldiario.net\\\/portal\\\/#website\"},\"primaryImageOfPage\":{\"@id\":\"https:\\\/\\\/www.eldiario.net\\\/portal\\\/2022\\\/08\\\/08\\\/optimiza-tu-trabajo-gracias-a-la-interconexion-de-dispositivos-huawei\\\/#primaryimage\"},\"image\":{\"@id\":\"https:\\\/\\\/www.eldiario.net\\\/portal\\\/2022\\\/08\\\/08\\\/optimiza-tu-trabajo-gracias-a-la-interconexion-de-dispositivos-huawei\\\/#primaryimage\"},\"thumbnailUrl\":\"\",\"datePublished\":\"2022-08-08T11:09:46+00:00\",\"breadcrumb\":{\"@id\":\"https:\\\/\\\/www.eldiario.net\\\/portal\\\/2022\\\/08\\\/08\\\/optimiza-tu-trabajo-gracias-a-la-interconexion-de-dispositivos-huawei\\\/#breadcrumb\"},\"inLanguage\":\"es\",\"potentialAction\":[{\"@type\":\"ReadAction\",\"target\":[\"https:\\\/\\\/www.eldiario.net\\\/portal\\\/2022\\\/08\\\/08\\\/optimiza-tu-trabajo-gracias-a-la-interconexion-de-dispositivos-huawei\\\/\"]}]},{\"@type\":\"ImageObject\",\"inLanguage\":\"es\",\"@id\":\"https:\\\/\\\/www.eldiario.net\\\/portal\\\/2022\\\/08\\\/08\\\/optimiza-tu-trabajo-gracias-a-la-interconexion-de-dispositivos-huawei\\\/#primaryimage\",\"url\":\"\",\"contentUrl\":\"\"},{\"@type\":\"BreadcrumbList\",\"@id\":\"https:\\\/\\\/www.eldiario.net\\\/portal\\\/2022\\\/08\\\/08\\\/optimiza-tu-trabajo-gracias-a-la-interconexion-de-dispositivos-huawei\\\/#breadcrumb\",\"itemListElement\":[{\"@type\":\"ListItem\",\"position\":1,\"name\":\"Portada\",\"item\":\"https:\\\/\\\/www.eldiario.net\\\/portal\\\/\"},{\"@type\":\"ListItem\",\"position\":2,\"name\":\"Optimiza tu trabajo gracias a la interconexi\u00f3n de dispositivos Huawei\"}]},{\"@type\":\"WebSite\",\"@id\":\"https:\\\/\\\/www.eldiario.net\\\/portal\\\/#website\",\"url\":\"https:\\\/\\\/www.eldiario.net\\\/portal\\\/\",\"name\":\"El Diario - Decano de la prensa nacional\",\"description\":\"El Diario - Decano de la prensa nacional\",\"publisher\":{\"@id\":\"https:\\\/\\\/www.eldiario.net\\\/portal\\\/#organization\"},\"potentialAction\":[{\"@type\":\"SearchAction\",\"target\":{\"@type\":\"EntryPoint\",\"urlTemplate\":\"https:\\\/\\\/www.eldiario.net\\\/portal\\\/?s={search_term_string}\"},\"query-input\":{\"@type\":\"PropertyValueSpecification\",\"valueRequired\":true,\"valueName\":\"search_term_string\"}}],\"inLanguage\":\"es\"},{\"@type\":\"Organization\",\"@id\":\"https:\\\/\\\/www.eldiario.net\\\/portal\\\/#organization\",\"name\":\"El Diario - Decano de la prensa nacional\",\"url\":\"https:\\\/\\\/www.eldiario.net\\\/portal\\\/\",\"logo\":{\"@type\":\"ImageObject\",\"inLanguage\":\"es\",\"@id\":\"https:\\\/\\\/www.eldiario.net\\\/portal\\\/#\\\/schema\\\/logo\\\/image\\\/\",\"url\":\"https:\\\/\\\/www.eldiario.net\\\/portal\\\/wp-content\\\/uploads\\\/2023\\\/07\\\/logo_ED.jpg\",\"contentUrl\":\"https:\\\/\\\/www.eldiario.net\\\/portal\\\/wp-content\\\/uploads\\\/2023\\\/07\\\/logo_ED.jpg\",\"width\":272,\"height\":52,\"caption\":\"El Diario - Decano de la prensa nacional\"},\"image\":{\"@id\":\"https:\\\/\\\/www.eldiario.net\\\/portal\\\/#\\\/schema\\\/logo\\\/image\\\/\"},\"sameAs\":[\"https:\\\/\\\/www.facebook.com\\\/eldiario.bolivia\\\/\",\"https:\\\/\\\/x.com\\\/eldiario_net\"]},{\"@type\":\"Person\",\"@id\":\"https:\\\/\\\/www.eldiario.net\\\/portal\\\/#\\\/schema\\\/person\\\/f46445640444750d7d753ccd04ae01b7\",\"name\":\"Jeanette\",\"image\":{\"@type\":\"ImageObject\",\"inLanguage\":\"es\",\"@id\":\"https:\\\/\\\/secure.gravatar.com\\\/avatar\\\/3ea2118a5f7dad2b7138b1187a6b7ee55f160b9968b66013c3a3ef39dd7e5798?s=96&d=mm&r=g\",\"url\":\"https:\\\/\\\/secure.gravatar.com\\\/avatar\\\/3ea2118a5f7dad2b7138b1187a6b7ee55f160b9968b66013c3a3ef39dd7e5798?s=96&d=mm&r=g\",\"contentUrl\":\"https:\\\/\\\/secure.gravatar.com\\\/avatar\\\/3ea2118a5f7dad2b7138b1187a6b7ee55f160b9968b66013c3a3ef39dd7e5798?s=96&d=mm&r=g\",\"caption\":\"Jeanette\"},\"sameAs\":[\"https:\\\/\\\/www.eldiario.net\\\/portal\"],\"url\":\"https:\\\/\\\/www.eldiario.net\\\/portal\\\/author\\\/jeanette\\\/\"}]}<\/script>\n<!-- \/ Yoast SEO plugin. -->","yoast_head_json":{"title":"Optimiza tu trabajo gracias a la interconexi\u00f3n de dispositivos Huawei - El Diario - Bolivia","robots":{"index":"index","follow":"follow","max-snippet":"max-snippet:-1","max-image-preview":"max-image-preview:large","max-video-preview":"max-video-preview:-1"},"canonical":"https:\/\/www.eldiario.net\/portal\/2022\/08\/08\/optimiza-tu-trabajo-gracias-a-la-interconexion-de-dispositivos-huawei\/","og_locale":"es_ES","og_type":"article","og_title":"Optimiza tu trabajo gracias a la interconexi\u00f3n de dispositivos Huawei - El Diario - Bolivia","og_description":"La tecnolog\u00eda y su constante innovaci\u00f3n permiten cada vez m\u00e1s funciones y usos en diversos dispositivos, para facilitar la vida cotidiana. Usar un solo dispositivo ya no basta y eso se debe a que las personas tambi\u00e9n hemos evolucionado, somos multifac\u00e9ticos e instantaneos, nos desenvolvemos e interactuamos en diferentes escenarios al mismo tiempo y sin [&hellip;]","og_url":"https:\/\/www.eldiario.net\/portal\/2022\/08\/08\/optimiza-tu-trabajo-gracias-a-la-interconexion-de-dispositivos-huawei\/","og_site_name":"El Diario - Bolivia","article_publisher":"https:\/\/www.facebook.com\/eldiario.bolivia\/","article_published_time":"2022-08-08T11:09:46+00:00","author":"Jeanette","twitter_card":"summary_large_image","twitter_creator":"@eldiario_net","twitter_site":"@eldiario_net","twitter_misc":{"Escrito por":"Jeanette","Tiempo de lectura":"2 minutos"},"schema":{"@context":"https:\/\/schema.org","@graph":[{"@type":"Article","@id":"https:\/\/www.eldiario.net\/portal\/2022\/08\/08\/optimiza-tu-trabajo-gracias-a-la-interconexion-de-dispositivos-huawei\/#article","isPartOf":{"@id":"https:\/\/www.eldiario.net\/portal\/2022\/08\/08\/optimiza-tu-trabajo-gracias-a-la-interconexion-de-dispositivos-huawei\/"},"author":{"name":"Jeanette","@id":"https:\/\/www.eldiario.net\/portal\/#\/schema\/person\/f46445640444750d7d753ccd04ae01b7"},"headline":"Optimiza tu trabajo gracias a la interconexi\u00f3n de dispositivos Huawei","datePublished":"2022-08-08T11:09:46+00:00","mainEntityOfPage":{"@id":"https:\/\/www.eldiario.net\/portal\/2022\/08\/08\/optimiza-tu-trabajo-gracias-a-la-interconexion-de-dispositivos-huawei\/"},"wordCount":420,"publisher":{"@id":"https:\/\/www.eldiario.net\/portal\/#organization"},"image":{"@id":"https:\/\/www.eldiario.net\/portal\/2022\/08\/08\/optimiza-tu-trabajo-gracias-a-la-interconexion-de-dispositivos-huawei\/#primaryimage"},"thumbnailUrl":"","articleSection":["Ciencia y Computaci\u00f3n"],"inLanguage":"es"},{"@type":"WebPage","@id":"https:\/\/www.eldiario.net\/portal\/2022\/08\/08\/optimiza-tu-trabajo-gracias-a-la-interconexion-de-dispositivos-huawei\/","url":"https:\/\/www.eldiario.net\/portal\/2022\/08\/08\/optimiza-tu-trabajo-gracias-a-la-interconexion-de-dispositivos-huawei\/","name":"Optimiza tu trabajo gracias a la interconexi\u00f3n de dispositivos Huawei - El Diario - Bolivia","isPartOf":{"@id":"https:\/\/www.eldiario.net\/portal\/#website"},"primaryImageOfPage":{"@id":"https:\/\/www.eldiario.net\/portal\/2022\/08\/08\/optimiza-tu-trabajo-gracias-a-la-interconexion-de-dispositivos-huawei\/#primaryimage"},"image":{"@id":"https:\/\/www.eldiario.net\/portal\/2022\/08\/08\/optimiza-tu-trabajo-gracias-a-la-interconexion-de-dispositivos-huawei\/#primaryimage"},"thumbnailUrl":"","datePublished":"2022-08-08T11:09:46+00:00","breadcrumb":{"@id":"https:\/\/www.eldiario.net\/portal\/2022\/08\/08\/optimiza-tu-trabajo-gracias-a-la-interconexion-de-dispositivos-huawei\/#breadcrumb"},"inLanguage":"es","potentialAction":[{"@type":"ReadAction","target":["https:\/\/www.eldiario.net\/portal\/2022\/08\/08\/optimiza-tu-trabajo-gracias-a-la-interconexion-de-dispositivos-huawei\/"]}]},{"@type":"ImageObject","inLanguage":"es","@id":"https:\/\/www.eldiario.net\/portal\/2022\/08\/08\/optimiza-tu-trabajo-gracias-a-la-interconexion-de-dispositivos-huawei\/#primaryimage","url":"","contentUrl":""},{"@type":"BreadcrumbList","@id":"https:\/\/www.eldiario.net\/portal\/2022\/08\/08\/optimiza-tu-trabajo-gracias-a-la-interconexion-de-dispositivos-huawei\/#breadcrumb","itemListElement":[{"@type":"ListItem","position":1,"name":"Portada","item":"https:\/\/www.eldiario.net\/portal\/"},{"@type":"ListItem","position":2,"name":"Optimiza tu trabajo gracias a la interconexi\u00f3n de dispositivos Huawei"}]},{"@type":"WebSite","@id":"https:\/\/www.eldiario.net\/portal\/#website","url":"https:\/\/www.eldiario.net\/portal\/","name":"El Diario - Decano de la prensa nacional","description":"El Diario - Decano de la prensa nacional","publisher":{"@id":"https:\/\/www.eldiario.net\/portal\/#organization"},"potentialAction":[{"@type":"SearchAction","target":{"@type":"EntryPoint","urlTemplate":"https:\/\/www.eldiario.net\/portal\/?s={search_term_string}"},"query-input":{"@type":"PropertyValueSpecification","valueRequired":true,"valueName":"search_term_string"}}],"inLanguage":"es"},{"@type":"Organization","@id":"https:\/\/www.eldiario.net\/portal\/#organization","name":"El Diario - Decano de la prensa nacional","url":"https:\/\/www.eldiario.net\/portal\/","logo":{"@type":"ImageObject","inLanguage":"es","@id":"https:\/\/www.eldiario.net\/portal\/#\/schema\/logo\/image\/","url":"https:\/\/www.eldiario.net\/portal\/wp-content\/uploads\/2023\/07\/logo_ED.jpg","contentUrl":"https:\/\/www.eldiario.net\/portal\/wp-content\/uploads\/2023\/07\/logo_ED.jpg","width":272,"height":52,"caption":"El Diario - Decano de la prensa nacional"},"image":{"@id":"https:\/\/www.eldiario.net\/portal\/#\/schema\/logo\/image\/"},"sameAs":["https:\/\/www.facebook.com\/eldiario.bolivia\/","https:\/\/x.com\/eldiario_net"]},{"@type":"Person","@id":"https:\/\/www.eldiario.net\/portal\/#\/schema\/person\/f46445640444750d7d753ccd04ae01b7","name":"Jeanette","image":{"@type":"ImageObject","inLanguage":"es","@id":"https:\/\/secure.gravatar.com\/avatar\/3ea2118a5f7dad2b7138b1187a6b7ee55f160b9968b66013c3a3ef39dd7e5798?s=96&d=mm&r=g","url":"https:\/\/secure.gravatar.com\/avatar\/3ea2118a5f7dad2b7138b1187a6b7ee55f160b9968b66013c3a3ef39dd7e5798?s=96&d=mm&r=g","contentUrl":"https:\/\/secure.gravatar.com\/avatar\/3ea2118a5f7dad2b7138b1187a6b7ee55f160b9968b66013c3a3ef39dd7e5798?s=96&d=mm&r=g","caption":"Jeanette"},"sameAs":["https:\/\/www.eldiario.net\/portal"],"url":"https:\/\/www.eldiario.net\/portal\/author\/jeanette\/"}]}},"_links":{"self":[{"href":"https:\/\/www.eldiario.net\/portal\/wp-json\/wp\/v2\/posts\/102619","targetHints":{"allow":["GET"]}}],"collection":[{"href":"https:\/\/www.eldiario.net\/portal\/wp-json\/wp\/v2\/posts"}],"about":[{"href":"https:\/\/www.eldiario.net\/portal\/wp-json\/wp\/v2\/types\/post"}],"author":[{"embeddable":true,"href":"https:\/\/www.eldiario.net\/portal\/wp-json\/wp\/v2\/users\/1"}],"replies":[{"embeddable":true,"href":"https:\/\/www.eldiario.net\/portal\/wp-json\/wp\/v2\/comments?post=102619"}],"version-history":[{"count":0,"href":"https:\/\/www.eldiario.net\/portal\/wp-json\/wp\/v2\/posts\/102619\/revisions"}],"wp:attachment":[{"href":"https:\/\/www.eldiario.net\/portal\/wp-json\/wp\/v2\/media?parent=102619"}],"wp:term":[{"taxonomy":"category","embeddable":true,"href":"https:\/\/www.eldiario.net\/portal\/wp-json\/wp\/v2\/categories?post=102619"},{"taxonomy":"post_tag","embeddable":true,"href":"https:\/\/www.eldiario.net\/portal\/wp-json\/wp\/v2\/tags?post=102619"}],"curies":[{"name":"wp","href":"https:\/\/api.w.org\/{rel}","templated":true}]}}