{"id":102547,"date":"2022-08-08T06:45:35","date_gmt":"2022-08-08T10:45:35","guid":{"rendered":"https:\/\/www.eldiario.net\/portal\/?p=102547"},"modified":"2022-08-08T06:45:35","modified_gmt":"2022-08-08T10:45:35","slug":"irupana-acogio-el-deporte-extremo-en-el-mancebao","status":"publish","type":"post","link":"https:\/\/www.eldiario.net\/portal\/2022\/08\/08\/irupana-acogio-el-deporte-extremo-en-el-mancebao\/","title":{"rendered":"Irupana acogi\u00f3 el deporte extremo en el Mancebao"},"content":{"rendered":"<p>Este fin de semana, Irupana acogi\u00f3 una competencia extrema de veh\u00edculos 4 x 4 y motos enduro, en una fiesta deportiva que tuvo bastante expectativa de la gente que ama este tipo de deportes. La prueba denominada \u201cIrupana al extremo\u201d estuvo organizada por el Gobierno Aut\u00f3nomo Municipal de Irupana, Asociaci\u00f3n de F\u00fatbol Irupana, Asociaci\u00f3n de Motociclismo, Asociaci\u00f3n Interyungue\u00f1a de Deportes, Radical Extremo 4 x 4 y el lugar elegido para la competencia fue el denominado Mancebao. \u201cIrupana al extremo\u201d es el evento donde participaron los clubes 4&#215;4 Radical Extremo Irupana, Radical Extremo La Paz, Radical Extremo El Alto, Unidos por las ruedas, quienes fueron convocados para la tercera prueba puntuable, tanto en motos enduro como 4 x4.<br \/>\n\u201cEl objetivo es incentivar este deporte extremo en Irupana que siempre ha sido sede de este tipo de deportes y con distintas herramientas\u201d, seg\u00fan Mario Escalera, organizador del evento, quien agradeci\u00f3 a todos quienes aportaron con su granito de arena a esta prueba que ya se constituye como uno de las tradicionales de la regi\u00f3n. En 4&#215;4, en el primer lugar se confirm\u00f3 al Trial Radical Extremo de El Alto, que estuvo secundado por \u201cUnidos por las ruedas La Paz\u201d y en tercer lugar se ubic\u00f3 \u201cEl Padrino\u201d de Irupana, dejando en cuarto puesto a Bronco de La Paz y quinto a Rugged tambi\u00e9n de La Paz. En motos, los ganadores fueron: Manolo L\u00f3pez de Irupana con 1 minuto y 22 segundos, mientras que se confirm\u00f3 como segundo Ronald Ram\u00edrez de Inquisivi con 1 minuto 31 segundos, y, en tercer puesto se ubic\u00f3 Jery Luna de Chulumani con 1 minuto 37 segundos.<br \/>\nTambi\u00e9n tuvo destacada participaci\u00f3n Dilan Soku de Irupana con 1 minuto y 40 segundos.<\/p>\n<p>3 pruebas puntuables se llevaron adelante a la fecha, en veh\u00edculos 4 x4 y motos enduro.<\/p>\n<p><strong>MARCO QUISPE<\/strong><\/p>\n\n","protected":false},"excerpt":{"rendered":"<p>Este fin de semana, Irupana acogi\u00f3 una competencia extrema de veh\u00edculos 4 x 4 y motos enduro, en una fiesta deportiva que tuvo bastante expectativa de la gente que ama este tipo de deportes. La prueba denominada \u201cIrupana al extremo\u201d estuvo organizada por el Gobierno Aut\u00f3nomo Municipal de Irupana, Asociaci\u00f3n de F\u00fatbol Irupana, Asociaci\u00f3n de [&hellip;]<\/p>\n","protected":false},"author":1,"featured_media":102548,"comment_status":"closed","ping_status":"closed","sticky":false,"template":"","format":"standard","meta":{"_acf_changed":false,"footnotes":""},"categories":[6],"tags":[],"class_list":["post-102547","post","type-post","status-publish","format-standard","has-post-thumbnail","category-deportes"],"acf":{"antetitulo":""},"yoast_head":"<!-- This site is optimized with the Yoast SEO plugin v28.4 - https:\/\/yoast.com\/product\/yoast-seo-wordpress\/ -->\n<title>Irupana acogi\u00f3 el deporte extremo en el Mancebao - El Diario - Bolivia<\/title>\n<meta name=\"robots\" content=\"index, follow, max-snippet:-1, max-image-preview:large, max-video-preview:-1\" \/>\n<link rel=\"canonical\" href=\"https:\/\/www.eldiario.net\/portal\/2022\/08\/08\/irupana-acogio-el-deporte-extremo-en-el-mancebao\/\" \/>\n<meta property=\"og:locale\" content=\"es_ES\" \/>\n<meta property=\"og:type\" content=\"article\" \/>\n<meta property=\"og:title\" content=\"Irupana acogi\u00f3 el deporte extremo en el Mancebao - El Diario - Bolivia\" \/>\n<meta property=\"og:description\" content=\"Este fin de semana, Irupana acogi\u00f3 una competencia extrema de veh\u00edculos 4 x 4 y motos enduro, en una fiesta deportiva que tuvo bastante expectativa de la gente que ama este tipo de deportes. La prueba denominada \u201cIrupana al extremo\u201d estuvo organizada por el Gobierno Aut\u00f3nomo Municipal de Irupana, Asociaci\u00f3n de F\u00fatbol Irupana, Asociaci\u00f3n de [&hellip;]\" \/>\n<meta property=\"og:url\" content=\"https:\/\/www.eldiario.net\/portal\/2022\/08\/08\/irupana-acogio-el-deporte-extremo-en-el-mancebao\/\" \/>\n<meta property=\"og:site_name\" content=\"El Diario - Bolivia\" \/>\n<meta property=\"article:publisher\" content=\"https:\/\/www.facebook.com\/eldiario.bolivia\/\" \/>\n<meta property=\"article:published_time\" content=\"2022-08-08T10:45:35+00:00\" \/>\n<meta name=\"author\" content=\"Jeanette\" \/>\n<meta name=\"twitter:card\" content=\"summary_large_image\" \/>\n<meta name=\"twitter:creator\" content=\"@eldiario_net\" \/>\n<meta name=\"twitter:site\" content=\"@eldiario_net\" \/>\n<meta name=\"twitter:label1\" content=\"Escrito por\" \/>\n\t<meta name=\"twitter:data1\" content=\"Jeanette\" \/>\n\t<meta name=\"twitter:label2\" content=\"Tiempo de lectura\" \/>\n\t<meta name=\"twitter:data2\" content=\"2 minutos\" \/>\n<script type=\"application\/ld+json\" class=\"yoast-schema-graph\">{\"@context\":\"https:\\\/\\\/schema.org\",\"@graph\":[{\"@type\":\"Article\",\"@id\":\"https:\\\/\\\/www.eldiario.net\\\/portal\\\/2022\\\/08\\\/08\\\/irupana-acogio-el-deporte-extremo-en-el-mancebao\\\/#article\",\"isPartOf\":{\"@id\":\"https:\\\/\\\/www.eldiario.net\\\/portal\\\/2022\\\/08\\\/08\\\/irupana-acogio-el-deporte-extremo-en-el-mancebao\\\/\"},\"author\":{\"name\":\"Jeanette\",\"@id\":\"https:\\\/\\\/www.eldiario.net\\\/portal\\\/#\\\/schema\\\/person\\\/2c57cf2b7a7ae032e449e4c9b1019eac\"},\"headline\":\"Irupana acogi\u00f3 el deporte extremo en el Mancebao\",\"datePublished\":\"2022-08-08T10:45:35+00:00\",\"mainEntityOfPage\":{\"@id\":\"https:\\\/\\\/www.eldiario.net\\\/portal\\\/2022\\\/08\\\/08\\\/irupana-acogio-el-deporte-extremo-en-el-mancebao\\\/\"},\"wordCount\":313,\"publisher\":{\"@id\":\"https:\\\/\\\/www.eldiario.net\\\/portal\\\/#organization\"},\"image\":{\"@id\":\"https:\\\/\\\/www.eldiario.net\\\/portal\\\/2022\\\/08\\\/08\\\/irupana-acogio-el-deporte-extremo-en-el-mancebao\\\/#primaryimage\"},\"thumbnailUrl\":\"\",\"articleSection\":[\"Deportes\"],\"inLanguage\":\"es\"},{\"@type\":\"WebPage\",\"@id\":\"https:\\\/\\\/www.eldiario.net\\\/portal\\\/2022\\\/08\\\/08\\\/irupana-acogio-el-deporte-extremo-en-el-mancebao\\\/\",\"url\":\"https:\\\/\\\/www.eldiario.net\\\/portal\\\/2022\\\/08\\\/08\\\/irupana-acogio-el-deporte-extremo-en-el-mancebao\\\/\",\"name\":\"Irupana acogi\u00f3 el deporte extremo en el Mancebao - El Diario - Bolivia\",\"isPartOf\":{\"@id\":\"https:\\\/\\\/www.eldiario.net\\\/portal\\\/#website\"},\"primaryImageOfPage\":{\"@id\":\"https:\\\/\\\/www.eldiario.net\\\/portal\\\/2022\\\/08\\\/08\\\/irupana-acogio-el-deporte-extremo-en-el-mancebao\\\/#primaryimage\"},\"image\":{\"@id\":\"https:\\\/\\\/www.eldiario.net\\\/portal\\\/2022\\\/08\\\/08\\\/irupana-acogio-el-deporte-extremo-en-el-mancebao\\\/#primaryimage\"},\"thumbnailUrl\":\"\",\"datePublished\":\"2022-08-08T10:45:35+00:00\",\"breadcrumb\":{\"@id\":\"https:\\\/\\\/www.eldiario.net\\\/portal\\\/2022\\\/08\\\/08\\\/irupana-acogio-el-deporte-extremo-en-el-mancebao\\\/#breadcrumb\"},\"inLanguage\":\"es\",\"potentialAction\":[{\"@type\":\"ReadAction\",\"target\":[\"https:\\\/\\\/www.eldiario.net\\\/portal\\\/2022\\\/08\\\/08\\\/irupana-acogio-el-deporte-extremo-en-el-mancebao\\\/\"]}]},{\"@type\":\"ImageObject\",\"inLanguage\":\"es\",\"@id\":\"https:\\\/\\\/www.eldiario.net\\\/portal\\\/2022\\\/08\\\/08\\\/irupana-acogio-el-deporte-extremo-en-el-mancebao\\\/#primaryimage\",\"url\":\"\",\"contentUrl\":\"\"},{\"@type\":\"BreadcrumbList\",\"@id\":\"https:\\\/\\\/www.eldiario.net\\\/portal\\\/2022\\\/08\\\/08\\\/irupana-acogio-el-deporte-extremo-en-el-mancebao\\\/#breadcrumb\",\"itemListElement\":[{\"@type\":\"ListItem\",\"position\":1,\"name\":\"Portada\",\"item\":\"https:\\\/\\\/www.eldiario.net\\\/portal\\\/\"},{\"@type\":\"ListItem\",\"position\":2,\"name\":\"Irupana acogi\u00f3 el deporte extremo en el Mancebao\"}]},{\"@type\":\"WebSite\",\"@id\":\"https:\\\/\\\/www.eldiario.net\\\/portal\\\/#website\",\"url\":\"https:\\\/\\\/www.eldiario.net\\\/portal\\\/\",\"name\":\"El Diario - Decano de la prensa nacional\",\"description\":\"El Diario - Decano de la prensa nacional\",\"publisher\":{\"@id\":\"https:\\\/\\\/www.eldiario.net\\\/portal\\\/#organization\"},\"potentialAction\":[{\"@type\":\"SearchAction\",\"target\":{\"@type\":\"EntryPoint\",\"urlTemplate\":\"https:\\\/\\\/www.eldiario.net\\\/portal\\\/?s={search_term_string}\"},\"query-input\":{\"@type\":\"PropertyValueSpecification\",\"valueRequired\":true,\"valueName\":\"search_term_string\"}}],\"inLanguage\":\"es\"},{\"@type\":\"Organization\",\"@id\":\"https:\\\/\\\/www.eldiario.net\\\/portal\\\/#organization\",\"name\":\"El Diario - Decano de la prensa nacional\",\"url\":\"https:\\\/\\\/www.eldiario.net\\\/portal\\\/\",\"logo\":{\"@type\":\"ImageObject\",\"inLanguage\":\"es\",\"@id\":\"https:\\\/\\\/www.eldiario.net\\\/portal\\\/#\\\/schema\\\/logo\\\/image\\\/\",\"url\":\"https:\\\/\\\/www.eldiario.net\\\/portal\\\/wp-content\\\/uploads\\\/2023\\\/07\\\/logo_ED.jpg\",\"contentUrl\":\"https:\\\/\\\/www.eldiario.net\\\/portal\\\/wp-content\\\/uploads\\\/2023\\\/07\\\/logo_ED.jpg\",\"width\":272,\"height\":52,\"caption\":\"El Diario - Decano de la prensa nacional\"},\"image\":{\"@id\":\"https:\\\/\\\/www.eldiario.net\\\/portal\\\/#\\\/schema\\\/logo\\\/image\\\/\"},\"sameAs\":[\"https:\\\/\\\/www.facebook.com\\\/eldiario.bolivia\\\/\",\"https:\\\/\\\/x.com\\\/eldiario_net\"]},{\"@type\":\"Person\",\"@id\":\"https:\\\/\\\/www.eldiario.net\\\/portal\\\/#\\\/schema\\\/person\\\/2c57cf2b7a7ae032e449e4c9b1019eac\",\"name\":\"Jeanette\",\"image\":{\"@type\":\"ImageObject\",\"inLanguage\":\"es\",\"@id\":\"https:\\\/\\\/secure.gravatar.com\\\/avatar\\\/3ea2118a5f7dad2b7138b1187a6b7ee55f160b9968b66013c3a3ef39dd7e5798?s=96&d=mm&r=g\",\"url\":\"https:\\\/\\\/secure.gravatar.com\\\/avatar\\\/3ea2118a5f7dad2b7138b1187a6b7ee55f160b9968b66013c3a3ef39dd7e5798?s=96&d=mm&r=g\",\"contentUrl\":\"https:\\\/\\\/secure.gravatar.com\\\/avatar\\\/3ea2118a5f7dad2b7138b1187a6b7ee55f160b9968b66013c3a3ef39dd7e5798?s=96&d=mm&r=g\",\"caption\":\"Jeanette\"},\"sameAs\":[\"https:\\\/\\\/www.eldiario.net\\\/portal\"],\"url\":\"https:\\\/\\\/www.eldiario.net\\\/portal\\\/author\\\/jeanette\\\/\"}]}<\/script>\n<!-- \/ Yoast SEO plugin. -->","yoast_head_json":{"title":"Irupana acogi\u00f3 el deporte extremo en el Mancebao - El Diario - Bolivia","robots":{"index":"index","follow":"follow","max-snippet":"max-snippet:-1","max-image-preview":"max-image-preview:large","max-video-preview":"max-video-preview:-1"},"canonical":"https:\/\/www.eldiario.net\/portal\/2022\/08\/08\/irupana-acogio-el-deporte-extremo-en-el-mancebao\/","og_locale":"es_ES","og_type":"article","og_title":"Irupana acogi\u00f3 el deporte extremo en el Mancebao - El Diario - Bolivia","og_description":"Este fin de semana, Irupana acogi\u00f3 una competencia extrema de veh\u00edculos 4 x 4 y motos enduro, en una fiesta deportiva que tuvo bastante expectativa de la gente que ama este tipo de deportes. La prueba denominada \u201cIrupana al extremo\u201d estuvo organizada por el Gobierno Aut\u00f3nomo Municipal de Irupana, Asociaci\u00f3n de F\u00fatbol Irupana, Asociaci\u00f3n de [&hellip;]","og_url":"https:\/\/www.eldiario.net\/portal\/2022\/08\/08\/irupana-acogio-el-deporte-extremo-en-el-mancebao\/","og_site_name":"El Diario - Bolivia","article_publisher":"https:\/\/www.facebook.com\/eldiario.bolivia\/","article_published_time":"2022-08-08T10:45:35+00:00","author":"Jeanette","twitter_card":"summary_large_image","twitter_creator":"@eldiario_net","twitter_site":"@eldiario_net","twitter_misc":{"Escrito por":"Jeanette","Tiempo de lectura":"2 minutos"},"schema":{"@context":"https:\/\/schema.org","@graph":[{"@type":"Article","@id":"https:\/\/www.eldiario.net\/portal\/2022\/08\/08\/irupana-acogio-el-deporte-extremo-en-el-mancebao\/#article","isPartOf":{"@id":"https:\/\/www.eldiario.net\/portal\/2022\/08\/08\/irupana-acogio-el-deporte-extremo-en-el-mancebao\/"},"author":{"name":"Jeanette","@id":"https:\/\/www.eldiario.net\/portal\/#\/schema\/person\/2c57cf2b7a7ae032e449e4c9b1019eac"},"headline":"Irupana acogi\u00f3 el deporte extremo en el Mancebao","datePublished":"2022-08-08T10:45:35+00:00","mainEntityOfPage":{"@id":"https:\/\/www.eldiario.net\/portal\/2022\/08\/08\/irupana-acogio-el-deporte-extremo-en-el-mancebao\/"},"wordCount":313,"publisher":{"@id":"https:\/\/www.eldiario.net\/portal\/#organization"},"image":{"@id":"https:\/\/www.eldiario.net\/portal\/2022\/08\/08\/irupana-acogio-el-deporte-extremo-en-el-mancebao\/#primaryimage"},"thumbnailUrl":"","articleSection":["Deportes"],"inLanguage":"es"},{"@type":"WebPage","@id":"https:\/\/www.eldiario.net\/portal\/2022\/08\/08\/irupana-acogio-el-deporte-extremo-en-el-mancebao\/","url":"https:\/\/www.eldiario.net\/portal\/2022\/08\/08\/irupana-acogio-el-deporte-extremo-en-el-mancebao\/","name":"Irupana acogi\u00f3 el deporte extremo en el Mancebao - El Diario - Bolivia","isPartOf":{"@id":"https:\/\/www.eldiario.net\/portal\/#website"},"primaryImageOfPage":{"@id":"https:\/\/www.eldiario.net\/portal\/2022\/08\/08\/irupana-acogio-el-deporte-extremo-en-el-mancebao\/#primaryimage"},"image":{"@id":"https:\/\/www.eldiario.net\/portal\/2022\/08\/08\/irupana-acogio-el-deporte-extremo-en-el-mancebao\/#primaryimage"},"thumbnailUrl":"","datePublished":"2022-08-08T10:45:35+00:00","breadcrumb":{"@id":"https:\/\/www.eldiario.net\/portal\/2022\/08\/08\/irupana-acogio-el-deporte-extremo-en-el-mancebao\/#breadcrumb"},"inLanguage":"es","potentialAction":[{"@type":"ReadAction","target":["https:\/\/www.eldiario.net\/portal\/2022\/08\/08\/irupana-acogio-el-deporte-extremo-en-el-mancebao\/"]}]},{"@type":"ImageObject","inLanguage":"es","@id":"https:\/\/www.eldiario.net\/portal\/2022\/08\/08\/irupana-acogio-el-deporte-extremo-en-el-mancebao\/#primaryimage","url":"","contentUrl":""},{"@type":"BreadcrumbList","@id":"https:\/\/www.eldiario.net\/portal\/2022\/08\/08\/irupana-acogio-el-deporte-extremo-en-el-mancebao\/#breadcrumb","itemListElement":[{"@type":"ListItem","position":1,"name":"Portada","item":"https:\/\/www.eldiario.net\/portal\/"},{"@type":"ListItem","position":2,"name":"Irupana acogi\u00f3 el deporte extremo en el Mancebao"}]},{"@type":"WebSite","@id":"https:\/\/www.eldiario.net\/portal\/#website","url":"https:\/\/www.eldiario.net\/portal\/","name":"El Diario - Decano de la prensa nacional","description":"El Diario - Decano de la prensa nacional","publisher":{"@id":"https:\/\/www.eldiario.net\/portal\/#organization"},"potentialAction":[{"@type":"SearchAction","target":{"@type":"EntryPoint","urlTemplate":"https:\/\/www.eldiario.net\/portal\/?s={search_term_string}"},"query-input":{"@type":"PropertyValueSpecification","valueRequired":true,"valueName":"search_term_string"}}],"inLanguage":"es"},{"@type":"Organization","@id":"https:\/\/www.eldiario.net\/portal\/#organization","name":"El Diario - Decano de la prensa nacional","url":"https:\/\/www.eldiario.net\/portal\/","logo":{"@type":"ImageObject","inLanguage":"es","@id":"https:\/\/www.eldiario.net\/portal\/#\/schema\/logo\/image\/","url":"https:\/\/www.eldiario.net\/portal\/wp-content\/uploads\/2023\/07\/logo_ED.jpg","contentUrl":"https:\/\/www.eldiario.net\/portal\/wp-content\/uploads\/2023\/07\/logo_ED.jpg","width":272,"height":52,"caption":"El Diario - Decano de la prensa nacional"},"image":{"@id":"https:\/\/www.eldiario.net\/portal\/#\/schema\/logo\/image\/"},"sameAs":["https:\/\/www.facebook.com\/eldiario.bolivia\/","https:\/\/x.com\/eldiario_net"]},{"@type":"Person","@id":"https:\/\/www.eldiario.net\/portal\/#\/schema\/person\/2c57cf2b7a7ae032e449e4c9b1019eac","name":"Jeanette","image":{"@type":"ImageObject","inLanguage":"es","@id":"https:\/\/secure.gravatar.com\/avatar\/3ea2118a5f7dad2b7138b1187a6b7ee55f160b9968b66013c3a3ef39dd7e5798?s=96&d=mm&r=g","url":"https:\/\/secure.gravatar.com\/avatar\/3ea2118a5f7dad2b7138b1187a6b7ee55f160b9968b66013c3a3ef39dd7e5798?s=96&d=mm&r=g","contentUrl":"https:\/\/secure.gravatar.com\/avatar\/3ea2118a5f7dad2b7138b1187a6b7ee55f160b9968b66013c3a3ef39dd7e5798?s=96&d=mm&r=g","caption":"Jeanette"},"sameAs":["https:\/\/www.eldiario.net\/portal"],"url":"https:\/\/www.eldiario.net\/portal\/author\/jeanette\/"}]}},"_links":{"self":[{"href":"https:\/\/www.eldiario.net\/portal\/wp-json\/wp\/v2\/posts\/102547","targetHints":{"allow":["GET"]}}],"collection":[{"href":"https:\/\/www.eldiario.net\/portal\/wp-json\/wp\/v2\/posts"}],"about":[{"href":"https:\/\/www.eldiario.net\/portal\/wp-json\/wp\/v2\/types\/post"}],"author":[{"embeddable":true,"href":"https:\/\/www.eldiario.net\/portal\/wp-json\/wp\/v2\/users\/1"}],"replies":[{"embeddable":true,"href":"https:\/\/www.eldiario.net\/portal\/wp-json\/wp\/v2\/comments?post=102547"}],"version-history":[{"count":0,"href":"https:\/\/www.eldiario.net\/portal\/wp-json\/wp\/v2\/posts\/102547\/revisions"}],"wp:attachment":[{"href":"https:\/\/www.eldiario.net\/portal\/wp-json\/wp\/v2\/media?parent=102547"}],"wp:term":[{"taxonomy":"category","embeddable":true,"href":"https:\/\/www.eldiario.net\/portal\/wp-json\/wp\/v2\/categories?post=102547"},{"taxonomy":"post_tag","embeddable":true,"href":"https:\/\/www.eldiario.net\/portal\/wp-json\/wp\/v2\/tags?post=102547"}],"curies":[{"name":"wp","href":"https:\/\/api.w.org\/{rel}","templated":true}]}}