{"id":102544,"date":"2022-08-08T06:43:59","date_gmt":"2022-08-08T10:43:59","guid":{"rendered":"https:\/\/www.eldiario.net\/portal\/?p=102544"},"modified":"2022-08-08T06:43:59","modified_gmt":"2022-08-08T10:43:59","slug":"bolivar-y-su-reserva-caen-con-dignidad","status":"publish","type":"post","link":"https:\/\/www.eldiario.net\/portal\/2022\/08\/08\/bolivar-y-su-reserva-caen-con-dignidad\/","title":{"rendered":"Bol\u00edvar y su reserva caen con dignidad"},"content":{"rendered":"<p>Nacional Potos\u00ed gan\u00f3 un compromiso cuesta arriba frente al plantel reserva de Bol\u00edvar por la cuenta de 2-1, con una remontada que lleg\u00f3 sobre el final de este partido jugado en el estadio V\u00edctor Agust\u00edn Ugarte por la octava fecha del torneo Clausura.<br \/>\nLos juveniles de la Academia mantuvieron su p\u00f3rtico intacto en la mayor parte del encuentro, incluso tuvieron el atrevimiento de tomar la delantera con la apertura del marcador, con empe\u00f1o y orden. Lastimosamente, para la afici\u00f3n bolivarista, los errores, por falta de roce profesional, abrieron las puertas al empate y a la victoria de Nacional Potos\u00ed. Sin los habituales nombres en filas celestes, Sebasti\u00e1n Melgar tom\u00f3 el mando e impuso presencia con un remate de larga distancia que choc\u00f3 en el travesa\u00f1o. Era el primer llamado de alerta que recibi\u00f3 el cuadro de la banda roja en la etapa inicial.<br \/>\nPara el complemento, Nacional Potos\u00ed ya no recibi\u00f3 la ayuda del madero y recibi\u00f3 el primer gol, que sali\u00f3 de una jugada de tiro libre preparada. Un remate dio rebote, dejando la pelota servida para Melgar, cuya definici\u00f3n dentro del \u00e1rea coloc\u00f3 arriba a los celestes ante la sorpresa de todos los asistentes al estadio de la Villa Imperial (53\u2019).<br \/>\nLa banda roja corri\u00f3 contra el tiempo, con Maximiliano N\u00fa\u00f1ez como el l\u00edder de la avanzada por los costados ante la ausencia de Tommy Tobar, quien sigue con baja m\u00e9dica. Los goles del local fueron posibles gracias a la diferencia en el f\u00fatbol a\u00e9reo. El empate (1-1) lleg\u00f3 a los 75 minutos con un golpe de cabeza de William \u00c1lvarez en medio de los centrales, saltando con comodidad y venciendo al arquero Mauricio Adorno Junior.<br \/>\nLa inocencia de los defensores celestes termin\u00f3 por costarles el cotejo. A los 89\u00b4, Jorge Andia convirti\u00f3 el tanto del triunfo con un golpe de cabeza en el primer palo sin obstrucci\u00f3n de los centrales ni reacci\u00f3n de Adorno.<\/p>\n","protected":false},"excerpt":{"rendered":"<p>Nacional Potos\u00ed gan\u00f3 un compromiso cuesta arriba frente al plantel reserva de Bol\u00edvar por la cuenta de 2-1, con una remontada que lleg\u00f3 sobre el final de este partido jugado en el estadio V\u00edctor Agust\u00edn Ugarte por la octava fecha del torneo Clausura. Los juveniles de la Academia mantuvieron su p\u00f3rtico intacto en la mayor [&hellip;]<\/p>\n","protected":false},"author":1,"featured_media":102545,"comment_status":"closed","ping_status":"closed","sticky":false,"template":"","format":"standard","meta":{"_acf_changed":false,"footnotes":""},"categories":[6],"tags":[],"class_list":["post-102544","post","type-post","status-publish","format-standard","has-post-thumbnail","category-deportes"],"acf":{"antetitulo":""},"yoast_head":"<!-- This site is optimized with the Yoast SEO plugin v28.4 - https:\/\/yoast.com\/product\/yoast-seo-wordpress\/ -->\n<title>Bol\u00edvar y su reserva caen con dignidad - El Diario - Bolivia<\/title>\n<meta name=\"robots\" content=\"index, follow, max-snippet:-1, max-image-preview:large, max-video-preview:-1\" \/>\n<link rel=\"canonical\" href=\"https:\/\/www.eldiario.net\/portal\/2022\/08\/08\/bolivar-y-su-reserva-caen-con-dignidad\/\" \/>\n<meta property=\"og:locale\" content=\"es_ES\" \/>\n<meta property=\"og:type\" content=\"article\" \/>\n<meta property=\"og:title\" content=\"Bol\u00edvar y su reserva caen con dignidad - El Diario - Bolivia\" \/>\n<meta property=\"og:description\" content=\"Nacional Potos\u00ed gan\u00f3 un compromiso cuesta arriba frente al plantel reserva de Bol\u00edvar por la cuenta de 2-1, con una remontada que lleg\u00f3 sobre el final de este partido jugado en el estadio V\u00edctor Agust\u00edn Ugarte por la octava fecha del torneo Clausura. Los juveniles de la Academia mantuvieron su p\u00f3rtico intacto en la mayor [&hellip;]\" \/>\n<meta property=\"og:url\" content=\"https:\/\/www.eldiario.net\/portal\/2022\/08\/08\/bolivar-y-su-reserva-caen-con-dignidad\/\" \/>\n<meta property=\"og:site_name\" content=\"El Diario - Bolivia\" \/>\n<meta property=\"article:publisher\" content=\"https:\/\/www.facebook.com\/eldiario.bolivia\/\" \/>\n<meta property=\"article:published_time\" content=\"2022-08-08T10:43:59+00:00\" \/>\n<meta name=\"author\" content=\"Jeanette\" \/>\n<meta name=\"twitter:card\" content=\"summary_large_image\" \/>\n<meta name=\"twitter:creator\" content=\"@eldiario_net\" \/>\n<meta name=\"twitter:site\" content=\"@eldiario_net\" \/>\n<meta name=\"twitter:label1\" content=\"Escrito por\" \/>\n\t<meta name=\"twitter:data1\" content=\"Jeanette\" \/>\n\t<meta name=\"twitter:label2\" content=\"Tiempo de lectura\" \/>\n\t<meta name=\"twitter:data2\" content=\"2 minutos\" \/>\n<script type=\"application\/ld+json\" class=\"yoast-schema-graph\">{\"@context\":\"https:\\\/\\\/schema.org\",\"@graph\":[{\"@type\":\"Article\",\"@id\":\"https:\\\/\\\/www.eldiario.net\\\/portal\\\/2022\\\/08\\\/08\\\/bolivar-y-su-reserva-caen-con-dignidad\\\/#article\",\"isPartOf\":{\"@id\":\"https:\\\/\\\/www.eldiario.net\\\/portal\\\/2022\\\/08\\\/08\\\/bolivar-y-su-reserva-caen-con-dignidad\\\/\"},\"author\":{\"name\":\"Jeanette\",\"@id\":\"https:\\\/\\\/www.eldiario.net\\\/portal\\\/#\\\/schema\\\/person\\\/2c57cf2b7a7ae032e449e4c9b1019eac\"},\"headline\":\"Bol\u00edvar y su reserva caen con dignidad\",\"datePublished\":\"2022-08-08T10:43:59+00:00\",\"mainEntityOfPage\":{\"@id\":\"https:\\\/\\\/www.eldiario.net\\\/portal\\\/2022\\\/08\\\/08\\\/bolivar-y-su-reserva-caen-con-dignidad\\\/\"},\"wordCount\":338,\"publisher\":{\"@id\":\"https:\\\/\\\/www.eldiario.net\\\/portal\\\/#organization\"},\"image\":{\"@id\":\"https:\\\/\\\/www.eldiario.net\\\/portal\\\/2022\\\/08\\\/08\\\/bolivar-y-su-reserva-caen-con-dignidad\\\/#primaryimage\"},\"thumbnailUrl\":\"\",\"articleSection\":[\"Deportes\"],\"inLanguage\":\"es\"},{\"@type\":\"WebPage\",\"@id\":\"https:\\\/\\\/www.eldiario.net\\\/portal\\\/2022\\\/08\\\/08\\\/bolivar-y-su-reserva-caen-con-dignidad\\\/\",\"url\":\"https:\\\/\\\/www.eldiario.net\\\/portal\\\/2022\\\/08\\\/08\\\/bolivar-y-su-reserva-caen-con-dignidad\\\/\",\"name\":\"Bol\u00edvar y su reserva caen con dignidad - El Diario - Bolivia\",\"isPartOf\":{\"@id\":\"https:\\\/\\\/www.eldiario.net\\\/portal\\\/#website\"},\"primaryImageOfPage\":{\"@id\":\"https:\\\/\\\/www.eldiario.net\\\/portal\\\/2022\\\/08\\\/08\\\/bolivar-y-su-reserva-caen-con-dignidad\\\/#primaryimage\"},\"image\":{\"@id\":\"https:\\\/\\\/www.eldiario.net\\\/portal\\\/2022\\\/08\\\/08\\\/bolivar-y-su-reserva-caen-con-dignidad\\\/#primaryimage\"},\"thumbnailUrl\":\"\",\"datePublished\":\"2022-08-08T10:43:59+00:00\",\"breadcrumb\":{\"@id\":\"https:\\\/\\\/www.eldiario.net\\\/portal\\\/2022\\\/08\\\/08\\\/bolivar-y-su-reserva-caen-con-dignidad\\\/#breadcrumb\"},\"inLanguage\":\"es\",\"potentialAction\":[{\"@type\":\"ReadAction\",\"target\":[\"https:\\\/\\\/www.eldiario.net\\\/portal\\\/2022\\\/08\\\/08\\\/bolivar-y-su-reserva-caen-con-dignidad\\\/\"]}]},{\"@type\":\"ImageObject\",\"inLanguage\":\"es\",\"@id\":\"https:\\\/\\\/www.eldiario.net\\\/portal\\\/2022\\\/08\\\/08\\\/bolivar-y-su-reserva-caen-con-dignidad\\\/#primaryimage\",\"url\":\"\",\"contentUrl\":\"\"},{\"@type\":\"BreadcrumbList\",\"@id\":\"https:\\\/\\\/www.eldiario.net\\\/portal\\\/2022\\\/08\\\/08\\\/bolivar-y-su-reserva-caen-con-dignidad\\\/#breadcrumb\",\"itemListElement\":[{\"@type\":\"ListItem\",\"position\":1,\"name\":\"Portada\",\"item\":\"https:\\\/\\\/www.eldiario.net\\\/portal\\\/\"},{\"@type\":\"ListItem\",\"position\":2,\"name\":\"Bol\u00edvar y su reserva caen con dignidad\"}]},{\"@type\":\"WebSite\",\"@id\":\"https:\\\/\\\/www.eldiario.net\\\/portal\\\/#website\",\"url\":\"https:\\\/\\\/www.eldiario.net\\\/portal\\\/\",\"name\":\"El Diario - Decano de la prensa nacional\",\"description\":\"El Diario - Decano de la prensa nacional\",\"publisher\":{\"@id\":\"https:\\\/\\\/www.eldiario.net\\\/portal\\\/#organization\"},\"potentialAction\":[{\"@type\":\"SearchAction\",\"target\":{\"@type\":\"EntryPoint\",\"urlTemplate\":\"https:\\\/\\\/www.eldiario.net\\\/portal\\\/?s={search_term_string}\"},\"query-input\":{\"@type\":\"PropertyValueSpecification\",\"valueRequired\":true,\"valueName\":\"search_term_string\"}}],\"inLanguage\":\"es\"},{\"@type\":\"Organization\",\"@id\":\"https:\\\/\\\/www.eldiario.net\\\/portal\\\/#organization\",\"name\":\"El Diario - Decano de la prensa nacional\",\"url\":\"https:\\\/\\\/www.eldiario.net\\\/portal\\\/\",\"logo\":{\"@type\":\"ImageObject\",\"inLanguage\":\"es\",\"@id\":\"https:\\\/\\\/www.eldiario.net\\\/portal\\\/#\\\/schema\\\/logo\\\/image\\\/\",\"url\":\"https:\\\/\\\/www.eldiario.net\\\/portal\\\/wp-content\\\/uploads\\\/2023\\\/07\\\/logo_ED.jpg\",\"contentUrl\":\"https:\\\/\\\/www.eldiario.net\\\/portal\\\/wp-content\\\/uploads\\\/2023\\\/07\\\/logo_ED.jpg\",\"width\":272,\"height\":52,\"caption\":\"El Diario - Decano de la prensa nacional\"},\"image\":{\"@id\":\"https:\\\/\\\/www.eldiario.net\\\/portal\\\/#\\\/schema\\\/logo\\\/image\\\/\"},\"sameAs\":[\"https:\\\/\\\/www.facebook.com\\\/eldiario.bolivia\\\/\",\"https:\\\/\\\/x.com\\\/eldiario_net\"]},{\"@type\":\"Person\",\"@id\":\"https:\\\/\\\/www.eldiario.net\\\/portal\\\/#\\\/schema\\\/person\\\/2c57cf2b7a7ae032e449e4c9b1019eac\",\"name\":\"Jeanette\",\"image\":{\"@type\":\"ImageObject\",\"inLanguage\":\"es\",\"@id\":\"https:\\\/\\\/secure.gravatar.com\\\/avatar\\\/3ea2118a5f7dad2b7138b1187a6b7ee55f160b9968b66013c3a3ef39dd7e5798?s=96&d=mm&r=g\",\"url\":\"https:\\\/\\\/secure.gravatar.com\\\/avatar\\\/3ea2118a5f7dad2b7138b1187a6b7ee55f160b9968b66013c3a3ef39dd7e5798?s=96&d=mm&r=g\",\"contentUrl\":\"https:\\\/\\\/secure.gravatar.com\\\/avatar\\\/3ea2118a5f7dad2b7138b1187a6b7ee55f160b9968b66013c3a3ef39dd7e5798?s=96&d=mm&r=g\",\"caption\":\"Jeanette\"},\"sameAs\":[\"https:\\\/\\\/www.eldiario.net\\\/portal\"],\"url\":\"https:\\\/\\\/www.eldiario.net\\\/portal\\\/author\\\/jeanette\\\/\"}]}<\/script>\n<!-- \/ Yoast SEO plugin. -->","yoast_head_json":{"title":"Bol\u00edvar y su reserva caen con dignidad - El Diario - Bolivia","robots":{"index":"index","follow":"follow","max-snippet":"max-snippet:-1","max-image-preview":"max-image-preview:large","max-video-preview":"max-video-preview:-1"},"canonical":"https:\/\/www.eldiario.net\/portal\/2022\/08\/08\/bolivar-y-su-reserva-caen-con-dignidad\/","og_locale":"es_ES","og_type":"article","og_title":"Bol\u00edvar y su reserva caen con dignidad - El Diario - Bolivia","og_description":"Nacional Potos\u00ed gan\u00f3 un compromiso cuesta arriba frente al plantel reserva de Bol\u00edvar por la cuenta de 2-1, con una remontada que lleg\u00f3 sobre el final de este partido jugado en el estadio V\u00edctor Agust\u00edn Ugarte por la octava fecha del torneo Clausura. Los juveniles de la Academia mantuvieron su p\u00f3rtico intacto en la mayor [&hellip;]","og_url":"https:\/\/www.eldiario.net\/portal\/2022\/08\/08\/bolivar-y-su-reserva-caen-con-dignidad\/","og_site_name":"El Diario - Bolivia","article_publisher":"https:\/\/www.facebook.com\/eldiario.bolivia\/","article_published_time":"2022-08-08T10:43:59+00:00","author":"Jeanette","twitter_card":"summary_large_image","twitter_creator":"@eldiario_net","twitter_site":"@eldiario_net","twitter_misc":{"Escrito por":"Jeanette","Tiempo de lectura":"2 minutos"},"schema":{"@context":"https:\/\/schema.org","@graph":[{"@type":"Article","@id":"https:\/\/www.eldiario.net\/portal\/2022\/08\/08\/bolivar-y-su-reserva-caen-con-dignidad\/#article","isPartOf":{"@id":"https:\/\/www.eldiario.net\/portal\/2022\/08\/08\/bolivar-y-su-reserva-caen-con-dignidad\/"},"author":{"name":"Jeanette","@id":"https:\/\/www.eldiario.net\/portal\/#\/schema\/person\/2c57cf2b7a7ae032e449e4c9b1019eac"},"headline":"Bol\u00edvar y su reserva caen con dignidad","datePublished":"2022-08-08T10:43:59+00:00","mainEntityOfPage":{"@id":"https:\/\/www.eldiario.net\/portal\/2022\/08\/08\/bolivar-y-su-reserva-caen-con-dignidad\/"},"wordCount":338,"publisher":{"@id":"https:\/\/www.eldiario.net\/portal\/#organization"},"image":{"@id":"https:\/\/www.eldiario.net\/portal\/2022\/08\/08\/bolivar-y-su-reserva-caen-con-dignidad\/#primaryimage"},"thumbnailUrl":"","articleSection":["Deportes"],"inLanguage":"es"},{"@type":"WebPage","@id":"https:\/\/www.eldiario.net\/portal\/2022\/08\/08\/bolivar-y-su-reserva-caen-con-dignidad\/","url":"https:\/\/www.eldiario.net\/portal\/2022\/08\/08\/bolivar-y-su-reserva-caen-con-dignidad\/","name":"Bol\u00edvar y su reserva caen con dignidad - El Diario - Bolivia","isPartOf":{"@id":"https:\/\/www.eldiario.net\/portal\/#website"},"primaryImageOfPage":{"@id":"https:\/\/www.eldiario.net\/portal\/2022\/08\/08\/bolivar-y-su-reserva-caen-con-dignidad\/#primaryimage"},"image":{"@id":"https:\/\/www.eldiario.net\/portal\/2022\/08\/08\/bolivar-y-su-reserva-caen-con-dignidad\/#primaryimage"},"thumbnailUrl":"","datePublished":"2022-08-08T10:43:59+00:00","breadcrumb":{"@id":"https:\/\/www.eldiario.net\/portal\/2022\/08\/08\/bolivar-y-su-reserva-caen-con-dignidad\/#breadcrumb"},"inLanguage":"es","potentialAction":[{"@type":"ReadAction","target":["https:\/\/www.eldiario.net\/portal\/2022\/08\/08\/bolivar-y-su-reserva-caen-con-dignidad\/"]}]},{"@type":"ImageObject","inLanguage":"es","@id":"https:\/\/www.eldiario.net\/portal\/2022\/08\/08\/bolivar-y-su-reserva-caen-con-dignidad\/#primaryimage","url":"","contentUrl":""},{"@type":"BreadcrumbList","@id":"https:\/\/www.eldiario.net\/portal\/2022\/08\/08\/bolivar-y-su-reserva-caen-con-dignidad\/#breadcrumb","itemListElement":[{"@type":"ListItem","position":1,"name":"Portada","item":"https:\/\/www.eldiario.net\/portal\/"},{"@type":"ListItem","position":2,"name":"Bol\u00edvar y su reserva caen con dignidad"}]},{"@type":"WebSite","@id":"https:\/\/www.eldiario.net\/portal\/#website","url":"https:\/\/www.eldiario.net\/portal\/","name":"El Diario - Decano de la prensa nacional","description":"El Diario - Decano de la prensa nacional","publisher":{"@id":"https:\/\/www.eldiario.net\/portal\/#organization"},"potentialAction":[{"@type":"SearchAction","target":{"@type":"EntryPoint","urlTemplate":"https:\/\/www.eldiario.net\/portal\/?s={search_term_string}"},"query-input":{"@type":"PropertyValueSpecification","valueRequired":true,"valueName":"search_term_string"}}],"inLanguage":"es"},{"@type":"Organization","@id":"https:\/\/www.eldiario.net\/portal\/#organization","name":"El Diario - Decano de la prensa nacional","url":"https:\/\/www.eldiario.net\/portal\/","logo":{"@type":"ImageObject","inLanguage":"es","@id":"https:\/\/www.eldiario.net\/portal\/#\/schema\/logo\/image\/","url":"https:\/\/www.eldiario.net\/portal\/wp-content\/uploads\/2023\/07\/logo_ED.jpg","contentUrl":"https:\/\/www.eldiario.net\/portal\/wp-content\/uploads\/2023\/07\/logo_ED.jpg","width":272,"height":52,"caption":"El Diario - Decano de la prensa nacional"},"image":{"@id":"https:\/\/www.eldiario.net\/portal\/#\/schema\/logo\/image\/"},"sameAs":["https:\/\/www.facebook.com\/eldiario.bolivia\/","https:\/\/x.com\/eldiario_net"]},{"@type":"Person","@id":"https:\/\/www.eldiario.net\/portal\/#\/schema\/person\/2c57cf2b7a7ae032e449e4c9b1019eac","name":"Jeanette","image":{"@type":"ImageObject","inLanguage":"es","@id":"https:\/\/secure.gravatar.com\/avatar\/3ea2118a5f7dad2b7138b1187a6b7ee55f160b9968b66013c3a3ef39dd7e5798?s=96&d=mm&r=g","url":"https:\/\/secure.gravatar.com\/avatar\/3ea2118a5f7dad2b7138b1187a6b7ee55f160b9968b66013c3a3ef39dd7e5798?s=96&d=mm&r=g","contentUrl":"https:\/\/secure.gravatar.com\/avatar\/3ea2118a5f7dad2b7138b1187a6b7ee55f160b9968b66013c3a3ef39dd7e5798?s=96&d=mm&r=g","caption":"Jeanette"},"sameAs":["https:\/\/www.eldiario.net\/portal"],"url":"https:\/\/www.eldiario.net\/portal\/author\/jeanette\/"}]}},"_links":{"self":[{"href":"https:\/\/www.eldiario.net\/portal\/wp-json\/wp\/v2\/posts\/102544","targetHints":{"allow":["GET"]}}],"collection":[{"href":"https:\/\/www.eldiario.net\/portal\/wp-json\/wp\/v2\/posts"}],"about":[{"href":"https:\/\/www.eldiario.net\/portal\/wp-json\/wp\/v2\/types\/post"}],"author":[{"embeddable":true,"href":"https:\/\/www.eldiario.net\/portal\/wp-json\/wp\/v2\/users\/1"}],"replies":[{"embeddable":true,"href":"https:\/\/www.eldiario.net\/portal\/wp-json\/wp\/v2\/comments?post=102544"}],"version-history":[{"count":0,"href":"https:\/\/www.eldiario.net\/portal\/wp-json\/wp\/v2\/posts\/102544\/revisions"}],"wp:attachment":[{"href":"https:\/\/www.eldiario.net\/portal\/wp-json\/wp\/v2\/media?parent=102544"}],"wp:term":[{"taxonomy":"category","embeddable":true,"href":"https:\/\/www.eldiario.net\/portal\/wp-json\/wp\/v2\/categories?post=102544"},{"taxonomy":"post_tag","embeddable":true,"href":"https:\/\/www.eldiario.net\/portal\/wp-json\/wp\/v2\/tags?post=102544"}],"curies":[{"name":"wp","href":"https:\/\/api.w.org\/{rel}","templated":true}]}}