{"id":102541,"date":"2022-08-08T06:43:10","date_gmt":"2022-08-08T10:43:10","guid":{"rendered":"https:\/\/www.eldiario.net\/portal\/?p=102541"},"modified":"2022-08-08T06:43:10","modified_gmt":"2022-08-08T10:43:10","slug":"aurora-pierde-la-chance-de-sumar-ante-la-u","status":"publish","type":"post","link":"https:\/\/www.eldiario.net\/portal\/2022\/08\/08\/aurora-pierde-la-chance-de-sumar-ante-la-u\/","title":{"rendered":"Aurora pierde la chance de sumar ante la \u201cU\u201d"},"content":{"rendered":"<p>Aurora cedi\u00f3 un empate contra Universitario de Sucre (1-1), el segundo anotado por los celestes en el valle, y que en la octava fecha del torneo Clausura tuvo como responsable al arquero Iv\u00e1n Brun, quien mand\u00f3 fuera de su p\u00f3rtico los remates en los momentos apretados del partido jugado la noche de este domingo, en el estadio F\u00e9lix Capriles.<br \/>\nPor segunda vez en el Clausura, el Equipo del Pueblo volvi\u00f3 a ver el empate en el marcador del escenario cochabambino y dej\u00f3 ir la chance de acomodarse como tercero en la tabla. Los auroristas s\u00f3lo llegaron a los 12 puntos, ahora como sexto. A los 35 minutos, Aurora pudo romper el bloque estudiantil con la llegada del 1-0 con un desborde de Leonardo Vaca y la definici\u00f3n de Oswaldo Blanco con un remate dentro del \u00e1rea, dejando sin oportunidad a Brun. \u00c1ngel Prudencio atrajo a los defensores y dej\u00f3 libre a Marcos Ovejero para que \u00e9ste defina con un derechazo diagonal que super\u00f3 a Agust\u00edn Cousillas (1-1) a los 48 minutos. Ese gol devolvi\u00f3 la ilusi\u00f3n de la \u201cU\u201d, que tuvo en la banca al entrenador Sebasti\u00e1n N\u00fa\u00f1ez haciendo su debut. Los doctos siguen como pen\u00faltimos en la tabla, comprometido con la zona del descenso indirecto, con 23 puntos. Mientras, FC Universitario de Vinto est\u00e1 en el fondo con 21 unidades.<\/p>\n","protected":false},"excerpt":{"rendered":"<p>Aurora cedi\u00f3 un empate contra Universitario de Sucre (1-1), el segundo anotado por los celestes en el valle, y que en la octava fecha del torneo Clausura tuvo como responsable al arquero Iv\u00e1n Brun, quien mand\u00f3 fuera de su p\u00f3rtico los remates en los momentos apretados del partido jugado la noche de este domingo, en [&hellip;]<\/p>\n","protected":false},"author":1,"featured_media":102542,"comment_status":"closed","ping_status":"closed","sticky":false,"template":"","format":"standard","meta":{"_acf_changed":false,"footnotes":""},"categories":[6],"tags":[],"class_list":["post-102541","post","type-post","status-publish","format-standard","has-post-thumbnail","category-deportes"],"acf":{"antetitulo":""},"yoast_head":"<!-- This site is optimized with the Yoast SEO plugin v28.4 - https:\/\/yoast.com\/product\/yoast-seo-wordpress\/ -->\n<title>Aurora pierde la chance de sumar ante la \u201cU\u201d - El Diario - Bolivia<\/title>\n<meta name=\"robots\" content=\"index, follow, max-snippet:-1, max-image-preview:large, max-video-preview:-1\" \/>\n<link rel=\"canonical\" href=\"https:\/\/www.eldiario.net\/portal\/2022\/08\/08\/aurora-pierde-la-chance-de-sumar-ante-la-u\/\" \/>\n<meta property=\"og:locale\" content=\"es_ES\" \/>\n<meta property=\"og:type\" content=\"article\" \/>\n<meta property=\"og:title\" content=\"Aurora pierde la chance de sumar ante la \u201cU\u201d - El Diario - Bolivia\" \/>\n<meta property=\"og:description\" content=\"Aurora cedi\u00f3 un empate contra Universitario de Sucre (1-1), el segundo anotado por los celestes en el valle, y que en la octava fecha del torneo Clausura tuvo como responsable al arquero Iv\u00e1n Brun, quien mand\u00f3 fuera de su p\u00f3rtico los remates en los momentos apretados del partido jugado la noche de este domingo, en [&hellip;]\" \/>\n<meta property=\"og:url\" content=\"https:\/\/www.eldiario.net\/portal\/2022\/08\/08\/aurora-pierde-la-chance-de-sumar-ante-la-u\/\" \/>\n<meta property=\"og:site_name\" content=\"El Diario - Bolivia\" \/>\n<meta property=\"article:publisher\" content=\"https:\/\/www.facebook.com\/eldiario.bolivia\/\" \/>\n<meta property=\"article:published_time\" content=\"2022-08-08T10:43:10+00:00\" \/>\n<meta name=\"author\" content=\"Jeanette\" \/>\n<meta name=\"twitter:card\" content=\"summary_large_image\" \/>\n<meta name=\"twitter:creator\" content=\"@eldiario_net\" \/>\n<meta name=\"twitter:site\" content=\"@eldiario_net\" \/>\n<meta name=\"twitter:label1\" content=\"Escrito por\" \/>\n\t<meta name=\"twitter:data1\" content=\"Jeanette\" \/>\n\t<meta name=\"twitter:label2\" content=\"Tiempo de lectura\" \/>\n\t<meta name=\"twitter:data2\" content=\"2 minutos\" \/>\n<script type=\"application\/ld+json\" class=\"yoast-schema-graph\">{\"@context\":\"https:\\\/\\\/schema.org\",\"@graph\":[{\"@type\":\"Article\",\"@id\":\"https:\\\/\\\/www.eldiario.net\\\/portal\\\/2022\\\/08\\\/08\\\/aurora-pierde-la-chance-de-sumar-ante-la-u\\\/#article\",\"isPartOf\":{\"@id\":\"https:\\\/\\\/www.eldiario.net\\\/portal\\\/2022\\\/08\\\/08\\\/aurora-pierde-la-chance-de-sumar-ante-la-u\\\/\"},\"author\":{\"name\":\"Jeanette\",\"@id\":\"https:\\\/\\\/www.eldiario.net\\\/portal\\\/#\\\/schema\\\/person\\\/2c57cf2b7a7ae032e449e4c9b1019eac\"},\"headline\":\"Aurora pierde la chance de sumar ante la \u201cU\u201d\",\"datePublished\":\"2022-08-08T10:43:10+00:00\",\"mainEntityOfPage\":{\"@id\":\"https:\\\/\\\/www.eldiario.net\\\/portal\\\/2022\\\/08\\\/08\\\/aurora-pierde-la-chance-de-sumar-ante-la-u\\\/\"},\"wordCount\":235,\"publisher\":{\"@id\":\"https:\\\/\\\/www.eldiario.net\\\/portal\\\/#organization\"},\"image\":{\"@id\":\"https:\\\/\\\/www.eldiario.net\\\/portal\\\/2022\\\/08\\\/08\\\/aurora-pierde-la-chance-de-sumar-ante-la-u\\\/#primaryimage\"},\"thumbnailUrl\":\"\",\"articleSection\":[\"Deportes\"],\"inLanguage\":\"es\"},{\"@type\":\"WebPage\",\"@id\":\"https:\\\/\\\/www.eldiario.net\\\/portal\\\/2022\\\/08\\\/08\\\/aurora-pierde-la-chance-de-sumar-ante-la-u\\\/\",\"url\":\"https:\\\/\\\/www.eldiario.net\\\/portal\\\/2022\\\/08\\\/08\\\/aurora-pierde-la-chance-de-sumar-ante-la-u\\\/\",\"name\":\"Aurora pierde la chance de sumar ante la \u201cU\u201d - El Diario - Bolivia\",\"isPartOf\":{\"@id\":\"https:\\\/\\\/www.eldiario.net\\\/portal\\\/#website\"},\"primaryImageOfPage\":{\"@id\":\"https:\\\/\\\/www.eldiario.net\\\/portal\\\/2022\\\/08\\\/08\\\/aurora-pierde-la-chance-de-sumar-ante-la-u\\\/#primaryimage\"},\"image\":{\"@id\":\"https:\\\/\\\/www.eldiario.net\\\/portal\\\/2022\\\/08\\\/08\\\/aurora-pierde-la-chance-de-sumar-ante-la-u\\\/#primaryimage\"},\"thumbnailUrl\":\"\",\"datePublished\":\"2022-08-08T10:43:10+00:00\",\"breadcrumb\":{\"@id\":\"https:\\\/\\\/www.eldiario.net\\\/portal\\\/2022\\\/08\\\/08\\\/aurora-pierde-la-chance-de-sumar-ante-la-u\\\/#breadcrumb\"},\"inLanguage\":\"es\",\"potentialAction\":[{\"@type\":\"ReadAction\",\"target\":[\"https:\\\/\\\/www.eldiario.net\\\/portal\\\/2022\\\/08\\\/08\\\/aurora-pierde-la-chance-de-sumar-ante-la-u\\\/\"]}]},{\"@type\":\"ImageObject\",\"inLanguage\":\"es\",\"@id\":\"https:\\\/\\\/www.eldiario.net\\\/portal\\\/2022\\\/08\\\/08\\\/aurora-pierde-la-chance-de-sumar-ante-la-u\\\/#primaryimage\",\"url\":\"\",\"contentUrl\":\"\"},{\"@type\":\"BreadcrumbList\",\"@id\":\"https:\\\/\\\/www.eldiario.net\\\/portal\\\/2022\\\/08\\\/08\\\/aurora-pierde-la-chance-de-sumar-ante-la-u\\\/#breadcrumb\",\"itemListElement\":[{\"@type\":\"ListItem\",\"position\":1,\"name\":\"Portada\",\"item\":\"https:\\\/\\\/www.eldiario.net\\\/portal\\\/\"},{\"@type\":\"ListItem\",\"position\":2,\"name\":\"Aurora pierde la chance de sumar ante la \u201cU\u201d\"}]},{\"@type\":\"WebSite\",\"@id\":\"https:\\\/\\\/www.eldiario.net\\\/portal\\\/#website\",\"url\":\"https:\\\/\\\/www.eldiario.net\\\/portal\\\/\",\"name\":\"El Diario - Decano de la prensa nacional\",\"description\":\"El Diario - Decano de la prensa nacional\",\"publisher\":{\"@id\":\"https:\\\/\\\/www.eldiario.net\\\/portal\\\/#organization\"},\"potentialAction\":[{\"@type\":\"SearchAction\",\"target\":{\"@type\":\"EntryPoint\",\"urlTemplate\":\"https:\\\/\\\/www.eldiario.net\\\/portal\\\/?s={search_term_string}\"},\"query-input\":{\"@type\":\"PropertyValueSpecification\",\"valueRequired\":true,\"valueName\":\"search_term_string\"}}],\"inLanguage\":\"es\"},{\"@type\":\"Organization\",\"@id\":\"https:\\\/\\\/www.eldiario.net\\\/portal\\\/#organization\",\"name\":\"El Diario - Decano de la prensa nacional\",\"url\":\"https:\\\/\\\/www.eldiario.net\\\/portal\\\/\",\"logo\":{\"@type\":\"ImageObject\",\"inLanguage\":\"es\",\"@id\":\"https:\\\/\\\/www.eldiario.net\\\/portal\\\/#\\\/schema\\\/logo\\\/image\\\/\",\"url\":\"https:\\\/\\\/www.eldiario.net\\\/portal\\\/wp-content\\\/uploads\\\/2023\\\/07\\\/logo_ED.jpg\",\"contentUrl\":\"https:\\\/\\\/www.eldiario.net\\\/portal\\\/wp-content\\\/uploads\\\/2023\\\/07\\\/logo_ED.jpg\",\"width\":272,\"height\":52,\"caption\":\"El Diario - Decano de la prensa nacional\"},\"image\":{\"@id\":\"https:\\\/\\\/www.eldiario.net\\\/portal\\\/#\\\/schema\\\/logo\\\/image\\\/\"},\"sameAs\":[\"https:\\\/\\\/www.facebook.com\\\/eldiario.bolivia\\\/\",\"https:\\\/\\\/x.com\\\/eldiario_net\"]},{\"@type\":\"Person\",\"@id\":\"https:\\\/\\\/www.eldiario.net\\\/portal\\\/#\\\/schema\\\/person\\\/2c57cf2b7a7ae032e449e4c9b1019eac\",\"name\":\"Jeanette\",\"image\":{\"@type\":\"ImageObject\",\"inLanguage\":\"es\",\"@id\":\"https:\\\/\\\/secure.gravatar.com\\\/avatar\\\/3ea2118a5f7dad2b7138b1187a6b7ee55f160b9968b66013c3a3ef39dd7e5798?s=96&d=mm&r=g\",\"url\":\"https:\\\/\\\/secure.gravatar.com\\\/avatar\\\/3ea2118a5f7dad2b7138b1187a6b7ee55f160b9968b66013c3a3ef39dd7e5798?s=96&d=mm&r=g\",\"contentUrl\":\"https:\\\/\\\/secure.gravatar.com\\\/avatar\\\/3ea2118a5f7dad2b7138b1187a6b7ee55f160b9968b66013c3a3ef39dd7e5798?s=96&d=mm&r=g\",\"caption\":\"Jeanette\"},\"sameAs\":[\"https:\\\/\\\/www.eldiario.net\\\/portal\"],\"url\":\"https:\\\/\\\/www.eldiario.net\\\/portal\\\/author\\\/jeanette\\\/\"}]}<\/script>\n<!-- \/ Yoast SEO plugin. -->","yoast_head_json":{"title":"Aurora pierde la chance de sumar ante la \u201cU\u201d - El Diario - Bolivia","robots":{"index":"index","follow":"follow","max-snippet":"max-snippet:-1","max-image-preview":"max-image-preview:large","max-video-preview":"max-video-preview:-1"},"canonical":"https:\/\/www.eldiario.net\/portal\/2022\/08\/08\/aurora-pierde-la-chance-de-sumar-ante-la-u\/","og_locale":"es_ES","og_type":"article","og_title":"Aurora pierde la chance de sumar ante la \u201cU\u201d - El Diario - Bolivia","og_description":"Aurora cedi\u00f3 un empate contra Universitario de Sucre (1-1), el segundo anotado por los celestes en el valle, y que en la octava fecha del torneo Clausura tuvo como responsable al arquero Iv\u00e1n Brun, quien mand\u00f3 fuera de su p\u00f3rtico los remates en los momentos apretados del partido jugado la noche de este domingo, en [&hellip;]","og_url":"https:\/\/www.eldiario.net\/portal\/2022\/08\/08\/aurora-pierde-la-chance-de-sumar-ante-la-u\/","og_site_name":"El Diario - Bolivia","article_publisher":"https:\/\/www.facebook.com\/eldiario.bolivia\/","article_published_time":"2022-08-08T10:43:10+00:00","author":"Jeanette","twitter_card":"summary_large_image","twitter_creator":"@eldiario_net","twitter_site":"@eldiario_net","twitter_misc":{"Escrito por":"Jeanette","Tiempo de lectura":"2 minutos"},"schema":{"@context":"https:\/\/schema.org","@graph":[{"@type":"Article","@id":"https:\/\/www.eldiario.net\/portal\/2022\/08\/08\/aurora-pierde-la-chance-de-sumar-ante-la-u\/#article","isPartOf":{"@id":"https:\/\/www.eldiario.net\/portal\/2022\/08\/08\/aurora-pierde-la-chance-de-sumar-ante-la-u\/"},"author":{"name":"Jeanette","@id":"https:\/\/www.eldiario.net\/portal\/#\/schema\/person\/2c57cf2b7a7ae032e449e4c9b1019eac"},"headline":"Aurora pierde la chance de sumar ante la \u201cU\u201d","datePublished":"2022-08-08T10:43:10+00:00","mainEntityOfPage":{"@id":"https:\/\/www.eldiario.net\/portal\/2022\/08\/08\/aurora-pierde-la-chance-de-sumar-ante-la-u\/"},"wordCount":235,"publisher":{"@id":"https:\/\/www.eldiario.net\/portal\/#organization"},"image":{"@id":"https:\/\/www.eldiario.net\/portal\/2022\/08\/08\/aurora-pierde-la-chance-de-sumar-ante-la-u\/#primaryimage"},"thumbnailUrl":"","articleSection":["Deportes"],"inLanguage":"es"},{"@type":"WebPage","@id":"https:\/\/www.eldiario.net\/portal\/2022\/08\/08\/aurora-pierde-la-chance-de-sumar-ante-la-u\/","url":"https:\/\/www.eldiario.net\/portal\/2022\/08\/08\/aurora-pierde-la-chance-de-sumar-ante-la-u\/","name":"Aurora pierde la chance de sumar ante la \u201cU\u201d - El Diario - Bolivia","isPartOf":{"@id":"https:\/\/www.eldiario.net\/portal\/#website"},"primaryImageOfPage":{"@id":"https:\/\/www.eldiario.net\/portal\/2022\/08\/08\/aurora-pierde-la-chance-de-sumar-ante-la-u\/#primaryimage"},"image":{"@id":"https:\/\/www.eldiario.net\/portal\/2022\/08\/08\/aurora-pierde-la-chance-de-sumar-ante-la-u\/#primaryimage"},"thumbnailUrl":"","datePublished":"2022-08-08T10:43:10+00:00","breadcrumb":{"@id":"https:\/\/www.eldiario.net\/portal\/2022\/08\/08\/aurora-pierde-la-chance-de-sumar-ante-la-u\/#breadcrumb"},"inLanguage":"es","potentialAction":[{"@type":"ReadAction","target":["https:\/\/www.eldiario.net\/portal\/2022\/08\/08\/aurora-pierde-la-chance-de-sumar-ante-la-u\/"]}]},{"@type":"ImageObject","inLanguage":"es","@id":"https:\/\/www.eldiario.net\/portal\/2022\/08\/08\/aurora-pierde-la-chance-de-sumar-ante-la-u\/#primaryimage","url":"","contentUrl":""},{"@type":"BreadcrumbList","@id":"https:\/\/www.eldiario.net\/portal\/2022\/08\/08\/aurora-pierde-la-chance-de-sumar-ante-la-u\/#breadcrumb","itemListElement":[{"@type":"ListItem","position":1,"name":"Portada","item":"https:\/\/www.eldiario.net\/portal\/"},{"@type":"ListItem","position":2,"name":"Aurora pierde la chance de sumar ante la \u201cU\u201d"}]},{"@type":"WebSite","@id":"https:\/\/www.eldiario.net\/portal\/#website","url":"https:\/\/www.eldiario.net\/portal\/","name":"El Diario - Decano de la prensa nacional","description":"El Diario - Decano de la prensa nacional","publisher":{"@id":"https:\/\/www.eldiario.net\/portal\/#organization"},"potentialAction":[{"@type":"SearchAction","target":{"@type":"EntryPoint","urlTemplate":"https:\/\/www.eldiario.net\/portal\/?s={search_term_string}"},"query-input":{"@type":"PropertyValueSpecification","valueRequired":true,"valueName":"search_term_string"}}],"inLanguage":"es"},{"@type":"Organization","@id":"https:\/\/www.eldiario.net\/portal\/#organization","name":"El Diario - Decano de la prensa nacional","url":"https:\/\/www.eldiario.net\/portal\/","logo":{"@type":"ImageObject","inLanguage":"es","@id":"https:\/\/www.eldiario.net\/portal\/#\/schema\/logo\/image\/","url":"https:\/\/www.eldiario.net\/portal\/wp-content\/uploads\/2023\/07\/logo_ED.jpg","contentUrl":"https:\/\/www.eldiario.net\/portal\/wp-content\/uploads\/2023\/07\/logo_ED.jpg","width":272,"height":52,"caption":"El Diario - Decano de la prensa nacional"},"image":{"@id":"https:\/\/www.eldiario.net\/portal\/#\/schema\/logo\/image\/"},"sameAs":["https:\/\/www.facebook.com\/eldiario.bolivia\/","https:\/\/x.com\/eldiario_net"]},{"@type":"Person","@id":"https:\/\/www.eldiario.net\/portal\/#\/schema\/person\/2c57cf2b7a7ae032e449e4c9b1019eac","name":"Jeanette","image":{"@type":"ImageObject","inLanguage":"es","@id":"https:\/\/secure.gravatar.com\/avatar\/3ea2118a5f7dad2b7138b1187a6b7ee55f160b9968b66013c3a3ef39dd7e5798?s=96&d=mm&r=g","url":"https:\/\/secure.gravatar.com\/avatar\/3ea2118a5f7dad2b7138b1187a6b7ee55f160b9968b66013c3a3ef39dd7e5798?s=96&d=mm&r=g","contentUrl":"https:\/\/secure.gravatar.com\/avatar\/3ea2118a5f7dad2b7138b1187a6b7ee55f160b9968b66013c3a3ef39dd7e5798?s=96&d=mm&r=g","caption":"Jeanette"},"sameAs":["https:\/\/www.eldiario.net\/portal"],"url":"https:\/\/www.eldiario.net\/portal\/author\/jeanette\/"}]}},"_links":{"self":[{"href":"https:\/\/www.eldiario.net\/portal\/wp-json\/wp\/v2\/posts\/102541","targetHints":{"allow":["GET"]}}],"collection":[{"href":"https:\/\/www.eldiario.net\/portal\/wp-json\/wp\/v2\/posts"}],"about":[{"href":"https:\/\/www.eldiario.net\/portal\/wp-json\/wp\/v2\/types\/post"}],"author":[{"embeddable":true,"href":"https:\/\/www.eldiario.net\/portal\/wp-json\/wp\/v2\/users\/1"}],"replies":[{"embeddable":true,"href":"https:\/\/www.eldiario.net\/portal\/wp-json\/wp\/v2\/comments?post=102541"}],"version-history":[{"count":0,"href":"https:\/\/www.eldiario.net\/portal\/wp-json\/wp\/v2\/posts\/102541\/revisions"}],"wp:attachment":[{"href":"https:\/\/www.eldiario.net\/portal\/wp-json\/wp\/v2\/media?parent=102541"}],"wp:term":[{"taxonomy":"category","embeddable":true,"href":"https:\/\/www.eldiario.net\/portal\/wp-json\/wp\/v2\/categories?post=102541"},{"taxonomy":"post_tag","embeddable":true,"href":"https:\/\/www.eldiario.net\/portal\/wp-json\/wp\/v2\/tags?post=102541"}],"curies":[{"name":"wp","href":"https:\/\/api.w.org\/{rel}","templated":true}]}}