{"id":102524,"date":"2022-08-08T06:31:13","date_gmt":"2022-08-08T10:31:13","guid":{"rendered":"https:\/\/www.eldiario.net\/portal\/?p=102524"},"modified":"2022-08-08T06:31:13","modified_gmt":"2022-08-08T10:31:13","slug":"segundo-paro-en-santa-cruz-insiste-con-censo-para-2023","status":"publish","type":"post","link":"https:\/\/www.eldiario.net\/portal\/2022\/08\/08\/segundo-paro-en-santa-cruz-insiste-con-censo-para-2023\/","title":{"rendered":"Segundo paro en Santa Cruz insiste con censo para 2023"},"content":{"rendered":"<p>El departamento de Santa Cruz inicia esta semana con una nueva medida de presi\u00f3n demandando al gobierno del Movimiento al Socialismo (MAS) la realizaci\u00f3n del Censo Nacional de Poblaci\u00f3n y Vivienda en la gesti\u00f3n 2023, adem\u00e1s de una organizaci\u00f3n transparente de todas las actividades previas a la medici\u00f3n nacional.<br \/>\nLa medida fue confirmada el pasado viernes por el denominado Comit\u00e9 Interinstitucional Impulsor del censo en el departamento cruce\u00f1o, luego del informe presentado por el rector de la Universidad Aut\u00f3noma Gabriel Ren\u00e9 Moreno, Vicente Cu\u00e9llar, tras asistir a una reuni\u00f3n entre Instituto Nacional de Estad\u00edstica, el Ministerio de Planificaci\u00f3n y rectores del sistema p\u00fablico universitario.<br \/>\nEl gobernador cruce\u00f1o, Fernando Camacho, asegur\u00f3 que este departamento se encuentra en puertas de una nueva lucha, esta vez, por la ejecuci\u00f3n de un censo, cuyos datos ser\u00e1n la base para una nueva asignaci\u00f3n de recursos para las regiones.<br \/>\n\u201cNos encontramos en puertas de una nueva lucha por el censo y tengo la fe que todo nuestro pueblo estar\u00e1 apoyando a sus instituciones, porque es una herramienta imprescindible para el desarrollo, con el censo accederemos a un nuevo pacto fiscal\u201d, expres\u00f3.<br \/>\nAl respecto, el ministro de Gobierno, Eduardo Del Castillo, cuestion\u00f3 a las autoridades departamentales que promueven la medida se\u00f1alando que en su calidad de funcionarios cuentan con un salario fijo, a diferencia de ciudadanos que necesitan trabajar cada d\u00eda para subsistir.<br \/>\n\u201cNo piensan en gremiales y transportistas que viven del d\u00eda. Les pedimos que recapaciten, no por un tema pol\u00edtico, sino por la dignidad de la familia boliviana\u201d, sostuvo la autoridad.<br \/>\nEn ese sentido, anuncio que el Gobierno tomar\u00e1 todas las medidas para garantizar el derecho a la libre circulaci\u00f3n de las personas que en esta jornada deseen asistir a sus fuentes laborales.<br \/>\nParlamentarios de oposici\u00f3n aseguran que las medidas de presi\u00f3n son la respuesta de la poblaci\u00f3n y sus instituciones a los intentos del Gobierno por imponer de manera unilateral la fecha para el censo, por lo que este paro cuenta con el respaldo de la ciudadan\u00eda. \u201cNo est\u00e1n coordinando con los sectores y con las regiones, est\u00e1n imponiendo una decisi\u00f3n que va en contra del progreso de los bolivianos\u201d, afirm\u00f3 el diputado Alejandro Reyes de Comunidad Ciudadana.<\/p>\n","protected":false},"excerpt":{"rendered":"<p>El departamento de Santa Cruz inicia esta semana con una nueva medida de presi\u00f3n demandando al gobierno del Movimiento al Socialismo (MAS) la realizaci\u00f3n del Censo Nacional de Poblaci\u00f3n y Vivienda en la gesti\u00f3n 2023, adem\u00e1s de una organizaci\u00f3n transparente de todas las actividades previas a la medici\u00f3n nacional. La medida fue confirmada el pasado [&hellip;]<\/p>\n","protected":false},"author":1,"featured_media":102525,"comment_status":"closed","ping_status":"closed","sticky":false,"template":"","format":"standard","meta":{"_acf_changed":false,"footnotes":""},"categories":[17],"tags":[],"class_list":["post-102524","post","type-post","status-publish","format-standard","has-post-thumbnail","category-principal"],"acf":{"antetitulo":""},"yoast_head":"<!-- This site is optimized with the Yoast SEO plugin v28.4 - https:\/\/yoast.com\/product\/yoast-seo-wordpress\/ -->\n<title>Segundo paro en Santa Cruz insiste con censo para 2023 - El Diario - Bolivia<\/title>\n<meta name=\"robots\" content=\"index, follow, max-snippet:-1, max-image-preview:large, max-video-preview:-1\" \/>\n<link rel=\"canonical\" href=\"https:\/\/www.eldiario.net\/portal\/2022\/08\/08\/segundo-paro-en-santa-cruz-insiste-con-censo-para-2023\/\" \/>\n<meta property=\"og:locale\" content=\"es_ES\" \/>\n<meta property=\"og:type\" content=\"article\" \/>\n<meta property=\"og:title\" content=\"Segundo paro en Santa Cruz insiste con censo para 2023 - El Diario - Bolivia\" \/>\n<meta property=\"og:description\" content=\"El departamento de Santa Cruz inicia esta semana con una nueva medida de presi\u00f3n demandando al gobierno del Movimiento al Socialismo (MAS) la realizaci\u00f3n del Censo Nacional de Poblaci\u00f3n y Vivienda en la gesti\u00f3n 2023, adem\u00e1s de una organizaci\u00f3n transparente de todas las actividades previas a la medici\u00f3n nacional. La medida fue confirmada el pasado [&hellip;]\" \/>\n<meta property=\"og:url\" content=\"https:\/\/www.eldiario.net\/portal\/2022\/08\/08\/segundo-paro-en-santa-cruz-insiste-con-censo-para-2023\/\" \/>\n<meta property=\"og:site_name\" content=\"El Diario - Bolivia\" \/>\n<meta property=\"article:publisher\" content=\"https:\/\/www.facebook.com\/eldiario.bolivia\/\" \/>\n<meta property=\"article:published_time\" content=\"2022-08-08T10:31:13+00:00\" \/>\n<meta name=\"author\" content=\"Jeanette\" \/>\n<meta name=\"twitter:card\" content=\"summary_large_image\" \/>\n<meta name=\"twitter:creator\" content=\"@eldiario_net\" \/>\n<meta name=\"twitter:site\" content=\"@eldiario_net\" \/>\n<meta name=\"twitter:label1\" content=\"Escrito por\" \/>\n\t<meta name=\"twitter:data1\" content=\"Jeanette\" \/>\n\t<meta name=\"twitter:label2\" content=\"Tiempo de lectura\" \/>\n\t<meta name=\"twitter:data2\" content=\"2 minutos\" \/>\n<script type=\"application\/ld+json\" class=\"yoast-schema-graph\">{\"@context\":\"https:\\\/\\\/schema.org\",\"@graph\":[{\"@type\":\"Article\",\"@id\":\"https:\\\/\\\/www.eldiario.net\\\/portal\\\/2022\\\/08\\\/08\\\/segundo-paro-en-santa-cruz-insiste-con-censo-para-2023\\\/#article\",\"isPartOf\":{\"@id\":\"https:\\\/\\\/www.eldiario.net\\\/portal\\\/2022\\\/08\\\/08\\\/segundo-paro-en-santa-cruz-insiste-con-censo-para-2023\\\/\"},\"author\":{\"name\":\"Jeanette\",\"@id\":\"https:\\\/\\\/www.eldiario.net\\\/portal\\\/#\\\/schema\\\/person\\\/2c57cf2b7a7ae032e449e4c9b1019eac\"},\"headline\":\"Segundo paro en Santa Cruz insiste con censo para 2023\",\"datePublished\":\"2022-08-08T10:31:13+00:00\",\"mainEntityOfPage\":{\"@id\":\"https:\\\/\\\/www.eldiario.net\\\/portal\\\/2022\\\/08\\\/08\\\/segundo-paro-en-santa-cruz-insiste-con-censo-para-2023\\\/\"},\"wordCount\":402,\"publisher\":{\"@id\":\"https:\\\/\\\/www.eldiario.net\\\/portal\\\/#organization\"},\"image\":{\"@id\":\"https:\\\/\\\/www.eldiario.net\\\/portal\\\/2022\\\/08\\\/08\\\/segundo-paro-en-santa-cruz-insiste-con-censo-para-2023\\\/#primaryimage\"},\"thumbnailUrl\":\"\",\"articleSection\":[\"Principal\"],\"inLanguage\":\"es\"},{\"@type\":\"WebPage\",\"@id\":\"https:\\\/\\\/www.eldiario.net\\\/portal\\\/2022\\\/08\\\/08\\\/segundo-paro-en-santa-cruz-insiste-con-censo-para-2023\\\/\",\"url\":\"https:\\\/\\\/www.eldiario.net\\\/portal\\\/2022\\\/08\\\/08\\\/segundo-paro-en-santa-cruz-insiste-con-censo-para-2023\\\/\",\"name\":\"Segundo paro en Santa Cruz insiste con censo para 2023 - El Diario - Bolivia\",\"isPartOf\":{\"@id\":\"https:\\\/\\\/www.eldiario.net\\\/portal\\\/#website\"},\"primaryImageOfPage\":{\"@id\":\"https:\\\/\\\/www.eldiario.net\\\/portal\\\/2022\\\/08\\\/08\\\/segundo-paro-en-santa-cruz-insiste-con-censo-para-2023\\\/#primaryimage\"},\"image\":{\"@id\":\"https:\\\/\\\/www.eldiario.net\\\/portal\\\/2022\\\/08\\\/08\\\/segundo-paro-en-santa-cruz-insiste-con-censo-para-2023\\\/#primaryimage\"},\"thumbnailUrl\":\"\",\"datePublished\":\"2022-08-08T10:31:13+00:00\",\"breadcrumb\":{\"@id\":\"https:\\\/\\\/www.eldiario.net\\\/portal\\\/2022\\\/08\\\/08\\\/segundo-paro-en-santa-cruz-insiste-con-censo-para-2023\\\/#breadcrumb\"},\"inLanguage\":\"es\",\"potentialAction\":[{\"@type\":\"ReadAction\",\"target\":[\"https:\\\/\\\/www.eldiario.net\\\/portal\\\/2022\\\/08\\\/08\\\/segundo-paro-en-santa-cruz-insiste-con-censo-para-2023\\\/\"]}]},{\"@type\":\"ImageObject\",\"inLanguage\":\"es\",\"@id\":\"https:\\\/\\\/www.eldiario.net\\\/portal\\\/2022\\\/08\\\/08\\\/segundo-paro-en-santa-cruz-insiste-con-censo-para-2023\\\/#primaryimage\",\"url\":\"\",\"contentUrl\":\"\"},{\"@type\":\"BreadcrumbList\",\"@id\":\"https:\\\/\\\/www.eldiario.net\\\/portal\\\/2022\\\/08\\\/08\\\/segundo-paro-en-santa-cruz-insiste-con-censo-para-2023\\\/#breadcrumb\",\"itemListElement\":[{\"@type\":\"ListItem\",\"position\":1,\"name\":\"Portada\",\"item\":\"https:\\\/\\\/www.eldiario.net\\\/portal\\\/\"},{\"@type\":\"ListItem\",\"position\":2,\"name\":\"Segundo paro en Santa Cruz insiste con censo para 2023\"}]},{\"@type\":\"WebSite\",\"@id\":\"https:\\\/\\\/www.eldiario.net\\\/portal\\\/#website\",\"url\":\"https:\\\/\\\/www.eldiario.net\\\/portal\\\/\",\"name\":\"El Diario - Decano de la prensa nacional\",\"description\":\"El Diario - Decano de la prensa nacional\",\"publisher\":{\"@id\":\"https:\\\/\\\/www.eldiario.net\\\/portal\\\/#organization\"},\"potentialAction\":[{\"@type\":\"SearchAction\",\"target\":{\"@type\":\"EntryPoint\",\"urlTemplate\":\"https:\\\/\\\/www.eldiario.net\\\/portal\\\/?s={search_term_string}\"},\"query-input\":{\"@type\":\"PropertyValueSpecification\",\"valueRequired\":true,\"valueName\":\"search_term_string\"}}],\"inLanguage\":\"es\"},{\"@type\":\"Organization\",\"@id\":\"https:\\\/\\\/www.eldiario.net\\\/portal\\\/#organization\",\"name\":\"El Diario - Decano de la prensa nacional\",\"url\":\"https:\\\/\\\/www.eldiario.net\\\/portal\\\/\",\"logo\":{\"@type\":\"ImageObject\",\"inLanguage\":\"es\",\"@id\":\"https:\\\/\\\/www.eldiario.net\\\/portal\\\/#\\\/schema\\\/logo\\\/image\\\/\",\"url\":\"https:\\\/\\\/www.eldiario.net\\\/portal\\\/wp-content\\\/uploads\\\/2023\\\/07\\\/logo_ED.jpg\",\"contentUrl\":\"https:\\\/\\\/www.eldiario.net\\\/portal\\\/wp-content\\\/uploads\\\/2023\\\/07\\\/logo_ED.jpg\",\"width\":272,\"height\":52,\"caption\":\"El Diario - Decano de la prensa nacional\"},\"image\":{\"@id\":\"https:\\\/\\\/www.eldiario.net\\\/portal\\\/#\\\/schema\\\/logo\\\/image\\\/\"},\"sameAs\":[\"https:\\\/\\\/www.facebook.com\\\/eldiario.bolivia\\\/\",\"https:\\\/\\\/x.com\\\/eldiario_net\"]},{\"@type\":\"Person\",\"@id\":\"https:\\\/\\\/www.eldiario.net\\\/portal\\\/#\\\/schema\\\/person\\\/2c57cf2b7a7ae032e449e4c9b1019eac\",\"name\":\"Jeanette\",\"image\":{\"@type\":\"ImageObject\",\"inLanguage\":\"es\",\"@id\":\"https:\\\/\\\/secure.gravatar.com\\\/avatar\\\/3ea2118a5f7dad2b7138b1187a6b7ee55f160b9968b66013c3a3ef39dd7e5798?s=96&d=mm&r=g\",\"url\":\"https:\\\/\\\/secure.gravatar.com\\\/avatar\\\/3ea2118a5f7dad2b7138b1187a6b7ee55f160b9968b66013c3a3ef39dd7e5798?s=96&d=mm&r=g\",\"contentUrl\":\"https:\\\/\\\/secure.gravatar.com\\\/avatar\\\/3ea2118a5f7dad2b7138b1187a6b7ee55f160b9968b66013c3a3ef39dd7e5798?s=96&d=mm&r=g\",\"caption\":\"Jeanette\"},\"sameAs\":[\"https:\\\/\\\/www.eldiario.net\\\/portal\"],\"url\":\"https:\\\/\\\/www.eldiario.net\\\/portal\\\/author\\\/jeanette\\\/\"}]}<\/script>\n<!-- \/ Yoast SEO plugin. -->","yoast_head_json":{"title":"Segundo paro en Santa Cruz insiste con censo para 2023 - El Diario - Bolivia","robots":{"index":"index","follow":"follow","max-snippet":"max-snippet:-1","max-image-preview":"max-image-preview:large","max-video-preview":"max-video-preview:-1"},"canonical":"https:\/\/www.eldiario.net\/portal\/2022\/08\/08\/segundo-paro-en-santa-cruz-insiste-con-censo-para-2023\/","og_locale":"es_ES","og_type":"article","og_title":"Segundo paro en Santa Cruz insiste con censo para 2023 - El Diario - Bolivia","og_description":"El departamento de Santa Cruz inicia esta semana con una nueva medida de presi\u00f3n demandando al gobierno del Movimiento al Socialismo (MAS) la realizaci\u00f3n del Censo Nacional de Poblaci\u00f3n y Vivienda en la gesti\u00f3n 2023, adem\u00e1s de una organizaci\u00f3n transparente de todas las actividades previas a la medici\u00f3n nacional. La medida fue confirmada el pasado [&hellip;]","og_url":"https:\/\/www.eldiario.net\/portal\/2022\/08\/08\/segundo-paro-en-santa-cruz-insiste-con-censo-para-2023\/","og_site_name":"El Diario - Bolivia","article_publisher":"https:\/\/www.facebook.com\/eldiario.bolivia\/","article_published_time":"2022-08-08T10:31:13+00:00","author":"Jeanette","twitter_card":"summary_large_image","twitter_creator":"@eldiario_net","twitter_site":"@eldiario_net","twitter_misc":{"Escrito por":"Jeanette","Tiempo de lectura":"2 minutos"},"schema":{"@context":"https:\/\/schema.org","@graph":[{"@type":"Article","@id":"https:\/\/www.eldiario.net\/portal\/2022\/08\/08\/segundo-paro-en-santa-cruz-insiste-con-censo-para-2023\/#article","isPartOf":{"@id":"https:\/\/www.eldiario.net\/portal\/2022\/08\/08\/segundo-paro-en-santa-cruz-insiste-con-censo-para-2023\/"},"author":{"name":"Jeanette","@id":"https:\/\/www.eldiario.net\/portal\/#\/schema\/person\/2c57cf2b7a7ae032e449e4c9b1019eac"},"headline":"Segundo paro en Santa Cruz insiste con censo para 2023","datePublished":"2022-08-08T10:31:13+00:00","mainEntityOfPage":{"@id":"https:\/\/www.eldiario.net\/portal\/2022\/08\/08\/segundo-paro-en-santa-cruz-insiste-con-censo-para-2023\/"},"wordCount":402,"publisher":{"@id":"https:\/\/www.eldiario.net\/portal\/#organization"},"image":{"@id":"https:\/\/www.eldiario.net\/portal\/2022\/08\/08\/segundo-paro-en-santa-cruz-insiste-con-censo-para-2023\/#primaryimage"},"thumbnailUrl":"","articleSection":["Principal"],"inLanguage":"es"},{"@type":"WebPage","@id":"https:\/\/www.eldiario.net\/portal\/2022\/08\/08\/segundo-paro-en-santa-cruz-insiste-con-censo-para-2023\/","url":"https:\/\/www.eldiario.net\/portal\/2022\/08\/08\/segundo-paro-en-santa-cruz-insiste-con-censo-para-2023\/","name":"Segundo paro en Santa Cruz insiste con censo para 2023 - El Diario - Bolivia","isPartOf":{"@id":"https:\/\/www.eldiario.net\/portal\/#website"},"primaryImageOfPage":{"@id":"https:\/\/www.eldiario.net\/portal\/2022\/08\/08\/segundo-paro-en-santa-cruz-insiste-con-censo-para-2023\/#primaryimage"},"image":{"@id":"https:\/\/www.eldiario.net\/portal\/2022\/08\/08\/segundo-paro-en-santa-cruz-insiste-con-censo-para-2023\/#primaryimage"},"thumbnailUrl":"","datePublished":"2022-08-08T10:31:13+00:00","breadcrumb":{"@id":"https:\/\/www.eldiario.net\/portal\/2022\/08\/08\/segundo-paro-en-santa-cruz-insiste-con-censo-para-2023\/#breadcrumb"},"inLanguage":"es","potentialAction":[{"@type":"ReadAction","target":["https:\/\/www.eldiario.net\/portal\/2022\/08\/08\/segundo-paro-en-santa-cruz-insiste-con-censo-para-2023\/"]}]},{"@type":"ImageObject","inLanguage":"es","@id":"https:\/\/www.eldiario.net\/portal\/2022\/08\/08\/segundo-paro-en-santa-cruz-insiste-con-censo-para-2023\/#primaryimage","url":"","contentUrl":""},{"@type":"BreadcrumbList","@id":"https:\/\/www.eldiario.net\/portal\/2022\/08\/08\/segundo-paro-en-santa-cruz-insiste-con-censo-para-2023\/#breadcrumb","itemListElement":[{"@type":"ListItem","position":1,"name":"Portada","item":"https:\/\/www.eldiario.net\/portal\/"},{"@type":"ListItem","position":2,"name":"Segundo paro en Santa Cruz insiste con censo para 2023"}]},{"@type":"WebSite","@id":"https:\/\/www.eldiario.net\/portal\/#website","url":"https:\/\/www.eldiario.net\/portal\/","name":"El Diario - Decano de la prensa nacional","description":"El Diario - Decano de la prensa nacional","publisher":{"@id":"https:\/\/www.eldiario.net\/portal\/#organization"},"potentialAction":[{"@type":"SearchAction","target":{"@type":"EntryPoint","urlTemplate":"https:\/\/www.eldiario.net\/portal\/?s={search_term_string}"},"query-input":{"@type":"PropertyValueSpecification","valueRequired":true,"valueName":"search_term_string"}}],"inLanguage":"es"},{"@type":"Organization","@id":"https:\/\/www.eldiario.net\/portal\/#organization","name":"El Diario - Decano de la prensa nacional","url":"https:\/\/www.eldiario.net\/portal\/","logo":{"@type":"ImageObject","inLanguage":"es","@id":"https:\/\/www.eldiario.net\/portal\/#\/schema\/logo\/image\/","url":"https:\/\/www.eldiario.net\/portal\/wp-content\/uploads\/2023\/07\/logo_ED.jpg","contentUrl":"https:\/\/www.eldiario.net\/portal\/wp-content\/uploads\/2023\/07\/logo_ED.jpg","width":272,"height":52,"caption":"El Diario - Decano de la prensa nacional"},"image":{"@id":"https:\/\/www.eldiario.net\/portal\/#\/schema\/logo\/image\/"},"sameAs":["https:\/\/www.facebook.com\/eldiario.bolivia\/","https:\/\/x.com\/eldiario_net"]},{"@type":"Person","@id":"https:\/\/www.eldiario.net\/portal\/#\/schema\/person\/2c57cf2b7a7ae032e449e4c9b1019eac","name":"Jeanette","image":{"@type":"ImageObject","inLanguage":"es","@id":"https:\/\/secure.gravatar.com\/avatar\/3ea2118a5f7dad2b7138b1187a6b7ee55f160b9968b66013c3a3ef39dd7e5798?s=96&d=mm&r=g","url":"https:\/\/secure.gravatar.com\/avatar\/3ea2118a5f7dad2b7138b1187a6b7ee55f160b9968b66013c3a3ef39dd7e5798?s=96&d=mm&r=g","contentUrl":"https:\/\/secure.gravatar.com\/avatar\/3ea2118a5f7dad2b7138b1187a6b7ee55f160b9968b66013c3a3ef39dd7e5798?s=96&d=mm&r=g","caption":"Jeanette"},"sameAs":["https:\/\/www.eldiario.net\/portal"],"url":"https:\/\/www.eldiario.net\/portal\/author\/jeanette\/"}]}},"_links":{"self":[{"href":"https:\/\/www.eldiario.net\/portal\/wp-json\/wp\/v2\/posts\/102524","targetHints":{"allow":["GET"]}}],"collection":[{"href":"https:\/\/www.eldiario.net\/portal\/wp-json\/wp\/v2\/posts"}],"about":[{"href":"https:\/\/www.eldiario.net\/portal\/wp-json\/wp\/v2\/types\/post"}],"author":[{"embeddable":true,"href":"https:\/\/www.eldiario.net\/portal\/wp-json\/wp\/v2\/users\/1"}],"replies":[{"embeddable":true,"href":"https:\/\/www.eldiario.net\/portal\/wp-json\/wp\/v2\/comments?post=102524"}],"version-history":[{"count":0,"href":"https:\/\/www.eldiario.net\/portal\/wp-json\/wp\/v2\/posts\/102524\/revisions"}],"wp:attachment":[{"href":"https:\/\/www.eldiario.net\/portal\/wp-json\/wp\/v2\/media?parent=102524"}],"wp:term":[{"taxonomy":"category","embeddable":true,"href":"https:\/\/www.eldiario.net\/portal\/wp-json\/wp\/v2\/categories?post=102524"},{"taxonomy":"post_tag","embeddable":true,"href":"https:\/\/www.eldiario.net\/portal\/wp-json\/wp\/v2\/tags?post=102524"}],"curies":[{"name":"wp","href":"https:\/\/api.w.org\/{rel}","templated":true}]}}