{"id":10162,"date":"2021-06-13T05:32:22","date_gmt":"2021-06-13T09:32:22","guid":{"rendered":"https:\/\/www.eldiario.net\/portal\/?p=10162"},"modified":"2021-06-13T05:32:22","modified_gmt":"2021-06-13T09:32:22","slug":"piden-que-diputado-adrian-colque-deje-de-victimizarse","status":"publish","type":"post","link":"https:\/\/www.eldiario.net\/portal\/2021\/06\/13\/piden-que-diputado-adrian-colque-deje-de-victimizarse\/","title":{"rendered":"Piden que diputado Adri\u00e1n  Colque deje de victimizarse"},"content":{"rendered":"<p>Tras la violenta trifulca y posteriores repercusiones de la pelea entre dos legisladores registrada en instalaciones de la Asamblea Legislativa Plurinacional (ALP) d\u00edas atr\u00e1s, la diputada por Comunidad Ciudadana (CC), Toribia Lero, se\u00f1al\u00f3 que existe molestia en pueblos originarios por estos actos bochornosos, donde se cuestiona la actitud del diputado Adri\u00e1n Colque por tratar de victimizarse y no admitir su responsabilidad en el inicio de los disturbios.<br \/>\nAnte la ola de cr\u00edticas hacia el proceder de los parlamentarios que protagonizaron una pelea en instalaciones de la Asamblea Legislativa, durante la interpelaci\u00f3n a un Ministro de Estado, la diputada Lero lament\u00f3 que mediante redes sociales y otros espacios se hayan expresado burlas en contra de la vestimenta t\u00edpica de un legislador.<br \/>\nSe\u00f1al\u00f3 que existe molestia en pueblos originarios por la forma en que desde el Movimiento al Socialismo se intent\u00f3 direccionar las repercusiones para hacer parecer que Colque fue v\u00edctima de agresiones y discriminaci\u00f3n.<br \/>\n\u201cLo que s\u00ed ha enojado a los hermanos es que haya sido inducido a mentir, haya inducido a ser cobarde, a decir me han pegado, me han jalado, me han rascado, no era as\u00ed. Era otro el panorama y se ha visto en las c\u00e1maras lo que ha pasado, eso ha enojado a los hermanos y las hermanas en los pueblos ind\u00edgenas\u201d sostuvo la parlamentaria.<br \/>\nLa legisladora cuestion\u00f3 que tras la pelea, el diputado Colque haya apelado a victimizase, se\u00f1alando que fue discriminado y agredido, cuando lo que deber\u00eda haber hecho es admitir que fue vencido en una pelea que el mismo inici\u00f3.<br \/>\n\u201cEl tambi\u00e9n, como hombre de pueblo ind\u00edgena originario tiene que ser valiente si ha perdido, ya pues ha perdido en la pelea que el mismo ha incitado\u201d, dijo.<br \/>\nLero, adem\u00e1s, cuestion\u00f3 que en la ALP se pierda el tiempo en este tipo de actos bochornosos antes que priorizar otros temas relacionados con la atenci\u00f3n de la poblaci\u00f3n ante la emergencia sanitaria y econ\u00f3mica producto de la pandemia.<br \/>\n\u201cEn general a nivel nacional hay indignaci\u00f3n por los actos bochornosos que vienen a hacer los parlamentarios, tenemos que trabajar, tenemos que fiscalizar, m\u00e1s a\u00fan que la poblaci\u00f3n necesita ox\u00edgeno y medicamentos para asegurar la ampliaci\u00f3n de las medidas de protecci\u00f3n y asegurar medidas para dar batalla al coronavirus\u201d, se\u00f1al\u00f3.<br \/>\nPidi\u00f3 al diputado Colque, ser valiente, admitir su derrota y \u201centrenar para ganar\u201d.<\/p>\n<figure id=\"attachment_10164\" aria-describedby=\"caption-attachment-10164\" style=\"width: 300px\" class=\"wp-caption aligncenter\"><img loading=\"lazy\" decoding=\"async\" class=\"size-medium wp-image-10164\" src=\"https:\/\/www.eldiario.net\/portal\/wp-content\/uploads\/2021\/06\/Pol-121-300x173.jpg\" alt=\"\" width=\"300\" height=\"173\" srcset=\"https:\/\/www.eldiario.net\/portal\/wp-content\/uploads\/2021\/06\/Pol-121-300x173.jpg 300w, https:\/\/www.eldiario.net\/portal\/wp-content\/uploads\/2021\/06\/Pol-121.jpg 640w\" sizes=\"auto, (max-width: 300px) 100vw, 300px\" \/><figcaption id=\"caption-attachment-10164\" class=\"wp-caption-text\">Diputada por CC, Toribia Lero.<\/figcaption><\/figure>\n","protected":false},"excerpt":{"rendered":"<p>Tras la violenta trifulca y posteriores repercusiones de la pelea entre dos legisladores registrada en instalaciones de la Asamblea Legislativa Plurinacional (ALP) d\u00edas atr\u00e1s, la diputada por Comunidad Ciudadana (CC), Toribia Lero, se\u00f1al\u00f3 que existe molestia en pueblos originarios por estos actos bochornosos, donde se cuestiona la actitud del diputado Adri\u00e1n Colque por tratar de [&hellip;]<\/p>\n","protected":false},"author":1,"featured_media":10163,"comment_status":"closed","ping_status":"closed","sticky":false,"template":"","format":"standard","meta":{"_acf_changed":false,"footnotes":""},"categories":[14],"tags":[],"class_list":["post-10162","post","type-post","status-publish","format-standard","has-post-thumbnail","category-politica"],"acf":{"antetitulo":""},"yoast_head":"<!-- This site is optimized with the Yoast SEO plugin v28.4 - https:\/\/yoast.com\/product\/yoast-seo-wordpress\/ -->\n<title>Piden que diputado Adri\u00e1n Colque deje de victimizarse - El Diario - Bolivia<\/title>\n<meta name=\"robots\" content=\"index, follow, max-snippet:-1, max-image-preview:large, max-video-preview:-1\" \/>\n<link rel=\"canonical\" href=\"https:\/\/www.eldiario.net\/portal\/2021\/06\/13\/piden-que-diputado-adrian-colque-deje-de-victimizarse\/\" \/>\n<meta property=\"og:locale\" content=\"es_ES\" \/>\n<meta property=\"og:type\" content=\"article\" \/>\n<meta property=\"og:title\" content=\"Piden que diputado Adri\u00e1n Colque deje de victimizarse - El Diario - Bolivia\" \/>\n<meta property=\"og:description\" content=\"Tras la violenta trifulca y posteriores repercusiones de la pelea entre dos legisladores registrada en instalaciones de la Asamblea Legislativa Plurinacional (ALP) d\u00edas atr\u00e1s, la diputada por Comunidad Ciudadana (CC), Toribia Lero, se\u00f1al\u00f3 que existe molestia en pueblos originarios por estos actos bochornosos, donde se cuestiona la actitud del diputado Adri\u00e1n Colque por tratar de [&hellip;]\" \/>\n<meta property=\"og:url\" content=\"https:\/\/www.eldiario.net\/portal\/2021\/06\/13\/piden-que-diputado-adrian-colque-deje-de-victimizarse\/\" \/>\n<meta property=\"og:site_name\" content=\"El Diario - Bolivia\" \/>\n<meta property=\"article:publisher\" content=\"https:\/\/www.facebook.com\/eldiario.bolivia\/\" \/>\n<meta property=\"article:published_time\" content=\"2021-06-13T09:32:22+00:00\" \/>\n<meta name=\"author\" content=\"Jeanette\" \/>\n<meta name=\"twitter:card\" content=\"summary_large_image\" \/>\n<meta name=\"twitter:creator\" content=\"@eldiario_net\" \/>\n<meta name=\"twitter:site\" content=\"@eldiario_net\" \/>\n<meta name=\"twitter:label1\" content=\"Escrito por\" \/>\n\t<meta name=\"twitter:data1\" content=\"Jeanette\" \/>\n\t<meta name=\"twitter:label2\" content=\"Tiempo de lectura\" \/>\n\t<meta name=\"twitter:data2\" content=\"2 minutos\" \/>\n<script type=\"application\/ld+json\" class=\"yoast-schema-graph\">{\"@context\":\"https:\\\/\\\/schema.org\",\"@graph\":[{\"@type\":\"Article\",\"@id\":\"https:\\\/\\\/www.eldiario.net\\\/portal\\\/2021\\\/06\\\/13\\\/piden-que-diputado-adrian-colque-deje-de-victimizarse\\\/#article\",\"isPartOf\":{\"@id\":\"https:\\\/\\\/www.eldiario.net\\\/portal\\\/2021\\\/06\\\/13\\\/piden-que-diputado-adrian-colque-deje-de-victimizarse\\\/\"},\"author\":{\"name\":\"Jeanette\",\"@id\":\"https:\\\/\\\/www.eldiario.net\\\/portal\\\/#\\\/schema\\\/person\\\/f46445640444750d7d753ccd04ae01b7\"},\"headline\":\"Piden que diputado Adri\u00e1n Colque deje de victimizarse\",\"datePublished\":\"2021-06-13T09:32:22+00:00\",\"mainEntityOfPage\":{\"@id\":\"https:\\\/\\\/www.eldiario.net\\\/portal\\\/2021\\\/06\\\/13\\\/piden-que-diputado-adrian-colque-deje-de-victimizarse\\\/\"},\"wordCount\":435,\"publisher\":{\"@id\":\"https:\\\/\\\/www.eldiario.net\\\/portal\\\/#organization\"},\"image\":{\"@id\":\"https:\\\/\\\/www.eldiario.net\\\/portal\\\/2021\\\/06\\\/13\\\/piden-que-diputado-adrian-colque-deje-de-victimizarse\\\/#primaryimage\"},\"thumbnailUrl\":\"\",\"articleSection\":[\"Pol\u00edtica\"],\"inLanguage\":\"es\"},{\"@type\":\"WebPage\",\"@id\":\"https:\\\/\\\/www.eldiario.net\\\/portal\\\/2021\\\/06\\\/13\\\/piden-que-diputado-adrian-colque-deje-de-victimizarse\\\/\",\"url\":\"https:\\\/\\\/www.eldiario.net\\\/portal\\\/2021\\\/06\\\/13\\\/piden-que-diputado-adrian-colque-deje-de-victimizarse\\\/\",\"name\":\"Piden que diputado Adri\u00e1n Colque deje de victimizarse - El Diario - Bolivia\",\"isPartOf\":{\"@id\":\"https:\\\/\\\/www.eldiario.net\\\/portal\\\/#website\"},\"primaryImageOfPage\":{\"@id\":\"https:\\\/\\\/www.eldiario.net\\\/portal\\\/2021\\\/06\\\/13\\\/piden-que-diputado-adrian-colque-deje-de-victimizarse\\\/#primaryimage\"},\"image\":{\"@id\":\"https:\\\/\\\/www.eldiario.net\\\/portal\\\/2021\\\/06\\\/13\\\/piden-que-diputado-adrian-colque-deje-de-victimizarse\\\/#primaryimage\"},\"thumbnailUrl\":\"\",\"datePublished\":\"2021-06-13T09:32:22+00:00\",\"breadcrumb\":{\"@id\":\"https:\\\/\\\/www.eldiario.net\\\/portal\\\/2021\\\/06\\\/13\\\/piden-que-diputado-adrian-colque-deje-de-victimizarse\\\/#breadcrumb\"},\"inLanguage\":\"es\",\"potentialAction\":[{\"@type\":\"ReadAction\",\"target\":[\"https:\\\/\\\/www.eldiario.net\\\/portal\\\/2021\\\/06\\\/13\\\/piden-que-diputado-adrian-colque-deje-de-victimizarse\\\/\"]}]},{\"@type\":\"ImageObject\",\"inLanguage\":\"es\",\"@id\":\"https:\\\/\\\/www.eldiario.net\\\/portal\\\/2021\\\/06\\\/13\\\/piden-que-diputado-adrian-colque-deje-de-victimizarse\\\/#primaryimage\",\"url\":\"\",\"contentUrl\":\"\"},{\"@type\":\"BreadcrumbList\",\"@id\":\"https:\\\/\\\/www.eldiario.net\\\/portal\\\/2021\\\/06\\\/13\\\/piden-que-diputado-adrian-colque-deje-de-victimizarse\\\/#breadcrumb\",\"itemListElement\":[{\"@type\":\"ListItem\",\"position\":1,\"name\":\"Portada\",\"item\":\"https:\\\/\\\/www.eldiario.net\\\/portal\\\/\"},{\"@type\":\"ListItem\",\"position\":2,\"name\":\"Piden que diputado Adri\u00e1n Colque deje de victimizarse\"}]},{\"@type\":\"WebSite\",\"@id\":\"https:\\\/\\\/www.eldiario.net\\\/portal\\\/#website\",\"url\":\"https:\\\/\\\/www.eldiario.net\\\/portal\\\/\",\"name\":\"El Diario - Decano de la prensa nacional\",\"description\":\"El Diario - Decano de la prensa nacional\",\"publisher\":{\"@id\":\"https:\\\/\\\/www.eldiario.net\\\/portal\\\/#organization\"},\"potentialAction\":[{\"@type\":\"SearchAction\",\"target\":{\"@type\":\"EntryPoint\",\"urlTemplate\":\"https:\\\/\\\/www.eldiario.net\\\/portal\\\/?s={search_term_string}\"},\"query-input\":{\"@type\":\"PropertyValueSpecification\",\"valueRequired\":true,\"valueName\":\"search_term_string\"}}],\"inLanguage\":\"es\"},{\"@type\":\"Organization\",\"@id\":\"https:\\\/\\\/www.eldiario.net\\\/portal\\\/#organization\",\"name\":\"El Diario - Decano de la prensa nacional\",\"url\":\"https:\\\/\\\/www.eldiario.net\\\/portal\\\/\",\"logo\":{\"@type\":\"ImageObject\",\"inLanguage\":\"es\",\"@id\":\"https:\\\/\\\/www.eldiario.net\\\/portal\\\/#\\\/schema\\\/logo\\\/image\\\/\",\"url\":\"https:\\\/\\\/www.eldiario.net\\\/portal\\\/wp-content\\\/uploads\\\/2023\\\/07\\\/logo_ED.jpg\",\"contentUrl\":\"https:\\\/\\\/www.eldiario.net\\\/portal\\\/wp-content\\\/uploads\\\/2023\\\/07\\\/logo_ED.jpg\",\"width\":272,\"height\":52,\"caption\":\"El Diario - Decano de la prensa nacional\"},\"image\":{\"@id\":\"https:\\\/\\\/www.eldiario.net\\\/portal\\\/#\\\/schema\\\/logo\\\/image\\\/\"},\"sameAs\":[\"https:\\\/\\\/www.facebook.com\\\/eldiario.bolivia\\\/\",\"https:\\\/\\\/x.com\\\/eldiario_net\"]},{\"@type\":\"Person\",\"@id\":\"https:\\\/\\\/www.eldiario.net\\\/portal\\\/#\\\/schema\\\/person\\\/f46445640444750d7d753ccd04ae01b7\",\"name\":\"Jeanette\",\"image\":{\"@type\":\"ImageObject\",\"inLanguage\":\"es\",\"@id\":\"https:\\\/\\\/secure.gravatar.com\\\/avatar\\\/3ea2118a5f7dad2b7138b1187a6b7ee55f160b9968b66013c3a3ef39dd7e5798?s=96&d=mm&r=g\",\"url\":\"https:\\\/\\\/secure.gravatar.com\\\/avatar\\\/3ea2118a5f7dad2b7138b1187a6b7ee55f160b9968b66013c3a3ef39dd7e5798?s=96&d=mm&r=g\",\"contentUrl\":\"https:\\\/\\\/secure.gravatar.com\\\/avatar\\\/3ea2118a5f7dad2b7138b1187a6b7ee55f160b9968b66013c3a3ef39dd7e5798?s=96&d=mm&r=g\",\"caption\":\"Jeanette\"},\"sameAs\":[\"https:\\\/\\\/www.eldiario.net\\\/portal\"],\"url\":\"https:\\\/\\\/www.eldiario.net\\\/portal\\\/author\\\/jeanette\\\/\"}]}<\/script>\n<!-- \/ Yoast SEO plugin. -->","yoast_head_json":{"title":"Piden que diputado Adri\u00e1n Colque deje de victimizarse - El Diario - Bolivia","robots":{"index":"index","follow":"follow","max-snippet":"max-snippet:-1","max-image-preview":"max-image-preview:large","max-video-preview":"max-video-preview:-1"},"canonical":"https:\/\/www.eldiario.net\/portal\/2021\/06\/13\/piden-que-diputado-adrian-colque-deje-de-victimizarse\/","og_locale":"es_ES","og_type":"article","og_title":"Piden que diputado Adri\u00e1n Colque deje de victimizarse - El Diario - Bolivia","og_description":"Tras la violenta trifulca y posteriores repercusiones de la pelea entre dos legisladores registrada en instalaciones de la Asamblea Legislativa Plurinacional (ALP) d\u00edas atr\u00e1s, la diputada por Comunidad Ciudadana (CC), Toribia Lero, se\u00f1al\u00f3 que existe molestia en pueblos originarios por estos actos bochornosos, donde se cuestiona la actitud del diputado Adri\u00e1n Colque por tratar de [&hellip;]","og_url":"https:\/\/www.eldiario.net\/portal\/2021\/06\/13\/piden-que-diputado-adrian-colque-deje-de-victimizarse\/","og_site_name":"El Diario - Bolivia","article_publisher":"https:\/\/www.facebook.com\/eldiario.bolivia\/","article_published_time":"2021-06-13T09:32:22+00:00","author":"Jeanette","twitter_card":"summary_large_image","twitter_creator":"@eldiario_net","twitter_site":"@eldiario_net","twitter_misc":{"Escrito por":"Jeanette","Tiempo de lectura":"2 minutos"},"schema":{"@context":"https:\/\/schema.org","@graph":[{"@type":"Article","@id":"https:\/\/www.eldiario.net\/portal\/2021\/06\/13\/piden-que-diputado-adrian-colque-deje-de-victimizarse\/#article","isPartOf":{"@id":"https:\/\/www.eldiario.net\/portal\/2021\/06\/13\/piden-que-diputado-adrian-colque-deje-de-victimizarse\/"},"author":{"name":"Jeanette","@id":"https:\/\/www.eldiario.net\/portal\/#\/schema\/person\/f46445640444750d7d753ccd04ae01b7"},"headline":"Piden que diputado Adri\u00e1n Colque deje de victimizarse","datePublished":"2021-06-13T09:32:22+00:00","mainEntityOfPage":{"@id":"https:\/\/www.eldiario.net\/portal\/2021\/06\/13\/piden-que-diputado-adrian-colque-deje-de-victimizarse\/"},"wordCount":435,"publisher":{"@id":"https:\/\/www.eldiario.net\/portal\/#organization"},"image":{"@id":"https:\/\/www.eldiario.net\/portal\/2021\/06\/13\/piden-que-diputado-adrian-colque-deje-de-victimizarse\/#primaryimage"},"thumbnailUrl":"","articleSection":["Pol\u00edtica"],"inLanguage":"es"},{"@type":"WebPage","@id":"https:\/\/www.eldiario.net\/portal\/2021\/06\/13\/piden-que-diputado-adrian-colque-deje-de-victimizarse\/","url":"https:\/\/www.eldiario.net\/portal\/2021\/06\/13\/piden-que-diputado-adrian-colque-deje-de-victimizarse\/","name":"Piden que diputado Adri\u00e1n Colque deje de victimizarse - El Diario - Bolivia","isPartOf":{"@id":"https:\/\/www.eldiario.net\/portal\/#website"},"primaryImageOfPage":{"@id":"https:\/\/www.eldiario.net\/portal\/2021\/06\/13\/piden-que-diputado-adrian-colque-deje-de-victimizarse\/#primaryimage"},"image":{"@id":"https:\/\/www.eldiario.net\/portal\/2021\/06\/13\/piden-que-diputado-adrian-colque-deje-de-victimizarse\/#primaryimage"},"thumbnailUrl":"","datePublished":"2021-06-13T09:32:22+00:00","breadcrumb":{"@id":"https:\/\/www.eldiario.net\/portal\/2021\/06\/13\/piden-que-diputado-adrian-colque-deje-de-victimizarse\/#breadcrumb"},"inLanguage":"es","potentialAction":[{"@type":"ReadAction","target":["https:\/\/www.eldiario.net\/portal\/2021\/06\/13\/piden-que-diputado-adrian-colque-deje-de-victimizarse\/"]}]},{"@type":"ImageObject","inLanguage":"es","@id":"https:\/\/www.eldiario.net\/portal\/2021\/06\/13\/piden-que-diputado-adrian-colque-deje-de-victimizarse\/#primaryimage","url":"","contentUrl":""},{"@type":"BreadcrumbList","@id":"https:\/\/www.eldiario.net\/portal\/2021\/06\/13\/piden-que-diputado-adrian-colque-deje-de-victimizarse\/#breadcrumb","itemListElement":[{"@type":"ListItem","position":1,"name":"Portada","item":"https:\/\/www.eldiario.net\/portal\/"},{"@type":"ListItem","position":2,"name":"Piden que diputado Adri\u00e1n Colque deje de victimizarse"}]},{"@type":"WebSite","@id":"https:\/\/www.eldiario.net\/portal\/#website","url":"https:\/\/www.eldiario.net\/portal\/","name":"El Diario - Decano de la prensa nacional","description":"El Diario - Decano de la prensa nacional","publisher":{"@id":"https:\/\/www.eldiario.net\/portal\/#organization"},"potentialAction":[{"@type":"SearchAction","target":{"@type":"EntryPoint","urlTemplate":"https:\/\/www.eldiario.net\/portal\/?s={search_term_string}"},"query-input":{"@type":"PropertyValueSpecification","valueRequired":true,"valueName":"search_term_string"}}],"inLanguage":"es"},{"@type":"Organization","@id":"https:\/\/www.eldiario.net\/portal\/#organization","name":"El Diario - Decano de la prensa nacional","url":"https:\/\/www.eldiario.net\/portal\/","logo":{"@type":"ImageObject","inLanguage":"es","@id":"https:\/\/www.eldiario.net\/portal\/#\/schema\/logo\/image\/","url":"https:\/\/www.eldiario.net\/portal\/wp-content\/uploads\/2023\/07\/logo_ED.jpg","contentUrl":"https:\/\/www.eldiario.net\/portal\/wp-content\/uploads\/2023\/07\/logo_ED.jpg","width":272,"height":52,"caption":"El Diario - Decano de la prensa nacional"},"image":{"@id":"https:\/\/www.eldiario.net\/portal\/#\/schema\/logo\/image\/"},"sameAs":["https:\/\/www.facebook.com\/eldiario.bolivia\/","https:\/\/x.com\/eldiario_net"]},{"@type":"Person","@id":"https:\/\/www.eldiario.net\/portal\/#\/schema\/person\/f46445640444750d7d753ccd04ae01b7","name":"Jeanette","image":{"@type":"ImageObject","inLanguage":"es","@id":"https:\/\/secure.gravatar.com\/avatar\/3ea2118a5f7dad2b7138b1187a6b7ee55f160b9968b66013c3a3ef39dd7e5798?s=96&d=mm&r=g","url":"https:\/\/secure.gravatar.com\/avatar\/3ea2118a5f7dad2b7138b1187a6b7ee55f160b9968b66013c3a3ef39dd7e5798?s=96&d=mm&r=g","contentUrl":"https:\/\/secure.gravatar.com\/avatar\/3ea2118a5f7dad2b7138b1187a6b7ee55f160b9968b66013c3a3ef39dd7e5798?s=96&d=mm&r=g","caption":"Jeanette"},"sameAs":["https:\/\/www.eldiario.net\/portal"],"url":"https:\/\/www.eldiario.net\/portal\/author\/jeanette\/"}]}},"_links":{"self":[{"href":"https:\/\/www.eldiario.net\/portal\/wp-json\/wp\/v2\/posts\/10162","targetHints":{"allow":["GET"]}}],"collection":[{"href":"https:\/\/www.eldiario.net\/portal\/wp-json\/wp\/v2\/posts"}],"about":[{"href":"https:\/\/www.eldiario.net\/portal\/wp-json\/wp\/v2\/types\/post"}],"author":[{"embeddable":true,"href":"https:\/\/www.eldiario.net\/portal\/wp-json\/wp\/v2\/users\/1"}],"replies":[{"embeddable":true,"href":"https:\/\/www.eldiario.net\/portal\/wp-json\/wp\/v2\/comments?post=10162"}],"version-history":[{"count":0,"href":"https:\/\/www.eldiario.net\/portal\/wp-json\/wp\/v2\/posts\/10162\/revisions"}],"wp:attachment":[{"href":"https:\/\/www.eldiario.net\/portal\/wp-json\/wp\/v2\/media?parent=10162"}],"wp:term":[{"taxonomy":"category","embeddable":true,"href":"https:\/\/www.eldiario.net\/portal\/wp-json\/wp\/v2\/categories?post=10162"},{"taxonomy":"post_tag","embeddable":true,"href":"https:\/\/www.eldiario.net\/portal\/wp-json\/wp\/v2\/tags?post=10162"}],"curies":[{"name":"wp","href":"https:\/\/api.w.org\/{rel}","templated":true}]}}