{"id":10114,"date":"2021-06-13T05:08:24","date_gmt":"2021-06-13T09:08:24","guid":{"rendered":"https:\/\/www.eldiario.net\/portal\/?p=10114"},"modified":"2021-06-13T05:08:24","modified_gmt":"2021-06-13T09:08:24","slug":"policia-investiga-explotacion-de-menor-en-club-nocturno","status":"publish","type":"post","link":"https:\/\/www.eldiario.net\/portal\/2021\/06\/13\/policia-investiga-explotacion-de-menor-en-club-nocturno\/","title":{"rendered":"Polic\u00eda investiga explotaci\u00f3n  de menor en club nocturno"},"content":{"rendered":"<p>Un operativo realizado en fin de semana por la Fuerza Especial de Lucha Contra el Crimen (Felcc) de la ciudad de El Alto dio lugar al rescate de una menor de 16 a\u00f1os de edad, quien se encontraba en un lenocinio y, supuestamente, era obligada a prestar servicios sexuales.<br \/>\nDe acuerdo con las investigaciones y el seguimiento efectuado a este negocio clandestino llamado \u201cCandela\u201d, ubicado en la zona 12 de Octubre de la Ciudad de El Alto, la Polic\u00eda logr\u00f3 constatar la presencia de esta menor, en cuyo lugar tambi\u00e9n se aprehendi\u00f3 a dos personas, el due\u00f1o y el administrador de este negocio.<br \/>\nEl encargado del trabajo policial, coronel Marco Puente, dependiente de la Divisi\u00f3n de Trata y Tr\u00e1fico de Personas de la Felcc, se\u00f1al\u00f3 que este negocio ya contaba con denuncias de antecedentes similares, por lo que en el presente caso se realiz\u00f3 el seguimiento correspondiente.<br \/>\n\u201cPrimero hemos efectuado un seguimiento como corresponde, con la finalidad de colectar diferentes indicios de esta posibilidad de explotaci\u00f3n sexual a menores de edad, donde se ha rescatado a la menor de 16 a\u00f1os de edad, a quien se ha entregado, como corresponde, a la Defensor\u00eda de la Ni\u00f1ez y la Adolescencia (DNA) de esta ciudad, para que tambi\u00e9n sea parte de esta investigaci\u00f3n\u201d, se\u00f1al\u00f3 la autoridad policial.<br \/>\nDe la misma manera, la v\u00edctima est\u00e1 siendo sometida a diferentes tratamientos y estudios psicol\u00f3gicos, por parte del equipo multidisciplinario con que cuenta la DNA, para cuidar la salud de la afectada.<br \/>\nPor otro lado, este caso ya es de conocimiento del Ministerio P\u00fablico, instancia que deber\u00e1 continuar con las investigaciones, para que los culpables y c\u00f3mplices sean sancionados de acuerdo con las normas establecidas.<br \/>\nEntretanto, los aprehendidos pasaron a la Fiscal\u00eda, autoridades que dar\u00e1n su veredicto para lograr la sanci\u00f3n que corresponde, por la tenencia de una menor de edad y la posibilidad de la explotaci\u00f3n sexual, que podr\u00eda agravar la sanci\u00f3n, seg\u00fan las autoridades.<br \/>\nLas investigaciones a este negocio continuar\u00e1n, adem\u00e1s en otros que posiblemente puedan estar cometiendo el mismo delito, con la presencia de menores en actividades nocturnas, que de acuerdo con las normas establecidas en el c\u00f3digo ni\u00f1o, ni\u00f1a adolescente, est\u00e1n prohibidas.<br \/>\nAsimismo, el local Candela ya fue clausurado, en coordinaci\u00f3n con las autoridades de la intendencia municipal de El Alto, y las correspondientes sanciones, como el decomiso de sus inmuebles y otros objetos que utilizaban para su funcionamiento.<\/p>\n","protected":false},"excerpt":{"rendered":"<p>Un operativo realizado en fin de semana por la Fuerza Especial de Lucha Contra el Crimen (Felcc) de la ciudad de El Alto dio lugar al rescate de una menor de 16 a\u00f1os de edad, quien se encontraba en un lenocinio y, supuestamente, era obligada a prestar servicios sexuales. De acuerdo con las investigaciones y [&hellip;]<\/p>\n","protected":false},"author":1,"featured_media":0,"comment_status":"closed","ping_status":"closed","sticky":false,"template":"","format":"standard","meta":{"_acf_changed":false,"footnotes":""},"categories":[12],"tags":[],"class_list":["post-10114","post","type-post","status-publish","format-standard","category-nacional"],"acf":{"antetitulo":""},"yoast_head":"<!-- This site is optimized with the Yoast SEO plugin v28.3 - https:\/\/yoast.com\/product\/yoast-seo-wordpress\/ -->\n<title>Polic\u00eda investiga explotaci\u00f3n de menor en club nocturno - El Diario - Bolivia<\/title>\n<meta name=\"robots\" content=\"index, follow, max-snippet:-1, max-image-preview:large, max-video-preview:-1\" \/>\n<link rel=\"canonical\" href=\"https:\/\/www.eldiario.net\/portal\/2021\/06\/13\/policia-investiga-explotacion-de-menor-en-club-nocturno\/\" \/>\n<meta property=\"og:locale\" content=\"es_ES\" \/>\n<meta property=\"og:type\" content=\"article\" \/>\n<meta property=\"og:title\" content=\"Polic\u00eda investiga explotaci\u00f3n de menor en club nocturno - El Diario - Bolivia\" \/>\n<meta property=\"og:description\" content=\"Un operativo realizado en fin de semana por la Fuerza Especial de Lucha Contra el Crimen (Felcc) de la ciudad de El Alto dio lugar al rescate de una menor de 16 a\u00f1os de edad, quien se encontraba en un lenocinio y, supuestamente, era obligada a prestar servicios sexuales. De acuerdo con las investigaciones y [&hellip;]\" \/>\n<meta property=\"og:url\" content=\"https:\/\/www.eldiario.net\/portal\/2021\/06\/13\/policia-investiga-explotacion-de-menor-en-club-nocturno\/\" \/>\n<meta property=\"og:site_name\" content=\"El Diario - Bolivia\" \/>\n<meta property=\"article:publisher\" content=\"https:\/\/www.facebook.com\/eldiario.bolivia\/\" \/>\n<meta property=\"article:published_time\" content=\"2021-06-13T09:08:24+00:00\" \/>\n<meta name=\"author\" content=\"Jeanette\" \/>\n<meta name=\"twitter:card\" content=\"summary_large_image\" \/>\n<meta name=\"twitter:creator\" content=\"@eldiario_net\" \/>\n<meta name=\"twitter:site\" content=\"@eldiario_net\" \/>\n<meta name=\"twitter:label1\" content=\"Escrito por\" \/>\n\t<meta name=\"twitter:data1\" content=\"Jeanette\" \/>\n\t<meta name=\"twitter:label2\" content=\"Tiempo de lectura\" \/>\n\t<meta name=\"twitter:data2\" content=\"2 minutos\" \/>\n<script type=\"application\/ld+json\" class=\"yoast-schema-graph\">{\"@context\":\"https:\\\/\\\/schema.org\",\"@graph\":[{\"@type\":\"Article\",\"@id\":\"https:\\\/\\\/www.eldiario.net\\\/portal\\\/2021\\\/06\\\/13\\\/policia-investiga-explotacion-de-menor-en-club-nocturno\\\/#article\",\"isPartOf\":{\"@id\":\"https:\\\/\\\/www.eldiario.net\\\/portal\\\/2021\\\/06\\\/13\\\/policia-investiga-explotacion-de-menor-en-club-nocturno\\\/\"},\"author\":{\"name\":\"Jeanette\",\"@id\":\"https:\\\/\\\/www.eldiario.net\\\/portal\\\/#\\\/schema\\\/person\\\/f46445640444750d7d753ccd04ae01b7\"},\"headline\":\"Polic\u00eda investiga explotaci\u00f3n de menor en club nocturno\",\"datePublished\":\"2021-06-13T09:08:24+00:00\",\"mainEntityOfPage\":{\"@id\":\"https:\\\/\\\/www.eldiario.net\\\/portal\\\/2021\\\/06\\\/13\\\/policia-investiga-explotacion-de-menor-en-club-nocturno\\\/\"},\"wordCount\":437,\"publisher\":{\"@id\":\"https:\\\/\\\/www.eldiario.net\\\/portal\\\/#organization\"},\"articleSection\":[\"Nacional\"],\"inLanguage\":\"es\"},{\"@type\":\"WebPage\",\"@id\":\"https:\\\/\\\/www.eldiario.net\\\/portal\\\/2021\\\/06\\\/13\\\/policia-investiga-explotacion-de-menor-en-club-nocturno\\\/\",\"url\":\"https:\\\/\\\/www.eldiario.net\\\/portal\\\/2021\\\/06\\\/13\\\/policia-investiga-explotacion-de-menor-en-club-nocturno\\\/\",\"name\":\"Polic\u00eda investiga explotaci\u00f3n de menor en club nocturno - El Diario - Bolivia\",\"isPartOf\":{\"@id\":\"https:\\\/\\\/www.eldiario.net\\\/portal\\\/#website\"},\"datePublished\":\"2021-06-13T09:08:24+00:00\",\"breadcrumb\":{\"@id\":\"https:\\\/\\\/www.eldiario.net\\\/portal\\\/2021\\\/06\\\/13\\\/policia-investiga-explotacion-de-menor-en-club-nocturno\\\/#breadcrumb\"},\"inLanguage\":\"es\",\"potentialAction\":[{\"@type\":\"ReadAction\",\"target\":[\"https:\\\/\\\/www.eldiario.net\\\/portal\\\/2021\\\/06\\\/13\\\/policia-investiga-explotacion-de-menor-en-club-nocturno\\\/\"]}]},{\"@type\":\"BreadcrumbList\",\"@id\":\"https:\\\/\\\/www.eldiario.net\\\/portal\\\/2021\\\/06\\\/13\\\/policia-investiga-explotacion-de-menor-en-club-nocturno\\\/#breadcrumb\",\"itemListElement\":[{\"@type\":\"ListItem\",\"position\":1,\"name\":\"Portada\",\"item\":\"https:\\\/\\\/www.eldiario.net\\\/portal\\\/\"},{\"@type\":\"ListItem\",\"position\":2,\"name\":\"Polic\u00eda investiga explotaci\u00f3n de menor en club nocturno\"}]},{\"@type\":\"WebSite\",\"@id\":\"https:\\\/\\\/www.eldiario.net\\\/portal\\\/#website\",\"url\":\"https:\\\/\\\/www.eldiario.net\\\/portal\\\/\",\"name\":\"El Diario - Decano de la prensa nacional\",\"description\":\"El Diario - Decano de la prensa nacional\",\"publisher\":{\"@id\":\"https:\\\/\\\/www.eldiario.net\\\/portal\\\/#organization\"},\"potentialAction\":[{\"@type\":\"SearchAction\",\"target\":{\"@type\":\"EntryPoint\",\"urlTemplate\":\"https:\\\/\\\/www.eldiario.net\\\/portal\\\/?s={search_term_string}\"},\"query-input\":{\"@type\":\"PropertyValueSpecification\",\"valueRequired\":true,\"valueName\":\"search_term_string\"}}],\"inLanguage\":\"es\"},{\"@type\":\"Organization\",\"@id\":\"https:\\\/\\\/www.eldiario.net\\\/portal\\\/#organization\",\"name\":\"El Diario - Decano de la prensa nacional\",\"url\":\"https:\\\/\\\/www.eldiario.net\\\/portal\\\/\",\"logo\":{\"@type\":\"ImageObject\",\"inLanguage\":\"es\",\"@id\":\"https:\\\/\\\/www.eldiario.net\\\/portal\\\/#\\\/schema\\\/logo\\\/image\\\/\",\"url\":\"https:\\\/\\\/www.eldiario.net\\\/portal\\\/wp-content\\\/uploads\\\/2023\\\/07\\\/logo_ED.jpg\",\"contentUrl\":\"https:\\\/\\\/www.eldiario.net\\\/portal\\\/wp-content\\\/uploads\\\/2023\\\/07\\\/logo_ED.jpg\",\"width\":272,\"height\":52,\"caption\":\"El Diario - Decano de la prensa nacional\"},\"image\":{\"@id\":\"https:\\\/\\\/www.eldiario.net\\\/portal\\\/#\\\/schema\\\/logo\\\/image\\\/\"},\"sameAs\":[\"https:\\\/\\\/www.facebook.com\\\/eldiario.bolivia\\\/\",\"https:\\\/\\\/x.com\\\/eldiario_net\"]},{\"@type\":\"Person\",\"@id\":\"https:\\\/\\\/www.eldiario.net\\\/portal\\\/#\\\/schema\\\/person\\\/f46445640444750d7d753ccd04ae01b7\",\"name\":\"Jeanette\",\"image\":{\"@type\":\"ImageObject\",\"inLanguage\":\"es\",\"@id\":\"https:\\\/\\\/secure.gravatar.com\\\/avatar\\\/3ea2118a5f7dad2b7138b1187a6b7ee55f160b9968b66013c3a3ef39dd7e5798?s=96&d=mm&r=g\",\"url\":\"https:\\\/\\\/secure.gravatar.com\\\/avatar\\\/3ea2118a5f7dad2b7138b1187a6b7ee55f160b9968b66013c3a3ef39dd7e5798?s=96&d=mm&r=g\",\"contentUrl\":\"https:\\\/\\\/secure.gravatar.com\\\/avatar\\\/3ea2118a5f7dad2b7138b1187a6b7ee55f160b9968b66013c3a3ef39dd7e5798?s=96&d=mm&r=g\",\"caption\":\"Jeanette\"},\"sameAs\":[\"https:\\\/\\\/www.eldiario.net\\\/portal\"],\"url\":\"https:\\\/\\\/www.eldiario.net\\\/portal\\\/author\\\/jeanette\\\/\"}]}<\/script>\n<!-- \/ Yoast SEO plugin. -->","yoast_head_json":{"title":"Polic\u00eda investiga explotaci\u00f3n de menor en club nocturno - El Diario - Bolivia","robots":{"index":"index","follow":"follow","max-snippet":"max-snippet:-1","max-image-preview":"max-image-preview:large","max-video-preview":"max-video-preview:-1"},"canonical":"https:\/\/www.eldiario.net\/portal\/2021\/06\/13\/policia-investiga-explotacion-de-menor-en-club-nocturno\/","og_locale":"es_ES","og_type":"article","og_title":"Polic\u00eda investiga explotaci\u00f3n de menor en club nocturno - El Diario - Bolivia","og_description":"Un operativo realizado en fin de semana por la Fuerza Especial de Lucha Contra el Crimen (Felcc) de la ciudad de El Alto dio lugar al rescate de una menor de 16 a\u00f1os de edad, quien se encontraba en un lenocinio y, supuestamente, era obligada a prestar servicios sexuales. De acuerdo con las investigaciones y [&hellip;]","og_url":"https:\/\/www.eldiario.net\/portal\/2021\/06\/13\/policia-investiga-explotacion-de-menor-en-club-nocturno\/","og_site_name":"El Diario - Bolivia","article_publisher":"https:\/\/www.facebook.com\/eldiario.bolivia\/","article_published_time":"2021-06-13T09:08:24+00:00","author":"Jeanette","twitter_card":"summary_large_image","twitter_creator":"@eldiario_net","twitter_site":"@eldiario_net","twitter_misc":{"Escrito por":"Jeanette","Tiempo de lectura":"2 minutos"},"schema":{"@context":"https:\/\/schema.org","@graph":[{"@type":"Article","@id":"https:\/\/www.eldiario.net\/portal\/2021\/06\/13\/policia-investiga-explotacion-de-menor-en-club-nocturno\/#article","isPartOf":{"@id":"https:\/\/www.eldiario.net\/portal\/2021\/06\/13\/policia-investiga-explotacion-de-menor-en-club-nocturno\/"},"author":{"name":"Jeanette","@id":"https:\/\/www.eldiario.net\/portal\/#\/schema\/person\/f46445640444750d7d753ccd04ae01b7"},"headline":"Polic\u00eda investiga explotaci\u00f3n de menor en club nocturno","datePublished":"2021-06-13T09:08:24+00:00","mainEntityOfPage":{"@id":"https:\/\/www.eldiario.net\/portal\/2021\/06\/13\/policia-investiga-explotacion-de-menor-en-club-nocturno\/"},"wordCount":437,"publisher":{"@id":"https:\/\/www.eldiario.net\/portal\/#organization"},"articleSection":["Nacional"],"inLanguage":"es"},{"@type":"WebPage","@id":"https:\/\/www.eldiario.net\/portal\/2021\/06\/13\/policia-investiga-explotacion-de-menor-en-club-nocturno\/","url":"https:\/\/www.eldiario.net\/portal\/2021\/06\/13\/policia-investiga-explotacion-de-menor-en-club-nocturno\/","name":"Polic\u00eda investiga explotaci\u00f3n de menor en club nocturno - El Diario - Bolivia","isPartOf":{"@id":"https:\/\/www.eldiario.net\/portal\/#website"},"datePublished":"2021-06-13T09:08:24+00:00","breadcrumb":{"@id":"https:\/\/www.eldiario.net\/portal\/2021\/06\/13\/policia-investiga-explotacion-de-menor-en-club-nocturno\/#breadcrumb"},"inLanguage":"es","potentialAction":[{"@type":"ReadAction","target":["https:\/\/www.eldiario.net\/portal\/2021\/06\/13\/policia-investiga-explotacion-de-menor-en-club-nocturno\/"]}]},{"@type":"BreadcrumbList","@id":"https:\/\/www.eldiario.net\/portal\/2021\/06\/13\/policia-investiga-explotacion-de-menor-en-club-nocturno\/#breadcrumb","itemListElement":[{"@type":"ListItem","position":1,"name":"Portada","item":"https:\/\/www.eldiario.net\/portal\/"},{"@type":"ListItem","position":2,"name":"Polic\u00eda investiga explotaci\u00f3n de menor en club nocturno"}]},{"@type":"WebSite","@id":"https:\/\/www.eldiario.net\/portal\/#website","url":"https:\/\/www.eldiario.net\/portal\/","name":"El Diario - Decano de la prensa nacional","description":"El Diario - Decano de la prensa nacional","publisher":{"@id":"https:\/\/www.eldiario.net\/portal\/#organization"},"potentialAction":[{"@type":"SearchAction","target":{"@type":"EntryPoint","urlTemplate":"https:\/\/www.eldiario.net\/portal\/?s={search_term_string}"},"query-input":{"@type":"PropertyValueSpecification","valueRequired":true,"valueName":"search_term_string"}}],"inLanguage":"es"},{"@type":"Organization","@id":"https:\/\/www.eldiario.net\/portal\/#organization","name":"El Diario - Decano de la prensa nacional","url":"https:\/\/www.eldiario.net\/portal\/","logo":{"@type":"ImageObject","inLanguage":"es","@id":"https:\/\/www.eldiario.net\/portal\/#\/schema\/logo\/image\/","url":"https:\/\/www.eldiario.net\/portal\/wp-content\/uploads\/2023\/07\/logo_ED.jpg","contentUrl":"https:\/\/www.eldiario.net\/portal\/wp-content\/uploads\/2023\/07\/logo_ED.jpg","width":272,"height":52,"caption":"El Diario - Decano de la prensa nacional"},"image":{"@id":"https:\/\/www.eldiario.net\/portal\/#\/schema\/logo\/image\/"},"sameAs":["https:\/\/www.facebook.com\/eldiario.bolivia\/","https:\/\/x.com\/eldiario_net"]},{"@type":"Person","@id":"https:\/\/www.eldiario.net\/portal\/#\/schema\/person\/f46445640444750d7d753ccd04ae01b7","name":"Jeanette","image":{"@type":"ImageObject","inLanguage":"es","@id":"https:\/\/secure.gravatar.com\/avatar\/3ea2118a5f7dad2b7138b1187a6b7ee55f160b9968b66013c3a3ef39dd7e5798?s=96&d=mm&r=g","url":"https:\/\/secure.gravatar.com\/avatar\/3ea2118a5f7dad2b7138b1187a6b7ee55f160b9968b66013c3a3ef39dd7e5798?s=96&d=mm&r=g","contentUrl":"https:\/\/secure.gravatar.com\/avatar\/3ea2118a5f7dad2b7138b1187a6b7ee55f160b9968b66013c3a3ef39dd7e5798?s=96&d=mm&r=g","caption":"Jeanette"},"sameAs":["https:\/\/www.eldiario.net\/portal"],"url":"https:\/\/www.eldiario.net\/portal\/author\/jeanette\/"}]}},"_links":{"self":[{"href":"https:\/\/www.eldiario.net\/portal\/wp-json\/wp\/v2\/posts\/10114","targetHints":{"allow":["GET"]}}],"collection":[{"href":"https:\/\/www.eldiario.net\/portal\/wp-json\/wp\/v2\/posts"}],"about":[{"href":"https:\/\/www.eldiario.net\/portal\/wp-json\/wp\/v2\/types\/post"}],"author":[{"embeddable":true,"href":"https:\/\/www.eldiario.net\/portal\/wp-json\/wp\/v2\/users\/1"}],"replies":[{"embeddable":true,"href":"https:\/\/www.eldiario.net\/portal\/wp-json\/wp\/v2\/comments?post=10114"}],"version-history":[{"count":0,"href":"https:\/\/www.eldiario.net\/portal\/wp-json\/wp\/v2\/posts\/10114\/revisions"}],"wp:attachment":[{"href":"https:\/\/www.eldiario.net\/portal\/wp-json\/wp\/v2\/media?parent=10114"}],"wp:term":[{"taxonomy":"category","embeddable":true,"href":"https:\/\/www.eldiario.net\/portal\/wp-json\/wp\/v2\/categories?post=10114"},{"taxonomy":"post_tag","embeddable":true,"href":"https:\/\/www.eldiario.net\/portal\/wp-json\/wp\/v2\/tags?post=10114"}],"curies":[{"name":"wp","href":"https:\/\/api.w.org\/{rel}","templated":true}]}}