{"id":10111,"date":"2021-06-13T05:07:35","date_gmt":"2021-06-13T09:07:35","guid":{"rendered":"https:\/\/www.eldiario.net\/portal\/?p=10111"},"modified":"2021-06-13T05:07:35","modified_gmt":"2021-06-13T09:07:35","slug":"20-anos-de-prision-para-sujeto-que-violo-a-una-mujer-con-discapacidad","status":"publish","type":"post","link":"https:\/\/www.eldiario.net\/portal\/2021\/06\/13\/20-anos-de-prision-para-sujeto-que-violo-a-una-mujer-con-discapacidad\/","title":{"rendered":"20 a\u00f1os de prisi\u00f3n para sujeto que  viol\u00f3 a una mujer con discapacidad"},"content":{"rendered":"<p>Tras una audiencia de procedimiento abreviado y luego de haberse evidenciado la culpabilidad del acusado por el delito de violaci\u00f3n agravada contra una mujer con discapacidad, el Juzgado Segundo de Instrucci\u00f3n Penal de la localidad de Montero determin\u00f3 sentenciar al acusado a una pena de 20 a\u00f1os de presidio en el penal de Palmasola.<br \/>\nEl fiscal departamental de Santa Cruz, Roger Mariaca, inform\u00f3 que, el Ministerio P\u00fablico demostr\u00f3 con pruebas contundentes que Marcelo Paravicini Uyupary de 27 a\u00f1os de edad es autor del delito de violaci\u00f3n agravada cometido en contra de una mujer de 29 a\u00f1os con discapacidad, por lo que este juzgado tomo la determinaci\u00f3n.<br \/>\nSe\u00f1al\u00f3 que durante la audiencia se logr\u00f3 reunir las pruebas suficientes para demostrar la culpabilidad del acusado, sumado a que se reconoci\u00f3 la autor\u00eda del delito por parte del mismo.<br \/>\n\u201cEn la audiencia la Fiscal\u00eda ofreci\u00f3 las pruebas consistentes en el acta de declaraci\u00f3n informativa de los testigos, certificado m\u00e9dico forense, entre otros elementos probatorios, adem\u00e1s que el sujeto reconoci\u00f3 haber cometido el delito y solicit\u00f3 someterse a la salida alternativa de procedimiento abreviado por lo que la autoridad jurisdiccional dict\u00f3 sentencia de 20 a\u00f1os\u201d, inform\u00f3 Mariaca.<br \/>\nPor su parte, el fiscal a cargo del caso, Juan S\u00e1nchez, inform\u00f3 que, de acuerdo con las investigaciones, la noche del 10 de junio del 2021, Marcelo Paravicini ingres\u00f3 a una casa abandonada en el municipio de Montero donde se habitaba la v\u00edctima, quien se encontraba en situaci\u00f3n de calle, y procedi\u00f3 a violarla.<br \/>\nEl hecho fue advertido por vecinos del lugar, quienes llamaron a la Polic\u00eda para denunciar al hombre que fue aprehendido y puesto a disposici\u00f3n del Ministerio P\u00fablico para su correspondiente investigaci\u00f3n.<\/p>\n","protected":false},"excerpt":{"rendered":"<p>Tras una audiencia de procedimiento abreviado y luego de haberse evidenciado la culpabilidad del acusado por el delito de violaci\u00f3n agravada contra una mujer con discapacidad, el Juzgado Segundo de Instrucci\u00f3n Penal de la localidad de Montero determin\u00f3 sentenciar al acusado a una pena de 20 a\u00f1os de presidio en el penal de Palmasola. El [&hellip;]<\/p>\n","protected":false},"author":1,"featured_media":10112,"comment_status":"closed","ping_status":"closed","sticky":false,"template":"","format":"standard","meta":{"_acf_changed":false,"footnotes":""},"categories":[39],"tags":[],"class_list":["post-10111","post","type-post","status-publish","format-standard","has-post-thumbnail","category-sociedad"],"acf":{"antetitulo":""},"yoast_head":"<!-- This site is optimized with the Yoast SEO plugin v28.3 - https:\/\/yoast.com\/product\/yoast-seo-wordpress\/ -->\n<title>20 a\u00f1os de prisi\u00f3n para sujeto que viol\u00f3 a una mujer con discapacidad - El Diario - Bolivia<\/title>\n<meta name=\"robots\" content=\"index, follow, max-snippet:-1, max-image-preview:large, max-video-preview:-1\" \/>\n<link rel=\"canonical\" href=\"https:\/\/www.eldiario.net\/portal\/2021\/06\/13\/20-anos-de-prision-para-sujeto-que-violo-a-una-mujer-con-discapacidad\/\" \/>\n<meta property=\"og:locale\" content=\"es_ES\" \/>\n<meta property=\"og:type\" content=\"article\" \/>\n<meta property=\"og:title\" content=\"20 a\u00f1os de prisi\u00f3n para sujeto que viol\u00f3 a una mujer con discapacidad - El Diario - Bolivia\" \/>\n<meta property=\"og:description\" content=\"Tras una audiencia de procedimiento abreviado y luego de haberse evidenciado la culpabilidad del acusado por el delito de violaci\u00f3n agravada contra una mujer con discapacidad, el Juzgado Segundo de Instrucci\u00f3n Penal de la localidad de Montero determin\u00f3 sentenciar al acusado a una pena de 20 a\u00f1os de presidio en el penal de Palmasola. El [&hellip;]\" \/>\n<meta property=\"og:url\" content=\"https:\/\/www.eldiario.net\/portal\/2021\/06\/13\/20-anos-de-prision-para-sujeto-que-violo-a-una-mujer-con-discapacidad\/\" \/>\n<meta property=\"og:site_name\" content=\"El Diario - Bolivia\" \/>\n<meta property=\"article:publisher\" content=\"https:\/\/www.facebook.com\/eldiario.bolivia\/\" \/>\n<meta property=\"article:published_time\" content=\"2021-06-13T09:07:35+00:00\" \/>\n<meta name=\"author\" content=\"Jeanette\" \/>\n<meta name=\"twitter:card\" content=\"summary_large_image\" \/>\n<meta name=\"twitter:creator\" content=\"@eldiario_net\" \/>\n<meta name=\"twitter:site\" content=\"@eldiario_net\" \/>\n<meta name=\"twitter:label1\" content=\"Escrito por\" \/>\n\t<meta name=\"twitter:data1\" content=\"Jeanette\" \/>\n\t<meta name=\"twitter:label2\" content=\"Tiempo de lectura\" \/>\n\t<meta name=\"twitter:data2\" content=\"2 minutos\" \/>\n<script type=\"application\/ld+json\" class=\"yoast-schema-graph\">{\"@context\":\"https:\\\/\\\/schema.org\",\"@graph\":[{\"@type\":\"Article\",\"@id\":\"https:\\\/\\\/www.eldiario.net\\\/portal\\\/2021\\\/06\\\/13\\\/20-anos-de-prision-para-sujeto-que-violo-a-una-mujer-con-discapacidad\\\/#article\",\"isPartOf\":{\"@id\":\"https:\\\/\\\/www.eldiario.net\\\/portal\\\/2021\\\/06\\\/13\\\/20-anos-de-prision-para-sujeto-que-violo-a-una-mujer-con-discapacidad\\\/\"},\"author\":{\"name\":\"Jeanette\",\"@id\":\"https:\\\/\\\/www.eldiario.net\\\/portal\\\/#\\\/schema\\\/person\\\/f46445640444750d7d753ccd04ae01b7\"},\"headline\":\"20 a\u00f1os de prisi\u00f3n para sujeto que viol\u00f3 a una mujer con discapacidad\",\"datePublished\":\"2021-06-13T09:07:35+00:00\",\"mainEntityOfPage\":{\"@id\":\"https:\\\/\\\/www.eldiario.net\\\/portal\\\/2021\\\/06\\\/13\\\/20-anos-de-prision-para-sujeto-que-violo-a-una-mujer-con-discapacidad\\\/\"},\"wordCount\":308,\"publisher\":{\"@id\":\"https:\\\/\\\/www.eldiario.net\\\/portal\\\/#organization\"},\"image\":{\"@id\":\"https:\\\/\\\/www.eldiario.net\\\/portal\\\/2021\\\/06\\\/13\\\/20-anos-de-prision-para-sujeto-que-violo-a-una-mujer-con-discapacidad\\\/#primaryimage\"},\"thumbnailUrl\":\"\",\"articleSection\":[\"Sociedad - Seguridad\"],\"inLanguage\":\"es\"},{\"@type\":\"WebPage\",\"@id\":\"https:\\\/\\\/www.eldiario.net\\\/portal\\\/2021\\\/06\\\/13\\\/20-anos-de-prision-para-sujeto-que-violo-a-una-mujer-con-discapacidad\\\/\",\"url\":\"https:\\\/\\\/www.eldiario.net\\\/portal\\\/2021\\\/06\\\/13\\\/20-anos-de-prision-para-sujeto-que-violo-a-una-mujer-con-discapacidad\\\/\",\"name\":\"20 a\u00f1os de prisi\u00f3n para sujeto que viol\u00f3 a una mujer con discapacidad - El Diario - Bolivia\",\"isPartOf\":{\"@id\":\"https:\\\/\\\/www.eldiario.net\\\/portal\\\/#website\"},\"primaryImageOfPage\":{\"@id\":\"https:\\\/\\\/www.eldiario.net\\\/portal\\\/2021\\\/06\\\/13\\\/20-anos-de-prision-para-sujeto-que-violo-a-una-mujer-con-discapacidad\\\/#primaryimage\"},\"image\":{\"@id\":\"https:\\\/\\\/www.eldiario.net\\\/portal\\\/2021\\\/06\\\/13\\\/20-anos-de-prision-para-sujeto-que-violo-a-una-mujer-con-discapacidad\\\/#primaryimage\"},\"thumbnailUrl\":\"\",\"datePublished\":\"2021-06-13T09:07:35+00:00\",\"breadcrumb\":{\"@id\":\"https:\\\/\\\/www.eldiario.net\\\/portal\\\/2021\\\/06\\\/13\\\/20-anos-de-prision-para-sujeto-que-violo-a-una-mujer-con-discapacidad\\\/#breadcrumb\"},\"inLanguage\":\"es\",\"potentialAction\":[{\"@type\":\"ReadAction\",\"target\":[\"https:\\\/\\\/www.eldiario.net\\\/portal\\\/2021\\\/06\\\/13\\\/20-anos-de-prision-para-sujeto-que-violo-a-una-mujer-con-discapacidad\\\/\"]}]},{\"@type\":\"ImageObject\",\"inLanguage\":\"es\",\"@id\":\"https:\\\/\\\/www.eldiario.net\\\/portal\\\/2021\\\/06\\\/13\\\/20-anos-de-prision-para-sujeto-que-violo-a-una-mujer-con-discapacidad\\\/#primaryimage\",\"url\":\"\",\"contentUrl\":\"\"},{\"@type\":\"BreadcrumbList\",\"@id\":\"https:\\\/\\\/www.eldiario.net\\\/portal\\\/2021\\\/06\\\/13\\\/20-anos-de-prision-para-sujeto-que-violo-a-una-mujer-con-discapacidad\\\/#breadcrumb\",\"itemListElement\":[{\"@type\":\"ListItem\",\"position\":1,\"name\":\"Portada\",\"item\":\"https:\\\/\\\/www.eldiario.net\\\/portal\\\/\"},{\"@type\":\"ListItem\",\"position\":2,\"name\":\"20 a\u00f1os de prisi\u00f3n para sujeto que viol\u00f3 a una mujer con discapacidad\"}]},{\"@type\":\"WebSite\",\"@id\":\"https:\\\/\\\/www.eldiario.net\\\/portal\\\/#website\",\"url\":\"https:\\\/\\\/www.eldiario.net\\\/portal\\\/\",\"name\":\"El Diario - Decano de la prensa nacional\",\"description\":\"El Diario - Decano de la prensa nacional\",\"publisher\":{\"@id\":\"https:\\\/\\\/www.eldiario.net\\\/portal\\\/#organization\"},\"potentialAction\":[{\"@type\":\"SearchAction\",\"target\":{\"@type\":\"EntryPoint\",\"urlTemplate\":\"https:\\\/\\\/www.eldiario.net\\\/portal\\\/?s={search_term_string}\"},\"query-input\":{\"@type\":\"PropertyValueSpecification\",\"valueRequired\":true,\"valueName\":\"search_term_string\"}}],\"inLanguage\":\"es\"},{\"@type\":\"Organization\",\"@id\":\"https:\\\/\\\/www.eldiario.net\\\/portal\\\/#organization\",\"name\":\"El Diario - Decano de la prensa nacional\",\"url\":\"https:\\\/\\\/www.eldiario.net\\\/portal\\\/\",\"logo\":{\"@type\":\"ImageObject\",\"inLanguage\":\"es\",\"@id\":\"https:\\\/\\\/www.eldiario.net\\\/portal\\\/#\\\/schema\\\/logo\\\/image\\\/\",\"url\":\"https:\\\/\\\/www.eldiario.net\\\/portal\\\/wp-content\\\/uploads\\\/2023\\\/07\\\/logo_ED.jpg\",\"contentUrl\":\"https:\\\/\\\/www.eldiario.net\\\/portal\\\/wp-content\\\/uploads\\\/2023\\\/07\\\/logo_ED.jpg\",\"width\":272,\"height\":52,\"caption\":\"El Diario - Decano de la prensa nacional\"},\"image\":{\"@id\":\"https:\\\/\\\/www.eldiario.net\\\/portal\\\/#\\\/schema\\\/logo\\\/image\\\/\"},\"sameAs\":[\"https:\\\/\\\/www.facebook.com\\\/eldiario.bolivia\\\/\",\"https:\\\/\\\/x.com\\\/eldiario_net\"]},{\"@type\":\"Person\",\"@id\":\"https:\\\/\\\/www.eldiario.net\\\/portal\\\/#\\\/schema\\\/person\\\/f46445640444750d7d753ccd04ae01b7\",\"name\":\"Jeanette\",\"image\":{\"@type\":\"ImageObject\",\"inLanguage\":\"es\",\"@id\":\"https:\\\/\\\/secure.gravatar.com\\\/avatar\\\/3ea2118a5f7dad2b7138b1187a6b7ee55f160b9968b66013c3a3ef39dd7e5798?s=96&d=mm&r=g\",\"url\":\"https:\\\/\\\/secure.gravatar.com\\\/avatar\\\/3ea2118a5f7dad2b7138b1187a6b7ee55f160b9968b66013c3a3ef39dd7e5798?s=96&d=mm&r=g\",\"contentUrl\":\"https:\\\/\\\/secure.gravatar.com\\\/avatar\\\/3ea2118a5f7dad2b7138b1187a6b7ee55f160b9968b66013c3a3ef39dd7e5798?s=96&d=mm&r=g\",\"caption\":\"Jeanette\"},\"sameAs\":[\"https:\\\/\\\/www.eldiario.net\\\/portal\"],\"url\":\"https:\\\/\\\/www.eldiario.net\\\/portal\\\/author\\\/jeanette\\\/\"}]}<\/script>\n<!-- \/ Yoast SEO plugin. -->","yoast_head_json":{"title":"20 a\u00f1os de prisi\u00f3n para sujeto que viol\u00f3 a una mujer con discapacidad - El Diario - Bolivia","robots":{"index":"index","follow":"follow","max-snippet":"max-snippet:-1","max-image-preview":"max-image-preview:large","max-video-preview":"max-video-preview:-1"},"canonical":"https:\/\/www.eldiario.net\/portal\/2021\/06\/13\/20-anos-de-prision-para-sujeto-que-violo-a-una-mujer-con-discapacidad\/","og_locale":"es_ES","og_type":"article","og_title":"20 a\u00f1os de prisi\u00f3n para sujeto que viol\u00f3 a una mujer con discapacidad - El Diario - Bolivia","og_description":"Tras una audiencia de procedimiento abreviado y luego de haberse evidenciado la culpabilidad del acusado por el delito de violaci\u00f3n agravada contra una mujer con discapacidad, el Juzgado Segundo de Instrucci\u00f3n Penal de la localidad de Montero determin\u00f3 sentenciar al acusado a una pena de 20 a\u00f1os de presidio en el penal de Palmasola. El [&hellip;]","og_url":"https:\/\/www.eldiario.net\/portal\/2021\/06\/13\/20-anos-de-prision-para-sujeto-que-violo-a-una-mujer-con-discapacidad\/","og_site_name":"El Diario - Bolivia","article_publisher":"https:\/\/www.facebook.com\/eldiario.bolivia\/","article_published_time":"2021-06-13T09:07:35+00:00","author":"Jeanette","twitter_card":"summary_large_image","twitter_creator":"@eldiario_net","twitter_site":"@eldiario_net","twitter_misc":{"Escrito por":"Jeanette","Tiempo de lectura":"2 minutos"},"schema":{"@context":"https:\/\/schema.org","@graph":[{"@type":"Article","@id":"https:\/\/www.eldiario.net\/portal\/2021\/06\/13\/20-anos-de-prision-para-sujeto-que-violo-a-una-mujer-con-discapacidad\/#article","isPartOf":{"@id":"https:\/\/www.eldiario.net\/portal\/2021\/06\/13\/20-anos-de-prision-para-sujeto-que-violo-a-una-mujer-con-discapacidad\/"},"author":{"name":"Jeanette","@id":"https:\/\/www.eldiario.net\/portal\/#\/schema\/person\/f46445640444750d7d753ccd04ae01b7"},"headline":"20 a\u00f1os de prisi\u00f3n para sujeto que viol\u00f3 a una mujer con discapacidad","datePublished":"2021-06-13T09:07:35+00:00","mainEntityOfPage":{"@id":"https:\/\/www.eldiario.net\/portal\/2021\/06\/13\/20-anos-de-prision-para-sujeto-que-violo-a-una-mujer-con-discapacidad\/"},"wordCount":308,"publisher":{"@id":"https:\/\/www.eldiario.net\/portal\/#organization"},"image":{"@id":"https:\/\/www.eldiario.net\/portal\/2021\/06\/13\/20-anos-de-prision-para-sujeto-que-violo-a-una-mujer-con-discapacidad\/#primaryimage"},"thumbnailUrl":"","articleSection":["Sociedad - Seguridad"],"inLanguage":"es"},{"@type":"WebPage","@id":"https:\/\/www.eldiario.net\/portal\/2021\/06\/13\/20-anos-de-prision-para-sujeto-que-violo-a-una-mujer-con-discapacidad\/","url":"https:\/\/www.eldiario.net\/portal\/2021\/06\/13\/20-anos-de-prision-para-sujeto-que-violo-a-una-mujer-con-discapacidad\/","name":"20 a\u00f1os de prisi\u00f3n para sujeto que viol\u00f3 a una mujer con discapacidad - El Diario - Bolivia","isPartOf":{"@id":"https:\/\/www.eldiario.net\/portal\/#website"},"primaryImageOfPage":{"@id":"https:\/\/www.eldiario.net\/portal\/2021\/06\/13\/20-anos-de-prision-para-sujeto-que-violo-a-una-mujer-con-discapacidad\/#primaryimage"},"image":{"@id":"https:\/\/www.eldiario.net\/portal\/2021\/06\/13\/20-anos-de-prision-para-sujeto-que-violo-a-una-mujer-con-discapacidad\/#primaryimage"},"thumbnailUrl":"","datePublished":"2021-06-13T09:07:35+00:00","breadcrumb":{"@id":"https:\/\/www.eldiario.net\/portal\/2021\/06\/13\/20-anos-de-prision-para-sujeto-que-violo-a-una-mujer-con-discapacidad\/#breadcrumb"},"inLanguage":"es","potentialAction":[{"@type":"ReadAction","target":["https:\/\/www.eldiario.net\/portal\/2021\/06\/13\/20-anos-de-prision-para-sujeto-que-violo-a-una-mujer-con-discapacidad\/"]}]},{"@type":"ImageObject","inLanguage":"es","@id":"https:\/\/www.eldiario.net\/portal\/2021\/06\/13\/20-anos-de-prision-para-sujeto-que-violo-a-una-mujer-con-discapacidad\/#primaryimage","url":"","contentUrl":""},{"@type":"BreadcrumbList","@id":"https:\/\/www.eldiario.net\/portal\/2021\/06\/13\/20-anos-de-prision-para-sujeto-que-violo-a-una-mujer-con-discapacidad\/#breadcrumb","itemListElement":[{"@type":"ListItem","position":1,"name":"Portada","item":"https:\/\/www.eldiario.net\/portal\/"},{"@type":"ListItem","position":2,"name":"20 a\u00f1os de prisi\u00f3n para sujeto que viol\u00f3 a una mujer con discapacidad"}]},{"@type":"WebSite","@id":"https:\/\/www.eldiario.net\/portal\/#website","url":"https:\/\/www.eldiario.net\/portal\/","name":"El Diario - Decano de la prensa nacional","description":"El Diario - Decano de la prensa nacional","publisher":{"@id":"https:\/\/www.eldiario.net\/portal\/#organization"},"potentialAction":[{"@type":"SearchAction","target":{"@type":"EntryPoint","urlTemplate":"https:\/\/www.eldiario.net\/portal\/?s={search_term_string}"},"query-input":{"@type":"PropertyValueSpecification","valueRequired":true,"valueName":"search_term_string"}}],"inLanguage":"es"},{"@type":"Organization","@id":"https:\/\/www.eldiario.net\/portal\/#organization","name":"El Diario - Decano de la prensa nacional","url":"https:\/\/www.eldiario.net\/portal\/","logo":{"@type":"ImageObject","inLanguage":"es","@id":"https:\/\/www.eldiario.net\/portal\/#\/schema\/logo\/image\/","url":"https:\/\/www.eldiario.net\/portal\/wp-content\/uploads\/2023\/07\/logo_ED.jpg","contentUrl":"https:\/\/www.eldiario.net\/portal\/wp-content\/uploads\/2023\/07\/logo_ED.jpg","width":272,"height":52,"caption":"El Diario - Decano de la prensa nacional"},"image":{"@id":"https:\/\/www.eldiario.net\/portal\/#\/schema\/logo\/image\/"},"sameAs":["https:\/\/www.facebook.com\/eldiario.bolivia\/","https:\/\/x.com\/eldiario_net"]},{"@type":"Person","@id":"https:\/\/www.eldiario.net\/portal\/#\/schema\/person\/f46445640444750d7d753ccd04ae01b7","name":"Jeanette","image":{"@type":"ImageObject","inLanguage":"es","@id":"https:\/\/secure.gravatar.com\/avatar\/3ea2118a5f7dad2b7138b1187a6b7ee55f160b9968b66013c3a3ef39dd7e5798?s=96&d=mm&r=g","url":"https:\/\/secure.gravatar.com\/avatar\/3ea2118a5f7dad2b7138b1187a6b7ee55f160b9968b66013c3a3ef39dd7e5798?s=96&d=mm&r=g","contentUrl":"https:\/\/secure.gravatar.com\/avatar\/3ea2118a5f7dad2b7138b1187a6b7ee55f160b9968b66013c3a3ef39dd7e5798?s=96&d=mm&r=g","caption":"Jeanette"},"sameAs":["https:\/\/www.eldiario.net\/portal"],"url":"https:\/\/www.eldiario.net\/portal\/author\/jeanette\/"}]}},"_links":{"self":[{"href":"https:\/\/www.eldiario.net\/portal\/wp-json\/wp\/v2\/posts\/10111","targetHints":{"allow":["GET"]}}],"collection":[{"href":"https:\/\/www.eldiario.net\/portal\/wp-json\/wp\/v2\/posts"}],"about":[{"href":"https:\/\/www.eldiario.net\/portal\/wp-json\/wp\/v2\/types\/post"}],"author":[{"embeddable":true,"href":"https:\/\/www.eldiario.net\/portal\/wp-json\/wp\/v2\/users\/1"}],"replies":[{"embeddable":true,"href":"https:\/\/www.eldiario.net\/portal\/wp-json\/wp\/v2\/comments?post=10111"}],"version-history":[{"count":0,"href":"https:\/\/www.eldiario.net\/portal\/wp-json\/wp\/v2\/posts\/10111\/revisions"}],"wp:attachment":[{"href":"https:\/\/www.eldiario.net\/portal\/wp-json\/wp\/v2\/media?parent=10111"}],"wp:term":[{"taxonomy":"category","embeddable":true,"href":"https:\/\/www.eldiario.net\/portal\/wp-json\/wp\/v2\/categories?post=10111"},{"taxonomy":"post_tag","embeddable":true,"href":"https:\/\/www.eldiario.net\/portal\/wp-json\/wp\/v2\/tags?post=10111"}],"curies":[{"name":"wp","href":"https:\/\/api.w.org\/{rel}","templated":true}]}}