{"id":10108,"date":"2021-06-13T05:05:37","date_gmt":"2021-06-13T09:05:37","guid":{"rendered":"https:\/\/www.eldiario.net\/portal\/?p=10108"},"modified":"2021-06-13T05:05:37","modified_gmt":"2021-06-13T09:05:37","slug":"efectivos-navales-desplegados-para-prevenir-incendios-en-la-chiquitania","status":"publish","type":"post","link":"https:\/\/www.eldiario.net\/portal\/2021\/06\/13\/efectivos-navales-desplegados-para-prevenir-incendios-en-la-chiquitania\/","title":{"rendered":"Efectivos navales desplegados para  prevenir incendios en la Chiquitan\u00eda"},"content":{"rendered":"<p>Con la finalidad de prevenir focos de calor que puedan producir incendios forestales en la regi\u00f3n de la Chiquitania, la Armada Boliviana anunci\u00f3 que se ha determinado desplegar tropas de marineros encargados de realizar tareas de patrullaje y de esta forma concientizar a la poblaci\u00f3n sobre la peligrosidad de realizar quemas y chaqueos en la regi\u00f3n para prevenir desastres como en a\u00f1os anteriores.<br \/>\nEstas patrullas est\u00e1n conformadas por marineros e instructores del Quinto Distrito Naval \u201cSanta Cruz\u201d y del \u00c1rea Naval No. 2 \u201cSanta Cruz\u201d de la Armada Boliviana, mismos que ser\u00e1n desplegados en Grupos de Tarea para la ejecuci\u00f3n de Operaciones de Prevenci\u00f3n de Incendios en la regi\u00f3n de la Chiquitania.<br \/>\nD\u00edas atr\u00e1s se desarroll\u00f3 un importante evento de Presentaci\u00f3n e Inicio de Actividades de Prevenci\u00f3n de Incendios en \u201cDefensa de la Vida y el Medio Ambiente\u201d, este acto cont\u00f3 con la presencia de ministros y viceministros de estado, Alto Mando Militar de las Fuerzas Armadas, Autoridades Locales y Organizaciones Sociales de la poblaci\u00f3n de San Ignacio de Velazco.<br \/>\nPara la ejecuci\u00f3n de este Plan de Prevenci\u00f3n de Incendios, las Fuerzas Armadas, el Viceministerio de Defensa Civil en coordinaci\u00f3n con el Comando Estrat\u00e9gico Operacional \u201cDel Plata\u201d, la Autoridad de Fiscalizaci\u00f3n y Control Social de Bosques y Tierra (ABT), Servicio Nacional de \u00c1reas Protegidas (Sernap) y Guardabosques, se iniciar\u00e1 en la Chiquitania del Departamento de Santa Cruz, d\u00f3nde ejecutar\u00e1n tareas de patrullaje, con el fin de persuadir, sensibilizar y concientizar a la poblaci\u00f3n para evitar las quemas y chaqueos innecesarios que pueden provocar Incendios Forestales.<br \/>\nEn la ejecuci\u00f3n de esta tarea, la Armada Boliviana desplegar\u00e1 Unidades de Superficie, para realizar un monitoreo, seguimiento y control de Lucha Contra Incendios, adem\u00e1s de campa\u00f1as de sensibilizaci\u00f3n contra incendios para la Protecci\u00f3n de la flora y fauna silvestre en la Chiquitania protegiendo as\u00ed la biodiversidad del pa\u00eds.<\/p>\n","protected":false},"excerpt":{"rendered":"<p>Con la finalidad de prevenir focos de calor que puedan producir incendios forestales en la regi\u00f3n de la Chiquitania, la Armada Boliviana anunci\u00f3 que se ha determinado desplegar tropas de marineros encargados de realizar tareas de patrullaje y de esta forma concientizar a la poblaci\u00f3n sobre la peligrosidad de realizar quemas y chaqueos en la [&hellip;]<\/p>\n","protected":false},"author":1,"featured_media":10109,"comment_status":"closed","ping_status":"closed","sticky":false,"template":"","format":"standard","meta":{"_acf_changed":false,"footnotes":""},"categories":[39],"tags":[],"class_list":["post-10108","post","type-post","status-publish","format-standard","has-post-thumbnail","category-sociedad"],"acf":{"antetitulo":""},"yoast_head":"<!-- This site is optimized with the Yoast SEO plugin v28.3 - https:\/\/yoast.com\/product\/yoast-seo-wordpress\/ -->\n<title>Efectivos navales desplegados para prevenir incendios en la Chiquitan\u00eda - El Diario - Bolivia<\/title>\n<meta name=\"robots\" content=\"index, follow, max-snippet:-1, max-image-preview:large, max-video-preview:-1\" \/>\n<link rel=\"canonical\" href=\"https:\/\/www.eldiario.net\/portal\/2021\/06\/13\/efectivos-navales-desplegados-para-prevenir-incendios-en-la-chiquitania\/\" \/>\n<meta property=\"og:locale\" content=\"es_ES\" \/>\n<meta property=\"og:type\" content=\"article\" \/>\n<meta property=\"og:title\" content=\"Efectivos navales desplegados para prevenir incendios en la Chiquitan\u00eda - El Diario - Bolivia\" \/>\n<meta property=\"og:description\" content=\"Con la finalidad de prevenir focos de calor que puedan producir incendios forestales en la regi\u00f3n de la Chiquitania, la Armada Boliviana anunci\u00f3 que se ha determinado desplegar tropas de marineros encargados de realizar tareas de patrullaje y de esta forma concientizar a la poblaci\u00f3n sobre la peligrosidad de realizar quemas y chaqueos en la [&hellip;]\" \/>\n<meta property=\"og:url\" content=\"https:\/\/www.eldiario.net\/portal\/2021\/06\/13\/efectivos-navales-desplegados-para-prevenir-incendios-en-la-chiquitania\/\" \/>\n<meta property=\"og:site_name\" content=\"El Diario - Bolivia\" \/>\n<meta property=\"article:publisher\" content=\"https:\/\/www.facebook.com\/eldiario.bolivia\/\" \/>\n<meta property=\"article:published_time\" content=\"2021-06-13T09:05:37+00:00\" \/>\n<meta name=\"author\" content=\"Jeanette\" \/>\n<meta name=\"twitter:card\" content=\"summary_large_image\" \/>\n<meta name=\"twitter:creator\" content=\"@eldiario_net\" \/>\n<meta name=\"twitter:site\" content=\"@eldiario_net\" \/>\n<meta name=\"twitter:label1\" content=\"Escrito por\" \/>\n\t<meta name=\"twitter:data1\" content=\"Jeanette\" \/>\n\t<meta name=\"twitter:label2\" content=\"Tiempo de lectura\" \/>\n\t<meta name=\"twitter:data2\" content=\"2 minutos\" \/>\n<script type=\"application\/ld+json\" class=\"yoast-schema-graph\">{\"@context\":\"https:\\\/\\\/schema.org\",\"@graph\":[{\"@type\":\"Article\",\"@id\":\"https:\\\/\\\/www.eldiario.net\\\/portal\\\/2021\\\/06\\\/13\\\/efectivos-navales-desplegados-para-prevenir-incendios-en-la-chiquitania\\\/#article\",\"isPartOf\":{\"@id\":\"https:\\\/\\\/www.eldiario.net\\\/portal\\\/2021\\\/06\\\/13\\\/efectivos-navales-desplegados-para-prevenir-incendios-en-la-chiquitania\\\/\"},\"author\":{\"name\":\"Jeanette\",\"@id\":\"https:\\\/\\\/www.eldiario.net\\\/portal\\\/#\\\/schema\\\/person\\\/f46445640444750d7d753ccd04ae01b7\"},\"headline\":\"Efectivos navales desplegados para prevenir incendios en la Chiquitan\u00eda\",\"datePublished\":\"2021-06-13T09:05:37+00:00\",\"mainEntityOfPage\":{\"@id\":\"https:\\\/\\\/www.eldiario.net\\\/portal\\\/2021\\\/06\\\/13\\\/efectivos-navales-desplegados-para-prevenir-incendios-en-la-chiquitania\\\/\"},\"wordCount\":341,\"publisher\":{\"@id\":\"https:\\\/\\\/www.eldiario.net\\\/portal\\\/#organization\"},\"image\":{\"@id\":\"https:\\\/\\\/www.eldiario.net\\\/portal\\\/2021\\\/06\\\/13\\\/efectivos-navales-desplegados-para-prevenir-incendios-en-la-chiquitania\\\/#primaryimage\"},\"thumbnailUrl\":\"\",\"articleSection\":[\"Sociedad - Seguridad\"],\"inLanguage\":\"es\"},{\"@type\":\"WebPage\",\"@id\":\"https:\\\/\\\/www.eldiario.net\\\/portal\\\/2021\\\/06\\\/13\\\/efectivos-navales-desplegados-para-prevenir-incendios-en-la-chiquitania\\\/\",\"url\":\"https:\\\/\\\/www.eldiario.net\\\/portal\\\/2021\\\/06\\\/13\\\/efectivos-navales-desplegados-para-prevenir-incendios-en-la-chiquitania\\\/\",\"name\":\"Efectivos navales desplegados para prevenir incendios en la Chiquitan\u00eda - El Diario - Bolivia\",\"isPartOf\":{\"@id\":\"https:\\\/\\\/www.eldiario.net\\\/portal\\\/#website\"},\"primaryImageOfPage\":{\"@id\":\"https:\\\/\\\/www.eldiario.net\\\/portal\\\/2021\\\/06\\\/13\\\/efectivos-navales-desplegados-para-prevenir-incendios-en-la-chiquitania\\\/#primaryimage\"},\"image\":{\"@id\":\"https:\\\/\\\/www.eldiario.net\\\/portal\\\/2021\\\/06\\\/13\\\/efectivos-navales-desplegados-para-prevenir-incendios-en-la-chiquitania\\\/#primaryimage\"},\"thumbnailUrl\":\"\",\"datePublished\":\"2021-06-13T09:05:37+00:00\",\"breadcrumb\":{\"@id\":\"https:\\\/\\\/www.eldiario.net\\\/portal\\\/2021\\\/06\\\/13\\\/efectivos-navales-desplegados-para-prevenir-incendios-en-la-chiquitania\\\/#breadcrumb\"},\"inLanguage\":\"es\",\"potentialAction\":[{\"@type\":\"ReadAction\",\"target\":[\"https:\\\/\\\/www.eldiario.net\\\/portal\\\/2021\\\/06\\\/13\\\/efectivos-navales-desplegados-para-prevenir-incendios-en-la-chiquitania\\\/\"]}]},{\"@type\":\"ImageObject\",\"inLanguage\":\"es\",\"@id\":\"https:\\\/\\\/www.eldiario.net\\\/portal\\\/2021\\\/06\\\/13\\\/efectivos-navales-desplegados-para-prevenir-incendios-en-la-chiquitania\\\/#primaryimage\",\"url\":\"\",\"contentUrl\":\"\"},{\"@type\":\"BreadcrumbList\",\"@id\":\"https:\\\/\\\/www.eldiario.net\\\/portal\\\/2021\\\/06\\\/13\\\/efectivos-navales-desplegados-para-prevenir-incendios-en-la-chiquitania\\\/#breadcrumb\",\"itemListElement\":[{\"@type\":\"ListItem\",\"position\":1,\"name\":\"Portada\",\"item\":\"https:\\\/\\\/www.eldiario.net\\\/portal\\\/\"},{\"@type\":\"ListItem\",\"position\":2,\"name\":\"Efectivos navales desplegados para prevenir incendios en la Chiquitan\u00eda\"}]},{\"@type\":\"WebSite\",\"@id\":\"https:\\\/\\\/www.eldiario.net\\\/portal\\\/#website\",\"url\":\"https:\\\/\\\/www.eldiario.net\\\/portal\\\/\",\"name\":\"El Diario - Decano de la prensa nacional\",\"description\":\"El Diario - Decano de la prensa nacional\",\"publisher\":{\"@id\":\"https:\\\/\\\/www.eldiario.net\\\/portal\\\/#organization\"},\"potentialAction\":[{\"@type\":\"SearchAction\",\"target\":{\"@type\":\"EntryPoint\",\"urlTemplate\":\"https:\\\/\\\/www.eldiario.net\\\/portal\\\/?s={search_term_string}\"},\"query-input\":{\"@type\":\"PropertyValueSpecification\",\"valueRequired\":true,\"valueName\":\"search_term_string\"}}],\"inLanguage\":\"es\"},{\"@type\":\"Organization\",\"@id\":\"https:\\\/\\\/www.eldiario.net\\\/portal\\\/#organization\",\"name\":\"El Diario - Decano de la prensa nacional\",\"url\":\"https:\\\/\\\/www.eldiario.net\\\/portal\\\/\",\"logo\":{\"@type\":\"ImageObject\",\"inLanguage\":\"es\",\"@id\":\"https:\\\/\\\/www.eldiario.net\\\/portal\\\/#\\\/schema\\\/logo\\\/image\\\/\",\"url\":\"https:\\\/\\\/www.eldiario.net\\\/portal\\\/wp-content\\\/uploads\\\/2023\\\/07\\\/logo_ED.jpg\",\"contentUrl\":\"https:\\\/\\\/www.eldiario.net\\\/portal\\\/wp-content\\\/uploads\\\/2023\\\/07\\\/logo_ED.jpg\",\"width\":272,\"height\":52,\"caption\":\"El Diario - Decano de la prensa nacional\"},\"image\":{\"@id\":\"https:\\\/\\\/www.eldiario.net\\\/portal\\\/#\\\/schema\\\/logo\\\/image\\\/\"},\"sameAs\":[\"https:\\\/\\\/www.facebook.com\\\/eldiario.bolivia\\\/\",\"https:\\\/\\\/x.com\\\/eldiario_net\"]},{\"@type\":\"Person\",\"@id\":\"https:\\\/\\\/www.eldiario.net\\\/portal\\\/#\\\/schema\\\/person\\\/f46445640444750d7d753ccd04ae01b7\",\"name\":\"Jeanette\",\"image\":{\"@type\":\"ImageObject\",\"inLanguage\":\"es\",\"@id\":\"https:\\\/\\\/secure.gravatar.com\\\/avatar\\\/3ea2118a5f7dad2b7138b1187a6b7ee55f160b9968b66013c3a3ef39dd7e5798?s=96&d=mm&r=g\",\"url\":\"https:\\\/\\\/secure.gravatar.com\\\/avatar\\\/3ea2118a5f7dad2b7138b1187a6b7ee55f160b9968b66013c3a3ef39dd7e5798?s=96&d=mm&r=g\",\"contentUrl\":\"https:\\\/\\\/secure.gravatar.com\\\/avatar\\\/3ea2118a5f7dad2b7138b1187a6b7ee55f160b9968b66013c3a3ef39dd7e5798?s=96&d=mm&r=g\",\"caption\":\"Jeanette\"},\"sameAs\":[\"https:\\\/\\\/www.eldiario.net\\\/portal\"],\"url\":\"https:\\\/\\\/www.eldiario.net\\\/portal\\\/author\\\/jeanette\\\/\"}]}<\/script>\n<!-- \/ Yoast SEO plugin. -->","yoast_head_json":{"title":"Efectivos navales desplegados para prevenir incendios en la Chiquitan\u00eda - El Diario - Bolivia","robots":{"index":"index","follow":"follow","max-snippet":"max-snippet:-1","max-image-preview":"max-image-preview:large","max-video-preview":"max-video-preview:-1"},"canonical":"https:\/\/www.eldiario.net\/portal\/2021\/06\/13\/efectivos-navales-desplegados-para-prevenir-incendios-en-la-chiquitania\/","og_locale":"es_ES","og_type":"article","og_title":"Efectivos navales desplegados para prevenir incendios en la Chiquitan\u00eda - El Diario - Bolivia","og_description":"Con la finalidad de prevenir focos de calor que puedan producir incendios forestales en la regi\u00f3n de la Chiquitania, la Armada Boliviana anunci\u00f3 que se ha determinado desplegar tropas de marineros encargados de realizar tareas de patrullaje y de esta forma concientizar a la poblaci\u00f3n sobre la peligrosidad de realizar quemas y chaqueos en la [&hellip;]","og_url":"https:\/\/www.eldiario.net\/portal\/2021\/06\/13\/efectivos-navales-desplegados-para-prevenir-incendios-en-la-chiquitania\/","og_site_name":"El Diario - Bolivia","article_publisher":"https:\/\/www.facebook.com\/eldiario.bolivia\/","article_published_time":"2021-06-13T09:05:37+00:00","author":"Jeanette","twitter_card":"summary_large_image","twitter_creator":"@eldiario_net","twitter_site":"@eldiario_net","twitter_misc":{"Escrito por":"Jeanette","Tiempo de lectura":"2 minutos"},"schema":{"@context":"https:\/\/schema.org","@graph":[{"@type":"Article","@id":"https:\/\/www.eldiario.net\/portal\/2021\/06\/13\/efectivos-navales-desplegados-para-prevenir-incendios-en-la-chiquitania\/#article","isPartOf":{"@id":"https:\/\/www.eldiario.net\/portal\/2021\/06\/13\/efectivos-navales-desplegados-para-prevenir-incendios-en-la-chiquitania\/"},"author":{"name":"Jeanette","@id":"https:\/\/www.eldiario.net\/portal\/#\/schema\/person\/f46445640444750d7d753ccd04ae01b7"},"headline":"Efectivos navales desplegados para prevenir incendios en la Chiquitan\u00eda","datePublished":"2021-06-13T09:05:37+00:00","mainEntityOfPage":{"@id":"https:\/\/www.eldiario.net\/portal\/2021\/06\/13\/efectivos-navales-desplegados-para-prevenir-incendios-en-la-chiquitania\/"},"wordCount":341,"publisher":{"@id":"https:\/\/www.eldiario.net\/portal\/#organization"},"image":{"@id":"https:\/\/www.eldiario.net\/portal\/2021\/06\/13\/efectivos-navales-desplegados-para-prevenir-incendios-en-la-chiquitania\/#primaryimage"},"thumbnailUrl":"","articleSection":["Sociedad - Seguridad"],"inLanguage":"es"},{"@type":"WebPage","@id":"https:\/\/www.eldiario.net\/portal\/2021\/06\/13\/efectivos-navales-desplegados-para-prevenir-incendios-en-la-chiquitania\/","url":"https:\/\/www.eldiario.net\/portal\/2021\/06\/13\/efectivos-navales-desplegados-para-prevenir-incendios-en-la-chiquitania\/","name":"Efectivos navales desplegados para prevenir incendios en la Chiquitan\u00eda - El Diario - Bolivia","isPartOf":{"@id":"https:\/\/www.eldiario.net\/portal\/#website"},"primaryImageOfPage":{"@id":"https:\/\/www.eldiario.net\/portal\/2021\/06\/13\/efectivos-navales-desplegados-para-prevenir-incendios-en-la-chiquitania\/#primaryimage"},"image":{"@id":"https:\/\/www.eldiario.net\/portal\/2021\/06\/13\/efectivos-navales-desplegados-para-prevenir-incendios-en-la-chiquitania\/#primaryimage"},"thumbnailUrl":"","datePublished":"2021-06-13T09:05:37+00:00","breadcrumb":{"@id":"https:\/\/www.eldiario.net\/portal\/2021\/06\/13\/efectivos-navales-desplegados-para-prevenir-incendios-en-la-chiquitania\/#breadcrumb"},"inLanguage":"es","potentialAction":[{"@type":"ReadAction","target":["https:\/\/www.eldiario.net\/portal\/2021\/06\/13\/efectivos-navales-desplegados-para-prevenir-incendios-en-la-chiquitania\/"]}]},{"@type":"ImageObject","inLanguage":"es","@id":"https:\/\/www.eldiario.net\/portal\/2021\/06\/13\/efectivos-navales-desplegados-para-prevenir-incendios-en-la-chiquitania\/#primaryimage","url":"","contentUrl":""},{"@type":"BreadcrumbList","@id":"https:\/\/www.eldiario.net\/portal\/2021\/06\/13\/efectivos-navales-desplegados-para-prevenir-incendios-en-la-chiquitania\/#breadcrumb","itemListElement":[{"@type":"ListItem","position":1,"name":"Portada","item":"https:\/\/www.eldiario.net\/portal\/"},{"@type":"ListItem","position":2,"name":"Efectivos navales desplegados para prevenir incendios en la Chiquitan\u00eda"}]},{"@type":"WebSite","@id":"https:\/\/www.eldiario.net\/portal\/#website","url":"https:\/\/www.eldiario.net\/portal\/","name":"El Diario - Decano de la prensa nacional","description":"El Diario - Decano de la prensa nacional","publisher":{"@id":"https:\/\/www.eldiario.net\/portal\/#organization"},"potentialAction":[{"@type":"SearchAction","target":{"@type":"EntryPoint","urlTemplate":"https:\/\/www.eldiario.net\/portal\/?s={search_term_string}"},"query-input":{"@type":"PropertyValueSpecification","valueRequired":true,"valueName":"search_term_string"}}],"inLanguage":"es"},{"@type":"Organization","@id":"https:\/\/www.eldiario.net\/portal\/#organization","name":"El Diario - Decano de la prensa nacional","url":"https:\/\/www.eldiario.net\/portal\/","logo":{"@type":"ImageObject","inLanguage":"es","@id":"https:\/\/www.eldiario.net\/portal\/#\/schema\/logo\/image\/","url":"https:\/\/www.eldiario.net\/portal\/wp-content\/uploads\/2023\/07\/logo_ED.jpg","contentUrl":"https:\/\/www.eldiario.net\/portal\/wp-content\/uploads\/2023\/07\/logo_ED.jpg","width":272,"height":52,"caption":"El Diario - Decano de la prensa nacional"},"image":{"@id":"https:\/\/www.eldiario.net\/portal\/#\/schema\/logo\/image\/"},"sameAs":["https:\/\/www.facebook.com\/eldiario.bolivia\/","https:\/\/x.com\/eldiario_net"]},{"@type":"Person","@id":"https:\/\/www.eldiario.net\/portal\/#\/schema\/person\/f46445640444750d7d753ccd04ae01b7","name":"Jeanette","image":{"@type":"ImageObject","inLanguage":"es","@id":"https:\/\/secure.gravatar.com\/avatar\/3ea2118a5f7dad2b7138b1187a6b7ee55f160b9968b66013c3a3ef39dd7e5798?s=96&d=mm&r=g","url":"https:\/\/secure.gravatar.com\/avatar\/3ea2118a5f7dad2b7138b1187a6b7ee55f160b9968b66013c3a3ef39dd7e5798?s=96&d=mm&r=g","contentUrl":"https:\/\/secure.gravatar.com\/avatar\/3ea2118a5f7dad2b7138b1187a6b7ee55f160b9968b66013c3a3ef39dd7e5798?s=96&d=mm&r=g","caption":"Jeanette"},"sameAs":["https:\/\/www.eldiario.net\/portal"],"url":"https:\/\/www.eldiario.net\/portal\/author\/jeanette\/"}]}},"_links":{"self":[{"href":"https:\/\/www.eldiario.net\/portal\/wp-json\/wp\/v2\/posts\/10108","targetHints":{"allow":["GET"]}}],"collection":[{"href":"https:\/\/www.eldiario.net\/portal\/wp-json\/wp\/v2\/posts"}],"about":[{"href":"https:\/\/www.eldiario.net\/portal\/wp-json\/wp\/v2\/types\/post"}],"author":[{"embeddable":true,"href":"https:\/\/www.eldiario.net\/portal\/wp-json\/wp\/v2\/users\/1"}],"replies":[{"embeddable":true,"href":"https:\/\/www.eldiario.net\/portal\/wp-json\/wp\/v2\/comments?post=10108"}],"version-history":[{"count":0,"href":"https:\/\/www.eldiario.net\/portal\/wp-json\/wp\/v2\/posts\/10108\/revisions"}],"wp:attachment":[{"href":"https:\/\/www.eldiario.net\/portal\/wp-json\/wp\/v2\/media?parent=10108"}],"wp:term":[{"taxonomy":"category","embeddable":true,"href":"https:\/\/www.eldiario.net\/portal\/wp-json\/wp\/v2\/categories?post=10108"},{"taxonomy":"post_tag","embeddable":true,"href":"https:\/\/www.eldiario.net\/portal\/wp-json\/wp\/v2\/tags?post=10108"}],"curies":[{"name":"wp","href":"https:\/\/api.w.org\/{rel}","templated":true}]}}