{"id":10105,"date":"2021-06-13T05:04:38","date_gmt":"2021-06-13T09:04:38","guid":{"rendered":"https:\/\/www.eldiario.net\/portal\/?p=10105"},"modified":"2021-06-13T05:04:38","modified_gmt":"2021-06-13T09:04:38","slug":"operativos-intervienen-locales-de-venta-de-bebidas-alcoholicas","status":"publish","type":"post","link":"https:\/\/www.eldiario.net\/portal\/2021\/06\/13\/operativos-intervienen-locales-de-venta-de-bebidas-alcoholicas\/","title":{"rendered":"Operativos intervienen locales  de venta de bebidas alcoh\u00f3licas"},"content":{"rendered":"<p>Con la finalidad de dar cumplimiento a las medidas de restricci\u00f3n decretadas para contener la ola de nuevos contagios por coronavirus, operativos policiales coordinados con la Guardia Municipal de La Paz intervinieron locales del centro de la ciudad, donde se consum\u00edan bebidas alcoh\u00f3licas y se ignoraban por completo las medidas de bioseguridad.<br \/>\nEstas intervenciones se realizaron en la zona central de la ciudad de La Paz, logrando a descubrir dos discotecas y un lenocinio que atend\u00edan al p\u00fablico de forma normal, sin importar que estas actividades est\u00e9n restringidas para evitar que se conviertan en focos de contagios de covid-19<br \/>\nLa Unidad T\u00e1ctica de Operaciones Policiales (UTOP), dando cumplimiento a las determinaciones del Comit\u00e9 Operaciones de Emergencia (COE) departamental realiz\u00f3 este patrullaje para controlar el consumo de bebidas alcoh\u00f3licas y la aglomeraci\u00f3n de personas.<br \/>\nPor parte del municipio, el secretario municipal de Desarrollo Humano, Marco Agramont, inform\u00f3 que las actividades econ\u00f3micas que fueron intervenidas contaban con la presencia de clientes consumiendo bebidas alcoh\u00f3licas y sin las medidas de bioseguridad recomendadas por autoridades sanitarias para prevenir nuevos contagios.<br \/>\n\u201cHemos podido observar, en plenas disposiciones del Comit\u00e9 de Operaciones de Emergencia Departamental (COED), que no deben existir estos comercios que expenden bebidas alcoh\u00f3licas. Estamos viendo esa situaci\u00f3n y estamos procediendo a hacer su respectiva intervenci\u00f3n. Ha habido consumo de bebidas alcoh\u00f3licas de personas que han sido conducidas a conciliaci\u00f3n ciudadana\u201d, indic\u00f3.<br \/>\nEn total fueron intervenidos dos locales que funcionaban como discotecas y un lenocinio en la calle Ingavi del centro pace\u00f1o. En todos los casos se procedi\u00f3 con el decomiso de bebidas y el traslado de los infractores hasta dependencias policiales<br \/>\nSe inform\u00f3 que los controles a centros de expendio de bebidas alcoh\u00f3licas y actividades similares se extender\u00e1 todo el fin de semana para evitar que se incremente el n\u00famero de contagios por coronavirus que en la \u00faltima semana ha registrado un alto porcentaje de nuevos casos y decesos.<\/p>\n","protected":false},"excerpt":{"rendered":"<p>Con la finalidad de dar cumplimiento a las medidas de restricci\u00f3n decretadas para contener la ola de nuevos contagios por coronavirus, operativos policiales coordinados con la Guardia Municipal de La Paz intervinieron locales del centro de la ciudad, donde se consum\u00edan bebidas alcoh\u00f3licas y se ignoraban por completo las medidas de bioseguridad. Estas intervenciones se [&hellip;]<\/p>\n","protected":false},"author":1,"featured_media":10106,"comment_status":"closed","ping_status":"closed","sticky":false,"template":"","format":"standard","meta":{"_acf_changed":false,"footnotes":""},"categories":[39],"tags":[],"class_list":["post-10105","post","type-post","status-publish","format-standard","has-post-thumbnail","category-sociedad"],"acf":{"antetitulo":""},"yoast_head":"<!-- This site is optimized with the Yoast SEO plugin v28.3 - https:\/\/yoast.com\/product\/yoast-seo-wordpress\/ -->\n<title>Operativos intervienen locales de venta de bebidas alcoh\u00f3licas - El Diario - Bolivia<\/title>\n<meta name=\"robots\" content=\"index, follow, max-snippet:-1, max-image-preview:large, max-video-preview:-1\" \/>\n<link rel=\"canonical\" href=\"https:\/\/www.eldiario.net\/portal\/2021\/06\/13\/operativos-intervienen-locales-de-venta-de-bebidas-alcoholicas\/\" \/>\n<meta property=\"og:locale\" content=\"es_ES\" \/>\n<meta property=\"og:type\" content=\"article\" \/>\n<meta property=\"og:title\" content=\"Operativos intervienen locales de venta de bebidas alcoh\u00f3licas - El Diario - Bolivia\" \/>\n<meta property=\"og:description\" content=\"Con la finalidad de dar cumplimiento a las medidas de restricci\u00f3n decretadas para contener la ola de nuevos contagios por coronavirus, operativos policiales coordinados con la Guardia Municipal de La Paz intervinieron locales del centro de la ciudad, donde se consum\u00edan bebidas alcoh\u00f3licas y se ignoraban por completo las medidas de bioseguridad. Estas intervenciones se [&hellip;]\" \/>\n<meta property=\"og:url\" content=\"https:\/\/www.eldiario.net\/portal\/2021\/06\/13\/operativos-intervienen-locales-de-venta-de-bebidas-alcoholicas\/\" \/>\n<meta property=\"og:site_name\" content=\"El Diario - Bolivia\" \/>\n<meta property=\"article:publisher\" content=\"https:\/\/www.facebook.com\/eldiario.bolivia\/\" \/>\n<meta property=\"article:published_time\" content=\"2021-06-13T09:04:38+00:00\" \/>\n<meta name=\"author\" content=\"Jeanette\" \/>\n<meta name=\"twitter:card\" content=\"summary_large_image\" \/>\n<meta name=\"twitter:creator\" content=\"@eldiario_net\" \/>\n<meta name=\"twitter:site\" content=\"@eldiario_net\" \/>\n<meta name=\"twitter:label1\" content=\"Escrito por\" \/>\n\t<meta name=\"twitter:data1\" content=\"Jeanette\" \/>\n\t<meta name=\"twitter:label2\" content=\"Tiempo de lectura\" \/>\n\t<meta name=\"twitter:data2\" content=\"2 minutos\" \/>\n<script type=\"application\/ld+json\" class=\"yoast-schema-graph\">{\"@context\":\"https:\\\/\\\/schema.org\",\"@graph\":[{\"@type\":\"Article\",\"@id\":\"https:\\\/\\\/www.eldiario.net\\\/portal\\\/2021\\\/06\\\/13\\\/operativos-intervienen-locales-de-venta-de-bebidas-alcoholicas\\\/#article\",\"isPartOf\":{\"@id\":\"https:\\\/\\\/www.eldiario.net\\\/portal\\\/2021\\\/06\\\/13\\\/operativos-intervienen-locales-de-venta-de-bebidas-alcoholicas\\\/\"},\"author\":{\"name\":\"Jeanette\",\"@id\":\"https:\\\/\\\/www.eldiario.net\\\/portal\\\/#\\\/schema\\\/person\\\/f46445640444750d7d753ccd04ae01b7\"},\"headline\":\"Operativos intervienen locales de venta de bebidas alcoh\u00f3licas\",\"datePublished\":\"2021-06-13T09:04:38+00:00\",\"mainEntityOfPage\":{\"@id\":\"https:\\\/\\\/www.eldiario.net\\\/portal\\\/2021\\\/06\\\/13\\\/operativos-intervienen-locales-de-venta-de-bebidas-alcoholicas\\\/\"},\"wordCount\":344,\"publisher\":{\"@id\":\"https:\\\/\\\/www.eldiario.net\\\/portal\\\/#organization\"},\"image\":{\"@id\":\"https:\\\/\\\/www.eldiario.net\\\/portal\\\/2021\\\/06\\\/13\\\/operativos-intervienen-locales-de-venta-de-bebidas-alcoholicas\\\/#primaryimage\"},\"thumbnailUrl\":\"\",\"articleSection\":[\"Sociedad - Seguridad\"],\"inLanguage\":\"es\"},{\"@type\":\"WebPage\",\"@id\":\"https:\\\/\\\/www.eldiario.net\\\/portal\\\/2021\\\/06\\\/13\\\/operativos-intervienen-locales-de-venta-de-bebidas-alcoholicas\\\/\",\"url\":\"https:\\\/\\\/www.eldiario.net\\\/portal\\\/2021\\\/06\\\/13\\\/operativos-intervienen-locales-de-venta-de-bebidas-alcoholicas\\\/\",\"name\":\"Operativos intervienen locales de venta de bebidas alcoh\u00f3licas - El Diario - Bolivia\",\"isPartOf\":{\"@id\":\"https:\\\/\\\/www.eldiario.net\\\/portal\\\/#website\"},\"primaryImageOfPage\":{\"@id\":\"https:\\\/\\\/www.eldiario.net\\\/portal\\\/2021\\\/06\\\/13\\\/operativos-intervienen-locales-de-venta-de-bebidas-alcoholicas\\\/#primaryimage\"},\"image\":{\"@id\":\"https:\\\/\\\/www.eldiario.net\\\/portal\\\/2021\\\/06\\\/13\\\/operativos-intervienen-locales-de-venta-de-bebidas-alcoholicas\\\/#primaryimage\"},\"thumbnailUrl\":\"\",\"datePublished\":\"2021-06-13T09:04:38+00:00\",\"breadcrumb\":{\"@id\":\"https:\\\/\\\/www.eldiario.net\\\/portal\\\/2021\\\/06\\\/13\\\/operativos-intervienen-locales-de-venta-de-bebidas-alcoholicas\\\/#breadcrumb\"},\"inLanguage\":\"es\",\"potentialAction\":[{\"@type\":\"ReadAction\",\"target\":[\"https:\\\/\\\/www.eldiario.net\\\/portal\\\/2021\\\/06\\\/13\\\/operativos-intervienen-locales-de-venta-de-bebidas-alcoholicas\\\/\"]}]},{\"@type\":\"ImageObject\",\"inLanguage\":\"es\",\"@id\":\"https:\\\/\\\/www.eldiario.net\\\/portal\\\/2021\\\/06\\\/13\\\/operativos-intervienen-locales-de-venta-de-bebidas-alcoholicas\\\/#primaryimage\",\"url\":\"\",\"contentUrl\":\"\"},{\"@type\":\"BreadcrumbList\",\"@id\":\"https:\\\/\\\/www.eldiario.net\\\/portal\\\/2021\\\/06\\\/13\\\/operativos-intervienen-locales-de-venta-de-bebidas-alcoholicas\\\/#breadcrumb\",\"itemListElement\":[{\"@type\":\"ListItem\",\"position\":1,\"name\":\"Portada\",\"item\":\"https:\\\/\\\/www.eldiario.net\\\/portal\\\/\"},{\"@type\":\"ListItem\",\"position\":2,\"name\":\"Operativos intervienen locales de venta de bebidas alcoh\u00f3licas\"}]},{\"@type\":\"WebSite\",\"@id\":\"https:\\\/\\\/www.eldiario.net\\\/portal\\\/#website\",\"url\":\"https:\\\/\\\/www.eldiario.net\\\/portal\\\/\",\"name\":\"El Diario - Decano de la prensa nacional\",\"description\":\"El Diario - Decano de la prensa nacional\",\"publisher\":{\"@id\":\"https:\\\/\\\/www.eldiario.net\\\/portal\\\/#organization\"},\"potentialAction\":[{\"@type\":\"SearchAction\",\"target\":{\"@type\":\"EntryPoint\",\"urlTemplate\":\"https:\\\/\\\/www.eldiario.net\\\/portal\\\/?s={search_term_string}\"},\"query-input\":{\"@type\":\"PropertyValueSpecification\",\"valueRequired\":true,\"valueName\":\"search_term_string\"}}],\"inLanguage\":\"es\"},{\"@type\":\"Organization\",\"@id\":\"https:\\\/\\\/www.eldiario.net\\\/portal\\\/#organization\",\"name\":\"El Diario - Decano de la prensa nacional\",\"url\":\"https:\\\/\\\/www.eldiario.net\\\/portal\\\/\",\"logo\":{\"@type\":\"ImageObject\",\"inLanguage\":\"es\",\"@id\":\"https:\\\/\\\/www.eldiario.net\\\/portal\\\/#\\\/schema\\\/logo\\\/image\\\/\",\"url\":\"https:\\\/\\\/www.eldiario.net\\\/portal\\\/wp-content\\\/uploads\\\/2023\\\/07\\\/logo_ED.jpg\",\"contentUrl\":\"https:\\\/\\\/www.eldiario.net\\\/portal\\\/wp-content\\\/uploads\\\/2023\\\/07\\\/logo_ED.jpg\",\"width\":272,\"height\":52,\"caption\":\"El Diario - Decano de la prensa nacional\"},\"image\":{\"@id\":\"https:\\\/\\\/www.eldiario.net\\\/portal\\\/#\\\/schema\\\/logo\\\/image\\\/\"},\"sameAs\":[\"https:\\\/\\\/www.facebook.com\\\/eldiario.bolivia\\\/\",\"https:\\\/\\\/x.com\\\/eldiario_net\"]},{\"@type\":\"Person\",\"@id\":\"https:\\\/\\\/www.eldiario.net\\\/portal\\\/#\\\/schema\\\/person\\\/f46445640444750d7d753ccd04ae01b7\",\"name\":\"Jeanette\",\"image\":{\"@type\":\"ImageObject\",\"inLanguage\":\"es\",\"@id\":\"https:\\\/\\\/secure.gravatar.com\\\/avatar\\\/3ea2118a5f7dad2b7138b1187a6b7ee55f160b9968b66013c3a3ef39dd7e5798?s=96&d=mm&r=g\",\"url\":\"https:\\\/\\\/secure.gravatar.com\\\/avatar\\\/3ea2118a5f7dad2b7138b1187a6b7ee55f160b9968b66013c3a3ef39dd7e5798?s=96&d=mm&r=g\",\"contentUrl\":\"https:\\\/\\\/secure.gravatar.com\\\/avatar\\\/3ea2118a5f7dad2b7138b1187a6b7ee55f160b9968b66013c3a3ef39dd7e5798?s=96&d=mm&r=g\",\"caption\":\"Jeanette\"},\"sameAs\":[\"https:\\\/\\\/www.eldiario.net\\\/portal\"],\"url\":\"https:\\\/\\\/www.eldiario.net\\\/portal\\\/author\\\/jeanette\\\/\"}]}<\/script>\n<!-- \/ Yoast SEO plugin. -->","yoast_head_json":{"title":"Operativos intervienen locales de venta de bebidas alcoh\u00f3licas - El Diario - Bolivia","robots":{"index":"index","follow":"follow","max-snippet":"max-snippet:-1","max-image-preview":"max-image-preview:large","max-video-preview":"max-video-preview:-1"},"canonical":"https:\/\/www.eldiario.net\/portal\/2021\/06\/13\/operativos-intervienen-locales-de-venta-de-bebidas-alcoholicas\/","og_locale":"es_ES","og_type":"article","og_title":"Operativos intervienen locales de venta de bebidas alcoh\u00f3licas - El Diario - Bolivia","og_description":"Con la finalidad de dar cumplimiento a las medidas de restricci\u00f3n decretadas para contener la ola de nuevos contagios por coronavirus, operativos policiales coordinados con la Guardia Municipal de La Paz intervinieron locales del centro de la ciudad, donde se consum\u00edan bebidas alcoh\u00f3licas y se ignoraban por completo las medidas de bioseguridad. Estas intervenciones se [&hellip;]","og_url":"https:\/\/www.eldiario.net\/portal\/2021\/06\/13\/operativos-intervienen-locales-de-venta-de-bebidas-alcoholicas\/","og_site_name":"El Diario - Bolivia","article_publisher":"https:\/\/www.facebook.com\/eldiario.bolivia\/","article_published_time":"2021-06-13T09:04:38+00:00","author":"Jeanette","twitter_card":"summary_large_image","twitter_creator":"@eldiario_net","twitter_site":"@eldiario_net","twitter_misc":{"Escrito por":"Jeanette","Tiempo de lectura":"2 minutos"},"schema":{"@context":"https:\/\/schema.org","@graph":[{"@type":"Article","@id":"https:\/\/www.eldiario.net\/portal\/2021\/06\/13\/operativos-intervienen-locales-de-venta-de-bebidas-alcoholicas\/#article","isPartOf":{"@id":"https:\/\/www.eldiario.net\/portal\/2021\/06\/13\/operativos-intervienen-locales-de-venta-de-bebidas-alcoholicas\/"},"author":{"name":"Jeanette","@id":"https:\/\/www.eldiario.net\/portal\/#\/schema\/person\/f46445640444750d7d753ccd04ae01b7"},"headline":"Operativos intervienen locales de venta de bebidas alcoh\u00f3licas","datePublished":"2021-06-13T09:04:38+00:00","mainEntityOfPage":{"@id":"https:\/\/www.eldiario.net\/portal\/2021\/06\/13\/operativos-intervienen-locales-de-venta-de-bebidas-alcoholicas\/"},"wordCount":344,"publisher":{"@id":"https:\/\/www.eldiario.net\/portal\/#organization"},"image":{"@id":"https:\/\/www.eldiario.net\/portal\/2021\/06\/13\/operativos-intervienen-locales-de-venta-de-bebidas-alcoholicas\/#primaryimage"},"thumbnailUrl":"","articleSection":["Sociedad - Seguridad"],"inLanguage":"es"},{"@type":"WebPage","@id":"https:\/\/www.eldiario.net\/portal\/2021\/06\/13\/operativos-intervienen-locales-de-venta-de-bebidas-alcoholicas\/","url":"https:\/\/www.eldiario.net\/portal\/2021\/06\/13\/operativos-intervienen-locales-de-venta-de-bebidas-alcoholicas\/","name":"Operativos intervienen locales de venta de bebidas alcoh\u00f3licas - El Diario - Bolivia","isPartOf":{"@id":"https:\/\/www.eldiario.net\/portal\/#website"},"primaryImageOfPage":{"@id":"https:\/\/www.eldiario.net\/portal\/2021\/06\/13\/operativos-intervienen-locales-de-venta-de-bebidas-alcoholicas\/#primaryimage"},"image":{"@id":"https:\/\/www.eldiario.net\/portal\/2021\/06\/13\/operativos-intervienen-locales-de-venta-de-bebidas-alcoholicas\/#primaryimage"},"thumbnailUrl":"","datePublished":"2021-06-13T09:04:38+00:00","breadcrumb":{"@id":"https:\/\/www.eldiario.net\/portal\/2021\/06\/13\/operativos-intervienen-locales-de-venta-de-bebidas-alcoholicas\/#breadcrumb"},"inLanguage":"es","potentialAction":[{"@type":"ReadAction","target":["https:\/\/www.eldiario.net\/portal\/2021\/06\/13\/operativos-intervienen-locales-de-venta-de-bebidas-alcoholicas\/"]}]},{"@type":"ImageObject","inLanguage":"es","@id":"https:\/\/www.eldiario.net\/portal\/2021\/06\/13\/operativos-intervienen-locales-de-venta-de-bebidas-alcoholicas\/#primaryimage","url":"","contentUrl":""},{"@type":"BreadcrumbList","@id":"https:\/\/www.eldiario.net\/portal\/2021\/06\/13\/operativos-intervienen-locales-de-venta-de-bebidas-alcoholicas\/#breadcrumb","itemListElement":[{"@type":"ListItem","position":1,"name":"Portada","item":"https:\/\/www.eldiario.net\/portal\/"},{"@type":"ListItem","position":2,"name":"Operativos intervienen locales de venta de bebidas alcoh\u00f3licas"}]},{"@type":"WebSite","@id":"https:\/\/www.eldiario.net\/portal\/#website","url":"https:\/\/www.eldiario.net\/portal\/","name":"El Diario - Decano de la prensa nacional","description":"El Diario - Decano de la prensa nacional","publisher":{"@id":"https:\/\/www.eldiario.net\/portal\/#organization"},"potentialAction":[{"@type":"SearchAction","target":{"@type":"EntryPoint","urlTemplate":"https:\/\/www.eldiario.net\/portal\/?s={search_term_string}"},"query-input":{"@type":"PropertyValueSpecification","valueRequired":true,"valueName":"search_term_string"}}],"inLanguage":"es"},{"@type":"Organization","@id":"https:\/\/www.eldiario.net\/portal\/#organization","name":"El Diario - Decano de la prensa nacional","url":"https:\/\/www.eldiario.net\/portal\/","logo":{"@type":"ImageObject","inLanguage":"es","@id":"https:\/\/www.eldiario.net\/portal\/#\/schema\/logo\/image\/","url":"https:\/\/www.eldiario.net\/portal\/wp-content\/uploads\/2023\/07\/logo_ED.jpg","contentUrl":"https:\/\/www.eldiario.net\/portal\/wp-content\/uploads\/2023\/07\/logo_ED.jpg","width":272,"height":52,"caption":"El Diario - Decano de la prensa nacional"},"image":{"@id":"https:\/\/www.eldiario.net\/portal\/#\/schema\/logo\/image\/"},"sameAs":["https:\/\/www.facebook.com\/eldiario.bolivia\/","https:\/\/x.com\/eldiario_net"]},{"@type":"Person","@id":"https:\/\/www.eldiario.net\/portal\/#\/schema\/person\/f46445640444750d7d753ccd04ae01b7","name":"Jeanette","image":{"@type":"ImageObject","inLanguage":"es","@id":"https:\/\/secure.gravatar.com\/avatar\/3ea2118a5f7dad2b7138b1187a6b7ee55f160b9968b66013c3a3ef39dd7e5798?s=96&d=mm&r=g","url":"https:\/\/secure.gravatar.com\/avatar\/3ea2118a5f7dad2b7138b1187a6b7ee55f160b9968b66013c3a3ef39dd7e5798?s=96&d=mm&r=g","contentUrl":"https:\/\/secure.gravatar.com\/avatar\/3ea2118a5f7dad2b7138b1187a6b7ee55f160b9968b66013c3a3ef39dd7e5798?s=96&d=mm&r=g","caption":"Jeanette"},"sameAs":["https:\/\/www.eldiario.net\/portal"],"url":"https:\/\/www.eldiario.net\/portal\/author\/jeanette\/"}]}},"_links":{"self":[{"href":"https:\/\/www.eldiario.net\/portal\/wp-json\/wp\/v2\/posts\/10105","targetHints":{"allow":["GET"]}}],"collection":[{"href":"https:\/\/www.eldiario.net\/portal\/wp-json\/wp\/v2\/posts"}],"about":[{"href":"https:\/\/www.eldiario.net\/portal\/wp-json\/wp\/v2\/types\/post"}],"author":[{"embeddable":true,"href":"https:\/\/www.eldiario.net\/portal\/wp-json\/wp\/v2\/users\/1"}],"replies":[{"embeddable":true,"href":"https:\/\/www.eldiario.net\/portal\/wp-json\/wp\/v2\/comments?post=10105"}],"version-history":[{"count":0,"href":"https:\/\/www.eldiario.net\/portal\/wp-json\/wp\/v2\/posts\/10105\/revisions"}],"wp:attachment":[{"href":"https:\/\/www.eldiario.net\/portal\/wp-json\/wp\/v2\/media?parent=10105"}],"wp:term":[{"taxonomy":"category","embeddable":true,"href":"https:\/\/www.eldiario.net\/portal\/wp-json\/wp\/v2\/categories?post=10105"},{"taxonomy":"post_tag","embeddable":true,"href":"https:\/\/www.eldiario.net\/portal\/wp-json\/wp\/v2\/tags?post=10105"}],"curies":[{"name":"wp","href":"https:\/\/api.w.org\/{rel}","templated":true}]}}