{"id":10102,"date":"2021-06-13T05:03:26","date_gmt":"2021-06-13T09:03:26","guid":{"rendered":"https:\/\/www.eldiario.net\/portal\/?p=10102"},"modified":"2021-06-13T05:03:26","modified_gmt":"2021-06-13T09:03:26","slug":"venta-de-quinua-cae-en-mas-del-100","status":"publish","type":"post","link":"https:\/\/www.eldiario.net\/portal\/2021\/06\/13\/venta-de-quinua-cae-en-mas-del-100\/","title":{"rendered":"Venta de quinua cae en m\u00e1s del 100 %"},"content":{"rendered":"<p>La exportaci\u00f3n de quinua cay\u00f3 en los \u00faltimos a\u00f1os a niveles menores de 100 millones de d\u00f3lares. De acuerdo con el Instituto Nacional de Estad\u00edstica (INE), en 2014 las ventas del grano superaron los 196 millones, pero en 2020 la cifra fue de 92,4 millones, y hasta abril de 2021 la suma alcanza a 20,2 millones.<br \/>\nLas exportaciones de quinua entre 2014 a 2020 bajaron en m\u00e1s de 100 %, y el 2017 registra la venta m\u00e1s baja de los a\u00f1os analizados, 74.5 millones de d\u00f3lares, seg\u00fan los datos del INE.<br \/>\nChina y Estados representan los mercados m\u00e1s importantes para la quinua boliviana, cuyo valor supera los 8 millones de d\u00f3lares.<\/p>\n<p>Precio<br \/>\nLos productores de quinua enfrentan problemas de producci\u00f3n y comercializaci\u00f3n, los rendimientos no compensan los costos de operaci\u00f3n que implican el proceso del cultivo, inform\u00f3 Jes\u00fas Equise Mamani, director general ejecutivo del Centro Internacional de la Quinua.<br \/>\nUno de los temas que preocupa al Director General del CIQ es la variaci\u00f3n del precio que se presenta en el mercado interno, es decir en los centros de venta de Challapata, Caracollo y Patacamaya, donde rige la oferta y la demanda.<br \/>\nInform\u00f3 que el precio de la quina real en esos mercados es fluctuante, ya que puede costar entre 280 a 320 bolivianos el quintal, mientras en el internacional la tonelada m\u00e9trica oscila de 2.000 a 2.500 d\u00f3lares.<\/p>\n<p>Propuesta<br \/>\nAnte ese panorama adverso para el sector, Aquise anunci\u00f3 que trabajan en una propuesta que apunta a aumentar el rendimiento de la quinua, ya que la menor producci\u00f3n sumada al bajo precio afecta a las familias productivas.<br \/>\nLos rendimientos por hect\u00e1rea no alcanzan las expectativas de los quinueros, y el precio en el mercado interno no cubre los costos de operaci\u00f3n, se\u00f1al\u00f3.<br \/>\nPor otra parte, la quinua y la papa requieren apoyo biotecnol\u00f3gico, ante la afectaci\u00f3n que sufre el producto en las regiones productoras.<br \/>\nGabriela Rivadeneira, experto en biotecnolog\u00eda, revel\u00f3 en el caf\u00e9 agro que present\u00f3 la Fexpocruz, hace dos semanas en Santa Cruz, que hay inquietud de parte de los productores de quinua y papa para que puedan, ambos productos, ingresar en la investigaci\u00f3n de semillas gen\u00e9ticamente modificadas, con el objetivo de elevar el rendimiento y reducir las p\u00e9rdidas.<\/p>\n","protected":false},"excerpt":{"rendered":"<p>La exportaci\u00f3n de quinua cay\u00f3 en los \u00faltimos a\u00f1os a niveles menores de 100 millones de d\u00f3lares. De acuerdo con el Instituto Nacional de Estad\u00edstica (INE), en 2014 las ventas del grano superaron los 196 millones, pero en 2020 la cifra fue de 92,4 millones, y hasta abril de 2021 la suma alcanza a 20,2 [&hellip;]<\/p>\n","protected":false},"author":1,"featured_media":10103,"comment_status":"closed","ping_status":"closed","sticky":false,"template":"","format":"standard","meta":{"_acf_changed":false,"footnotes":""},"categories":[7],"tags":[],"class_list":["post-10102","post","type-post","status-publish","format-standard","has-post-thumbnail","category-economia"],"acf":{"antetitulo":""},"yoast_head":"<!-- This site is optimized with the Yoast SEO plugin v28.4 - https:\/\/yoast.com\/product\/yoast-seo-wordpress\/ -->\n<title>Venta de quinua cae en m\u00e1s del 100 % - El Diario - Bolivia<\/title>\n<meta name=\"robots\" content=\"index, follow, max-snippet:-1, max-image-preview:large, max-video-preview:-1\" \/>\n<link rel=\"canonical\" href=\"https:\/\/www.eldiario.net\/portal\/2021\/06\/13\/venta-de-quinua-cae-en-mas-del-100\/\" \/>\n<meta property=\"og:locale\" content=\"es_ES\" \/>\n<meta property=\"og:type\" content=\"article\" \/>\n<meta property=\"og:title\" content=\"Venta de quinua cae en m\u00e1s del 100 % - El Diario - Bolivia\" \/>\n<meta property=\"og:description\" content=\"La exportaci\u00f3n de quinua cay\u00f3 en los \u00faltimos a\u00f1os a niveles menores de 100 millones de d\u00f3lares. De acuerdo con el Instituto Nacional de Estad\u00edstica (INE), en 2014 las ventas del grano superaron los 196 millones, pero en 2020 la cifra fue de 92,4 millones, y hasta abril de 2021 la suma alcanza a 20,2 [&hellip;]\" \/>\n<meta property=\"og:url\" content=\"https:\/\/www.eldiario.net\/portal\/2021\/06\/13\/venta-de-quinua-cae-en-mas-del-100\/\" \/>\n<meta property=\"og:site_name\" content=\"El Diario - Bolivia\" \/>\n<meta property=\"article:publisher\" content=\"https:\/\/www.facebook.com\/eldiario.bolivia\/\" \/>\n<meta property=\"article:published_time\" content=\"2021-06-13T09:03:26+00:00\" \/>\n<meta name=\"author\" content=\"Jeanette\" \/>\n<meta name=\"twitter:card\" content=\"summary_large_image\" \/>\n<meta name=\"twitter:creator\" content=\"@eldiario_net\" \/>\n<meta name=\"twitter:site\" content=\"@eldiario_net\" \/>\n<meta name=\"twitter:label1\" content=\"Escrito por\" \/>\n\t<meta name=\"twitter:data1\" content=\"Jeanette\" \/>\n\t<meta name=\"twitter:label2\" content=\"Tiempo de lectura\" \/>\n\t<meta name=\"twitter:data2\" content=\"2 minutos\" \/>\n<script type=\"application\/ld+json\" class=\"yoast-schema-graph\">{\"@context\":\"https:\\\/\\\/schema.org\",\"@graph\":[{\"@type\":\"Article\",\"@id\":\"https:\\\/\\\/www.eldiario.net\\\/portal\\\/2021\\\/06\\\/13\\\/venta-de-quinua-cae-en-mas-del-100\\\/#article\",\"isPartOf\":{\"@id\":\"https:\\\/\\\/www.eldiario.net\\\/portal\\\/2021\\\/06\\\/13\\\/venta-de-quinua-cae-en-mas-del-100\\\/\"},\"author\":{\"name\":\"Jeanette\",\"@id\":\"https:\\\/\\\/www.eldiario.net\\\/portal\\\/#\\\/schema\\\/person\\\/f46445640444750d7d753ccd04ae01b7\"},\"headline\":\"Venta de quinua cae en m\u00e1s del 100 %\",\"datePublished\":\"2021-06-13T09:03:26+00:00\",\"mainEntityOfPage\":{\"@id\":\"https:\\\/\\\/www.eldiario.net\\\/portal\\\/2021\\\/06\\\/13\\\/venta-de-quinua-cae-en-mas-del-100\\\/\"},\"wordCount\":387,\"publisher\":{\"@id\":\"https:\\\/\\\/www.eldiario.net\\\/portal\\\/#organization\"},\"image\":{\"@id\":\"https:\\\/\\\/www.eldiario.net\\\/portal\\\/2021\\\/06\\\/13\\\/venta-de-quinua-cae-en-mas-del-100\\\/#primaryimage\"},\"thumbnailUrl\":\"\",\"articleSection\":[\"Econom\u00eda\"],\"inLanguage\":\"es\"},{\"@type\":\"WebPage\",\"@id\":\"https:\\\/\\\/www.eldiario.net\\\/portal\\\/2021\\\/06\\\/13\\\/venta-de-quinua-cae-en-mas-del-100\\\/\",\"url\":\"https:\\\/\\\/www.eldiario.net\\\/portal\\\/2021\\\/06\\\/13\\\/venta-de-quinua-cae-en-mas-del-100\\\/\",\"name\":\"Venta de quinua cae en m\u00e1s del 100 % - El Diario - Bolivia\",\"isPartOf\":{\"@id\":\"https:\\\/\\\/www.eldiario.net\\\/portal\\\/#website\"},\"primaryImageOfPage\":{\"@id\":\"https:\\\/\\\/www.eldiario.net\\\/portal\\\/2021\\\/06\\\/13\\\/venta-de-quinua-cae-en-mas-del-100\\\/#primaryimage\"},\"image\":{\"@id\":\"https:\\\/\\\/www.eldiario.net\\\/portal\\\/2021\\\/06\\\/13\\\/venta-de-quinua-cae-en-mas-del-100\\\/#primaryimage\"},\"thumbnailUrl\":\"\",\"datePublished\":\"2021-06-13T09:03:26+00:00\",\"breadcrumb\":{\"@id\":\"https:\\\/\\\/www.eldiario.net\\\/portal\\\/2021\\\/06\\\/13\\\/venta-de-quinua-cae-en-mas-del-100\\\/#breadcrumb\"},\"inLanguage\":\"es\",\"potentialAction\":[{\"@type\":\"ReadAction\",\"target\":[\"https:\\\/\\\/www.eldiario.net\\\/portal\\\/2021\\\/06\\\/13\\\/venta-de-quinua-cae-en-mas-del-100\\\/\"]}]},{\"@type\":\"ImageObject\",\"inLanguage\":\"es\",\"@id\":\"https:\\\/\\\/www.eldiario.net\\\/portal\\\/2021\\\/06\\\/13\\\/venta-de-quinua-cae-en-mas-del-100\\\/#primaryimage\",\"url\":\"\",\"contentUrl\":\"\"},{\"@type\":\"BreadcrumbList\",\"@id\":\"https:\\\/\\\/www.eldiario.net\\\/portal\\\/2021\\\/06\\\/13\\\/venta-de-quinua-cae-en-mas-del-100\\\/#breadcrumb\",\"itemListElement\":[{\"@type\":\"ListItem\",\"position\":1,\"name\":\"Portada\",\"item\":\"https:\\\/\\\/www.eldiario.net\\\/portal\\\/\"},{\"@type\":\"ListItem\",\"position\":2,\"name\":\"Venta de quinua cae en m\u00e1s del 100 %\"}]},{\"@type\":\"WebSite\",\"@id\":\"https:\\\/\\\/www.eldiario.net\\\/portal\\\/#website\",\"url\":\"https:\\\/\\\/www.eldiario.net\\\/portal\\\/\",\"name\":\"El Diario - Decano de la prensa nacional\",\"description\":\"El Diario - Decano de la prensa nacional\",\"publisher\":{\"@id\":\"https:\\\/\\\/www.eldiario.net\\\/portal\\\/#organization\"},\"potentialAction\":[{\"@type\":\"SearchAction\",\"target\":{\"@type\":\"EntryPoint\",\"urlTemplate\":\"https:\\\/\\\/www.eldiario.net\\\/portal\\\/?s={search_term_string}\"},\"query-input\":{\"@type\":\"PropertyValueSpecification\",\"valueRequired\":true,\"valueName\":\"search_term_string\"}}],\"inLanguage\":\"es\"},{\"@type\":\"Organization\",\"@id\":\"https:\\\/\\\/www.eldiario.net\\\/portal\\\/#organization\",\"name\":\"El Diario - Decano de la prensa nacional\",\"url\":\"https:\\\/\\\/www.eldiario.net\\\/portal\\\/\",\"logo\":{\"@type\":\"ImageObject\",\"inLanguage\":\"es\",\"@id\":\"https:\\\/\\\/www.eldiario.net\\\/portal\\\/#\\\/schema\\\/logo\\\/image\\\/\",\"url\":\"https:\\\/\\\/www.eldiario.net\\\/portal\\\/wp-content\\\/uploads\\\/2023\\\/07\\\/logo_ED.jpg\",\"contentUrl\":\"https:\\\/\\\/www.eldiario.net\\\/portal\\\/wp-content\\\/uploads\\\/2023\\\/07\\\/logo_ED.jpg\",\"width\":272,\"height\":52,\"caption\":\"El Diario - Decano de la prensa nacional\"},\"image\":{\"@id\":\"https:\\\/\\\/www.eldiario.net\\\/portal\\\/#\\\/schema\\\/logo\\\/image\\\/\"},\"sameAs\":[\"https:\\\/\\\/www.facebook.com\\\/eldiario.bolivia\\\/\",\"https:\\\/\\\/x.com\\\/eldiario_net\"]},{\"@type\":\"Person\",\"@id\":\"https:\\\/\\\/www.eldiario.net\\\/portal\\\/#\\\/schema\\\/person\\\/f46445640444750d7d753ccd04ae01b7\",\"name\":\"Jeanette\",\"image\":{\"@type\":\"ImageObject\",\"inLanguage\":\"es\",\"@id\":\"https:\\\/\\\/secure.gravatar.com\\\/avatar\\\/3ea2118a5f7dad2b7138b1187a6b7ee55f160b9968b66013c3a3ef39dd7e5798?s=96&d=mm&r=g\",\"url\":\"https:\\\/\\\/secure.gravatar.com\\\/avatar\\\/3ea2118a5f7dad2b7138b1187a6b7ee55f160b9968b66013c3a3ef39dd7e5798?s=96&d=mm&r=g\",\"contentUrl\":\"https:\\\/\\\/secure.gravatar.com\\\/avatar\\\/3ea2118a5f7dad2b7138b1187a6b7ee55f160b9968b66013c3a3ef39dd7e5798?s=96&d=mm&r=g\",\"caption\":\"Jeanette\"},\"sameAs\":[\"https:\\\/\\\/www.eldiario.net\\\/portal\"],\"url\":\"https:\\\/\\\/www.eldiario.net\\\/portal\\\/author\\\/jeanette\\\/\"}]}<\/script>\n<!-- \/ Yoast SEO plugin. -->","yoast_head_json":{"title":"Venta de quinua cae en m\u00e1s del 100 % - El Diario - Bolivia","robots":{"index":"index","follow":"follow","max-snippet":"max-snippet:-1","max-image-preview":"max-image-preview:large","max-video-preview":"max-video-preview:-1"},"canonical":"https:\/\/www.eldiario.net\/portal\/2021\/06\/13\/venta-de-quinua-cae-en-mas-del-100\/","og_locale":"es_ES","og_type":"article","og_title":"Venta de quinua cae en m\u00e1s del 100 % - El Diario - Bolivia","og_description":"La exportaci\u00f3n de quinua cay\u00f3 en los \u00faltimos a\u00f1os a niveles menores de 100 millones de d\u00f3lares. De acuerdo con el Instituto Nacional de Estad\u00edstica (INE), en 2014 las ventas del grano superaron los 196 millones, pero en 2020 la cifra fue de 92,4 millones, y hasta abril de 2021 la suma alcanza a 20,2 [&hellip;]","og_url":"https:\/\/www.eldiario.net\/portal\/2021\/06\/13\/venta-de-quinua-cae-en-mas-del-100\/","og_site_name":"El Diario - Bolivia","article_publisher":"https:\/\/www.facebook.com\/eldiario.bolivia\/","article_published_time":"2021-06-13T09:03:26+00:00","author":"Jeanette","twitter_card":"summary_large_image","twitter_creator":"@eldiario_net","twitter_site":"@eldiario_net","twitter_misc":{"Escrito por":"Jeanette","Tiempo de lectura":"2 minutos"},"schema":{"@context":"https:\/\/schema.org","@graph":[{"@type":"Article","@id":"https:\/\/www.eldiario.net\/portal\/2021\/06\/13\/venta-de-quinua-cae-en-mas-del-100\/#article","isPartOf":{"@id":"https:\/\/www.eldiario.net\/portal\/2021\/06\/13\/venta-de-quinua-cae-en-mas-del-100\/"},"author":{"name":"Jeanette","@id":"https:\/\/www.eldiario.net\/portal\/#\/schema\/person\/f46445640444750d7d753ccd04ae01b7"},"headline":"Venta de quinua cae en m\u00e1s del 100 %","datePublished":"2021-06-13T09:03:26+00:00","mainEntityOfPage":{"@id":"https:\/\/www.eldiario.net\/portal\/2021\/06\/13\/venta-de-quinua-cae-en-mas-del-100\/"},"wordCount":387,"publisher":{"@id":"https:\/\/www.eldiario.net\/portal\/#organization"},"image":{"@id":"https:\/\/www.eldiario.net\/portal\/2021\/06\/13\/venta-de-quinua-cae-en-mas-del-100\/#primaryimage"},"thumbnailUrl":"","articleSection":["Econom\u00eda"],"inLanguage":"es"},{"@type":"WebPage","@id":"https:\/\/www.eldiario.net\/portal\/2021\/06\/13\/venta-de-quinua-cae-en-mas-del-100\/","url":"https:\/\/www.eldiario.net\/portal\/2021\/06\/13\/venta-de-quinua-cae-en-mas-del-100\/","name":"Venta de quinua cae en m\u00e1s del 100 % - El Diario - Bolivia","isPartOf":{"@id":"https:\/\/www.eldiario.net\/portal\/#website"},"primaryImageOfPage":{"@id":"https:\/\/www.eldiario.net\/portal\/2021\/06\/13\/venta-de-quinua-cae-en-mas-del-100\/#primaryimage"},"image":{"@id":"https:\/\/www.eldiario.net\/portal\/2021\/06\/13\/venta-de-quinua-cae-en-mas-del-100\/#primaryimage"},"thumbnailUrl":"","datePublished":"2021-06-13T09:03:26+00:00","breadcrumb":{"@id":"https:\/\/www.eldiario.net\/portal\/2021\/06\/13\/venta-de-quinua-cae-en-mas-del-100\/#breadcrumb"},"inLanguage":"es","potentialAction":[{"@type":"ReadAction","target":["https:\/\/www.eldiario.net\/portal\/2021\/06\/13\/venta-de-quinua-cae-en-mas-del-100\/"]}]},{"@type":"ImageObject","inLanguage":"es","@id":"https:\/\/www.eldiario.net\/portal\/2021\/06\/13\/venta-de-quinua-cae-en-mas-del-100\/#primaryimage","url":"","contentUrl":""},{"@type":"BreadcrumbList","@id":"https:\/\/www.eldiario.net\/portal\/2021\/06\/13\/venta-de-quinua-cae-en-mas-del-100\/#breadcrumb","itemListElement":[{"@type":"ListItem","position":1,"name":"Portada","item":"https:\/\/www.eldiario.net\/portal\/"},{"@type":"ListItem","position":2,"name":"Venta de quinua cae en m\u00e1s del 100 %"}]},{"@type":"WebSite","@id":"https:\/\/www.eldiario.net\/portal\/#website","url":"https:\/\/www.eldiario.net\/portal\/","name":"El Diario - Decano de la prensa nacional","description":"El Diario - Decano de la prensa nacional","publisher":{"@id":"https:\/\/www.eldiario.net\/portal\/#organization"},"potentialAction":[{"@type":"SearchAction","target":{"@type":"EntryPoint","urlTemplate":"https:\/\/www.eldiario.net\/portal\/?s={search_term_string}"},"query-input":{"@type":"PropertyValueSpecification","valueRequired":true,"valueName":"search_term_string"}}],"inLanguage":"es"},{"@type":"Organization","@id":"https:\/\/www.eldiario.net\/portal\/#organization","name":"El Diario - Decano de la prensa nacional","url":"https:\/\/www.eldiario.net\/portal\/","logo":{"@type":"ImageObject","inLanguage":"es","@id":"https:\/\/www.eldiario.net\/portal\/#\/schema\/logo\/image\/","url":"https:\/\/www.eldiario.net\/portal\/wp-content\/uploads\/2023\/07\/logo_ED.jpg","contentUrl":"https:\/\/www.eldiario.net\/portal\/wp-content\/uploads\/2023\/07\/logo_ED.jpg","width":272,"height":52,"caption":"El Diario - Decano de la prensa nacional"},"image":{"@id":"https:\/\/www.eldiario.net\/portal\/#\/schema\/logo\/image\/"},"sameAs":["https:\/\/www.facebook.com\/eldiario.bolivia\/","https:\/\/x.com\/eldiario_net"]},{"@type":"Person","@id":"https:\/\/www.eldiario.net\/portal\/#\/schema\/person\/f46445640444750d7d753ccd04ae01b7","name":"Jeanette","image":{"@type":"ImageObject","inLanguage":"es","@id":"https:\/\/secure.gravatar.com\/avatar\/3ea2118a5f7dad2b7138b1187a6b7ee55f160b9968b66013c3a3ef39dd7e5798?s=96&d=mm&r=g","url":"https:\/\/secure.gravatar.com\/avatar\/3ea2118a5f7dad2b7138b1187a6b7ee55f160b9968b66013c3a3ef39dd7e5798?s=96&d=mm&r=g","contentUrl":"https:\/\/secure.gravatar.com\/avatar\/3ea2118a5f7dad2b7138b1187a6b7ee55f160b9968b66013c3a3ef39dd7e5798?s=96&d=mm&r=g","caption":"Jeanette"},"sameAs":["https:\/\/www.eldiario.net\/portal"],"url":"https:\/\/www.eldiario.net\/portal\/author\/jeanette\/"}]}},"_links":{"self":[{"href":"https:\/\/www.eldiario.net\/portal\/wp-json\/wp\/v2\/posts\/10102","targetHints":{"allow":["GET"]}}],"collection":[{"href":"https:\/\/www.eldiario.net\/portal\/wp-json\/wp\/v2\/posts"}],"about":[{"href":"https:\/\/www.eldiario.net\/portal\/wp-json\/wp\/v2\/types\/post"}],"author":[{"embeddable":true,"href":"https:\/\/www.eldiario.net\/portal\/wp-json\/wp\/v2\/users\/1"}],"replies":[{"embeddable":true,"href":"https:\/\/www.eldiario.net\/portal\/wp-json\/wp\/v2\/comments?post=10102"}],"version-history":[{"count":0,"href":"https:\/\/www.eldiario.net\/portal\/wp-json\/wp\/v2\/posts\/10102\/revisions"}],"wp:attachment":[{"href":"https:\/\/www.eldiario.net\/portal\/wp-json\/wp\/v2\/media?parent=10102"}],"wp:term":[{"taxonomy":"category","embeddable":true,"href":"https:\/\/www.eldiario.net\/portal\/wp-json\/wp\/v2\/categories?post=10102"},{"taxonomy":"post_tag","embeddable":true,"href":"https:\/\/www.eldiario.net\/portal\/wp-json\/wp\/v2\/tags?post=10102"}],"curies":[{"name":"wp","href":"https:\/\/api.w.org\/{rel}","templated":true}]}}