{"id":100156,"date":"2022-07-29T05:43:20","date_gmt":"2022-07-29T09:43:20","guid":{"rendered":"https:\/\/www.eldiario.net\/portal\/?p=100156"},"modified":"2022-07-29T05:43:20","modified_gmt":"2022-07-29T09:43:20","slug":"reportan-cuarto-paciente-que-se-curo-del-vih-en-california","status":"publish","type":"post","link":"https:\/\/www.eldiario.net\/portal\/2022\/07\/29\/reportan-cuarto-paciente-que-se-curo-del-vih-en-california\/","title":{"rendered":"Reportan cuarto paciente que  se cur\u00f3 del VIH en California"},"content":{"rendered":"<p>California (EEUU).- Un hombre que ha vivido con el virus de inmunodeficiencia humana (VIH) desde la d\u00e9cada de los 80 se ha curado, informaron sus m\u00e9dicos de California.<br \/>\nPara tratar la\u00a0leucemia, el paciente recibi\u00f3 un trasplante de m\u00e9dula \u00f3sea de un donante que era naturalmente resistente al virus.<br \/>\nEl hombre de 66 a\u00f1os, que prefiere no ser identificado, dej\u00f3 de tomar medicamentos contra el VIH. Se trata del cuarto caso de este tipo reportado por los cient\u00edficos.<br \/>\nAdem\u00e1s, el paciente dijo que est\u00e1 \u201cm\u00e1s que agradecido\u201d de que el virus ya no se encuentre en su cuerpo.<br \/>\nEl hombre recibi\u00f3 atenci\u00f3n m\u00e9dica en el centro integral de tratamiento para el c\u00e1ncer City of Hope, en Duarte,\u00a0California.<br \/>\nMuchos de sus amigos murieron a causa del VIH antes de que los medicamentos\u00a0antirretrovirales\u00a0pudieran brindar una expectativa de vida casi normal a los pacientes.<br \/>\nEl VIH da\u00f1a el sistema inmunol\u00f3gico. Esto puede causar el s\u00edndrome de inmunodeficiencia adquirida (sida) y a que el cuerpo tenga dificultades para combatir las infecciones.<br \/>\n\u201cCuando me diagnosticaron VIH en 1988, como a muchos otros, pens\u00e9 que era una\u00a0sentencia de muerte. Nunca pens\u00e9 que vivir\u00eda para ver el d\u00eda en que ya no tengo VIH\u201d, dijo el hombre en un comunicado.<br \/>\nSin embargo, no recibi\u00f3 esa terapia debido al VIH, sino para tratar la leucemia que padece\u00a0desde los 63 a\u00f1os.<br \/>\nEl equipo m\u00e9dico decidi\u00f3 que el paciente necesitaba un trasplante de m\u00e9dula \u00f3sea para reemplazar sus c\u00e9lulas sangu\u00edneas cancerosas. Por coincidencia, el donante era resistente al VIH.<br \/>\nAsimismo, el virus ingresa a los\u00a0gl\u00f3bulos blancos\u00a0del cuerpo a trav\u00e9s de una puerta microsc\u00f3pica: una prote\u00edna llamada CCR5.<br \/>\nSin embargo, algunas personas, incluido el donante, tienen\u00a0mutaciones\u00a0de la\u00a0CCR5\u00a0que cierran la puerta y evitan la entrada del VIH.<\/p>\n<p>LA CURA SIGUE SIENDO EL \u201cSANTO GRIAL\u201d<br \/>\nEl paciente fue monitoreado de cerca despu\u00e9s del\u00a0trasplante\u00a0y los niveles de VIH se volvieron indetectables en su cuerpo. Ha estado en remisi\u00f3n durante\u00a0m\u00e1s de 17 meses.<br \/>\n\u201cNos emocion\u00f3 informarle que el VIH est\u00e1 en\u00a0remisi\u00f3n\u00a0y que ya no necesita tomar la terapia antirretroviral que hab\u00eda recibido durante m\u00e1s de 30 a\u00f1os\u201d, dijo la doctora Jana Dickter, especialista en enfermedades infecciosas en City of Hope.<br \/>\nEsto ocurri\u00f3 por primera vez en 2011, cuando Timothy Ray Brown, conocido como el\u00a0\u201cpaciente de\u00a0Berl\u00edn\u201d, se convirti\u00f3 en la primera persona en el mundo en curarse del VIH. Brown termin\u00f3 muriendo de c\u00e1ncer en septiembre de 2020. Ya ha habido tres casos similares en los \u00faltimos tres a\u00f1os. (BBC Mundo)<\/p>\n<p><strong>Se ampli\u00f3 el tratamiento<\/strong><\/p>\n<p>El paciente de City of Hope es el de mayor edad en recibir este tratamiento y el que ha vivido con VIH durante m\u00e1s tiempo.<br \/>\nSin embargo, los trasplantes de m\u00e9dula \u00f3sea no van a revolucionar el tratamiento del VIH para las 38 millones de personas infectadas en el mundo.<br \/>\n\u201cEs un procedimiento complejo con importantes efectos secundarios potenciales. Por lo tanto, en realidad\u00a0no es una opci\u00f3n adecuada\u00a0para la mayor\u00eda de las personas que viven con el VIH\u201d, explic\u00f3 Dickter.<br \/>\nSin embargo, los investigadores est\u00e1n buscando formas de dirigirse a la\u00a0puerta de entrada\u00a0CCR5, a trav\u00e9s de la terapia g\u00e9nica como un tratamiento potencial.<br \/>\nEl caso fue divulgado en la conferencia\u00a0Aids 2022\u00a0en Montreal, Canad\u00e1.<br \/>\n\u201cLa cura sigue siendo el\u00a0santo\u00a0grial de la investigaci\u00f3n del VIH\u201d, afirm\u00f3 la profesora Sharon Lewin, presidenta electa de la Sociedad Internacional del sida.<br \/>\nLewin record\u00f3 que ha habido \u201cun pu\u00f1ado de casos individuales de cura antes\u201d, que proporcionaron \u201cesperanza continua para las personas que viven con el VIH e inspiraci\u00f3n para la comunidad cient\u00edfica\u201d.<\/p>\n","protected":false},"excerpt":{"rendered":"<p>California (EEUU).- Un hombre que ha vivido con el virus de inmunodeficiencia humana (VIH) desde la d\u00e9cada de los 80 se ha curado, informaron sus m\u00e9dicos de California. Para tratar la\u00a0leucemia, el paciente recibi\u00f3 un trasplante de m\u00e9dula \u00f3sea de un donante que era naturalmente resistente al virus. El hombre de 66 a\u00f1os, que prefiere [&hellip;]<\/p>\n","protected":false},"author":1,"featured_media":100157,"comment_status":"closed","ping_status":"closed","sticky":false,"template":"","format":"standard","meta":{"_acf_changed":false,"footnotes":""},"categories":[3],"tags":[],"class_list":["post-100156","post","type-post","status-publish","format-standard","has-post-thumbnail","category-internacional"],"acf":{"antetitulo":""},"yoast_head":"<!-- This site is optimized with the Yoast SEO plugin v28.3 - https:\/\/yoast.com\/product\/yoast-seo-wordpress\/ -->\n<title>Reportan cuarto paciente que se cur\u00f3 del VIH en California - El Diario - Bolivia<\/title>\n<meta name=\"robots\" content=\"index, follow, max-snippet:-1, max-image-preview:large, max-video-preview:-1\" \/>\n<link rel=\"canonical\" href=\"https:\/\/www.eldiario.net\/portal\/2022\/07\/29\/reportan-cuarto-paciente-que-se-curo-del-vih-en-california\/\" \/>\n<meta property=\"og:locale\" content=\"es_ES\" \/>\n<meta property=\"og:type\" content=\"article\" \/>\n<meta property=\"og:title\" content=\"Reportan cuarto paciente que se cur\u00f3 del VIH en California - El Diario - Bolivia\" \/>\n<meta property=\"og:description\" content=\"California (EEUU).- Un hombre que ha vivido con el virus de inmunodeficiencia humana (VIH) desde la d\u00e9cada de los 80 se ha curado, informaron sus m\u00e9dicos de California. Para tratar la\u00a0leucemia, el paciente recibi\u00f3 un trasplante de m\u00e9dula \u00f3sea de un donante que era naturalmente resistente al virus. El hombre de 66 a\u00f1os, que prefiere [&hellip;]\" \/>\n<meta property=\"og:url\" content=\"https:\/\/www.eldiario.net\/portal\/2022\/07\/29\/reportan-cuarto-paciente-que-se-curo-del-vih-en-california\/\" \/>\n<meta property=\"og:site_name\" content=\"El Diario - Bolivia\" \/>\n<meta property=\"article:publisher\" content=\"https:\/\/www.facebook.com\/eldiario.bolivia\/\" \/>\n<meta property=\"article:published_time\" content=\"2022-07-29T09:43:20+00:00\" \/>\n<meta property=\"og:image\" content=\"https:\/\/www.eldiario.net\/portal\/wp-content\/uploads\/2022\/07\/Paciente.jpg\" \/>\n\t<meta property=\"og:image:width\" content=\"1440\" \/>\n\t<meta property=\"og:image:height\" content=\"810\" \/>\n\t<meta property=\"og:image:type\" content=\"image\/jpeg\" \/>\n<meta name=\"author\" content=\"Jeanette\" \/>\n<meta name=\"twitter:card\" content=\"summary_large_image\" \/>\n<meta name=\"twitter:creator\" content=\"@eldiario_net\" \/>\n<meta name=\"twitter:site\" content=\"@eldiario_net\" \/>\n<meta name=\"twitter:label1\" content=\"Escrito por\" \/>\n\t<meta name=\"twitter:data1\" content=\"Jeanette\" \/>\n\t<meta name=\"twitter:label2\" content=\"Tiempo de lectura\" \/>\n\t<meta name=\"twitter:data2\" content=\"3 minutos\" \/>\n<script type=\"application\/ld+json\" class=\"yoast-schema-graph\">{\"@context\":\"https:\\\/\\\/schema.org\",\"@graph\":[{\"@type\":\"Article\",\"@id\":\"https:\\\/\\\/www.eldiario.net\\\/portal\\\/2022\\\/07\\\/29\\\/reportan-cuarto-paciente-que-se-curo-del-vih-en-california\\\/#article\",\"isPartOf\":{\"@id\":\"https:\\\/\\\/www.eldiario.net\\\/portal\\\/2022\\\/07\\\/29\\\/reportan-cuarto-paciente-que-se-curo-del-vih-en-california\\\/\"},\"author\":{\"name\":\"Jeanette\",\"@id\":\"https:\\\/\\\/www.eldiario.net\\\/portal\\\/#\\\/schema\\\/person\\\/f46445640444750d7d753ccd04ae01b7\"},\"headline\":\"Reportan cuarto paciente que se cur\u00f3 del VIH en California\",\"datePublished\":\"2022-07-29T09:43:20+00:00\",\"mainEntityOfPage\":{\"@id\":\"https:\\\/\\\/www.eldiario.net\\\/portal\\\/2022\\\/07\\\/29\\\/reportan-cuarto-paciente-que-se-curo-del-vih-en-california\\\/\"},\"wordCount\":648,\"publisher\":{\"@id\":\"https:\\\/\\\/www.eldiario.net\\\/portal\\\/#organization\"},\"image\":{\"@id\":\"https:\\\/\\\/www.eldiario.net\\\/portal\\\/2022\\\/07\\\/29\\\/reportan-cuarto-paciente-que-se-curo-del-vih-en-california\\\/#primaryimage\"},\"thumbnailUrl\":\"https:\\\/\\\/www.eldiario.net\\\/portal\\\/wp-content\\\/uploads\\\/2022\\\/07\\\/Paciente.jpg\",\"articleSection\":[\"Internacional\"],\"inLanguage\":\"es\"},{\"@type\":\"WebPage\",\"@id\":\"https:\\\/\\\/www.eldiario.net\\\/portal\\\/2022\\\/07\\\/29\\\/reportan-cuarto-paciente-que-se-curo-del-vih-en-california\\\/\",\"url\":\"https:\\\/\\\/www.eldiario.net\\\/portal\\\/2022\\\/07\\\/29\\\/reportan-cuarto-paciente-que-se-curo-del-vih-en-california\\\/\",\"name\":\"Reportan cuarto paciente que se cur\u00f3 del VIH en California - El Diario - Bolivia\",\"isPartOf\":{\"@id\":\"https:\\\/\\\/www.eldiario.net\\\/portal\\\/#website\"},\"primaryImageOfPage\":{\"@id\":\"https:\\\/\\\/www.eldiario.net\\\/portal\\\/2022\\\/07\\\/29\\\/reportan-cuarto-paciente-que-se-curo-del-vih-en-california\\\/#primaryimage\"},\"image\":{\"@id\":\"https:\\\/\\\/www.eldiario.net\\\/portal\\\/2022\\\/07\\\/29\\\/reportan-cuarto-paciente-que-se-curo-del-vih-en-california\\\/#primaryimage\"},\"thumbnailUrl\":\"https:\\\/\\\/www.eldiario.net\\\/portal\\\/wp-content\\\/uploads\\\/2022\\\/07\\\/Paciente.jpg\",\"datePublished\":\"2022-07-29T09:43:20+00:00\",\"breadcrumb\":{\"@id\":\"https:\\\/\\\/www.eldiario.net\\\/portal\\\/2022\\\/07\\\/29\\\/reportan-cuarto-paciente-que-se-curo-del-vih-en-california\\\/#breadcrumb\"},\"inLanguage\":\"es\",\"potentialAction\":[{\"@type\":\"ReadAction\",\"target\":[\"https:\\\/\\\/www.eldiario.net\\\/portal\\\/2022\\\/07\\\/29\\\/reportan-cuarto-paciente-que-se-curo-del-vih-en-california\\\/\"]}]},{\"@type\":\"ImageObject\",\"inLanguage\":\"es\",\"@id\":\"https:\\\/\\\/www.eldiario.net\\\/portal\\\/2022\\\/07\\\/29\\\/reportan-cuarto-paciente-que-se-curo-del-vih-en-california\\\/#primaryimage\",\"url\":\"https:\\\/\\\/www.eldiario.net\\\/portal\\\/wp-content\\\/uploads\\\/2022\\\/07\\\/Paciente.jpg\",\"contentUrl\":\"https:\\\/\\\/www.eldiario.net\\\/portal\\\/wp-content\\\/uploads\\\/2022\\\/07\\\/Paciente.jpg\",\"width\":1440,\"height\":810,\"caption\":\"EL VIH INGRESA A LOS GL\u00d3BULOS BLANCOS A TRAV\u00c9S DE UNA PROTE\u00cdNA LLAMADA CCR5. BBC MUNDO\"},{\"@type\":\"BreadcrumbList\",\"@id\":\"https:\\\/\\\/www.eldiario.net\\\/portal\\\/2022\\\/07\\\/29\\\/reportan-cuarto-paciente-que-se-curo-del-vih-en-california\\\/#breadcrumb\",\"itemListElement\":[{\"@type\":\"ListItem\",\"position\":1,\"name\":\"Portada\",\"item\":\"https:\\\/\\\/www.eldiario.net\\\/portal\\\/\"},{\"@type\":\"ListItem\",\"position\":2,\"name\":\"Reportan cuarto paciente que se cur\u00f3 del VIH en California\"}]},{\"@type\":\"WebSite\",\"@id\":\"https:\\\/\\\/www.eldiario.net\\\/portal\\\/#website\",\"url\":\"https:\\\/\\\/www.eldiario.net\\\/portal\\\/\",\"name\":\"El Diario - Decano de la prensa nacional\",\"description\":\"El Diario - Decano de la prensa nacional\",\"publisher\":{\"@id\":\"https:\\\/\\\/www.eldiario.net\\\/portal\\\/#organization\"},\"potentialAction\":[{\"@type\":\"SearchAction\",\"target\":{\"@type\":\"EntryPoint\",\"urlTemplate\":\"https:\\\/\\\/www.eldiario.net\\\/portal\\\/?s={search_term_string}\"},\"query-input\":{\"@type\":\"PropertyValueSpecification\",\"valueRequired\":true,\"valueName\":\"search_term_string\"}}],\"inLanguage\":\"es\"},{\"@type\":\"Organization\",\"@id\":\"https:\\\/\\\/www.eldiario.net\\\/portal\\\/#organization\",\"name\":\"El Diario - Decano de la prensa nacional\",\"url\":\"https:\\\/\\\/www.eldiario.net\\\/portal\\\/\",\"logo\":{\"@type\":\"ImageObject\",\"inLanguage\":\"es\",\"@id\":\"https:\\\/\\\/www.eldiario.net\\\/portal\\\/#\\\/schema\\\/logo\\\/image\\\/\",\"url\":\"https:\\\/\\\/www.eldiario.net\\\/portal\\\/wp-content\\\/uploads\\\/2023\\\/07\\\/logo_ED.jpg\",\"contentUrl\":\"https:\\\/\\\/www.eldiario.net\\\/portal\\\/wp-content\\\/uploads\\\/2023\\\/07\\\/logo_ED.jpg\",\"width\":272,\"height\":52,\"caption\":\"El Diario - Decano de la prensa nacional\"},\"image\":{\"@id\":\"https:\\\/\\\/www.eldiario.net\\\/portal\\\/#\\\/schema\\\/logo\\\/image\\\/\"},\"sameAs\":[\"https:\\\/\\\/www.facebook.com\\\/eldiario.bolivia\\\/\",\"https:\\\/\\\/x.com\\\/eldiario_net\"]},{\"@type\":\"Person\",\"@id\":\"https:\\\/\\\/www.eldiario.net\\\/portal\\\/#\\\/schema\\\/person\\\/f46445640444750d7d753ccd04ae01b7\",\"name\":\"Jeanette\",\"image\":{\"@type\":\"ImageObject\",\"inLanguage\":\"es\",\"@id\":\"https:\\\/\\\/secure.gravatar.com\\\/avatar\\\/3ea2118a5f7dad2b7138b1187a6b7ee55f160b9968b66013c3a3ef39dd7e5798?s=96&d=mm&r=g\",\"url\":\"https:\\\/\\\/secure.gravatar.com\\\/avatar\\\/3ea2118a5f7dad2b7138b1187a6b7ee55f160b9968b66013c3a3ef39dd7e5798?s=96&d=mm&r=g\",\"contentUrl\":\"https:\\\/\\\/secure.gravatar.com\\\/avatar\\\/3ea2118a5f7dad2b7138b1187a6b7ee55f160b9968b66013c3a3ef39dd7e5798?s=96&d=mm&r=g\",\"caption\":\"Jeanette\"},\"sameAs\":[\"https:\\\/\\\/www.eldiario.net\\\/portal\"],\"url\":\"https:\\\/\\\/www.eldiario.net\\\/portal\\\/author\\\/jeanette\\\/\"}]}<\/script>\n<!-- \/ Yoast SEO plugin. -->","yoast_head_json":{"title":"Reportan cuarto paciente que se cur\u00f3 del VIH en California - El Diario - Bolivia","robots":{"index":"index","follow":"follow","max-snippet":"max-snippet:-1","max-image-preview":"max-image-preview:large","max-video-preview":"max-video-preview:-1"},"canonical":"https:\/\/www.eldiario.net\/portal\/2022\/07\/29\/reportan-cuarto-paciente-que-se-curo-del-vih-en-california\/","og_locale":"es_ES","og_type":"article","og_title":"Reportan cuarto paciente que se cur\u00f3 del VIH en California - El Diario - Bolivia","og_description":"California (EEUU).- Un hombre que ha vivido con el virus de inmunodeficiencia humana (VIH) desde la d\u00e9cada de los 80 se ha curado, informaron sus m\u00e9dicos de California. Para tratar la\u00a0leucemia, el paciente recibi\u00f3 un trasplante de m\u00e9dula \u00f3sea de un donante que era naturalmente resistente al virus. El hombre de 66 a\u00f1os, que prefiere [&hellip;]","og_url":"https:\/\/www.eldiario.net\/portal\/2022\/07\/29\/reportan-cuarto-paciente-que-se-curo-del-vih-en-california\/","og_site_name":"El Diario - Bolivia","article_publisher":"https:\/\/www.facebook.com\/eldiario.bolivia\/","article_published_time":"2022-07-29T09:43:20+00:00","og_image":[{"width":1440,"height":810,"url":"https:\/\/www.eldiario.net\/portal\/wp-content\/uploads\/2022\/07\/Paciente.jpg","type":"image\/jpeg"}],"author":"Jeanette","twitter_card":"summary_large_image","twitter_creator":"@eldiario_net","twitter_site":"@eldiario_net","twitter_misc":{"Escrito por":"Jeanette","Tiempo de lectura":"3 minutos"},"schema":{"@context":"https:\/\/schema.org","@graph":[{"@type":"Article","@id":"https:\/\/www.eldiario.net\/portal\/2022\/07\/29\/reportan-cuarto-paciente-que-se-curo-del-vih-en-california\/#article","isPartOf":{"@id":"https:\/\/www.eldiario.net\/portal\/2022\/07\/29\/reportan-cuarto-paciente-que-se-curo-del-vih-en-california\/"},"author":{"name":"Jeanette","@id":"https:\/\/www.eldiario.net\/portal\/#\/schema\/person\/f46445640444750d7d753ccd04ae01b7"},"headline":"Reportan cuarto paciente que se cur\u00f3 del VIH en California","datePublished":"2022-07-29T09:43:20+00:00","mainEntityOfPage":{"@id":"https:\/\/www.eldiario.net\/portal\/2022\/07\/29\/reportan-cuarto-paciente-que-se-curo-del-vih-en-california\/"},"wordCount":648,"publisher":{"@id":"https:\/\/www.eldiario.net\/portal\/#organization"},"image":{"@id":"https:\/\/www.eldiario.net\/portal\/2022\/07\/29\/reportan-cuarto-paciente-que-se-curo-del-vih-en-california\/#primaryimage"},"thumbnailUrl":"https:\/\/www.eldiario.net\/portal\/wp-content\/uploads\/2022\/07\/Paciente.jpg","articleSection":["Internacional"],"inLanguage":"es"},{"@type":"WebPage","@id":"https:\/\/www.eldiario.net\/portal\/2022\/07\/29\/reportan-cuarto-paciente-que-se-curo-del-vih-en-california\/","url":"https:\/\/www.eldiario.net\/portal\/2022\/07\/29\/reportan-cuarto-paciente-que-se-curo-del-vih-en-california\/","name":"Reportan cuarto paciente que se cur\u00f3 del VIH en California - El Diario - Bolivia","isPartOf":{"@id":"https:\/\/www.eldiario.net\/portal\/#website"},"primaryImageOfPage":{"@id":"https:\/\/www.eldiario.net\/portal\/2022\/07\/29\/reportan-cuarto-paciente-que-se-curo-del-vih-en-california\/#primaryimage"},"image":{"@id":"https:\/\/www.eldiario.net\/portal\/2022\/07\/29\/reportan-cuarto-paciente-que-se-curo-del-vih-en-california\/#primaryimage"},"thumbnailUrl":"https:\/\/www.eldiario.net\/portal\/wp-content\/uploads\/2022\/07\/Paciente.jpg","datePublished":"2022-07-29T09:43:20+00:00","breadcrumb":{"@id":"https:\/\/www.eldiario.net\/portal\/2022\/07\/29\/reportan-cuarto-paciente-que-se-curo-del-vih-en-california\/#breadcrumb"},"inLanguage":"es","potentialAction":[{"@type":"ReadAction","target":["https:\/\/www.eldiario.net\/portal\/2022\/07\/29\/reportan-cuarto-paciente-que-se-curo-del-vih-en-california\/"]}]},{"@type":"ImageObject","inLanguage":"es","@id":"https:\/\/www.eldiario.net\/portal\/2022\/07\/29\/reportan-cuarto-paciente-que-se-curo-del-vih-en-california\/#primaryimage","url":"https:\/\/www.eldiario.net\/portal\/wp-content\/uploads\/2022\/07\/Paciente.jpg","contentUrl":"https:\/\/www.eldiario.net\/portal\/wp-content\/uploads\/2022\/07\/Paciente.jpg","width":1440,"height":810,"caption":"EL VIH INGRESA A LOS GL\u00d3BULOS BLANCOS A TRAV\u00c9S DE UNA PROTE\u00cdNA LLAMADA CCR5. BBC MUNDO"},{"@type":"BreadcrumbList","@id":"https:\/\/www.eldiario.net\/portal\/2022\/07\/29\/reportan-cuarto-paciente-que-se-curo-del-vih-en-california\/#breadcrumb","itemListElement":[{"@type":"ListItem","position":1,"name":"Portada","item":"https:\/\/www.eldiario.net\/portal\/"},{"@type":"ListItem","position":2,"name":"Reportan cuarto paciente que se cur\u00f3 del VIH en California"}]},{"@type":"WebSite","@id":"https:\/\/www.eldiario.net\/portal\/#website","url":"https:\/\/www.eldiario.net\/portal\/","name":"El Diario - Decano de la prensa nacional","description":"El Diario - Decano de la prensa nacional","publisher":{"@id":"https:\/\/www.eldiario.net\/portal\/#organization"},"potentialAction":[{"@type":"SearchAction","target":{"@type":"EntryPoint","urlTemplate":"https:\/\/www.eldiario.net\/portal\/?s={search_term_string}"},"query-input":{"@type":"PropertyValueSpecification","valueRequired":true,"valueName":"search_term_string"}}],"inLanguage":"es"},{"@type":"Organization","@id":"https:\/\/www.eldiario.net\/portal\/#organization","name":"El Diario - Decano de la prensa nacional","url":"https:\/\/www.eldiario.net\/portal\/","logo":{"@type":"ImageObject","inLanguage":"es","@id":"https:\/\/www.eldiario.net\/portal\/#\/schema\/logo\/image\/","url":"https:\/\/www.eldiario.net\/portal\/wp-content\/uploads\/2023\/07\/logo_ED.jpg","contentUrl":"https:\/\/www.eldiario.net\/portal\/wp-content\/uploads\/2023\/07\/logo_ED.jpg","width":272,"height":52,"caption":"El Diario - Decano de la prensa nacional"},"image":{"@id":"https:\/\/www.eldiario.net\/portal\/#\/schema\/logo\/image\/"},"sameAs":["https:\/\/www.facebook.com\/eldiario.bolivia\/","https:\/\/x.com\/eldiario_net"]},{"@type":"Person","@id":"https:\/\/www.eldiario.net\/portal\/#\/schema\/person\/f46445640444750d7d753ccd04ae01b7","name":"Jeanette","image":{"@type":"ImageObject","inLanguage":"es","@id":"https:\/\/secure.gravatar.com\/avatar\/3ea2118a5f7dad2b7138b1187a6b7ee55f160b9968b66013c3a3ef39dd7e5798?s=96&d=mm&r=g","url":"https:\/\/secure.gravatar.com\/avatar\/3ea2118a5f7dad2b7138b1187a6b7ee55f160b9968b66013c3a3ef39dd7e5798?s=96&d=mm&r=g","contentUrl":"https:\/\/secure.gravatar.com\/avatar\/3ea2118a5f7dad2b7138b1187a6b7ee55f160b9968b66013c3a3ef39dd7e5798?s=96&d=mm&r=g","caption":"Jeanette"},"sameAs":["https:\/\/www.eldiario.net\/portal"],"url":"https:\/\/www.eldiario.net\/portal\/author\/jeanette\/"}]}},"_links":{"self":[{"href":"https:\/\/www.eldiario.net\/portal\/wp-json\/wp\/v2\/posts\/100156","targetHints":{"allow":["GET"]}}],"collection":[{"href":"https:\/\/www.eldiario.net\/portal\/wp-json\/wp\/v2\/posts"}],"about":[{"href":"https:\/\/www.eldiario.net\/portal\/wp-json\/wp\/v2\/types\/post"}],"author":[{"embeddable":true,"href":"https:\/\/www.eldiario.net\/portal\/wp-json\/wp\/v2\/users\/1"}],"replies":[{"embeddable":true,"href":"https:\/\/www.eldiario.net\/portal\/wp-json\/wp\/v2\/comments?post=100156"}],"version-history":[{"count":0,"href":"https:\/\/www.eldiario.net\/portal\/wp-json\/wp\/v2\/posts\/100156\/revisions"}],"wp:featuredmedia":[{"embeddable":true,"href":"https:\/\/www.eldiario.net\/portal\/wp-json\/wp\/v2\/media\/100157"}],"wp:attachment":[{"href":"https:\/\/www.eldiario.net\/portal\/wp-json\/wp\/v2\/media?parent=100156"}],"wp:term":[{"taxonomy":"category","embeddable":true,"href":"https:\/\/www.eldiario.net\/portal\/wp-json\/wp\/v2\/categories?post=100156"},{"taxonomy":"post_tag","embeddable":true,"href":"https:\/\/www.eldiario.net\/portal\/wp-json\/wp\/v2\/tags?post=100156"}],"curies":[{"name":"wp","href":"https:\/\/api.w.org\/{rel}","templated":true}]}}